{"id":19567,"date":"2024-01-09T23:45:00","date_gmt":"2024-01-09T22:45:00","guid":{"rendered":"https:\/\/wncri.org\/fr\/?p=19567"},"modified":"2024-01-11T00:38:33","modified_gmt":"2024-01-10T23:38:33","slug":"nirvana-torbati-nejad","status":"publish","type":"post","link":"https:\/\/wncri.org\/fr\/2024\/01\/09\/nirvana-torbati-nejad\/","title":{"rendered":"Nirvana Torbati-Nejad, 16 ans, est condamn\u00e9e \u00e0 une amende et \u00e0 10 mois de prison"},"content":{"rendered":"\n<p>Le r\u00e9gime cl\u00e9rical continue d&#8217;arr\u00eater et d&#8217;emprisonner des militants des droits de l&#8217;homme \u00e9pris de libert\u00e9, les condamnant \u00e0 des peines de prison injustes et \u00e0 de lourdes amendes pour remplir les poches du r\u00e9gime. Ces derniers jours, les tribunaux du r\u00e9gime ont condamn\u00e9 Nirvana Torbati-Nejad, 16 ans, Fereshteh Mahdavi, Mahnaz Tarrah et Mahboubeh Bigdeli.<\/p>\n\n\n\n<p>Entre-temps, la gr\u00e9viste de la faim Narges Mansouri est en mauvaise sant\u00e9 dans le quartier des femmes de la prison d&#8217;Evin.<\/p>\n\n\n\n<h3 class=\"wp-block-heading\"><strong>Nirvana Torbati-Nejad<\/strong><\/h3>\n\n\n\n<p>L&#8217;adolescente de 16 ans, Nirvana Torbati-Nejad, a \u00e9t\u00e9 condamn\u00e9e \u00e0 une amende.&nbsp;<\/p>\n\n\n\n<p>Le samedi 7 janvier, la section 105 du tribunal p\u00e9nal n\u00b0 2 de Gorgan a condamn\u00e9 Nirvana Torbati-Nejad \u00e0 10 mois d&#8217;emprisonnement pour appartenance \u00e0 un groupe d&#8217;opposition au r\u00e9gime visant \u00e0 perturber la s\u00e9curit\u00e9 du pays. Elle a \u00e9galement \u00e9t\u00e9 condamn\u00e9e \u00e0 une amende de 2 millions de tomans pour &#8220;rassemblement et collusion en vue de commettre un crime contre la s\u00e9curit\u00e9 int\u00e9rieure&#8221;.<\/p>\n\n\n\n<p>Son proc\u00e8s s&#8217;est tenu le 27 d\u00e9cembre 2023.<\/p>\n\n\n\n<p>Les forces de s\u00e9curit\u00e9 l&#8217;ont enlev\u00e9e sur son lieu de travail le 10 septembre 2023, avant l&#8217;anniversaire du soul\u00e8vement iranien de 2022.<\/p>\n\n\n<div class=\"wp-block-image\">\n<figure class=\"aligncenter size-large\"><img decoding=\"async\" src=\"data:image\/gif;base64,R0lGODlhAQABAIAAAAAAAP\/\/\/yH5BAEAAAAALAAAAAABAAEAAAIBRAA7\" data-src=\"https:\/\/wncri.org\/fr\/wp-content\/uploads\/2024\/01\/Fereshteh-Mahdavi-min-1024x512.jpg\" alt=\"Nirvana Torbati-Nejad - Fereshteh Mahdavi\" class=\"wp-image-19568 lazyload\"\/><noscript><img decoding=\"async\" width=\"1024\" height=\"512\" src=\"https:\/\/wncri.org\/fr\/wp-content\/uploads\/2024\/01\/Fereshteh-Mahdavi-min-1024x512.jpg\" alt=\"Nirvana Torbati-Nejad - Fereshteh Mahdavi\" class=\"wp-image-19568 lazyload\" srcset=\"https:\/\/wncri.org\/fr\/wp-content\/uploads\/2024\/01\/Fereshteh-Mahdavi-min-1024x512.jpg 1024w, https:\/\/wncri.org\/fr\/wp-content\/uploads\/2024\/01\/Fereshteh-Mahdavi-min-300x150.jpg 300w, https:\/\/wncri.org\/fr\/wp-content\/uploads\/2024\/01\/Fereshteh-Mahdavi-min-768x384.jpg 768w, https:\/\/wncri.org\/fr\/wp-content\/uploads\/2024\/01\/Fereshteh-Mahdavi-min-360x180.jpg 360w, https:\/\/wncri.org\/fr\/wp-content\/uploads\/2024\/01\/Fereshteh-Mahdavi-min-750x375.jpg 750w, https:\/\/wncri.org\/fr\/wp-content\/uploads\/2024\/01\/Fereshteh-Mahdavi-min.jpg 1140w\" sizes=\"(max-width: 1024px) 100vw, 1024px\" \/><\/noscript><figcaption class=\"wp-element-caption\">Fereshteh Mahdavi<\/figcaption><\/figure>\n<\/div>\n\n\n<h3 class=\"wp-block-heading\"><strong>Fereshteh Mahdavi<\/strong><\/h3>\n\n\n\n<p>La section 105 de la Cour p\u00e9nale n\u00b0 2 a \u00e9galement condamn\u00e9 <a href=\"https:\/\/wncri.org\/fr\/2023\/09\/23\/mahsa-saeedi\/\" target=\"_blank\" rel=\"noreferrer noopener\">Fereshteh Mahdavi<\/a> \u00e0 10 mois de prison et \u00e0 50 coups de fouet. Sa peine de prison a \u00e9t\u00e9 suspendue pendant 3 ans et sa peine de flagellation a \u00e9t\u00e9 remplac\u00e9e par une amende de 10 millions de tomans.\u00a0<\/p>\n\n\n\n<p>Selon certaines informations, le 23 septembre, les autorit\u00e9s de la prison de Gorgan (nord de l&#8217;Iran) ont appel\u00e9 Mme Fereshteh Mahdavi pour qu&#8217;elle prenne des v\u00eatements pour son fils emprisonn\u00e9, Mohammad Reza Showqi, \u00e2g\u00e9 de 23 ans. Lorsque Mme Mahdavi est all\u00e9e porter des v\u00eatements \u00e0 son fils, les forces de s\u00e9curit\u00e9 de l&#8217;\u00c9tat l&#8217;ont arr\u00eat\u00e9e et mise en prison.<\/p>\n\n\n\n<p>Elle a \u00e9t\u00e9 temporairement lib\u00e9r\u00e9e sous caution \u00e0 la mi-octobre.<\/p>\n\n\n\n<p>Elle a \u00e9t\u00e9 condamn\u00e9e \u00e0 10 mois de prison et \u00e0 50 coups de fouet pour avoir &#8220;perturb\u00e9 le calme public&#8221;.<\/p>\n\n\n<div class=\"wp-block-image\">\n<figure class=\"aligncenter size-large\"><img decoding=\"async\" src=\"data:image\/gif;base64,R0lGODlhAQABAIAAAAAAAP\/\/\/yH5BAEAAAAALAAAAAABAAEAAAIBRAA7\" data-src=\"https:\/\/wncri.org\/fr\/wp-content\/uploads\/2024\/01\/Narges-Mansouri-1024x512.jpg\" alt=\"Nirvana Torbati-Nejad, Narges Mansouri\" class=\"wp-image-19573 lazyload\"\/><noscript><img decoding=\"async\" width=\"1024\" height=\"512\" src=\"https:\/\/wncri.org\/fr\/wp-content\/uploads\/2024\/01\/Narges-Mansouri-1024x512.jpg\" alt=\"Nirvana Torbati-Nejad, Narges Mansouri\" class=\"wp-image-19573 lazyload\" srcset=\"https:\/\/wncri.org\/fr\/wp-content\/uploads\/2024\/01\/Narges-Mansouri-1024x512.jpg 1024w, https:\/\/wncri.org\/fr\/wp-content\/uploads\/2024\/01\/Narges-Mansouri-300x150.jpg 300w, https:\/\/wncri.org\/fr\/wp-content\/uploads\/2024\/01\/Narges-Mansouri-768x384.jpg 768w, https:\/\/wncri.org\/fr\/wp-content\/uploads\/2024\/01\/Narges-Mansouri-360x180.jpg 360w, https:\/\/wncri.org\/fr\/wp-content\/uploads\/2024\/01\/Narges-Mansouri-750x375.jpg 750w, https:\/\/wncri.org\/fr\/wp-content\/uploads\/2024\/01\/Narges-Mansouri.jpg 1140w\" sizes=\"(max-width: 1024px) 100vw, 1024px\" \/><\/noscript><figcaption class=\"wp-element-caption\">Narges Mansouri<\/figcaption><\/figure>\n<\/div>\n\n\n<h3 class=\"wp-block-heading\"><strong>Narges Mansouri<\/strong><\/h3>\n\n\n\n<p>Narges Mansouri est actuellement en mauvaise sant\u00e9, souffrant de tension art\u00e9rielle et de sucre, et perdant beaucoup de poids. Elle a entam\u00e9 une gr\u00e8ve de la faim le 25 d\u00e9cembre 2023. En signe de protestation contre les pressions exerc\u00e9es sur sa famille, elle s&#8217;est abstenue de prendre de la nourriture et des m\u00e9dicaments.<\/p>\n\n\n\n<p>Elle a tenu un sit-in devant le bureau de la sentinelle dans le quartier des femmes d&#8217;Evin le samedi 30 d\u00e9cembre. Les autorit\u00e9s n&#8217;ont pas r\u00e9agi.<\/p>\n\n\n\n<p>Elle proteste contre le verdict de confiscation de la seule maison de sa m\u00e8re, qui avait \u00e9t\u00e9 fix\u00e9e comme caution pour Mme Mansouri.<\/p>\n\n\n\n<p><a href=\"https:\/\/wncri.org\/fr\/2022\/06\/18\/4-prisonnieres-politiques\/\" target=\"_blank\" rel=\"noreferrer noopener\">Narges Mansouri<\/a>, \u00e2g\u00e9e de 46 ans et m\u00e8re d&#8217;un enfant de 12 ans, est membre du syndicat des travailleurs de la <a href=\"https:\/\/en.wikipedia.org\/wiki\/Tehran_and_Suburbs_Bus_Company\" target=\"_blank\" rel=\"noreferrer noopener\">compagnie de bus de T\u00e9h\u00e9ran et de sa banlieue<\/a>. La branche 26 du tribunal r\u00e9volutionnaire de T\u00e9h\u00e9ran l&#8217;a condamn\u00e9e \u00e0 5 ans de prison pour &#8220;rassemblement et collusion contre la s\u00e9curit\u00e9 nationale&#8221; et \u00e0 1 an de prison pour &#8220;propagande contre l&#8217;\u00c9tat&#8221; en novembre 2019.<\/p>\n\n\n\n<p>Mme Mansouri a d&#8217;abord \u00e9t\u00e9 arr\u00eat\u00e9e \u00e0 la mi-avril 2022 pour purger sa peine de prison, mais elle a \u00e9t\u00e9 lib\u00e9r\u00e9e contre une caution de 3 milliards de tomans en mai. Finalement, elle a \u00e9t\u00e9 arr\u00eat\u00e9e le 1er d\u00e9cembre 2023 \u00e0 Khoy et transf\u00e9r\u00e9e \u00e0 la prison d&#8217;Evin.<\/p>\n\n\n\n<h3 class=\"wp-block-heading\"><strong>Mahnaz Tarrah<\/strong><\/h3>\n\n\n\n<p><a href=\"https:\/\/wncri.org\/fr\/2023\/11\/13\/mahnaz-tarrah-shaqayeq-moradi\/\" target=\"_blank\" rel=\"noreferrer noopener\">Mahnaz Tarrah<\/a> a \u00e9t\u00e9 condamn\u00e9e \u00e0 un total de 4 ans et 4 mois de prison.<\/p>\n\n\n\n<p>Elle a \u00e9t\u00e9 arr\u00eat\u00e9e au moins 3 fois au cours de l&#8217;ann\u00e9e \u00e9coul\u00e9e par les services des renseignements.<\/p>\n\n\n\n<p>Mahnaz Tarrah vit \u00e0 T\u00e9h\u00e9ran.<\/p>\n\n\n\n<p>La 26e chambre du tribunal r\u00e9volutionnaire de T\u00e9h\u00e9ran l&#8217;a condamn\u00e9e \u00e0 3 ans et 8 mois de prison pour &#8220;rassemblement et collusion&#8221; et \u00e0 8 mois de prison pour &#8220;propagande contre l&#8217;\u00c9tat&#8221;.<\/p>\n\n\n\n<p>Mahnaz Tarrah a \u00e9t\u00e9 violemment arr\u00eat\u00e9e le 13 novembre 2023 dans une rue de T\u00e9h\u00e9ran.<\/p>\n\n\n<div class=\"wp-block-image\">\n<figure class=\"aligncenter size-large\"><img decoding=\"async\" src=\"data:image\/gif;base64,R0lGODlhAQABAIAAAAAAAP\/\/\/yH5BAEAAAAALAAAAAABAAEAAAIBRAA7\" data-src=\"https:\/\/wncri.org\/fr\/wp-content\/uploads\/2024\/01\/Mahboubeh-Bigdeli-and-Mahnaz-Tarrah-min-1024x512.jpg\" alt=\"Nirvana Torbati-Nejad, Mahboubeh Bigdeli and Mahnaz Tarrah\" class=\"wp-image-19569 lazyload\"\/><noscript><img decoding=\"async\" width=\"1024\" height=\"512\" src=\"https:\/\/wncri.org\/fr\/wp-content\/uploads\/2024\/01\/Mahboubeh-Bigdeli-and-Mahnaz-Tarrah-min-1024x512.jpg\" alt=\"Nirvana Torbati-Nejad, Mahboubeh Bigdeli and Mahnaz Tarrah\" class=\"wp-image-19569 lazyload\" srcset=\"https:\/\/wncri.org\/fr\/wp-content\/uploads\/2024\/01\/Mahboubeh-Bigdeli-and-Mahnaz-Tarrah-min-1024x512.jpg 1024w, https:\/\/wncri.org\/fr\/wp-content\/uploads\/2024\/01\/Mahboubeh-Bigdeli-and-Mahnaz-Tarrah-min-300x150.jpg 300w, https:\/\/wncri.org\/fr\/wp-content\/uploads\/2024\/01\/Mahboubeh-Bigdeli-and-Mahnaz-Tarrah-min-768x384.jpg 768w, https:\/\/wncri.org\/fr\/wp-content\/uploads\/2024\/01\/Mahboubeh-Bigdeli-and-Mahnaz-Tarrah-min-360x180.jpg 360w, https:\/\/wncri.org\/fr\/wp-content\/uploads\/2024\/01\/Mahboubeh-Bigdeli-and-Mahnaz-Tarrah-min-750x375.jpg 750w, https:\/\/wncri.org\/fr\/wp-content\/uploads\/2024\/01\/Mahboubeh-Bigdeli-and-Mahnaz-Tarrah-min.jpg 1140w\" sizes=\"(max-width: 1024px) 100vw, 1024px\" \/><\/noscript><figcaption class=\"wp-element-caption\">Mahboubeh Bigdeli (\u00e0 gauche) and Mahnaz Tarrah<\/figcaption><\/figure>\n<\/div>\n\n\n<h3 class=\"wp-block-heading\"><strong>Mahboubeh Bigdeli<\/strong><\/h3>\n\n\n\n<p>Mahboubeh Bigdeli, militante des droits de l&#8217;homme originaire de <a href=\"https:\/\/en.wikipedia.org\/wiki\/Gachsaran_County\" target=\"_blank\" rel=\"noreferrer noopener\">Gachsaran<\/a> et m\u00e8re de 2 enfants, a \u00e9t\u00e9 condamn\u00e9e \u00e0 5 mois de prison pour avoir diffus\u00e9 de la propagande contre l&#8217;\u00c9tat.<\/p>\n\n\n\n<p>Gachsaran se trouve dans la province de Boyerahmad et Kohgiluyeh, dans le sud-ouest de l&#8217;Iran.<\/p>\n\n\n\n<p>Elle avait \u00e9t\u00e9 convoqu\u00e9e \u00e0 la 3\u00e8me section du bureau du procureur. Elle a \u00e9t\u00e9 arr\u00eat\u00e9e au moment o\u00f9 elle s&#8217;est pr\u00e9sent\u00e9e, puis temporairement lib\u00e9r\u00e9e sous caution 2 jours plus tard.<\/p>\n\n\n\n<p>Mme Bigdeli a \u00e9t\u00e9 arr\u00eat\u00e9e le 2 novembre 2022 lors des manifestations en Iran et incarc\u00e9r\u00e9e \u00e0 la prison de Yassoudj. Elle a \u00e9t\u00e9 lib\u00e9r\u00e9e en f\u00e9vrier 2023.<\/p>\n","protected":false},"excerpt":{"rendered":"<p>Le r\u00e9gime cl\u00e9rical continue d&#8217;arr\u00eater et d&#8217;emprisonner des militants des droits de l&#8217;homme \u00e9pris de libert\u00e9, les condamnant \u00e0 des peines de prison injustes et \u00e0 de lourdes amendes pour remplir les poches du r\u00e9gime. Ces derniers jours, les tribunaux du r\u00e9gime ont condamn\u00e9 Nirvana Torbati-Nejad, 16 ans, Fereshteh Mahdavi, Mahnaz Tarrah et Mahboubeh Bigdeli. [&hellip;]<\/p>\n","protected":false},"author":4,"featured_media":19570,"comment_status":"closed","ping_status":"closed","sticky":false,"template":"","format":"standard","meta":{"jnews-multi-image_gallery":[],"jnews_single_post":{"subtitle":"","format":"standard","video":"","gallery":"","source_name":"","source_url":"","via_name":"","via_url":"","override_template":"0","override":[{"template":"7","single_blog_custom":"","parallax":"1","fullscreen":"1","layout":"right-sidebar","sidebar":"default-sidebar","second_sidebar":"default-sidebar","sticky_sidebar":"1","share_position":"floatbottom","share_float_style":"share-normal","show_share_counter":"1","show_view_counter":"1","show_featured":"1","show_post_meta":"1","show_post_author":"0","show_post_author_image":"1","show_post_date":"1","post_date_format":"default","post_date_format_custom":"Y\/m\/d","show_post_category":"1","show_post_reading_time":"0","post_reading_time_wpm":"300","show_zoom_button":"0","zoom_button_out_step":"2","zoom_button_in_step":"3","show_post_tag":"1","show_prev_next_post":"0","show_popup_post":"1","number_popup_post":"1","show_author_box":"0","show_post_related":"1","show_inline_post_related":"0"}],"override_image_size":"0","image_override":[{"single_post_thumbnail_size":"crop-500","single_post_gallery_size":"crop-500"}],"trending_post":"0","trending_post_position":"meta","trending_post_label":"Trending","sponsored_post":"0","sponsored_post_label":"Sponsored by","sponsored_post_name":"","sponsored_post_url":"","sponsored_post_logo_enable":"0","sponsored_post_logo":"","sponsored_post_desc":"","disable_ad":"0"},"jnews_primary_category":{"id":"","hide":""},"jnews_social_meta":{"fb_title":"","fb_description":"","fb_image":"","twitter_title":"","twitter_description":"","twitter_image":""},"jnews_override_counter":{"override_view_counter":"0","view_counter_number":"0","override_share_counter":"0","share_counter_number":"0","override_like_counter":"0","like_counter_number":"0","override_dislike_counter":"0","dislike_counter_number":"0"},"footnotes":""},"categories":[3],"tags":[370,376],"class_list":["post-19567","post","type-post","status-publish","format-standard","has-post-thumbnail","hentry","category-infos-des-femmes","tag-prisonnieres","tag-violence-contre-les-femmes"],"_links":{"self":[{"href":"https:\/\/wncri.org\/fr\/wp-json\/wp\/v2\/posts\/19567","targetHints":{"allow":["GET"]}}],"collection":[{"href":"https:\/\/wncri.org\/fr\/wp-json\/wp\/v2\/posts"}],"about":[{"href":"https:\/\/wncri.org\/fr\/wp-json\/wp\/v2\/types\/post"}],"author":[{"embeddable":true,"href":"https:\/\/wncri.org\/fr\/wp-json\/wp\/v2\/users\/4"}],"replies":[{"embeddable":true,"href":"https:\/\/wncri.org\/fr\/wp-json\/wp\/v2\/comments?post=19567"}],"version-history":[{"count":2,"href":"https:\/\/wncri.org\/fr\/wp-json\/wp\/v2\/posts\/19567\/revisions"}],"predecessor-version":[{"id":19574,"href":"https:\/\/wncri.org\/fr\/wp-json\/wp\/v2\/posts\/19567\/revisions\/19574"}],"wp:featuredmedia":[{"embeddable":true,"href":"https:\/\/wncri.org\/fr\/wp-json\/wp\/v2\/media\/19570"}],"wp:attachment":[{"href":"https:\/\/wncri.org\/fr\/wp-json\/wp\/v2\/media?parent=19567"}],"wp:term":[{"taxonomy":"category","embeddable":true,"href":"https:\/\/wncri.org\/fr\/wp-json\/wp\/v2\/categories?post=19567"},{"taxonomy":"post_tag","embeddable":true,"href":"https:\/\/wncri.org\/fr\/wp-json\/wp\/v2\/tags?post=19567"}],"curies":[{"name":"wp","href":"https:\/\/api.w.org\/{rel}","templated":true}]}}