{"id":19547,"date":"2024-01-04T23:58:00","date_gmt":"2024-01-04T22:58:00","guid":{"rendered":"https:\/\/wncri.org\/fr\/?p=19547"},"modified":"2024-01-05T19:51:03","modified_gmt":"2024-01-05T18:51:03","slug":"politiques-de-la-prison","status":"publish","type":"post","link":"https:\/\/wncri.org\/fr\/2024\/01\/04\/politiques-de-la-prison\/","title":{"rendered":"Les prisonni\u00e8res politiques de la prison d&#8217;Evin subissent des repr\u00e9sailles pour leur protestation et sont priv\u00e9es de leurs droits fondamentaux"},"content":{"rendered":"\n<h2 class=\"wp-block-heading\">Un groupe de prisonni\u00e8res politiques de la prison d&#8217;Evin a \u00e9t\u00e9 priv\u00e9 d&#8217;appels t\u00e9l\u00e9phoniques et de visites apr\u00e8s avoir <a href=\"https:\/\/wncri.org\/2023\/12\/29\/political-prisoners-protest-evin\/\" target=\"_blank\" rel=\"noreferrer noopener\">protest\u00e9 contre la visite des juges du r\u00e9gime<\/a>.<\/h2>\n\n\n\n<p>Un groupe de prisonni\u00e8res politiques de la prison d&#8217;Evin a \u00e9t\u00e9 priv\u00e9 d&#8217;appels t\u00e9l\u00e9phoniques et de visites, apr\u00e8s avoir protest\u00e9 contre la visite dans leur quartier des juges notoires du syst\u00e8me judiciaire iranien, Iman Afshari et Mohammad Reza Amouzad. Elles avaient scand\u00e9 &#8220;Mort \u00e0 Khamenei&#8221; et d&#8217;autres slogans hostiles au r\u00e9gime. Les gardiens de prison sont intervenus et ont r\u00e9prim\u00e9 les prisonni\u00e8res qui protestaient.<\/p>\n\n\n\n<p>Les autorit\u00e9s p\u00e9nitentiaires ont menac\u00e9 de porter de nouvelles accusations contre les prisonni\u00e8res politiques de la prison d&#8217;Evin et de les bannir dans des prisons \u00e9loign\u00e9es. Elles ont \u00e9galement interdit \u00e0 certaines prisonni\u00e8res d&#8217;appeler leur famille et de leur rendre visite. Shiva Esmaili, 58 ans, Forough Taghipour, 29 ans, Marzieh Farsi, 58 ans, Arghavan Fallahi, 24 ans, et Parvin Mirasan, 66 ans, font partie des prisonni\u00e8res politiques d&#8217;Evin priv\u00e9es de leurs droits.<\/p>\n\n\n\n<p><a href=\"https:\/\/wncri.org\/fr\/2023\/03\/15\/zeinab-hamrang\/\" target=\"_blank\" rel=\"noreferrer noopener\">Shiva Esmaili<\/a> : elle a \u00e9t\u00e9 arr\u00eat\u00e9e le 11 mars 2023. Le mollah Iman Afshari l&#8217;a condamn\u00e9e \u00e0 10 ans de prison. Mme Esmaili souffre d&#8217;un cancer. Son fils, Mehdi Vafaei, est \u00e9galement emprisonn\u00e9 pour avoir soutenu l&#8217;OMPI.<\/p>\n\n\n\n<p><a href=\"https:\/\/wncri.org\/fr\/2023\/12\/12\/3-prisonnieres-politiques-2\/\" target=\"_blank\" rel=\"noreferrer noopener\">Forough Taghipour<\/a> : Elle a \u00e9t\u00e9 arr\u00eat\u00e9e en septembre 2023 et doit \u00eatre jug\u00e9e sur la base d&#8217;une accusation fabriqu\u00e9e de &#8220;s\u00e9dition&#8221;. Son p\u00e8re et sa s\u0153ur se trouvent \u00e0 Achraf-3.<\/p>\n\n\n\n<p><a href=\"https:\/\/wncri.org\/fr\/2023\/12\/12\/3-prisonnieres-politiques-2\/\" target=\"_blank\" rel=\"noreferrer noopener\">Marzieh Farsi<\/a> : elle a \u00e9t\u00e9 arr\u00eat\u00e9e le 21 ao\u00fbt 2023 et doit \u00eatre jug\u00e9e pour &#8220;s\u00e9dition&#8221;. Elle est atteinte d&#8217;un cancer. Son fr\u00e8re, Hassan Farsi, a \u00e9t\u00e9 ex\u00e9cut\u00e9 lors du massacre des prisonniers politiques en 1988. Un autre de ses fr\u00e8res et 2 de ses s\u0153urs sont \u00e0 Achraf-3.<\/p>\n\n\n\n<p><a href=\"https:\/\/wncri.org\/fr\/2023\/05\/31\/arghavan-fallahi\/\" target=\"_blank\" rel=\"noreferrer noopener\">Arghavan Fallahi<\/a> : Elle a \u00e9t\u00e9 arr\u00eat\u00e9e le 3 novembre 2022 et est d\u00e9tenue depuis lors sans avoir \u00e9t\u00e9 jug\u00e9e. Elle a \u00e9t\u00e9 arr\u00eat\u00e9e en m\u00eame temps que son p\u00e8re et son fr\u00e8re, qui sont \u00e9galement emprisonn\u00e9s \u00e0 Evin.<\/p>\n\n\n\n<p><a href=\"https:\/\/wncri.org\/fr\/2023\/05\/31\/arghavan-fallahi\/\" target=\"_blank\" rel=\"noreferrer noopener\">Parvin Mir-Asan<\/a> : elle a \u00e9t\u00e9 arr\u00eat\u00e9e le 3 novembre 2022, mais n&#8217;a pas encore \u00e9t\u00e9 jug\u00e9e.<\/p>\n\n\n\n<p>La commission des femmes du Conseil national de la R\u00e9sistance iranienne appelle le Haut-Commissaire des Nations unies aux droits de l&#8217;homme, le Conseil des droits de l&#8217;homme, le Repr\u00e9sentant sp\u00e9cial des Nations unies sur la situation des droits de l&#8217;homme en Iran, le <a href=\"https:\/\/guide-humanitarian-law.org\/content\/article\/3\/special-rapporteurs\/\" target=\"_blank\" rel=\"noreferrer noopener\">Repr\u00e9sentant sp\u00e9cial des Nations unies sur la violence<\/a> contre les femmes et les filles, et toutes les autorit\u00e9s qui d\u00e9fendent les droits de l&#8217;homme et les droits des femmes, \u00e0 condamner fermement la brutalit\u00e9 du r\u00e9gime misogyne des mollahs, en particulier \u00e0 l&#8217;encontre des femmes prisonni\u00e8res politiques. La commission des femmes du CNRI demande instamment \u00e0 la mission internationale d&#8217;enqu\u00eate des Nations unies sur l&#8217;Iran de visiter les prisons du pays et d&#8217;interroger les prisonni\u00e8res.<\/p>\n","protected":false},"excerpt":{"rendered":"<p>Un groupe de prisonni\u00e8res politiques de la prison d&#8217;Evin a \u00e9t\u00e9 priv\u00e9 d&#8217;appels t\u00e9l\u00e9phoniques et de visites apr\u00e8s avoir protest\u00e9 contre la visite des juges du r\u00e9gime. Un groupe de prisonni\u00e8res politiques de la prison d&#8217;Evin a \u00e9t\u00e9 priv\u00e9 d&#8217;appels t\u00e9l\u00e9phoniques et de visites, apr\u00e8s avoir protest\u00e9 contre la visite dans leur quartier des juges [&hellip;]<\/p>\n","protected":false},"author":4,"featured_media":19548,"comment_status":"closed","ping_status":"closed","sticky":false,"template":"","format":"standard","meta":{"jnews-multi-image_gallery":[],"jnews_single_post":{"subtitle":"","format":"standard","video":"","gallery":"","source_name":"","source_url":"","via_name":"","via_url":"","override_template":"0","override":[{"template":"7","single_blog_custom":"","parallax":"1","fullscreen":"1","layout":"right-sidebar","sidebar":"default-sidebar","second_sidebar":"default-sidebar","sticky_sidebar":"1","share_position":"floatbottom","share_float_style":"share-normal","show_share_counter":"1","show_view_counter":"1","show_featured":"1","show_post_meta":"1","show_post_author":"0","show_post_author_image":"1","show_post_date":"1","post_date_format":"default","post_date_format_custom":"Y\/m\/d","show_post_category":"1","show_post_reading_time":"0","post_reading_time_wpm":"300","show_zoom_button":"0","zoom_button_out_step":"2","zoom_button_in_step":"3","show_post_tag":"1","show_prev_next_post":"0","show_popup_post":"1","number_popup_post":"1","show_author_box":"0","show_post_related":"1","show_inline_post_related":"0"}],"override_image_size":"0","image_override":[{"single_post_thumbnail_size":"crop-500","single_post_gallery_size":"crop-500"}],"trending_post":"0","trending_post_position":"meta","trending_post_label":"Trending","sponsored_post":"0","sponsored_post_label":"Sponsored by","sponsored_post_name":"","sponsored_post_url":"","sponsored_post_logo_enable":"0","sponsored_post_logo":"","sponsored_post_desc":"","disable_ad":"0"},"jnews_primary_category":{"id":"","hide":""},"jnews_social_meta":{"fb_title":"","fb_description":"","fb_image":"","twitter_title":"","twitter_description":"","twitter_image":""},"jnews_override_counter":{"override_view_counter":"0","view_counter_number":"0","override_share_counter":"0","share_counter_number":"0","override_like_counter":"0","like_counter_number":"0","override_dislike_counter":"0","dislike_counter_number":"0"},"footnotes":""},"categories":[3],"tags":[369,370],"class_list":["post-19547","post","type-post","status-publish","format-standard","has-post-thumbnail","hentry","category-infos-des-femmes","tag-manifestations","tag-prisonnieres"],"_links":{"self":[{"href":"https:\/\/wncri.org\/fr\/wp-json\/wp\/v2\/posts\/19547","targetHints":{"allow":["GET"]}}],"collection":[{"href":"https:\/\/wncri.org\/fr\/wp-json\/wp\/v2\/posts"}],"about":[{"href":"https:\/\/wncri.org\/fr\/wp-json\/wp\/v2\/types\/post"}],"author":[{"embeddable":true,"href":"https:\/\/wncri.org\/fr\/wp-json\/wp\/v2\/users\/4"}],"replies":[{"embeddable":true,"href":"https:\/\/wncri.org\/fr\/wp-json\/wp\/v2\/comments?post=19547"}],"version-history":[{"count":1,"href":"https:\/\/wncri.org\/fr\/wp-json\/wp\/v2\/posts\/19547\/revisions"}],"predecessor-version":[{"id":19549,"href":"https:\/\/wncri.org\/fr\/wp-json\/wp\/v2\/posts\/19547\/revisions\/19549"}],"wp:featuredmedia":[{"embeddable":true,"href":"https:\/\/wncri.org\/fr\/wp-json\/wp\/v2\/media\/19548"}],"wp:attachment":[{"href":"https:\/\/wncri.org\/fr\/wp-json\/wp\/v2\/media?parent=19547"}],"wp:term":[{"taxonomy":"category","embeddable":true,"href":"https:\/\/wncri.org\/fr\/wp-json\/wp\/v2\/categories?post=19547"},{"taxonomy":"post_tag","embeddable":true,"href":"https:\/\/wncri.org\/fr\/wp-json\/wp\/v2\/tags?post=19547"}],"curies":[{"name":"wp","href":"https:\/\/api.w.org\/{rel}","templated":true}]}}