{"id":19496,"date":"2023-12-27T21:46:07","date_gmt":"2023-12-27T20:46:07","guid":{"rendered":"https:\/\/wncri.org\/fr\/?p=19496"},"modified":"2024-01-01T21:02:39","modified_gmt":"2024-01-01T20:02:39","slug":"manifestations-de-2009-en-iran","status":"publish","type":"post","link":"https:\/\/wncri.org\/fr\/2023\/12\/27\/manifestations-de-2009-en-iran\/","title":{"rendered":"L&#8217;esprit inflexible : Le courage des femmes lors des manifestations de 2009 en Iran"},"content":{"rendered":"\n<h2 class=\"wp-block-heading\">Souvenez-vous des manifestations de 2009 en Iran qui ont \u00e9branl\u00e9 le r\u00e9gime dans ses fondements le 27 d\u00e9cembre 2009<\/h2>\n\n\n\n<p>Entre juin et d\u00e9cembre 2009, les Iraniens ont particip\u00e9 \u00e0 de vastes soul\u00e8vements et \u00e0 des manifestations \u00e0 l&#8217;\u00e9chelle nationale, r\u00e9clamant avec ferveur une r\u00e9vision en profondeur de la structure gouvernementale de leur pays. Les manifestations de 2009 en Iran ont \u00e9t\u00e9 d\u00e9clench\u00e9es par les r\u00e9sultats manipul\u00e9s du 10e tour des \u00e9lections pr\u00e9sidentielles d\u00e9clar\u00e9es le 12 juin 2009.<\/p>\n\n\n\n<p>Un aspect essentiel du soul\u00e8vement a \u00e9t\u00e9 l&#8217;<a href=\"https:\/\/wncri.org\/fr\/2023\/02\/10\/les-femmes-iraniennes-defient-quatre-decennies-de-dictature-religieuse\/\" target=\"_blank\" rel=\"noreferrer noopener\">implication substantielle des femmes<\/a> au premier plan. Les agences de presse internationales ont constamment soulign\u00e9 l&#8217;admiration des manifestants pour la bravoure et les conseils des femmes.<\/p>\n\n\n\n<p>Ces femmes pleines d&#8217;entrain ont men\u00e9 des chants tout en allant au devant de la foule, renvoyant courageusement les <a href=\"https:\/\/fr.wikipedia.org\/wiki\/Gaz_lacrymog%C3%A8ne\" target=\"_blank\" rel=\"noreferrer noopener\">grenades lacrymog\u00e8nes<\/a> lanc\u00e9es par les agents du r\u00e9gime sur les manifestants, et aidant rapidement \u00e0 l&#8217;\u00e9vacuation et au traitement des bless\u00e9s.<\/p>\n\n\n\n<p>Le 13 juin, l&#8217;Agence France-Presse (AFP) a rapport\u00e9 que les manifestants pr\u00e9sents sur l&#8217;une des principales places de la capitale scandaient &#8221; \u00c0 bas le dictateur &#8220;. Des centaines d&#8217;autres manifestants se sont rassembl\u00e9s pr\u00e8s du minist\u00e8re de l&#8217;Int\u00e9rieur, dans le centre de T\u00e9h\u00e9ran, en scandant \u00e9galement &#8221; \u00c0 bas le dictateur &#8220;. Les manifestants ont jet\u00e9 des pierres sur les forces envoy\u00e9es pour les r\u00e9primer ; les forces du r\u00e9gime ont r\u00e9pondu par des coups de matraque. Des manifestantes de la rue Vali-e-Asr ont \u00e9t\u00e9 battues par des forces anti-\u00e9meutes \u00e0 moto.<\/p>\n\n\n\n<p>Le 15 juin, environ 3 millions de personnes sont descendues dans la rue. Il s&#8217;agissait de la plus grande manifestation antigouvernementale depuis la r\u00e9volution antimonarchique de 1979 en Iran, mais elle a fait l&#8217;objet d&#8217;une r\u00e9pression sanglante de la part de la police anti-\u00e9meute, d&#8217;agents en civil, des forces des bassidjis et du corps des gardiens de la r\u00e9volution islamique (CGRI). Cette r\u00e9pression s&#8217;est sold\u00e9e par de nombreuses arrestations, des bless\u00e9s et des morts. 3 femmes, Fatemeh Salahshour, Sorour Borumand et Fatemeh Rajabpour, ont \u00e9t\u00e9 tu\u00e9es ce jour-l\u00e0 lors des manifestations de 2009 en Iran.<\/p>\n\n\n\n<p>Le 20 juin a \u00e9t\u00e9 un autre moment fort des manifestations de 2009 en Iran. La plupart des rues et places principales de T\u00e9h\u00e9ran \u00e9taient contr\u00f4l\u00e9es par les forces de s\u00e9curit\u00e9, les forces militaires et des agents en civil. Malgr\u00e9 cette d\u00e9monstration de force intimidante, les femmes, les \u00e9tudiants et les jeunes se sont tenus fermement en premi\u00e8re ligne de la manifestation et ont commenc\u00e9 \u00e0 manifester depuis l&#8217;avenue Enghelab. De violents affrontements ont \u00e9clat\u00e9 lorsque les forces du SSF, la police anti-\u00e9meute et les agents en civil ont commenc\u00e9 leur assaut militaire. Des tireurs d&#8217;\u00e9lite du r\u00e9gime ont tir\u00e9 sur les manifestants depuis les toits. Neda Aqa-Sultan, Maryam Mehr-Azin et Tina Soodi figurent parmi les personnes tu\u00e9es ce jour-l\u00e0.<\/p>\n\n\n\n<p>Le 7 d\u00e9cembre 2009, \u00e0 l&#8217;universit\u00e9 de T\u00e9h\u00e9ran, des \u00e9tudiantes se sont encha\u00een\u00e9 les mains et sont devenues des boucliers humains pour les \u00e9tudiants, qui \u00e9taient la cible d&#8217;arrestations par des agents du r\u00e9gime.<\/p>\n\n\n\n<p>En outre, lors des manifestations du 27 d\u00e9cembre, des femmes iraniennes courageuses ont r\u00e9sist\u00e9 \u00e0 la r\u00e9pression. Des dizaines de femmes et d&#8217;autres manifestants ont \u00e9t\u00e9 arr\u00eat\u00e9s et emprisonn\u00e9s. D&#8217;apr\u00e8s les aveux des SSF et l&#8217;enregistrement de leurs communications radio, T\u00e9h\u00e9ran \u00e9tait au bord de l&#8217;effondrement ce jour-l\u00e0.&nbsp;<\/p>\n\n\n\n<p>Les soul\u00e8vements de 2009 ont pris forme et se sont poursuivis gr\u00e2ce \u00e0 ces sacrifices et au r\u00f4le d\u00e9terminant des femmes.<\/p>\n\n\n<div class=\"wp-block-image\">\n<figure class=\"aligncenter size-full\"><img decoding=\"async\" src=\"data:image\/gif;base64,R0lGODlhAQABAIAAAAAAAP\/\/\/yH5BAEAAAAALAAAAAABAAEAAAIBRAA7\" data-src=\"https:\/\/wncri.org\/fr\/wp-content\/uploads\/2023\/12\/Women-slain-during-2009-Protests-in-Iran.jpg\" alt=\"Le courage des femmes lors des manifestations de 2009 en Iran\" class=\"wp-image-19498 lazyload\"\/><noscript><img decoding=\"async\" width=\"750\" height=\"198\" src=\"https:\/\/wncri.org\/fr\/wp-content\/uploads\/2023\/12\/Women-slain-during-2009-Protests-in-Iran.jpg\" alt=\"Le courage des femmes lors des manifestations de 2009 en Iran\" class=\"wp-image-19498 lazyload\" srcset=\"https:\/\/wncri.org\/fr\/wp-content\/uploads\/2023\/12\/Women-slain-during-2009-Protests-in-Iran.jpg 750w, https:\/\/wncri.org\/fr\/wp-content\/uploads\/2023\/12\/Women-slain-during-2009-Protests-in-Iran-300x79.jpg 300w\" sizes=\"(max-width: 750px) 100vw, 750px\" \/><\/noscript><figcaption class=\"wp-element-caption\">Quelques-unes des femmes tu\u00e9es lors des manifestations de 2009 en Iran. De gauche \u00e0 droite : Shabnam Sohrabi, Maryam Soudbar, Neda Aqa-Sultan, Fatemeh Semsarpour et Taraneh Mousavi.<\/figcaption><\/figure>\n<\/div>\n\n\n<p>Voici les noms et les informations de plusieurs de ces femmes, qui sont tomb\u00e9es pour la libert\u00e9 :<\/p>\n\n\n\n<p><a href=\"https:\/\/wncri.org\/fr\/2022\/06\/19\/neda-agha-sultan-un-symbole\/\" target=\"_blank\" rel=\"noreferrer noopener\"><strong>Neda Agha-Sultan<\/strong><\/a>, 27 ans, a \u00e9t\u00e9 abattue le 20 juin 2009 dans le quartier d&#8217;Amir-Abad \u00e0 T\u00e9h\u00e9ran. La courte s\u00e9quence de sa mort, film\u00e9e par un t\u00e9l\u00e9phone portable et mise en ligne, a \u00e9t\u00e9 diffus\u00e9e dans le reste du monde. Le visage de Neda est devenu le symbole du soul\u00e8vement de 2009. Selon Time Weekly, sa mort a \u00e9t\u00e9 la vid\u00e9o de la mort d&#8217;un \u00eatre humain la plus regard\u00e9e de l&#8217;histoire.<\/p>\n\n\n\n<p><strong>Maryam Mehr-Azin<\/strong>, 24 ans, a \u00e9t\u00e9 abattue le 20 juin 2009 sur la place Azadi. Son corps a \u00e9t\u00e9 transport\u00e9 \u00e0 l&#8217;h\u00f4pital Baqiatollah des gardiens de la r\u00e9volution islamique. La famille de Maryam a subi des pressions pour qu&#8217;elle ne donne aucune nouvelle de sa mort. \u00c0 ce jour, l&#8217;emplacement exact de sa tombe dans le cimeti\u00e8re de Behecht-e-Zahra n&#8217;est pas connu.<\/p>\n\n\n\n<p><a href=\"https:\/\/wncri.org\/fr\/2017\/06\/22\/maryam-soudbar-etudiante-tuee-dans-le-soulevement-de-2009-en-iran\/\" target=\"_blank\" rel=\"noreferrer noopener\"><strong>Maryam Soudbar<\/strong><\/a>, 21 ans, \u00e9tudiante \u00e0 l&#8217;universit\u00e9, a \u00e9t\u00e9 frapp\u00e9e \u00e0 la t\u00eate avec une matraque et est d\u00e9c\u00e9d\u00e9e apr\u00e8s \u00eatre rentr\u00e9e chez elle apr\u00e8s la marche de protestation du 20 juin. Son p\u00e8re a r\u00e9v\u00e9l\u00e9 que le bureau du l\u00e9giste avait confirm\u00e9 que Maryam \u00e9tait morte d&#8217;un coup \u00e0 la t\u00eate. Cependant, si le m\u00e9decin l&#8217;avait \u00e9crit dans le certificat de d\u00e9c\u00e8s, la famille n&#8217;aurait jamais re\u00e7u le corps de leur fille.<\/p>\n\n\n\n<p><strong>Fehimeh Salahshour<\/strong>, 25 ans, \u00e9tait titulaire d&#8217;un dipl\u00f4me d&#8217;\u00e9tudes secondaires. Elle est d\u00e9c\u00e9d\u00e9e le 14 juin 2009, apr\u00e8s avoir \u00e9t\u00e9 frapp\u00e9e \u00e0 la t\u00eate par les forces du bassidj \u00e0 l&#8217;aide de matraques. Elle a souffert d&#8217;une h\u00e9morragie interne et est d\u00e9c\u00e9d\u00e9e alors qu&#8217;elle \u00e9tait transf\u00e9r\u00e9e \u00e0 l&#8217;h\u00f4pital. Elle a \u00e9t\u00e9 enterr\u00e9e le 27 juin dans la section 266 du cimeti\u00e8re de Behecht-e-Zahra.<\/p>\n\n\n\n<p><strong>Fatemeh Rajabpoor<\/strong>, 38 ans, et sa m\u00e8re, <strong>Soroor Boroomand<\/strong>, ont \u00e9t\u00e9 abattues par les forces bassidj apr\u00e8s s&#8217;\u00eatre r\u00e9fugi\u00e9es dans un jardin d&#8217;enfants de la rue Mohammad Ali Jenah, en face de la base bassidji du 117e bataillon d&#8217;Achoura.<\/p>\n\n\n\n<p><strong>Parisa Koali<\/strong>, 25 ans, a perdu la vie le 21 juin 2009, lorsqu&#8217;elle a re\u00e7u une balle dans le cou sur le boulevard Kechavarz \u00e0 T\u00e9h\u00e9ran. Elle a \u00e9t\u00e9 enterr\u00e9e le 23 juin dans la section 259 du cimeti\u00e8re de Behecht-e-Zahra.<\/p>\n\n\n\n<p><strong>Tina Soodi<\/strong>, 24 ans, a \u00e9t\u00e9 abattue par les forces de s\u00e9curit\u00e9 du r\u00e9gime le 20 juin 2021. Alors que sa famille recevait son corps, le r\u00e9gime a exerc\u00e9 d&#8217;\u00e9normes pressions sur la famille pour qu&#8217;elle annonce que Tina \u00e9tait morte de causes naturelles.<\/p>\n\n\n\n<p><strong>Fatemeh Barati<\/strong>, \u00e9tudiante, a perdu la vie dans la soir\u00e9e du 14 juin 2009, lorsque des agents en civil ont fait irruption dans le dortoir de l&#8217;universit\u00e9 de T\u00e9h\u00e9ran et l&#8217;ont battue. Son corps aurait \u00e9t\u00e9 enterr\u00e9 au cimeti\u00e8re Behecht-e-Zahra de T\u00e9h\u00e9ran \u00e0 l&#8217;insu de sa famille.<\/p>\n\n\n\n<p><strong>Shabnam Sohrabi<\/strong>, 34 ans, m\u00e8re d&#8217;une petite fille, a \u00e9t\u00e9 frapp\u00e9e \u00e0 plusieurs reprises par un v\u00e9hicule des forces de s\u00e9curit\u00e9 lors des manifestations et des affrontements qui ont eu lieu \u00e0 l&#8217;occasion de l&#8217;anniversaire de l&#8217;Achoura, le 27 d\u00e9cembre 2009. Le corps de Shabnam a \u00e9t\u00e9 remis \u00e0 sa famille 20 jours plus tard \u00e0 la morgue de Kahrizak. Elle a \u00e9t\u00e9 enterr\u00e9e sous haute s\u00e9curit\u00e9 dans la section 86 du cimeti\u00e8re de Behecht-e-Zahra.<\/p>\n\n\n\n<p><strong>Fatemeh Semsarpour<\/strong> a \u00e9t\u00e9 abattue le 20 juin 2009 devant sa maison. Son fils et un voisin ont \u00e9galement \u00e9t\u00e9 bless\u00e9s par balle. Les agents du r\u00e9gime ont emp\u00each\u00e9 la famille de Fatemeh d&#8217;organiser une c\u00e9r\u00e9monie en son honneur \u00e0 T\u00e9h\u00e9ran.<\/p>\n\n\n<div class=\"wp-block-image\">\n<figure class=\"aligncenter size-large\"><img decoding=\"async\" src=\"data:image\/gif;base64,R0lGODlhAQABAIAAAAAAAP\/\/\/yH5BAEAAAAALAAAAAABAAEAAAIBRAA7\" data-src=\"https:\/\/wncri.org\/fr\/wp-content\/uploads\/2023\/12\/Taraneh-Moussavi-2009-min-1024x512.jpg\" alt=\"Le courage des femmes lors des manifestations de 2009 en Iran\" class=\"wp-image-19497 lazyload\"\/><noscript><img decoding=\"async\" width=\"1024\" height=\"512\" src=\"https:\/\/wncri.org\/fr\/wp-content\/uploads\/2023\/12\/Taraneh-Moussavi-2009-min-1024x512.jpg\" alt=\"Le courage des femmes lors des manifestations de 2009 en Iran\" class=\"wp-image-19497 lazyload\" srcset=\"https:\/\/wncri.org\/fr\/wp-content\/uploads\/2023\/12\/Taraneh-Moussavi-2009-min-1024x512.jpg 1024w, https:\/\/wncri.org\/fr\/wp-content\/uploads\/2023\/12\/Taraneh-Moussavi-2009-min-300x150.jpg 300w, https:\/\/wncri.org\/fr\/wp-content\/uploads\/2023\/12\/Taraneh-Moussavi-2009-min-768x384.jpg 768w, https:\/\/wncri.org\/fr\/wp-content\/uploads\/2023\/12\/Taraneh-Moussavi-2009-min-360x180.jpg 360w, https:\/\/wncri.org\/fr\/wp-content\/uploads\/2023\/12\/Taraneh-Moussavi-2009-min-750x375.jpg 750w, https:\/\/wncri.org\/fr\/wp-content\/uploads\/2023\/12\/Taraneh-Moussavi-2009-min.jpg 1140w\" sizes=\"(max-width: 1024px) 100vw, 1024px\" \/><\/noscript><figcaption class=\"wp-element-caption\">Taraneh Mousavi<\/figcaption><\/figure>\n<\/div>\n\n\n<p><strong>Taraneh Mousavi<\/strong> a \u00e9t\u00e9 arr\u00eat\u00e9e le 28 juin 2009. Les forces de s\u00e9curit\u00e9 du r\u00e9gime l&#8217;ont d\u00e9tenue pr\u00e8s de la mosqu\u00e9e de Qoba, o\u00f9 elles l&#8217;ont sauvagement battue et viol\u00e9e. Elle est tomb\u00e9e dans le coma et a \u00e9t\u00e9 transport\u00e9e \u00e0 l&#8217;h\u00f4pital, mais elle est morte en chemin. Pour dissimuler leur crime odieux, les agents ont mis le feu \u00e0 son corps et l&#8217;ont jet\u00e9 sur l&#8217;autoroute Karaj-Qazvin.<\/p>\n\n\n\n<p><\/p>\n","protected":false},"excerpt":{"rendered":"<p>Souvenez-vous des manifestations de 2009 en Iran qui ont \u00e9branl\u00e9 le r\u00e9gime dans ses fondements le 27 d\u00e9cembre 2009 Entre juin et d\u00e9cembre 2009, les Iraniens ont particip\u00e9 \u00e0 de vastes soul\u00e8vements et \u00e0 des manifestations \u00e0 l&#8217;\u00e9chelle nationale, r\u00e9clamant avec ferveur une r\u00e9vision en profondeur de la structure gouvernementale de leur pays. Les manifestations [&hellip;]<\/p>\n","protected":false},"author":4,"featured_media":19499,"comment_status":"closed","ping_status":"closed","sticky":false,"template":"","format":"standard","meta":{"jnews-multi-image_gallery":[],"jnews_single_post":{"subtitle":"","format":"standard","video":"","gallery":"","source_name":"","source_url":"","via_name":"","via_url":"","override_template":"0","override":[{"template":"7","single_blog_custom":"","parallax":"1","fullscreen":"1","layout":"right-sidebar","sidebar":"default-sidebar","second_sidebar":"default-sidebar","sticky_sidebar":"1","share_position":"floatbottom","share_float_style":"share-normal","show_share_counter":"1","show_view_counter":"1","show_featured":"1","show_post_meta":"1","show_post_author":"0","show_post_author_image":"1","show_post_date":"1","post_date_format":"default","post_date_format_custom":"Y\/m\/d","show_post_category":"1","show_post_reading_time":"0","post_reading_time_wpm":"300","show_zoom_button":"0","zoom_button_out_step":"2","zoom_button_in_step":"3","show_post_tag":"1","show_prev_next_post":"0","show_popup_post":"1","number_popup_post":"1","show_author_box":"0","show_post_related":"1","show_inline_post_related":"0"}],"override_image_size":"0","image_override":[{"single_post_thumbnail_size":"crop-500","single_post_gallery_size":"crop-500"}],"trending_post":"0","trending_post_position":"meta","trending_post_label":"Trending","sponsored_post":"0","sponsored_post_label":"Sponsored by","sponsored_post_name":"","sponsored_post_url":"","sponsored_post_logo_enable":"0","sponsored_post_logo":"","sponsored_post_desc":"","disable_ad":"0"},"jnews_primary_category":{"id":"","hide":""},"jnews_social_meta":{"fb_title":"","fb_description":"","fb_image":"","twitter_title":"","twitter_description":"","twitter_image":""},"jnews_override_counter":{"override_view_counter":"0","view_counter_number":"0","override_share_counter":"0","share_counter_number":"0","override_like_counter":"0","like_counter_number":"0","override_dislike_counter":"0","dislike_counter_number":"0"},"footnotes":""},"categories":[8],"tags":[382,369],"class_list":["post-19496","post","type-post","status-publish","format-standard","has-post-thumbnail","hentry","category-articles","tag-generation-egalite","tag-manifestations"],"_links":{"self":[{"href":"https:\/\/wncri.org\/fr\/wp-json\/wp\/v2\/posts\/19496","targetHints":{"allow":["GET"]}}],"collection":[{"href":"https:\/\/wncri.org\/fr\/wp-json\/wp\/v2\/posts"}],"about":[{"href":"https:\/\/wncri.org\/fr\/wp-json\/wp\/v2\/types\/post"}],"author":[{"embeddable":true,"href":"https:\/\/wncri.org\/fr\/wp-json\/wp\/v2\/users\/4"}],"replies":[{"embeddable":true,"href":"https:\/\/wncri.org\/fr\/wp-json\/wp\/v2\/comments?post=19496"}],"version-history":[{"count":2,"href":"https:\/\/wncri.org\/fr\/wp-json\/wp\/v2\/posts\/19496\/revisions"}],"predecessor-version":[{"id":19502,"href":"https:\/\/wncri.org\/fr\/wp-json\/wp\/v2\/posts\/19496\/revisions\/19502"}],"wp:featuredmedia":[{"embeddable":true,"href":"https:\/\/wncri.org\/fr\/wp-json\/wp\/v2\/media\/19499"}],"wp:attachment":[{"href":"https:\/\/wncri.org\/fr\/wp-json\/wp\/v2\/media?parent=19496"}],"wp:term":[{"taxonomy":"category","embeddable":true,"href":"https:\/\/wncri.org\/fr\/wp-json\/wp\/v2\/categories?post=19496"},{"taxonomy":"post_tag","embeddable":true,"href":"https:\/\/wncri.org\/fr\/wp-json\/wp\/v2\/tags?post=19496"}],"curies":[{"name":"wp","href":"https:\/\/api.w.org\/{rel}","templated":true}]}}