{"id":19485,"date":"2023-12-24T19:00:00","date_gmt":"2023-12-24T18:00:00","guid":{"rendered":"https:\/\/wncri.org\/fr\/?p=19485"},"modified":"2023-12-24T22:09:54","modified_gmt":"2023-12-24T21:09:54","slug":"varisha-moradi-2","status":"publish","type":"post","link":"https:\/\/wncri.org\/fr\/2023\/12\/24\/varisha-moradi-2\/","title":{"rendered":"Varisha Moradi est emprisonn\u00e9e \u00e0 la prison d&#8217;Evin sans avoir \u00e9t\u00e9 jug\u00e9e"},"content":{"rendered":"\n<h2 class=\"wp-block-heading\">4 mois apr\u00e8s son arrestation, Varisha Moradi est toujours d\u00e9tenue sans avoir \u00e9t\u00e9 jug\u00e9e.<\/h2>\n\n\n\n<p>Varisha Moradi, une <a href=\"https:\/\/wncri.org\/fr\/2023\/10\/12\/varisha-moradi\/\" target=\"_blank\" rel=\"noreferrer noopener\">militante kurde des droits des femmes<\/a> originaire de Sanandaj et membre de la Soci\u00e9t\u00e9 des femmes libres du Kurdistan oriental (KJAR), a \u00e9t\u00e9 enlev\u00e9e le 1er ao\u00fbt 2023.<\/p>\n\n\n\n<p>Elle a \u00e9t\u00e9 sauvagement tortur\u00e9e dans le centre de d\u00e9tention du d\u00e9partement des renseignements de <a href=\"https:\/\/fr.wikipedia.org\/wiki\/Sanandadj\" target=\"_blank\" rel=\"noreferrer noopener\">Sanandaj<\/a> pour qu&#8217;elle fasse des aveux contre elle-m\u00eame. Une source inform\u00e9e a rapport\u00e9 qu&#8217;\u00e0 un moment donn\u00e9, elle a vomi du sang et est devenue compl\u00e8tement inconsciente sous la torture.<\/p>\n\n\n\n<p>Varisha Moradi a ensuite \u00e9t\u00e9 transf\u00e9r\u00e9e dans le quartier 209 du minist\u00e8re du renseignement de la prison d&#8217;Evin \u00e0 T\u00e9h\u00e9ran.<\/p>\n\n\n\n<p>Elle n&#8217;a rencontr\u00e9 sa famille qu&#8217;une seule fois depuis le 1er ao\u00fbt 2023, date \u00e0 laquelle elle a \u00e9t\u00e9 <a href=\"https:\/\/wncri.org\/fr\/2023\/11\/10\/ou-sont-pakhshan-azizi\/\">enle<\/a><a href=\"https:\/\/wncri.org\/fr\/2023\/11\/10\/ou-sont-pakhshan-azizi\/\" target=\"_blank\" rel=\"noreferrer noopener\">v<\/a><a href=\"https:\/\/wncri.org\/fr\/2023\/11\/10\/ou-sont-pakhshan-azizi\/\">\u00e9e<\/a> par des agents du minist\u00e8re des renseignements sur la route reliant Marivan \u00e0 Sanandaj. Elle a \u00e9t\u00e9 violemment battue et emmen\u00e9e en prison sans avoir re\u00e7u de soins m\u00e9dicaux. Elle n&#8217;a pas eu acc\u00e8s \u00e0 son avocat.<\/p>\n\n\n\n<p>Il n&#8217;y a aucune information sur les raisons de son arrestation et les charges retenues contre elle.<\/p>\n","protected":false},"excerpt":{"rendered":"<p>4 mois apr\u00e8s son arrestation, Varisha Moradi est toujours d\u00e9tenue sans avoir \u00e9t\u00e9 jug\u00e9e. Varisha Moradi, une militante kurde des droits des femmes originaire de Sanandaj et membre de la Soci\u00e9t\u00e9 des femmes libres du Kurdistan oriental (KJAR), a \u00e9t\u00e9 enlev\u00e9e le 1er ao\u00fbt 2023. Elle a \u00e9t\u00e9 sauvagement tortur\u00e9e dans le centre de d\u00e9tention [&hellip;]<\/p>\n","protected":false},"author":4,"featured_media":19286,"comment_status":"closed","ping_status":"closed","sticky":false,"template":"","format":"standard","meta":{"jnews-multi-image_gallery":[],"jnews_single_post":{"subtitle":"","format":"standard","video":"","gallery":"","source_name":"","source_url":"","via_name":"","via_url":"","override_template":"0","override":[{"template":"7","single_blog_custom":"","parallax":"1","fullscreen":"1","layout":"right-sidebar","sidebar":"default-sidebar","second_sidebar":"default-sidebar","sticky_sidebar":"1","share_position":"floatbottom","share_float_style":"share-normal","show_share_counter":"1","show_view_counter":"1","show_featured":"1","show_post_meta":"1","show_post_author":"0","show_post_author_image":"1","show_post_date":"1","post_date_format":"default","post_date_format_custom":"Y\/m\/d","show_post_category":"1","show_post_reading_time":"0","post_reading_time_wpm":"300","show_zoom_button":"0","zoom_button_out_step":"2","zoom_button_in_step":"3","show_post_tag":"1","show_prev_next_post":"0","show_popup_post":"1","number_popup_post":"1","show_author_box":"0","show_post_related":"1","show_inline_post_related":"0"}],"override_image_size":"0","image_override":[{"single_post_thumbnail_size":"crop-500","single_post_gallery_size":"crop-500"}],"trending_post":"0","trending_post_position":"meta","trending_post_label":"Trending","sponsored_post":"0","sponsored_post_label":"Sponsored by","sponsored_post_name":"","sponsored_post_url":"","sponsored_post_logo_enable":"0","sponsored_post_logo":"","sponsored_post_desc":"","disable_ad":"0"},"jnews_primary_category":{"id":"","hide":""},"jnews_social_meta":{"fb_title":"","fb_description":"","fb_image":"","twitter_title":"","twitter_description":"","twitter_image":""},"jnews_override_counter":{"override_view_counter":"0","view_counter_number":"0","override_share_counter":"0","share_counter_number":"0","override_like_counter":"0","like_counter_number":"0","override_dislike_counter":"0","dislike_counter_number":"0"},"footnotes":""},"categories":[3],"tags":[370,376],"class_list":["post-19485","post","type-post","status-publish","format-standard","has-post-thumbnail","hentry","category-infos-des-femmes","tag-prisonnieres","tag-violence-contre-les-femmes"],"_links":{"self":[{"href":"https:\/\/wncri.org\/fr\/wp-json\/wp\/v2\/posts\/19485","targetHints":{"allow":["GET"]}}],"collection":[{"href":"https:\/\/wncri.org\/fr\/wp-json\/wp\/v2\/posts"}],"about":[{"href":"https:\/\/wncri.org\/fr\/wp-json\/wp\/v2\/types\/post"}],"author":[{"embeddable":true,"href":"https:\/\/wncri.org\/fr\/wp-json\/wp\/v2\/users\/4"}],"replies":[{"embeddable":true,"href":"https:\/\/wncri.org\/fr\/wp-json\/wp\/v2\/comments?post=19485"}],"version-history":[{"count":1,"href":"https:\/\/wncri.org\/fr\/wp-json\/wp\/v2\/posts\/19485\/revisions"}],"predecessor-version":[{"id":19486,"href":"https:\/\/wncri.org\/fr\/wp-json\/wp\/v2\/posts\/19485\/revisions\/19486"}],"wp:featuredmedia":[{"embeddable":true,"href":"https:\/\/wncri.org\/fr\/wp-json\/wp\/v2\/media\/19286"}],"wp:attachment":[{"href":"https:\/\/wncri.org\/fr\/wp-json\/wp\/v2\/media?parent=19485"}],"wp:term":[{"taxonomy":"category","embeddable":true,"href":"https:\/\/wncri.org\/fr\/wp-json\/wp\/v2\/categories?post=19485"},{"taxonomy":"post_tag","embeddable":true,"href":"https:\/\/wncri.org\/fr\/wp-json\/wp\/v2\/tags?post=19485"}],"curies":[{"name":"wp","href":"https:\/\/api.w.org\/{rel}","templated":true}]}}