{"id":19374,"date":"2023-11-30T17:56:11","date_gmt":"2023-11-30T16:56:11","guid":{"rendered":"https:\/\/wncri.org\/fr\/?p=19374"},"modified":"2023-12-01T18:04:52","modified_gmt":"2023-12-01T17:04:52","slug":"prison-de-lakan-a-rasht","status":"publish","type":"post","link":"https:\/\/wncri.org\/fr\/2023\/11\/30\/prison-de-lakan-a-rasht\/","title":{"rendered":"3 prisonniers, dont une femme, ex\u00e9cut\u00e9s \u00e0 la prison de Lakan \u00e0 Rasht"},"content":{"rendered":"\n<h2 class=\"wp-block-heading\">Une autre femme a \u00e9t\u00e9 pendue et ex\u00e9cut\u00e9e dans la prison de Lakan \u00e0 Racht le samedi 25 novembre 2023.<\/h2>\n\n\n\n<p>Cette femme avait \u00e9t\u00e9 condamn\u00e9e \u00e0 mort pour meurtre. Elle est l&#8217;un des trois prisonniers pendus ce jour-l\u00e0 dans la prison de Lakan \u00e0 <a href=\"https:\/\/fr.wikipedia.org\/wiki\/Racht\" target=\"_blank\" rel=\"noreferrer noopener\">Racht<\/a>. Les 2 autres \u00e9taient le prisonnier politique Ali Saber Motlagh, 62 ans, partisan de l&#8217;Organisation des moudjahidines du peuple iranien (OMPI\/MEK) et Mohsen Sedaghat, un prisonnier de droit commun \u00e9galement accus\u00e9 de meurtre.<\/p>\n\n\n\n<p>Le r\u00e9gime cl\u00e9rical a multipli\u00e9 les ex\u00e9cutions en Iran. Il a ex\u00e9cut\u00e9 pr\u00e8s de 200 prisonniers au cours des derniers 45 jours.<\/p>\n\n\n\n<p>La femme ex\u00e9cut\u00e9e samedi 25 novembre est la 223e femme ex\u00e9cut\u00e9e par le r\u00e9gime cl\u00e9rical depuis 2007. Elle est la 20e femme ex\u00e9cut\u00e9e depuis janvier 2023.<\/p>\n\n\n\n<h3 class=\"wp-block-heading\"><strong>Jusqu&#8217;\u00e0 pr\u00e9sent, Ebrahim Ra\u00efssi a ex\u00e9cut\u00e9 6 femmes de plus chaque ann\u00e9e<\/strong><\/h3>\n\n\n\n<p>Le nombre d&#8217;ex\u00e9cutions en Iran a consid\u00e9rablement augment\u00e9 depuis plus de 2 ans, lorsque Ebrahim Raisi a pris ses fonctions de pr\u00e9sident des mollahs en ao\u00fbt 2021.<\/p>\n\n\n\n<p>D&#8217;apr\u00e8s <a href=\"https:\/\/wncri.org\/fr\/2023\/09\/07\/executions-de-femmes\/\" target=\"_blank\" rel=\"noreferrer noopener\">les donn\u00e9es compil\u00e9es par la commission des femmes du CNRI<\/a>, 118 femmes ont \u00e9t\u00e9 ex\u00e9cut\u00e9es en Iran entre ao\u00fbt 2013 et ao\u00fbt 2021, lorsque Hassan Rouhani \u00e9tait au pouvoir. Cela repr\u00e9sente une moyenne de 15 femmes ex\u00e9cut\u00e9es par an.<\/p>\n\n\n\n<p>Cependant, sous Ebrahim Raisi, 42 femmes ont \u00e9t\u00e9 ex\u00e9cut\u00e9es entre ao\u00fbt 2021 et ao\u00fbt 2023. Cela fait une moyenne de 21 femmes par an, soit 6 femmes de plus ex\u00e9cut\u00e9es chaque ann\u00e9e par rapport \u00e0 l&#8217;ancien pr\u00e9sident du r\u00e9gime.<\/p>\n\n\n\n<h3 class=\"wp-block-heading\"><strong>&nbsp;Le record mondial des ex\u00e9cutions de femmes<\/strong><\/h3>\n\n\n\n<p>Le r\u00e9gime iranien est le premier d\u00e9tenteur du record mondial d&#8217;ex\u00e9cutions de femmes.<\/p>\n\n\n\n<p>La commission des femmes du Conseil national de la r\u00e9sistance iranienne a compil\u00e9 les noms de ces femmes dans une liste intitul\u00e9e &#8220;<a href=\"https:\/\/wncri.org\/fr\/2023\/09\/07\/executions-de-femmes\/\" target=\"_blank\" rel=\"noreferrer noopener\">Liste des femmes ex\u00e9cut\u00e9es en Iran depuis 2007<\/a>&#8220;.<\/p>\n\n\n\n<p>Aucun gouvernement au monde n&#8217;a ex\u00e9cut\u00e9 autant de femmes. Cette liste ne tient pas compte des dizaines de milliers de femmes ex\u00e9cut\u00e9es en Iran pour des motifs politiques.<\/p>\n\n\n\n<p>Le r\u00e9gime iranien est le premier d\u00e9tenteur du record mondial d&#8217;ex\u00e9cutions de femmes.<\/p>\n\n\n\n<p>La commission des femmes du CNRI a d\u00e9j\u00e0 indiqu\u00e9 que de nombreuses femmes ex\u00e9cut\u00e9es par le r\u00e9gime des mollahs \u00e9taient victimes de <a href=\"https:\/\/wncri.org\/fr\/2020\/11\/23\/la-violence-faite-aux-femmes-en-iran-parrainee-et-institutionnalisee-par-letat\/\" target=\"_blank\" rel=\"noreferrer noopener\">violences domestiques \u00e0 l&#8217;encontre des femmes<\/a> et avaient agi en \u00e9tat de l\u00e9gitime d\u00e9fense.<\/p>\n","protected":false},"excerpt":{"rendered":"<p>Une autre femme a \u00e9t\u00e9 pendue et ex\u00e9cut\u00e9e dans la prison de Lakan \u00e0 Racht le samedi 25 novembre 2023. Cette femme avait \u00e9t\u00e9 condamn\u00e9e \u00e0 mort pour meurtre. Elle est l&#8217;un des trois prisonniers pendus ce jour-l\u00e0 dans la prison de Lakan \u00e0 Racht. Les 2 autres \u00e9taient le prisonnier politique Ali Saber Motlagh, [&hellip;]<\/p>\n","protected":false},"author":4,"featured_media":19375,"comment_status":"closed","ping_status":"closed","sticky":false,"template":"","format":"standard","meta":{"jnews-multi-image_gallery":[],"jnews_single_post":{"subtitle":"","format":"standard","video":"","gallery":"","source_name":"","source_url":"","via_name":"","via_url":"","override_template":"0","override":[{"template":"7","single_blog_custom":"","parallax":"1","fullscreen":"1","layout":"right-sidebar","sidebar":"default-sidebar","second_sidebar":"default-sidebar","sticky_sidebar":"1","share_position":"floatbottom","share_float_style":"share-normal","show_share_counter":"1","show_view_counter":"1","show_featured":"1","show_post_meta":"1","show_post_author":"0","show_post_author_image":"1","show_post_date":"1","post_date_format":"default","post_date_format_custom":"Y\/m\/d","show_post_category":"1","show_post_reading_time":"0","post_reading_time_wpm":"300","show_zoom_button":"0","zoom_button_out_step":"2","zoom_button_in_step":"3","show_post_tag":"1","show_prev_next_post":"0","show_popup_post":"1","number_popup_post":"1","show_author_box":"0","show_post_related":"1","show_inline_post_related":"0"}],"override_image_size":"0","image_override":[{"single_post_thumbnail_size":"crop-500","single_post_gallery_size":"crop-500"}],"trending_post":"0","trending_post_position":"meta","trending_post_label":"Trending","sponsored_post":"0","sponsored_post_label":"Sponsored by","sponsored_post_name":"","sponsored_post_url":"","sponsored_post_logo_enable":"0","sponsored_post_logo":"","sponsored_post_desc":"","disable_ad":"0"},"jnews_primary_category":{"id":"","hide":""},"jnews_social_meta":{"fb_title":"","fb_description":"","fb_image":"","twitter_title":"","twitter_description":"","twitter_image":""},"jnews_override_counter":{"override_view_counter":"0","view_counter_number":"0","override_share_counter":"0","share_counter_number":"0","override_like_counter":"0","like_counter_number":"0","override_dislike_counter":"0","dislike_counter_number":"0"},"footnotes":""},"categories":[3],"tags":[367],"class_list":["post-19374","post","type-post","status-publish","format-standard","has-post-thumbnail","hentry","category-infos-des-femmes","tag-execution"],"_links":{"self":[{"href":"https:\/\/wncri.org\/fr\/wp-json\/wp\/v2\/posts\/19374","targetHints":{"allow":["GET"]}}],"collection":[{"href":"https:\/\/wncri.org\/fr\/wp-json\/wp\/v2\/posts"}],"about":[{"href":"https:\/\/wncri.org\/fr\/wp-json\/wp\/v2\/types\/post"}],"author":[{"embeddable":true,"href":"https:\/\/wncri.org\/fr\/wp-json\/wp\/v2\/users\/4"}],"replies":[{"embeddable":true,"href":"https:\/\/wncri.org\/fr\/wp-json\/wp\/v2\/comments?post=19374"}],"version-history":[{"count":1,"href":"https:\/\/wncri.org\/fr\/wp-json\/wp\/v2\/posts\/19374\/revisions"}],"predecessor-version":[{"id":19376,"href":"https:\/\/wncri.org\/fr\/wp-json\/wp\/v2\/posts\/19374\/revisions\/19376"}],"wp:featuredmedia":[{"embeddable":true,"href":"https:\/\/wncri.org\/fr\/wp-json\/wp\/v2\/media\/19375"}],"wp:attachment":[{"href":"https:\/\/wncri.org\/fr\/wp-json\/wp\/v2\/media?parent=19374"}],"wp:term":[{"taxonomy":"category","embeddable":true,"href":"https:\/\/wncri.org\/fr\/wp-json\/wp\/v2\/categories?post=19374"},{"taxonomy":"post_tag","embeddable":true,"href":"https:\/\/wncri.org\/fr\/wp-json\/wp\/v2\/tags?post=19374"}],"curies":[{"name":"wp","href":"https:\/\/api.w.org\/{rel}","templated":true}]}}