{"id":19314,"date":"2023-11-16T23:45:00","date_gmt":"2023-11-16T22:45:00","guid":{"rendered":"https:\/\/wncri.org\/fr\/?p=19314"},"modified":"2023-11-17T15:13:32","modified_gmt":"2023-11-17T14:13:32","slug":"esrin-mohammadi","status":"publish","type":"post","link":"https:\/\/wncri.org\/fr\/2023\/11\/16\/esrin-mohammadi\/","title":{"rendered":"Esrin Mohammadi est arr\u00eat\u00e9e \u00e0 la veille de l&#8217;anniversaire de son fr\u00e8re"},"content":{"rendered":"\n<h2 class=\"wp-block-heading\">Des agents du d\u00e9partement des renseignements de Boukan, au Kurdistan, ont arr\u00eat\u00e9 Esrin Mohammadi le mercredi 15 novembre, \u00e0 l&#8217;int\u00e9rieur d&#8217;un magasin qui imprimait des banderoles pour la c\u00e9r\u00e9monie comm\u00e9morative de son fr\u00e8re.<\/h2>\n\n\n\n<p>Shahriar Mohammadi, 29 ans, a \u00e9t\u00e9 tu\u00e9 par les forces de s\u00e9curit\u00e9 le 18 novembre 2022, lors des manifestations iraniennes \u00e0 Boukan.<\/p>\n\n\n\n<p>Aucune information n&#8217;est disponible sur le lieu o\u00f9 se trouve Esrin Mohammadi et sur les raisons de son arrestation. Il a \u00e9t\u00e9 rapport\u00e9 que la m\u00e8re d&#8217;Esrin a \u00e9galement \u00e9t\u00e9 brutalis\u00e9e par des agents de l&#8217;Unit\u00e9 Sp\u00e9ciale lors de son arrestation.<\/p>\n\n\n\n<p>Selon Milad Mohammadi, l&#8217;autre fr\u00e8re d&#8217;Esrin Mohammadi, 17 agents du d\u00e9partement des renseignements, dont 2 femmes, l&#8217;ont arr\u00eat\u00e9e \u00e0 l&#8217;int\u00e9rieur d&#8217;une imprimerie \u00e0 Boukan. Les agents portaient des uniformes noirs et avaient le visage couvert.<\/p>\n\n\n<div class=\"wp-block-image\">\n<figure class=\"aligncenter size-large\"><img decoding=\"async\" src=\"data:image\/gif;base64,R0lGODlhAQABAIAAAAAAAP\/\/\/yH5BAEAAAAALAAAAAABAAEAAAIBRAA7\" data-src=\"https:\/\/wncri.org\/fr\/wp-content\/uploads\/2023\/11\/Esrin-Mohammadi-2-min-1024x512.jpg\" alt=\"Esrin Mohammadi est arr\u00eat\u00e9e \u00e0 la veille de l'anniversaire de son fr\u00e8re\" class=\"wp-image-19316 lazyload\"\/><noscript><img decoding=\"async\" width=\"1024\" height=\"512\" src=\"https:\/\/wncri.org\/fr\/wp-content\/uploads\/2023\/11\/Esrin-Mohammadi-2-min-1024x512.jpg\" alt=\"Esrin Mohammadi est arr\u00eat\u00e9e \u00e0 la veille de l'anniversaire de son fr\u00e8re\" class=\"wp-image-19316 lazyload\" srcset=\"https:\/\/wncri.org\/fr\/wp-content\/uploads\/2023\/11\/Esrin-Mohammadi-2-min-1024x512.jpg 1024w, https:\/\/wncri.org\/fr\/wp-content\/uploads\/2023\/11\/Esrin-Mohammadi-2-min-300x150.jpg 300w, https:\/\/wncri.org\/fr\/wp-content\/uploads\/2023\/11\/Esrin-Mohammadi-2-min-768x384.jpg 768w, https:\/\/wncri.org\/fr\/wp-content\/uploads\/2023\/11\/Esrin-Mohammadi-2-min-360x180.jpg 360w, https:\/\/wncri.org\/fr\/wp-content\/uploads\/2023\/11\/Esrin-Mohammadi-2-min-750x375.jpg 750w, https:\/\/wncri.org\/fr\/wp-content\/uploads\/2023\/11\/Esrin-Mohammadi-2-min.jpg 1140w\" sizes=\"(max-width: 1024px) 100vw, 1024px\" \/><\/noscript><figcaption class=\"wp-element-caption\">Une photo de famille : de gauche \u00e0 droite, Milad, Esrin, leur m\u00e8re, et Shahriar, leur fr\u00e8re assassin\u00e9.<\/figcaption><\/figure>\n<\/div>\n\n\n<p>Depuis septembre, les services des renseignements ont exerc\u00e9 une pression consid\u00e9rable sur les familles des manifestants tu\u00e9s pour les emp\u00eacher d&#8217;organiser des c\u00e9r\u00e9monies en m\u00e9moire de leurs proches.<\/p>\n\n\n\n<p>Zahra Saeedianju a <a href=\"https:\/\/wncri.org\/fr\/2023\/11\/14\/zahra-saeedianju-arretee\/\">\u00e9t\u00e9 arr\u00eat\u00e9e le 13 novembre<\/a> lors d&#8217;une descente des forces de s\u00e9curit\u00e9 dans son domicile \u00e0 <a href=\"https:\/\/fr.wikipedia.org\/wiki\/Izeh\" target=\"_blank\" rel=\"noopener\">Izeh<\/a>, dans la province de Khouzestan. Son fr\u00e8re, Milad Saeedianju, 26 ans, a \u00e9t\u00e9 abattu par les forces de s\u00e9curit\u00e9 du r\u00e9gime le 16 novembre 2022, lors de manifestations \u00e0 Izeh.<\/p>\n\n\n\n<p>Mme Fahimeh Moradi, la m\u00e8re de <a href=\"https:\/\/wncri.org\/fr\/2022\/11\/14\/60eme-jour-du-soulevement-en-iran\/\">Yalda Aghafazli<\/a>, a \u00e9crit sur son compte Instagram le 13 novembre que la pierre tombale de sa fille avait \u00e9t\u00e9 endommag\u00e9e. Le p\u00e8re de Yalda, Mehrdad Aghafazli, avait signal\u00e9 la m\u00eame chose il y a plusieurs mois par des individus inconnus et qu&#8217;il avait remplac\u00e9 la pierre tombale. M. Aghafazli a \u00e9t\u00e9 contraint par les services des renseignements d&#8217;annuler la c\u00e9r\u00e9monie de comm\u00e9moration de sa fille. Le tribunal r\u00e9volutionnaire de Gorgan a \u00e9galement condamn\u00e9 Armin Rostami, le fr\u00e8re du Dr <a href=\"https:\/\/wncri.org\/fr\/2023\/09\/09\/ayda-rostami-2\/\">Ayda Rostami<\/a>, \u00e0 payer une amende de 15 millions de tomans s&#8217;il ne voulait pas purger 8 mois de prison.<\/p>\n","protected":false},"excerpt":{"rendered":"<p>Des agents du d\u00e9partement des renseignements de Boukan, au Kurdistan, ont arr\u00eat\u00e9 Esrin Mohammadi le mercredi 15 novembre, \u00e0 l&#8217;int\u00e9rieur d&#8217;un magasin qui imprimait des banderoles pour la c\u00e9r\u00e9monie comm\u00e9morative de son fr\u00e8re. Shahriar Mohammadi, 29 ans, a \u00e9t\u00e9 tu\u00e9 par les forces de s\u00e9curit\u00e9 le 18 novembre 2022, lors des manifestations iraniennes \u00e0 Boukan. [&hellip;]<\/p>\n","protected":false},"author":4,"featured_media":19315,"comment_status":"closed","ping_status":"closed","sticky":false,"template":"","format":"standard","meta":{"jnews-multi-image_gallery":[],"jnews_single_post":{"subtitle":"","format":"standard","video":"","gallery":"","source_name":"","source_url":"","via_name":"","via_url":"","override_template":"0","override":[{"template":"7","single_blog_custom":"","parallax":"1","fullscreen":"1","layout":"right-sidebar","sidebar":"default-sidebar","second_sidebar":"default-sidebar","sticky_sidebar":"1","share_position":"floatbottom","share_float_style":"share-normal","show_share_counter":"1","show_view_counter":"1","show_featured":"1","show_post_meta":"1","show_post_author":"0","show_post_author_image":"1","show_post_date":"1","post_date_format":"default","post_date_format_custom":"Y\/m\/d","show_post_category":"1","show_post_reading_time":"0","post_reading_time_wpm":"300","show_zoom_button":"0","zoom_button_out_step":"2","zoom_button_in_step":"3","show_post_tag":"1","show_prev_next_post":"0","show_popup_post":"1","number_popup_post":"1","show_author_box":"0","show_post_related":"1","show_inline_post_related":"0"}],"override_image_size":"0","image_override":[{"single_post_thumbnail_size":"crop-500","single_post_gallery_size":"crop-500"}],"trending_post":"0","trending_post_position":"meta","trending_post_label":"Trending","sponsored_post":"0","sponsored_post_label":"Sponsored by","sponsored_post_name":"","sponsored_post_url":"","sponsored_post_logo_enable":"0","sponsored_post_logo":"","sponsored_post_desc":"","disable_ad":"0"},"jnews_primary_category":{"id":"","hide":""},"jnews_social_meta":{"fb_title":"","fb_description":"","fb_image":"","twitter_title":"","twitter_description":"","twitter_image":""},"jnews_override_counter":{"override_view_counter":"0","view_counter_number":"0","override_share_counter":"0","share_counter_number":"0","override_like_counter":"0","like_counter_number":"0","override_dislike_counter":"0","dislike_counter_number":"0"},"footnotes":""},"categories":[3],"tags":[370,376],"class_list":["post-19314","post","type-post","status-publish","format-standard","has-post-thumbnail","hentry","category-infos-des-femmes","tag-prisonnieres","tag-violence-contre-les-femmes"],"_links":{"self":[{"href":"https:\/\/wncri.org\/fr\/wp-json\/wp\/v2\/posts\/19314","targetHints":{"allow":["GET"]}}],"collection":[{"href":"https:\/\/wncri.org\/fr\/wp-json\/wp\/v2\/posts"}],"about":[{"href":"https:\/\/wncri.org\/fr\/wp-json\/wp\/v2\/types\/post"}],"author":[{"embeddable":true,"href":"https:\/\/wncri.org\/fr\/wp-json\/wp\/v2\/users\/4"}],"replies":[{"embeddable":true,"href":"https:\/\/wncri.org\/fr\/wp-json\/wp\/v2\/comments?post=19314"}],"version-history":[{"count":1,"href":"https:\/\/wncri.org\/fr\/wp-json\/wp\/v2\/posts\/19314\/revisions"}],"predecessor-version":[{"id":19317,"href":"https:\/\/wncri.org\/fr\/wp-json\/wp\/v2\/posts\/19314\/revisions\/19317"}],"wp:featuredmedia":[{"embeddable":true,"href":"https:\/\/wncri.org\/fr\/wp-json\/wp\/v2\/media\/19315"}],"wp:attachment":[{"href":"https:\/\/wncri.org\/fr\/wp-json\/wp\/v2\/media?parent=19314"}],"wp:term":[{"taxonomy":"category","embeddable":true,"href":"https:\/\/wncri.org\/fr\/wp-json\/wp\/v2\/categories?post=19314"},{"taxonomy":"post_tag","embeddable":true,"href":"https:\/\/wncri.org\/fr\/wp-json\/wp\/v2\/tags?post=19314"}],"curies":[{"name":"wp","href":"https:\/\/api.w.org\/{rel}","templated":true}]}}