{"id":19305,"date":"2023-11-14T23:34:19","date_gmt":"2023-11-14T22:34:19","guid":{"rendered":"https:\/\/wncri.org\/fr\/?p=19305"},"modified":"2023-11-14T23:35:49","modified_gmt":"2023-11-14T22:35:49","slug":"zahra-saeedianju-arretee","status":"publish","type":"post","link":"https:\/\/wncri.org\/fr\/2023\/11\/14\/zahra-saeedianju-arretee\/","title":{"rendered":"Zahra Saeedianju arr\u00eat\u00e9e \u00e0 la veille de l&#8217;anniversaire du meurtre de son fr\u00e8re"},"content":{"rendered":"\n<h2 class=\"wp-block-heading\">Les forces de s\u00e9curit\u00e9 ont arr\u00eat\u00e9 Zahra Saeedianju \u00e0 la veille de l&#8217;anniversaire de l&#8217;assassinat de son fr\u00e8re lors des manifestations de 2022 en Iran.<\/h2>\n\n\n\n<p>Zahra Saeedianju demande justice pour son fr\u00e8re. 3 jours seulement avant l&#8217;anniversaire de sa mort, elle a \u00e9t\u00e9 de nouveau arr\u00eat\u00e9e dans la nuit du lundi 13 novembre 2023, lors d&#8217;une descente des forces de s\u00e9curit\u00e9 dans son domicile d&#8217;<a href=\"https:\/\/fr.wikipedia.org\/wiki\/Izeh\" target=\"_blank\" rel=\"noreferrer noopener\">Izeh<\/a>, dans la province du Khouzestan.<\/p>\n\n\n\n<p>Son fr\u00e8re, Milad Saeedianju, 26 ans, a \u00e9t\u00e9 abattu par les forces de s\u00e9curit\u00e9 du r\u00e9gime le 16 novembre 2022, lors de manifestations \u00e0 Izeh.<\/p>\n\n\n\n<p>En octobre, Zahra Saeedianju a \u00e9t\u00e9 licenci\u00e9e. Plusieurs motocyclistes ont \u00e9galement menac\u00e9 de la tuer. Le 22 octobre 2023, elle a \u00e9crit sur son compte Instagram : &#8220;Je n&#8217;ai aucun probl\u00e8me physique ou mental. Je n&#8217;ai jamais eu de maladie particuli\u00e8re et je n&#8217;ai pas l&#8217;intention de me suicider.&#8221;<\/p>\n\n\n<div class=\"wp-block-image\">\n<figure class=\"aligncenter size-full\"><img decoding=\"async\" src=\"data:image\/gif;base64,R0lGODlhAQABAIAAAAAAAP\/\/\/yH5BAEAAAAALAAAAAABAAEAAAIBRAA7\" data-src=\"https:\/\/wncri.org\/fr\/wp-content\/uploads\/2023\/07\/Zahra-Saeedianju-2-min.jpg\" alt=\"Zahra Saeedianju est arr\u00eat\u00e9e et emprisonn\u00e9e \u00e0 T\u00e9h\u00e9ran\" class=\"wp-image-18648 lazyload\"\/><noscript><img decoding=\"async\" width=\"750\" height=\"375\" src=\"https:\/\/wncri.org\/fr\/wp-content\/uploads\/2023\/07\/Zahra-Saeedianju-2-min.jpg\" alt=\"Zahra Saeedianju est arr\u00eat\u00e9e et emprisonn\u00e9e \u00e0 T\u00e9h\u00e9ran\" class=\"wp-image-18648 lazyload\" srcset=\"https:\/\/wncri.org\/fr\/wp-content\/uploads\/2023\/07\/Zahra-Saeedianju-2-min.jpg 750w, https:\/\/wncri.org\/fr\/wp-content\/uploads\/2023\/07\/Zahra-Saeedianju-2-min-300x150.jpg 300w, https:\/\/wncri.org\/fr\/wp-content\/uploads\/2023\/07\/Zahra-Saeedianju-2-min-360x180.jpg 360w\" sizes=\"(max-width: 750px) 100vw, 750px\" \/><\/noscript><figcaption class=\"wp-element-caption\">Zahra sur la tombe de son fr\u00e8re Milad<\/figcaption><\/figure>\n<\/div>\n\n\n<p>Son post faisait r\u00e9f\u00e9rence aux affirmations des autorit\u00e9s iraniennes sur la mort de manifestants tu\u00e9s par les forces de s\u00e9curit\u00e9.<\/p>\n\n\n\n<p>Zahra Saeedianju avait \u00e9galement \u00e9t\u00e9 <a href=\"https:\/\/wncri.org\/fr\/2023\/07\/10\/zahra-saeedianju\/\" target=\"_blank\" rel=\"noreferrer noopener\">arr\u00eat\u00e9e le 9 juillet<\/a> et incarc\u00e9r\u00e9e \u00e0 la <a href=\"https:\/\/wncri.org\/fr\/2021\/12\/10\/les-conditions-des-femmes-prisons\/\" target=\"_blank\" rel=\"noreferrer noopener\">prison d&#8217;Evin<\/a>. Elle a ensuite \u00e9t\u00e9 transf\u00e9r\u00e9e \u00e0 la <a href=\"https:\/\/wncri.org\/fr\/2021\/12\/10\/les-conditions-des-femmes-prisons\/\" target=\"_blank\" rel=\"noreferrer noopener\">prison Sepidar<\/a> d&#8217;Ahvaz, dans la province du Khouzestan, et lib\u00e9r\u00e9e sous caution le 9 ao\u00fbt 2023.<\/p>\n\n\n\n<p>Depuis septembre, les services des renseignements ont exerc\u00e9 une pression consid\u00e9rable sur les familles des manifestants tu\u00e9s pour les emp\u00eacher d&#8217;organiser des c\u00e9r\u00e9monies en m\u00e9moire de leurs proches.<\/p>\n\n\n\n<p>Mme Fahimeh Moradi, la m\u00e8re de <a href=\"https:\/\/wncri.org\/fr\/2022\/11\/14\/60eme-jour-du-soulevement-en-iran\/\" target=\"_blank\" rel=\"noreferrer noopener\">Yalda Aghafazli<\/a>, a \u00e9crit sur son compte Instagram le 13 novembre que la pierre tombale de sa fille avait \u00e9t\u00e9 endommag\u00e9e. Le p\u00e8re de Yalda, Mehrdad Aghafazli, avait signal\u00e9 la m\u00eame chose il y a plusieurs mois par des individus inconnus et qu&#8217;il avait remplac\u00e9 la pierre tombale. M. Aghafazli a \u00e9t\u00e9 contraint par les services des renseignements d&#8217;annuler la c\u00e9r\u00e9monie de comm\u00e9moration de sa fille.<\/p>\n\n\n\n<p>Le tribunal r\u00e9volutionnaire de Gorgan a \u00e9galement condamn\u00e9 Armin Rostami, le fr\u00e8re du <a href=\"https:\/\/wncri.org\/fr\/2023\/09\/09\/ayda-rostami-2\/\" target=\"_blank\" rel=\"noreferrer noopener\">Dr Ayda Rostami<\/a>, \u00e0 payer une amende de 15 millions de tomans s&#8217;il ne voulait pas purger 8 mois de prison.<\/p>\n","protected":false},"excerpt":{"rendered":"<p>Les forces de s\u00e9curit\u00e9 ont arr\u00eat\u00e9 Zahra Saeedianju \u00e0 la veille de l&#8217;anniversaire de l&#8217;assassinat de son fr\u00e8re lors des manifestations de 2022 en Iran. Zahra Saeedianju demande justice pour son fr\u00e8re. 3 jours seulement avant l&#8217;anniversaire de sa mort, elle a \u00e9t\u00e9 de nouveau arr\u00eat\u00e9e dans la nuit du lundi 13 novembre 2023, lors [&hellip;]<\/p>\n","protected":false},"author":4,"featured_media":18650,"comment_status":"closed","ping_status":"closed","sticky":false,"template":"","format":"standard","meta":{"jnews-multi-image_gallery":[],"jnews_single_post":{"subtitle":"","format":"standard","video":"","gallery":"","source_name":"","source_url":"","via_name":"","via_url":"","override_template":"0","override":[{"template":"7","single_blog_custom":"","parallax":"1","fullscreen":"1","layout":"right-sidebar","sidebar":"default-sidebar","second_sidebar":"default-sidebar","sticky_sidebar":"1","share_position":"floatbottom","share_float_style":"share-normal","show_share_counter":"1","show_view_counter":"1","show_featured":"1","show_post_meta":"1","show_post_author":"0","show_post_author_image":"1","show_post_date":"1","post_date_format":"default","post_date_format_custom":"Y\/m\/d","show_post_category":"1","show_post_reading_time":"0","post_reading_time_wpm":"300","show_zoom_button":"0","zoom_button_out_step":"2","zoom_button_in_step":"3","show_post_tag":"1","show_prev_next_post":"0","show_popup_post":"1","number_popup_post":"1","show_author_box":"0","show_post_related":"1","show_inline_post_related":"0"}],"override_image_size":"0","image_override":[{"single_post_thumbnail_size":"crop-500","single_post_gallery_size":"crop-500"}],"trending_post":"0","trending_post_position":"meta","trending_post_label":"Trending","sponsored_post":"0","sponsored_post_label":"Sponsored by","sponsored_post_name":"","sponsored_post_url":"","sponsored_post_logo_enable":"0","sponsored_post_logo":"","sponsored_post_desc":"","disable_ad":"0"},"jnews_primary_category":{"id":"","hide":""},"jnews_social_meta":{"fb_title":"","fb_description":"","fb_image":"","twitter_title":"","twitter_description":"","twitter_image":""},"jnews_override_counter":{"override_view_counter":"0","view_counter_number":"0","override_share_counter":"0","share_counter_number":"0","override_like_counter":"0","like_counter_number":"0","override_dislike_counter":"0","dislike_counter_number":"0"},"footnotes":""},"categories":[3],"tags":[370,376],"class_list":["post-19305","post","type-post","status-publish","format-standard","has-post-thumbnail","hentry","category-infos-des-femmes","tag-prisonnieres","tag-violence-contre-les-femmes"],"_links":{"self":[{"href":"https:\/\/wncri.org\/fr\/wp-json\/wp\/v2\/posts\/19305","targetHints":{"allow":["GET"]}}],"collection":[{"href":"https:\/\/wncri.org\/fr\/wp-json\/wp\/v2\/posts"}],"about":[{"href":"https:\/\/wncri.org\/fr\/wp-json\/wp\/v2\/types\/post"}],"author":[{"embeddable":true,"href":"https:\/\/wncri.org\/fr\/wp-json\/wp\/v2\/users\/4"}],"replies":[{"embeddable":true,"href":"https:\/\/wncri.org\/fr\/wp-json\/wp\/v2\/comments?post=19305"}],"version-history":[{"count":1,"href":"https:\/\/wncri.org\/fr\/wp-json\/wp\/v2\/posts\/19305\/revisions"}],"predecessor-version":[{"id":19306,"href":"https:\/\/wncri.org\/fr\/wp-json\/wp\/v2\/posts\/19305\/revisions\/19306"}],"wp:featuredmedia":[{"embeddable":true,"href":"https:\/\/wncri.org\/fr\/wp-json\/wp\/v2\/media\/18650"}],"wp:attachment":[{"href":"https:\/\/wncri.org\/fr\/wp-json\/wp\/v2\/media?parent=19305"}],"wp:term":[{"taxonomy":"category","embeddable":true,"href":"https:\/\/wncri.org\/fr\/wp-json\/wp\/v2\/categories?post=19305"},{"taxonomy":"post_tag","embeddable":true,"href":"https:\/\/wncri.org\/fr\/wp-json\/wp\/v2\/tags?post=19305"}],"curies":[{"name":"wp","href":"https:\/\/api.w.org\/{rel}","templated":true}]}}