{"id":19301,"date":"2023-11-13T22:04:00","date_gmt":"2023-11-13T21:04:00","guid":{"rendered":"https:\/\/wncri.org\/fr\/?p=19301"},"modified":"2023-11-14T15:23:53","modified_gmt":"2023-11-14T14:23:53","slug":"mahnaz-tarrah-shaqayeq-moradi","status":"publish","type":"post","link":"https:\/\/wncri.org\/fr\/2023\/11\/13\/mahnaz-tarrah-shaqayeq-moradi\/","title":{"rendered":"Mahnaz Tarrah et Shaqayeq Moradi violemment arr\u00eat\u00e9es \u00e0 T\u00e9h\u00e9ran"},"content":{"rendered":"\n<h2 class=\"wp-block-heading\">Les services de s\u00e9curit\u00e9 et des renseignements ont violemment arr\u00eat\u00e9 Mme Mahnaz Tarrah, le lundi 13 novembre 2023 au matin.<\/h2>\n\n\n\n<p>Mahnaz Tarrah accompagnait son amie chez le m\u00e9decin lorsqu&#8217;elles ont \u00e9t\u00e9 attaqu\u00e9es par les services de s\u00e9curit\u00e9 et des renseignements, brutalis\u00e9es et insult\u00e9es. Mme Tarrah a \u00e9t\u00e9 emmen\u00e9e \u00e0 la troisi\u00e8me section du tribunal d&#8217;Evin, mais aucune information n&#8217;est disponible sur les raisons de son arrestation.<\/p>\n\n\n\n<p>Mahnaz Tarrah a \u00e9t\u00e9 arr\u00eat\u00e9e en janvier 2023 lors des <a href=\"https:\/\/wncri.org\/fr\/2023\/03\/13\/lutte-pour-la-liberte\/\">manifestations en Iran<\/a> et lib\u00e9r\u00e9e en f\u00e9vrier.<\/p>\n\n\n\n<p>Son ami, M. Farzin Rezaii Roshan, un ancien prisonnier politique, a \u00e9t\u00e9 bless\u00e9 lors de l&#8217;attaque et souffre d&#8217;une <a href=\"https:\/\/en.wikipedia.org\/wiki\/Skull_fracture\" target=\"_blank\" rel=\"noopener\">fracture du cr\u00e2ne<\/a> ; ses v\u00eatements sont couverts de sang.<\/p>\n\n\n<div class=\"wp-block-image\">\n<figure class=\"aligncenter size-large\"><img decoding=\"async\" src=\"data:image\/gif;base64,R0lGODlhAQABAIAAAAAAAP\/\/\/yH5BAEAAAAALAAAAAABAAEAAAIBRAA7\" data-src=\"https:\/\/wncri.org\/fr\/wp-content\/uploads\/2023\/11\/Shaqayeq-Moradi-min-1024x512.jpg\" alt=\"Mahnaz Tarrah et Shaqayeq Moradi violemment arr\u00eat\u00e9es \u00e0 T\u00e9h\u00e9ran\" class=\"wp-image-19303 lazyload\"\/><noscript><img decoding=\"async\" width=\"1024\" height=\"512\" src=\"https:\/\/wncri.org\/fr\/wp-content\/uploads\/2023\/11\/Shaqayeq-Moradi-min-1024x512.jpg\" alt=\"Mahnaz Tarrah et Shaqayeq Moradi violemment arr\u00eat\u00e9es \u00e0 T\u00e9h\u00e9ran\" class=\"wp-image-19303 lazyload\" srcset=\"https:\/\/wncri.org\/fr\/wp-content\/uploads\/2023\/11\/Shaqayeq-Moradi-min-1024x512.jpg 1024w, https:\/\/wncri.org\/fr\/wp-content\/uploads\/2023\/11\/Shaqayeq-Moradi-min-300x150.jpg 300w, https:\/\/wncri.org\/fr\/wp-content\/uploads\/2023\/11\/Shaqayeq-Moradi-min-768x384.jpg 768w, https:\/\/wncri.org\/fr\/wp-content\/uploads\/2023\/11\/Shaqayeq-Moradi-min-360x180.jpg 360w, https:\/\/wncri.org\/fr\/wp-content\/uploads\/2023\/11\/Shaqayeq-Moradi-min-750x375.jpg 750w, https:\/\/wncri.org\/fr\/wp-content\/uploads\/2023\/11\/Shaqayeq-Moradi-min.jpg 1140w\" sizes=\"(max-width: 1024px) 100vw, 1024px\" \/><\/noscript><figcaption class=\"wp-element-caption\">Shaqayeq Moradi<\/figcaption><\/figure>\n<\/div>\n\n\n<p>Entre-temps, Shaqayeq Moradi a \u00e9galement \u00e9t\u00e9 arr\u00eat\u00e9e \u00e0 T\u00e9h\u00e9ran apr\u00e8s que les forces de s\u00e9curit\u00e9 ont fait irruption dans son domicile dans la nuit du dimanche 12 novembre. Ils ont saccag\u00e9 son domicile et confisqu\u00e9 certains de ses effets personnels. Au moment de la r\u00e9daction de ce texte, aucune information n&#8217;est disponible sur son lieu de d\u00e9tention et sur les charges qui p\u00e8sent contre elle.<\/p>\n\n\n\n<p>Mme Moradi coop\u00e9rait avec le magazine Bokhara Art and Culture.<\/p>\n","protected":false},"excerpt":{"rendered":"<p>Les services de s\u00e9curit\u00e9 et des renseignements ont violemment arr\u00eat\u00e9 Mme Mahnaz Tarrah, le lundi 13 novembre 2023 au matin. Mahnaz Tarrah accompagnait son amie chez le m\u00e9decin lorsqu&#8217;elles ont \u00e9t\u00e9 attaqu\u00e9es par les services de s\u00e9curit\u00e9 et des renseignements, brutalis\u00e9es et insult\u00e9es. Mme Tarrah a \u00e9t\u00e9 emmen\u00e9e \u00e0 la troisi\u00e8me section du tribunal d&#8217;Evin, [&hellip;]<\/p>\n","protected":false},"author":4,"featured_media":19302,"comment_status":"closed","ping_status":"closed","sticky":false,"template":"","format":"standard","meta":{"jnews-multi-image_gallery":[],"jnews_single_post":{"subtitle":"","format":"standard","video":"","gallery":"","source_name":"","source_url":"","via_name":"","via_url":"","override_template":"0","override":[{"template":"7","single_blog_custom":"","parallax":"1","fullscreen":"1","layout":"right-sidebar","sidebar":"default-sidebar","second_sidebar":"default-sidebar","sticky_sidebar":"1","share_position":"floatbottom","share_float_style":"share-normal","show_share_counter":"1","show_view_counter":"1","show_featured":"1","show_post_meta":"1","show_post_author":"0","show_post_author_image":"1","show_post_date":"1","post_date_format":"default","post_date_format_custom":"Y\/m\/d","show_post_category":"1","show_post_reading_time":"0","post_reading_time_wpm":"300","show_zoom_button":"0","zoom_button_out_step":"2","zoom_button_in_step":"3","show_post_tag":"1","show_prev_next_post":"0","show_popup_post":"1","number_popup_post":"1","show_author_box":"0","show_post_related":"1","show_inline_post_related":"0"}],"override_image_size":"0","image_override":[{"single_post_thumbnail_size":"crop-500","single_post_gallery_size":"crop-500"}],"trending_post":"0","trending_post_position":"meta","trending_post_label":"Trending","sponsored_post":"0","sponsored_post_label":"Sponsored by","sponsored_post_name":"","sponsored_post_url":"","sponsored_post_logo_enable":"0","sponsored_post_logo":"","sponsored_post_desc":"","disable_ad":"0"},"jnews_primary_category":{"id":"","hide":""},"jnews_social_meta":{"fb_title":"","fb_description":"","fb_image":"","twitter_title":"","twitter_description":"","twitter_image":""},"jnews_override_counter":{"override_view_counter":"0","view_counter_number":"0","override_share_counter":"0","share_counter_number":"0","override_like_counter":"0","like_counter_number":"0","override_dislike_counter":"0","dislike_counter_number":"0"},"footnotes":""},"categories":[3],"tags":[370,376],"class_list":["post-19301","post","type-post","status-publish","format-standard","has-post-thumbnail","hentry","category-infos-des-femmes","tag-prisonnieres","tag-violence-contre-les-femmes"],"_links":{"self":[{"href":"https:\/\/wncri.org\/fr\/wp-json\/wp\/v2\/posts\/19301","targetHints":{"allow":["GET"]}}],"collection":[{"href":"https:\/\/wncri.org\/fr\/wp-json\/wp\/v2\/posts"}],"about":[{"href":"https:\/\/wncri.org\/fr\/wp-json\/wp\/v2\/types\/post"}],"author":[{"embeddable":true,"href":"https:\/\/wncri.org\/fr\/wp-json\/wp\/v2\/users\/4"}],"replies":[{"embeddable":true,"href":"https:\/\/wncri.org\/fr\/wp-json\/wp\/v2\/comments?post=19301"}],"version-history":[{"count":1,"href":"https:\/\/wncri.org\/fr\/wp-json\/wp\/v2\/posts\/19301\/revisions"}],"predecessor-version":[{"id":19304,"href":"https:\/\/wncri.org\/fr\/wp-json\/wp\/v2\/posts\/19301\/revisions\/19304"}],"wp:featuredmedia":[{"embeddable":true,"href":"https:\/\/wncri.org\/fr\/wp-json\/wp\/v2\/media\/19302"}],"wp:attachment":[{"href":"https:\/\/wncri.org\/fr\/wp-json\/wp\/v2\/media?parent=19301"}],"wp:term":[{"taxonomy":"category","embeddable":true,"href":"https:\/\/wncri.org\/fr\/wp-json\/wp\/v2\/categories?post=19301"},{"taxonomy":"post_tag","embeddable":true,"href":"https:\/\/wncri.org\/fr\/wp-json\/wp\/v2\/tags?post=19301"}],"curies":[{"name":"wp","href":"https:\/\/api.w.org\/{rel}","templated":true}]}}