{"id":19281,"date":"2023-11-09T22:32:19","date_gmt":"2023-11-09T21:32:19","guid":{"rendered":"https:\/\/wncri.org\/fr\/?p=19281"},"modified":"2023-11-11T22:45:22","modified_gmt":"2023-11-11T21:45:22","slug":"le-comite-des-droits-de-lhomme","status":"publish","type":"post","link":"https:\/\/wncri.org\/fr\/2023\/11\/09\/le-comite-des-droits-de-lhomme\/","title":{"rendered":"Le Comit\u00e9 des droits de l&#8217;homme des Nations Unies publie ses conclusions sur l&#8217;Iran"},"content":{"rendered":"\n<p>Le 3 novembre 2023, le Comit\u00e9 des droits de l&#8217;homme des Nations Unies <a href=\"https:\/\/www.ohchr.org\/en\/press-releases\/2023\/11\/un-human-rights-committee-publishes-findings-iran-kuwait-korea-trinidad-and\" target=\"_blank\" rel=\"noreferrer noopener\">a publi\u00e9 ses conclusions<\/a> sur la R\u00e9publique islamique d&#8217;Iran, le Kowe\u00eft, la R\u00e9publique de Cor\u00e9e, Trinit\u00e9-et-Tobago, les \u00c9tats-Unis d&#8217;Am\u00e9rique et la R\u00e9publique bolivarienne du Venezuela, apr\u00e8s avoir examin\u00e9 les six pays lors de sa derni\u00e8re session. En ce qui concerne les conclusions relatives \u00e0 l&#8217;Iran, la commission a \u00e9crit : &#8220;La commission a \u00e9t\u00e9 troubl\u00e9e par les dispositions l\u00e9gales en vigueur en Iran :<\/p>\n\n\n\n<p>Le Comit\u00e9 a \u00e9t\u00e9 troubl\u00e9 par les dispositions l\u00e9gales qui continuent \u00e0 discriminer les femmes et les filles, en particulier le projet de loi sur le soutien \u00e0 la famille par la promotion de la culture de la <a href=\"https:\/\/wncri.org\/fr\/2023\/09\/21\/loi-repressif-sur-le-hijab\/\" target=\"_blank\" rel=\"noreferrer noopener\">chastet\u00e9 et du hijab<\/a>, qui impose des sanctions s\u00e9v\u00e8res aux femmes et aux filles en cas de violation du code vestimentaire obligatoire, pouvant aller jusqu&#8217;\u00e0 dix ans de prison et \u00e0 la flagellation. Elle est \u00e9galement pr\u00e9occup\u00e9e par le red\u00e9ploiement de la police des m\u0153urs pour surveiller le code vestimentaire en public. Il a exhort\u00e9 l&#8217;\u00c9tat partie \u00e0 r\u00e9former ou \u00e0 abroger les lois et les politiques qui criminalisent le non-respect du port obligatoire du voile, en particulier le &#8220;projet de loi visant \u00e0 soutenir la famille en promouvant la culture de la chastet\u00e9 et du hijab&#8221;. Il a \u00e9galement demand\u00e9 \u00e0 l&#8217;\u00c9tat partie de dissoudre la police des m\u0153urs.<\/p>\n\n\n\n<p>Le Comit\u00e9 a tir\u00e9 la sonnette d&#8217;alarme sur le <a href=\"https:\/\/wncri.org\/fr\/2023\/09\/07\/executions-de-femmes\/\" target=\"_blank\" rel=\"noreferrer noopener\">nombre tr\u00e8s \u00e9lev\u00e9<\/a> d&#8217;ex\u00e9cutions dans l&#8217;\u00c9tat partie, y compris pour des infractions passibles de la peine de mort mais qui ne sont pas consid\u00e9r\u00e9es comme &#8220;les plus graves&#8221;, telles que les infractions li\u00e9es \u00e0 la drogue et les infractions contre l&#8217;\u00c9tat et la religion. Il s&#8217;est \u00e9galement interrog\u00e9 sur le recours disproportionn\u00e9 \u00e0 la peine de mort \u00e0 l&#8217;encontre de membres de minorit\u00e9s et sur l&#8217;ex\u00e9cution de mineurs. Le Comit\u00e9 a demand\u00e9 \u00e0 la R\u00e9publique islamique d&#8217;Iran de veiller \u00e0 ce que la peine de mort ne soit prononc\u00e9e que pour les crimes les plus graves, impliquant un homicide volontaire, et d&#8217;envisager d\u00fbment l&#8217;instauration d&#8217;un moratoire sur la peine de mort. Il a soulign\u00e9 qu&#8217;aucune personne \u00e2g\u00e9e de moins de 18 ans au moment de la commission d&#8217;une infraction ne devrait \u00eatre soumise \u00e0 la peine de mort, quelles que soient les circonstances.<\/p>\n","protected":false},"excerpt":{"rendered":"<p>Le 3 novembre 2023, le Comit\u00e9 des droits de l&#8217;homme des Nations Unies a publi\u00e9 ses conclusions sur la R\u00e9publique islamique d&#8217;Iran, le Kowe\u00eft, la R\u00e9publique de Cor\u00e9e, Trinit\u00e9-et-Tobago, les \u00c9tats-Unis d&#8217;Am\u00e9rique et la R\u00e9publique bolivarienne du Venezuela, apr\u00e8s avoir examin\u00e9 les six pays lors de sa derni\u00e8re session. En ce qui concerne les conclusions [&hellip;]<\/p>\n","protected":false},"author":4,"featured_media":18075,"comment_status":"closed","ping_status":"closed","sticky":false,"template":"","format":"standard","meta":{"jnews-multi-image_gallery":[],"jnews_single_post":{"subtitle":"","format":"standard","video":"","gallery":"","source_name":"","source_url":"","via_name":"","via_url":"","override_template":"0","override":[{"template":"7","single_blog_custom":"","parallax":"1","fullscreen":"1","layout":"right-sidebar","sidebar":"default-sidebar","second_sidebar":"default-sidebar","sticky_sidebar":"1","share_position":"floatbottom","share_float_style":"share-normal","show_share_counter":"1","show_view_counter":"1","show_featured":"1","show_post_meta":"1","show_post_author":"0","show_post_author_image":"1","show_post_date":"1","post_date_format":"default","post_date_format_custom":"Y\/m\/d","show_post_category":"1","show_post_reading_time":"0","post_reading_time_wpm":"300","show_zoom_button":"0","zoom_button_out_step":"2","zoom_button_in_step":"3","show_post_tag":"1","show_prev_next_post":"0","show_popup_post":"1","number_popup_post":"1","show_author_box":"0","show_post_related":"1","show_inline_post_related":"0"}],"override_image_size":"0","image_override":[{"single_post_thumbnail_size":"crop-500","single_post_gallery_size":"crop-500"}],"trending_post":"0","trending_post_position":"meta","trending_post_label":"Trending","sponsored_post":"0","sponsored_post_label":"Sponsored by","sponsored_post_name":"","sponsored_post_url":"","sponsored_post_logo_enable":"0","sponsored_post_logo":"","sponsored_post_desc":"","disable_ad":"0"},"jnews_primary_category":{"id":"","hide":""},"jnews_social_meta":{"fb_title":"","fb_description":"","fb_image":"","twitter_title":"","twitter_description":"","twitter_image":""},"jnews_override_counter":{"override_view_counter":"0","view_counter_number":"0","override_share_counter":"0","share_counter_number":"0","override_like_counter":"0","like_counter_number":"0","override_dislike_counter":"0","dislike_counter_number":"0"},"footnotes":""},"categories":[3],"tags":[376,375],"class_list":["post-19281","post","type-post","status-publish","format-standard","has-post-thumbnail","hentry","category-infos-des-femmes","tag-violence-contre-les-femmes","tag-voile-obligatoire"],"_links":{"self":[{"href":"https:\/\/wncri.org\/fr\/wp-json\/wp\/v2\/posts\/19281","targetHints":{"allow":["GET"]}}],"collection":[{"href":"https:\/\/wncri.org\/fr\/wp-json\/wp\/v2\/posts"}],"about":[{"href":"https:\/\/wncri.org\/fr\/wp-json\/wp\/v2\/types\/post"}],"author":[{"embeddable":true,"href":"https:\/\/wncri.org\/fr\/wp-json\/wp\/v2\/users\/4"}],"replies":[{"embeddable":true,"href":"https:\/\/wncri.org\/fr\/wp-json\/wp\/v2\/comments?post=19281"}],"version-history":[{"count":1,"href":"https:\/\/wncri.org\/fr\/wp-json\/wp\/v2\/posts\/19281\/revisions"}],"predecessor-version":[{"id":19282,"href":"https:\/\/wncri.org\/fr\/wp-json\/wp\/v2\/posts\/19281\/revisions\/19282"}],"wp:featuredmedia":[{"embeddable":true,"href":"https:\/\/wncri.org\/fr\/wp-json\/wp\/v2\/media\/18075"}],"wp:attachment":[{"href":"https:\/\/wncri.org\/fr\/wp-json\/wp\/v2\/media?parent=19281"}],"wp:term":[{"taxonomy":"category","embeddable":true,"href":"https:\/\/wncri.org\/fr\/wp-json\/wp\/v2\/categories?post=19281"},{"taxonomy":"post_tag","embeddable":true,"href":"https:\/\/wncri.org\/fr\/wp-json\/wp\/v2\/tags?post=19281"}],"curies":[{"name":"wp","href":"https:\/\/api.w.org\/{rel}","templated":true}]}}