{"id":19253,"date":"2023-11-02T20:56:48","date_gmt":"2023-11-02T19:56:48","guid":{"rendered":"https:\/\/wncri.org\/fr\/?p=19253"},"modified":"2023-11-02T20:57:44","modified_gmt":"2023-11-02T19:57:44","slug":"maryam-forough-manesh","status":"publish","type":"post","link":"https:\/\/wncri.org\/fr\/2023\/11\/02\/maryam-forough-manesh\/","title":{"rendered":"Maryam Forough-Manesh pendue \u00e0 la prison de Yasouj ; 18 femmes ex\u00e9cut\u00e9es en 2023 jusqu&#8217;\u00e0 pr\u00e9sent"},"content":{"rendered":"\n<h2 class=\"wp-block-heading\">Une autre victime, Maryam Forough-Manesh, a \u00e9t\u00e9 pendue \u00e0 la prison centrale de Yasouj \u00e0 l&#8217;aube du mercredi 1er novembre 2023.<\/h2>\n\n\n\n<p>La nouvelle de cette ex\u00e9cution n&#8217;a pas \u00e9t\u00e9 publi\u00e9e par les m\u00e9dias et la presse d&#8217;\u00c9tat iraniens au moment de la r\u00e9daction de ce texte.<\/p>\n\n\n\n<p>Maryam Forough-Manesh \u00e9tait originaire de Dehdacht, dans la <a href=\"https:\/\/fr.wikipedia.org\/wiki\/Kohguilouyeh-et-Bouyer-Ahmad\" target=\"_blank\" rel=\"noreferrer noopener\">province de Kohgilouyeh et Boyer Ahmad<\/a>, dans le sud-ouest de l&#8217;Iran. Elle avait \u00e9t\u00e9 reconnue coupable de meurtre et condamn\u00e9e \u00e0 mort. Le nombre d&#8217;ann\u00e9es d&#8217;incarc\u00e9ration n&#8217;est pas encore connu.<\/p>\n\n\n\n<p>Selon les donn\u00e9es compil\u00e9es par la commission des femmes du CNRI, il s&#8217;agit de la 221e femme ex\u00e9cut\u00e9e en Iran depuis 2007, et de la 18e femme ex\u00e9cut\u00e9e en 2023, \u00e0 ce jour.<\/p>\n\n\n\n<h3 class=\"wp-block-heading\"><strong>Jusqu&#8217;\u00e0 pr\u00e9sent, Ebrahim Ra\u00efssi a ex\u00e9cut\u00e9 6 femmes de plus chaque ann\u00e9e<\/strong><\/h3>\n\n\n\n<p>Le nombre d&#8217;ex\u00e9cutions en Iran a consid\u00e9rablement augment\u00e9 depuis plus de 2 ans, lorsque Ebrahim Ra\u00efssi a pris ses fonctions de pr\u00e9sident des mollahs en ao\u00fbt 2021.<\/p>\n\n\n\n<p>D&#8217;apr\u00e8s les <a href=\"https:\/\/wncri.org\/fr\/2023\/09\/07\/executions-de-femmes\/\" target=\"_blank\" rel=\"noreferrer noopener\">donn\u00e9es compil\u00e9es par la commission des femmes du CNRI<\/a>, 118 femmes ont \u00e9t\u00e9 ex\u00e9cut\u00e9es en Iran entre ao\u00fbt 2013 et ao\u00fbt 2021, lorsque Hassan Rouhani \u00e9tait au pouvoir. Cela repr\u00e9sente une moyenne de 15 femmes ex\u00e9cut\u00e9es par an.<\/p>\n\n\n\n<p>Cependant, sous Ebrahim Ra\u00efssi, 42 femmes ont \u00e9t\u00e9 ex\u00e9cut\u00e9es d&#8217;ao\u00fbt 2021 \u00e0 ao\u00fbt 2023. Cela fait une moyenne de 21 femmes par an, soit six femmes de plus ex\u00e9cut\u00e9es chaque ann\u00e9e par rapport \u00e0 l&#8217;ancien pr\u00e9sident du r\u00e9gime.<\/p>\n\n\n<div class=\"wp-block-image\">\n<figure class=\"aligncenter size-large\"><img decoding=\"async\" src=\"data:image\/gif;base64,R0lGODlhAQABAIAAAAAAAP\/\/\/yH5BAEAAAAALAAAAAABAAEAAAIBRAA7\" data-src=\"https:\/\/wncri.org\/fr\/wp-content\/uploads\/2023\/10\/Execution-of-six-more-women-FR-min-1024x512.jpg\" alt=\"Le r\u00e8gne d'Ebrahim Ra\u00efssi : Le nombre d'ex\u00e9cutions en Iran monte en fl\u00e8che\" class=\"wp-image-19135 lazyload\"\/><noscript><img decoding=\"async\" width=\"1024\" height=\"512\" src=\"https:\/\/wncri.org\/fr\/wp-content\/uploads\/2023\/10\/Execution-of-six-more-women-FR-min-1024x512.jpg\" alt=\"Le r\u00e8gne d'Ebrahim Ra\u00efssi : Le nombre d'ex\u00e9cutions en Iran monte en fl\u00e8che\" class=\"wp-image-19135 lazyload\" srcset=\"https:\/\/wncri.org\/fr\/wp-content\/uploads\/2023\/10\/Execution-of-six-more-women-FR-min-1024x512.jpg 1024w, https:\/\/wncri.org\/fr\/wp-content\/uploads\/2023\/10\/Execution-of-six-more-women-FR-min-300x150.jpg 300w, https:\/\/wncri.org\/fr\/wp-content\/uploads\/2023\/10\/Execution-of-six-more-women-FR-min-768x384.jpg 768w, https:\/\/wncri.org\/fr\/wp-content\/uploads\/2023\/10\/Execution-of-six-more-women-FR-min-360x180.jpg 360w, https:\/\/wncri.org\/fr\/wp-content\/uploads\/2023\/10\/Execution-of-six-more-women-FR-min-750x375.jpg 750w, https:\/\/wncri.org\/fr\/wp-content\/uploads\/2023\/10\/Execution-of-six-more-women-FR-min.jpg 1140w\" sizes=\"(max-width: 1024px) 100vw, 1024px\" \/><\/noscript><\/figure>\n<\/div>\n\n\n<h3 class=\"wp-block-heading\"><strong>Le record mondial des ex\u00e9cutions de femmes<\/strong><\/h3>\n\n\n\n<p>Le r\u00e9gime iranien est le premier d\u00e9tenteur du record mondial d&#8217;ex\u00e9cutions de femmes.<\/p>\n\n\n\n<p>La commission des femmes du Conseil national de la r\u00e9sistance iranienne a compil\u00e9 les noms de ces femmes dans une liste intitul\u00e9e &#8220;<a href=\"https:\/\/wncri.org\/fr\/2023\/09\/07\/executions-de-femmes\/\" target=\"_blank\" rel=\"noreferrer noopener\">Liste des femmes ex\u00e9cut\u00e9es en Iran depuis 2007<\/a>&#8220;.<\/p>\n\n\n\n<p>Aucun gouvernement au monde n&#8217;a ex\u00e9cut\u00e9 autant de femmes. Cette liste ne tient pas compte des dizaines de milliers de femmes ex\u00e9cut\u00e9es en Iran pour des motifs politiques.<\/p>\n\n\n\n<p>Le r\u00e9gime iranien est le premier d\u00e9tenteur du record mondial d&#8217;ex\u00e9cutions de femmes.<\/p>\n\n\n\n<p>La commission des femmes du CNRI a d\u00e9j\u00e0 indiqu\u00e9 que de nombreuses femmes ex\u00e9cut\u00e9es par le r\u00e9gime des mollahs \u00e9taient victimes de <a href=\"https:\/\/wncri.org\/fr\/2020\/11\/23\/la-violence-faite-aux-femmes-en-iran-parrainee-et-institutionnalisee-par-letat\/\">violences dom<\/a><a href=\"https:\/\/wncri.org\/fr\/2020\/11\/23\/la-violence-faite-aux-femmes-en-iran-parrainee-et-institutionnalisee-par-letat\/\" target=\"_blank\" rel=\"noreferrer noopener\">e<\/a><a href=\"https:\/\/wncri.org\/fr\/2020\/11\/23\/la-violence-faite-aux-femmes-en-iran-parrainee-et-institutionnalisee-par-letat\/\">stiques \u00e0 l&#8217;encontre des femmes<\/a> et avaient agi en \u00e9tat de l\u00e9gitime d\u00e9fense.<\/p>\n","protected":false},"excerpt":{"rendered":"<p>Une autre victime, Maryam Forough-Manesh, a \u00e9t\u00e9 pendue \u00e0 la prison centrale de Yasouj \u00e0 l&#8217;aube du mercredi 1er novembre 2023. La nouvelle de cette ex\u00e9cution n&#8217;a pas \u00e9t\u00e9 publi\u00e9e par les m\u00e9dias et la presse d&#8217;\u00c9tat iraniens au moment de la r\u00e9daction de ce texte. Maryam Forough-Manesh \u00e9tait originaire de Dehdacht, dans la province [&hellip;]<\/p>\n","protected":false},"author":4,"featured_media":19254,"comment_status":"closed","ping_status":"closed","sticky":false,"template":"","format":"standard","meta":{"jnews-multi-image_gallery":[],"jnews_single_post":{"subtitle":"","format":"standard","video":"","gallery":"","source_name":"","source_url":"","via_name":"","via_url":"","override_template":"0","override":[{"template":"7","single_blog_custom":"","parallax":"1","fullscreen":"1","layout":"right-sidebar","sidebar":"default-sidebar","second_sidebar":"default-sidebar","sticky_sidebar":"1","share_position":"floatbottom","share_float_style":"share-normal","show_share_counter":"1","show_view_counter":"1","show_featured":"1","show_post_meta":"1","show_post_author":"0","show_post_author_image":"1","show_post_date":"1","post_date_format":"default","post_date_format_custom":"Y\/m\/d","show_post_category":"1","show_post_reading_time":"0","post_reading_time_wpm":"300","show_zoom_button":"0","zoom_button_out_step":"2","zoom_button_in_step":"3","show_post_tag":"1","show_prev_next_post":"0","show_popup_post":"1","number_popup_post":"1","show_author_box":"0","show_post_related":"1","show_inline_post_related":"0"}],"override_image_size":"0","image_override":[{"single_post_thumbnail_size":"crop-500","single_post_gallery_size":"crop-500"}],"trending_post":"0","trending_post_position":"meta","trending_post_label":"Trending","sponsored_post":"0","sponsored_post_label":"Sponsored by","sponsored_post_name":"","sponsored_post_url":"","sponsored_post_logo_enable":"0","sponsored_post_logo":"","sponsored_post_desc":"","disable_ad":"0"},"jnews_primary_category":{"id":"","hide":""},"jnews_social_meta":{"fb_title":"","fb_description":"","fb_image":"","twitter_title":"","twitter_description":"","twitter_image":""},"jnews_override_counter":{"override_view_counter":"0","view_counter_number":"0","override_share_counter":"0","share_counter_number":"0","override_like_counter":"0","like_counter_number":"0","override_dislike_counter":"0","dislike_counter_number":"0"},"footnotes":""},"categories":[3],"tags":[367,376],"class_list":["post-19253","post","type-post","status-publish","format-standard","has-post-thumbnail","hentry","category-infos-des-femmes","tag-execution","tag-violence-contre-les-femmes"],"_links":{"self":[{"href":"https:\/\/wncri.org\/fr\/wp-json\/wp\/v2\/posts\/19253","targetHints":{"allow":["GET"]}}],"collection":[{"href":"https:\/\/wncri.org\/fr\/wp-json\/wp\/v2\/posts"}],"about":[{"href":"https:\/\/wncri.org\/fr\/wp-json\/wp\/v2\/types\/post"}],"author":[{"embeddable":true,"href":"https:\/\/wncri.org\/fr\/wp-json\/wp\/v2\/users\/4"}],"replies":[{"embeddable":true,"href":"https:\/\/wncri.org\/fr\/wp-json\/wp\/v2\/comments?post=19253"}],"version-history":[{"count":1,"href":"https:\/\/wncri.org\/fr\/wp-json\/wp\/v2\/posts\/19253\/revisions"}],"predecessor-version":[{"id":19255,"href":"https:\/\/wncri.org\/fr\/wp-json\/wp\/v2\/posts\/19253\/revisions\/19255"}],"wp:featuredmedia":[{"embeddable":true,"href":"https:\/\/wncri.org\/fr\/wp-json\/wp\/v2\/media\/19254"}],"wp:attachment":[{"href":"https:\/\/wncri.org\/fr\/wp-json\/wp\/v2\/media?parent=19253"}],"wp:term":[{"taxonomy":"category","embeddable":true,"href":"https:\/\/wncri.org\/fr\/wp-json\/wp\/v2\/categories?post=19253"},{"taxonomy":"post_tag","embeddable":true,"href":"https:\/\/wncri.org\/fr\/wp-json\/wp\/v2\/tags?post=19253"}],"curies":[{"name":"wp","href":"https:\/\/api.w.org\/{rel}","templated":true}]}}