{"id":19240,"date":"2023-11-01T20:35:54","date_gmt":"2023-11-01T19:35:54","guid":{"rendered":"https:\/\/wncri.org\/fr\/?p=19240"},"modified":"2023-11-02T20:58:29","modified_gmt":"2023-11-02T19:58:29","slug":"eprouvante-darmita-geravand","status":"publish","type":"post","link":"https:\/\/wncri.org\/fr\/2023\/11\/01\/eprouvante-darmita-geravand\/","title":{"rendered":"Rapport de octobre 2023 : L&#8217;\u00e9preuve \u00e9prouvante d&#8217;Armita Geravand"},"content":{"rendered":"\n<h2 class=\"wp-block-heading\"><strong>L&#8217;\u00e9preuve \u00e9prouvante d&#8217;Armita Geravand a marqu\u00e9 le d\u00e9but et la fin du mois d&#8217;octobre<\/strong><\/h2>\n\n\n\n<div data-wp-interactive=\"core\/file\" class=\"wp-block-file\"><object data-wp-bind--hidden=\"!state.hasPdfPreview\" hidden class=\"wp-block-file__embed\" data=\"https:\/\/wncri.org\/fr\/wp-content\/uploads\/2023\/11\/Monthly-October-2023_FR.pdf\" type=\"application\/pdf\" style=\"width:100%;height:600px\" aria-label=\"Embed of Monthly-October-2023_FR.\"><\/object><a id=\"wp-block-file--media-8a95bb80-9853-4325-ad2c-d4bbb266640f\" href=\"https:\/\/wncri.org\/fr\/wp-content\/uploads\/2023\/11\/Monthly-October-2023_FR.pdf\">Monthly-October-2023_FR<\/a><a href=\"https:\/\/wncri.org\/fr\/wp-content\/uploads\/2023\/11\/Monthly-October-2023_FR.pdf\" class=\"wp-block-file__button wp-element-button\" download aria-describedby=\"wp-block-file--media-8a95bb80-9853-4325-ad2c-d4bbb266640f\">Download<\/a><\/div>\n\n\n\n<p><\/p>\n\n\n\n<p>Le mois d&#8217;octobre en Iran a commenc\u00e9 par l&#8217;agression brutale d&#8217;Armita Geravand par une patrouille en hijab et s&#8217;est termin\u00e9 par l&#8217;annonce malheureuse de sa mort et par les pressions \u00e9normes que les services des renseignements et de la s\u00e9curit\u00e9 ont exerc\u00e9es sur sa famille pour emp\u00eacher tout mouvement incontr\u00f4l\u00e9 lors de son enterrement et de la c\u00e9r\u00e9monie des fun\u00e9railles.<\/p>\n\n\n\n<p>Le monde entier a condamn\u00e9 ce meurtre et a demand\u00e9 une enqu\u00eate ind\u00e9pendante sur cette affaire.<\/p>\n\n\n\n<p>Cependant, la perte tragique d&#8217;Armita Geravand, une jeune femme innocente et au talent immense, est un vide qui ne pourra jamais \u00eatre combl\u00e9. Elle a pay\u00e9 le prix ultime en r\u00e9sistant aux mandats oppressifs impos\u00e9s par le r\u00e9gime cl\u00e9rical \u00e0 la population iranienne, en particulier le voile obligatoire impos\u00e9 aux femmes et aux jeunes filles.<\/p>\n\n\n\n<p>D\u00e8s le d\u00e9but, les services des renseignements iraniens ont pris le contr\u00f4le de l&#8217;affaire. Ils ont assi\u00e9g\u00e9 l&#8217;h\u00f4pital, restreint \u00e9troitement l&#8217;acc\u00e8s \u00e0 la victime et \u00e0 sa famille, et ont finalement annonc\u00e9 son d\u00e9c\u00e8s par le biais d&#8217;un texte uniforme publi\u00e9 dans tous les m\u00e9dias d&#8217;\u00c9tat et dans la presse.<\/p>\n\n\n\n<p>Le parlement du r\u00e9gime cl\u00e9rical a adopt\u00e9 \u00e0 la h\u00e2te le projet de loi sur le hijab et la chastet\u00e9, juste \u00e0 temps pour l&#8217;anniversaire du soul\u00e8vement de 2022 en Iran. Avant m\u00eame l&#8217;adoption officielle du projet de loi, les forces de s\u00e9curit\u00e9 de l&#8217;\u00c9tat et d&#8217;autres organismes comp\u00e9tents avaient d\u00e9j\u00e0 impos\u00e9 des restrictions strictes et des sanctions s\u00e9v\u00e8res aux femmes et aux entreprises qui osaient d\u00e9fier l&#8217;obligation de se voiler impos\u00e9e par le r\u00e9gime.<\/p>\n\n\n\n<p>Cette approche inflexible a eu des cons\u00e9quences tragiques : Armita Geravand a \u00e9t\u00e9 gri\u00e8vement bless\u00e9e et finalement tu\u00e9e par les patrouilles du r\u00e9gime charg\u00e9es du port du hijab.<\/p>\n\n\n\n<p>C&#8217;est pourquoi, dans ce num\u00e9ro du bulletin mensuel de la Commission des femmes du CNRI, nous souhaitons faire la lumi\u00e8re sur le cas d&#8217;Armita Geravand, la victime la plus r\u00e9cente du r\u00e9gime cl\u00e9rical qui cherche sans rel\u00e2che \u00e0 r\u00e9tablir son autorit\u00e9 perdue.<\/p>\n\n\n<div class=\"wp-block-image\">\n<figure class=\"aligncenter size-large\"><img decoding=\"async\" src=\"data:image\/gif;base64,R0lGODlhAQABAIAAAAAAAP\/\/\/yH5BAEAAAAALAAAAAABAAEAAAIBRAA7\" data-src=\"https:\/\/wncri.org\/fr\/wp-content\/uploads\/2023\/10\/Armita-Geravand-paintings-min-1024x512.jpg\" alt=\"Armita Geravand est enterr\u00e9e en pr\u00e9sence de strictes mesures de s\u00e9curit\u00e9\" class=\"wp-image-19231 lazyload\"\/><noscript><img decoding=\"async\" width=\"1024\" height=\"512\" src=\"https:\/\/wncri.org\/fr\/wp-content\/uploads\/2023\/10\/Armita-Geravand-paintings-min-1024x512.jpg\" alt=\"Armita Geravand est enterr\u00e9e en pr\u00e9sence de strictes mesures de s\u00e9curit\u00e9\" class=\"wp-image-19231 lazyload\" srcset=\"https:\/\/wncri.org\/fr\/wp-content\/uploads\/2023\/10\/Armita-Geravand-paintings-min-1024x512.jpg 1024w, https:\/\/wncri.org\/fr\/wp-content\/uploads\/2023\/10\/Armita-Geravand-paintings-min-300x150.jpg 300w, https:\/\/wncri.org\/fr\/wp-content\/uploads\/2023\/10\/Armita-Geravand-paintings-min-768x384.jpg 768w, https:\/\/wncri.org\/fr\/wp-content\/uploads\/2023\/10\/Armita-Geravand-paintings-min-360x180.jpg 360w, https:\/\/wncri.org\/fr\/wp-content\/uploads\/2023\/10\/Armita-Geravand-paintings-min-750x375.jpg 750w, https:\/\/wncri.org\/fr\/wp-content\/uploads\/2023\/10\/Armita-Geravand-paintings-min.jpg 1140w\" sizes=\"(max-width: 1024px) 100vw, 1024px\" \/><\/noscript><figcaption class=\"wp-element-caption\">Les peintures d&#8217;Armita : A gauche, un autoportrait, et \u00e0 droite, ses peintures sur les murs de l&#8217;\u00e9cole.<\/figcaption><\/figure>\n<\/div>\n\n\n<h3 class=\"wp-block-heading has-text-color\" style=\"color:#af2121\"><strong>Qui \u00e9tait Armita Geravand et que lui est-il arriv\u00e9 ?<\/strong><\/h3>\n\n\n\n<p>Armita Geravand est n\u00e9e le 2 avril 2006 dans la ville de Kermanchah, dans l&#8217;ouest de l&#8217;Iran. Elle vivait et allait \u00e0 l&#8217;\u00e9cole \u00e0 T\u00e9h\u00e9ran.<\/p>\n\n\n\n<p>Armita jouissait d&#8217;une excellente sant\u00e9 physique et mentale. Athl\u00e8te talentueuse, elle a obtenu une ceinture noire de troisi\u00e8me degr\u00e9 en taekwondo et \u00e9tait membre d&#8217;une \u00e9quipe d&#8217;arts martiaux \u00e0 T\u00e9h\u00e9ran. Elle \u00e9tait \u00e9galement une peintre passionn\u00e9e.<\/p>\n\n\n\n<p>Armita Geravand a \u00e9t\u00e9 agress\u00e9e par une <a href=\"https:\/\/wncri.org\/fr\/2023\/10\/03\/armita-geravand\/\" target=\"_blank\" rel=\"noreferrer noopener\">patrouille en hijab<\/a> dans une station de m\u00e9tro de T\u00e9h\u00e9ran le dimanche 1er octobre. L&#8217;agression a \u00e9t\u00e9 si grave qu&#8217;elle a subi un traumatisme cr\u00e2nien et est tomb\u00e9e dans le coma.<\/p>\n\n\n\n<p>Ses amis ont racont\u00e9 la sc\u00e8ne horrifiante, d\u00e9crivant comment sa t\u00eate saignait. L&#8217;un des passagers, apparemment une infirmi\u00e8re ou un m\u00e9decin, a pratiqu\u00e9 un massage cardiaque dans la station de m\u00e9tro avant qu&#8217;Armita ne soit rapidement transport\u00e9e en ambulance \u00e0 l&#8217;h\u00f4pital Fajr de T\u00e9h\u00e9ran, associ\u00e9 \u00e0 l&#8217;universit\u00e9 des sciences m\u00e9dicales de l&#8217;arm\u00e9e.<\/p>\n\n\n\n<p>Selon une source non v\u00e9rifi\u00e9e du 3 octobre, une source de l&#8217;h\u00f4pital Fajr a d\u00e9clar\u00e9 que le niveau de conscience d&#8217;Armita \u00e9tait de 3, que ses pupilles ne r\u00e9agissaient pas \u00e0 la lumi\u00e8re et qu&#8217;elle \u00e9tait proche de la mort c\u00e9r\u00e9brale. Elle avait subi une h\u00e9morragie c\u00e9r\u00e9brale \u00e0 la suite d&#8217;un coup \u00e0 la t\u00eate, et ses chances de survie \u00e9taient malheureusement faibles.<\/p>\n\n\n\n<p>Selon cette source, une section a \u00e9t\u00e9 compl\u00e8tement \u00e9vacu\u00e9e et plac\u00e9e sous la protection totale des forces de s\u00e9curit\u00e9.<\/p>\n\n\n<div class=\"wp-block-image\">\n<figure class=\"aligncenter size-large\"><img decoding=\"async\" src=\"data:image\/gif;base64,R0lGODlhAQABAIAAAAAAAP\/\/\/yH5BAEAAAAALAAAAAABAAEAAAIBRAA7\" data-src=\"https:\/\/wncri.org\/fr\/wp-content\/uploads\/2023\/10\/Armita-Geravand-in-the-ICU-min-1024x576.jpg\" alt=\"La m\u00e8re d'Armita Geravand a \u00e9t\u00e9 arr\u00eat\u00e9e\" class=\"wp-image-19111 lazyload\"\/><noscript><img decoding=\"async\" width=\"1024\" height=\"576\" src=\"https:\/\/wncri.org\/fr\/wp-content\/uploads\/2023\/10\/Armita-Geravand-in-the-ICU-min-1024x576.jpg\" alt=\"La m\u00e8re d'Armita Geravand a \u00e9t\u00e9 arr\u00eat\u00e9e\" class=\"wp-image-19111 lazyload\" srcset=\"https:\/\/wncri.org\/fr\/wp-content\/uploads\/2023\/10\/Armita-Geravand-in-the-ICU-min-1024x576.jpg 1024w, https:\/\/wncri.org\/fr\/wp-content\/uploads\/2023\/10\/Armita-Geravand-in-the-ICU-min-300x169.jpg 300w, https:\/\/wncri.org\/fr\/wp-content\/uploads\/2023\/10\/Armita-Geravand-in-the-ICU-min-768x432.jpg 768w, https:\/\/wncri.org\/fr\/wp-content\/uploads\/2023\/10\/Armita-Geravand-in-the-ICU-min-750x422.jpg 750w, https:\/\/wncri.org\/fr\/wp-content\/uploads\/2023\/10\/Armita-Geravand-in-the-ICU-min-1140x641.jpg 1140w, https:\/\/wncri.org\/fr\/wp-content\/uploads\/2023\/10\/Armita-Geravand-in-the-ICU-min.jpg 1200w\" sizes=\"(max-width: 1024px) 100vw, 1024px\" \/><\/noscript><\/figure>\n<\/div>\n\n\n<h3 class=\"wp-block-heading has-text-color\" style=\"color:#af2121\"><strong>Des mesures de s\u00e9curit\u00e9 strictes mises en place pour contr\u00f4ler la situation<\/strong><\/h3>\n\n\n\n<p>L&#8217;h\u00f4pital Fajr \u00e9tait d\u00e9j\u00e0 encercl\u00e9 par des agents des services des renseignements, des forces de s\u00e9curit\u00e9 et des agents en civil.<\/p>\n\n\n\n<p>Personne n&#8217;a \u00e9t\u00e9 autoris\u00e9 \u00e0 voir Armita Geravand, pas m\u00eame ses parents. Les t\u00e9l\u00e9phones portables de tous les membres de la famille d&#8217;Armita ont \u00e9t\u00e9 confisqu\u00e9s par les forces de s\u00e9curit\u00e9 qui craignaient la fuite de toute image enregistr\u00e9e.<\/p>\n\n\n\n<p>Maryam Lotfi, une journaliste du Sharq Daily, qui s&#8217;est rendue \u00e0 l&#8217;h\u00f4pital Fajr \u00e0 midi le lundi 2 octobre 2023 pour pr\u00e9parer un article sur la situation d&#8217;Armita Geravand, a \u00e9t\u00e9 arr\u00eat\u00e9e. Elle a \u00e9t\u00e9 rel\u00e2ch\u00e9e quelques heures plus tard. (Rouydad24.ir, 2 octobre 2023)<\/p>\n\n\n\n<p>Ses amis qui l&#8217;ont emmen\u00e9e \u00e0 l&#8217;h\u00f4pital ont pass\u00e9 trois jours en d\u00e9tention.<\/p>\n\n\n\n<p>Par ailleurs, les forces de s\u00e9curit\u00e9 du minist\u00e8re de l&#8217;\u00e9ducation (Herasat) et une \u00e9quipe des services de s\u00e9curit\u00e9 se sont rendues \u00e0 l&#8217;\u00e9cole d&#8217;art d&#8217;Orvat ol-Vosgha, o\u00f9 \u00e9tudiait Armita Geravand. Ils auraient menac\u00e9 tous les \u00e9tudiants et les amis d&#8217;Armita de s&#8217;abstenir de publier ou de partager des informations ou des photos d&#8217;elle, et de parler aux m\u00e9dias.<\/p>\n\n\n\n<p>Tous les proches d&#8217;Armita \u00e0 Kouhdacht, au Lorestan, ont fait l&#8217;objet d&#8217;une surveillance et de pressions de la part des services de s\u00e9curit\u00e9.<\/p>\n\n\n\n<p>Toutes ces mesures de s\u00e9curit\u00e9 visaient \u00e0 emp\u00eacher l&#8217;acc\u00e8s \u00e0 une jeune fille qui, selon le r\u00e9gime, s&#8217;\u00e9tait effondr\u00e9e \u00e0 la suite d&#8217;une chute soudaine de sa tension art\u00e9rielle.<\/p>\n\n\n\n<p>Le r\u00e9cit du public est cependant totalement diff\u00e9rent de celui du r\u00e9gime cl\u00e9rical.<\/p>\n\n\n\n<h3 class=\"wp-block-heading has-text-color\" style=\"color:#af2121\"><strong>Diffusion d&#8217;interviews mises en sc\u00e8ne et d&#8217;images trafiqu\u00e9es<\/strong><\/h3>\n\n\n\n<p>Le 3 octobre, 2 jours apr\u00e8s l&#8217;incident, les parents d&#8217;Armita ont \u00e9t\u00e9 interview\u00e9s par IRNA TV, associ\u00e9e \u00e0 l&#8217;agence de presse officielle iranienne, l&#8217;IRNA.<\/p>\n\n\n\n<p>L&#8217;entretien avec Bahman Geravand et Shahin Ahmadi s&#8217;est d\u00e9roul\u00e9 \u00e0 l&#8217;h\u00f4pital, en pr\u00e9sence d&#8217;un grand nombre de responsables de la s\u00e9curit\u00e9.<\/p>\n\n\n\n<p>Au cours de cette <a href=\"https:\/\/twitter.com\/IRNA_1313\/status\/1709117072167305418?s=20\" target=\"_blank\" rel=\"noreferrer noopener\">br\u00e8ve interview<\/a>, sa m\u00e8re a d\u00e9clar\u00e9 qu&#8217;on lui avait dit que la pression art\u00e9rielle d&#8217;Armita avait chut\u00e9 et que sa t\u00eate avait heurt\u00e9 le bord du m\u00e9tro (wagon). &#8220;Le matin, elle allait \u00e0 l&#8217;\u00e9cole. Elle devait retrouver ses amis \u00e0 la station de m\u00e9tro Shohada. Quand elles y sont all\u00e9es&#8230; Je pense que la pression de ma fille&#8230; Je pense que sa pression art\u00e9rielle a chut\u00e9, je ne sais pas&#8230; Je pense&#8230; Eh bien, ils ont dit que sa pression (art\u00e9rielle) avait chut\u00e9. D&#8217;ACCORD ? &#8230; Sa pression a chut\u00e9 ou&#8230; Quoi qu&#8217;il en soit, elle est tomb\u00e9e et sa t\u00eate a heurt\u00e9 le bord du m\u00e9tro&#8221;. (IRNA24 TV, 3 octobre 2023)<\/p>\n\n\n\n<p>L&#8217;entretien a r\u00e9v\u00e9l\u00e9 que les parents d&#8217;Armita n&#8217;\u00e9taient pas certains de ce qui lui \u00e9tait arriv\u00e9.<\/p>\n\n\n<div class=\"wp-block-image\">\n<figure class=\"aligncenter size-large\"><img decoding=\"async\" src=\"data:image\/gif;base64,R0lGODlhAQABAIAAAAAAAP\/\/\/yH5BAEAAAAALAAAAAABAAEAAAIBRAA7\" data-src=\"https:\/\/wncri.org\/fr\/wp-content\/uploads\/2023\/10\/Armita-Geravand-3-min-1024x576.jpg\" alt=\"mort c\u00e9r\u00e9brale Armita Geravand, 16 ans, a-t-elle subi le sort de Zhina Mahsa Amini ?\" class=\"wp-image-19105 lazyload\"\/><noscript><img decoding=\"async\" width=\"1024\" height=\"576\" src=\"https:\/\/wncri.org\/fr\/wp-content\/uploads\/2023\/10\/Armita-Geravand-3-min-1024x576.jpg\" alt=\"mort c\u00e9r\u00e9brale Armita Geravand, 16 ans, a-t-elle subi le sort de Zhina Mahsa Amini ?\" class=\"wp-image-19105 lazyload\" srcset=\"https:\/\/wncri.org\/fr\/wp-content\/uploads\/2023\/10\/Armita-Geravand-3-min-1024x576.jpg 1024w, https:\/\/wncri.org\/fr\/wp-content\/uploads\/2023\/10\/Armita-Geravand-3-min-300x169.jpg 300w, https:\/\/wncri.org\/fr\/wp-content\/uploads\/2023\/10\/Armita-Geravand-3-min-768x432.jpg 768w, https:\/\/wncri.org\/fr\/wp-content\/uploads\/2023\/10\/Armita-Geravand-3-min-750x422.jpg 750w, https:\/\/wncri.org\/fr\/wp-content\/uploads\/2023\/10\/Armita-Geravand-3-min-1140x641.jpg 1140w, https:\/\/wncri.org\/fr\/wp-content\/uploads\/2023\/10\/Armita-Geravand-3-min.jpg 1200w\" sizes=\"(max-width: 1024px) 100vw, 1024px\" \/><\/noscript><figcaption class=\"wp-element-caption\">Les parents d&#8217;Armita<\/figcaption><\/figure>\n<\/div>\n\n\n<p>Une femme inconnue, identifi\u00e9e comme &#8220;une parente&#8221;, a accompagn\u00e9 les parents d&#8217;Armita pendant l&#8217;entretien. Elle a &#8220;compl\u00e9t\u00e9&#8221; leurs d\u00e9clarations en ajoutant que l&#8217;attaque de la patrouille d&#8217;orientation contre la jeune femme \u00e9tait une rumeur diffus\u00e9e par les ennemis de l&#8217;\u00c9tat.<\/p>\n\n\n\n<p>Les utilisateurs des m\u00e9dias sociaux ont ensuite identifi\u00e9 la femme comme \u00e9tant Kowsar Jowhari, une enseignante de Chahriar et un membre du bassidj paramilitaire de la ville. Elle n&#8217;avait aucun lien avec la famille Geravand.<\/p>\n\n\n<div class=\"wp-block-image\">\n<figure class=\"aligncenter size-large\"><img decoding=\"async\" src=\"data:image\/gif;base64,R0lGODlhAQABAIAAAAAAAP\/\/\/yH5BAEAAAAALAAAAAABAAEAAAIBRAA7\" data-src=\"https:\/\/wncri.org\/fr\/wp-content\/uploads\/2023\/10\/Kowsar-Jowhari-Armita-Geravand-min-1024x512.jpg\" alt=\"Armita Geravand 16 ans\" class=\"wp-image-19126 lazyload\"\/><noscript><img decoding=\"async\" width=\"1024\" height=\"512\" src=\"https:\/\/wncri.org\/fr\/wp-content\/uploads\/2023\/10\/Kowsar-Jowhari-Armita-Geravand-min-1024x512.jpg\" alt=\"Armita Geravand 16 ans\" class=\"wp-image-19126 lazyload\" srcset=\"https:\/\/wncri.org\/fr\/wp-content\/uploads\/2023\/10\/Kowsar-Jowhari-Armita-Geravand-min-1024x512.jpg 1024w, https:\/\/wncri.org\/fr\/wp-content\/uploads\/2023\/10\/Kowsar-Jowhari-Armita-Geravand-min-300x150.jpg 300w, https:\/\/wncri.org\/fr\/wp-content\/uploads\/2023\/10\/Kowsar-Jowhari-Armita-Geravand-min-768x384.jpg 768w, https:\/\/wncri.org\/fr\/wp-content\/uploads\/2023\/10\/Kowsar-Jowhari-Armita-Geravand-min-360x180.jpg 360w, https:\/\/wncri.org\/fr\/wp-content\/uploads\/2023\/10\/Kowsar-Jowhari-Armita-Geravand-min-750x375.jpg 750w, https:\/\/wncri.org\/fr\/wp-content\/uploads\/2023\/10\/Kowsar-Jowhari-Armita-Geravand-min.jpg 1140w\" sizes=\"(max-width: 1024px) 100vw, 1024px\" \/><\/noscript><figcaption class=\"wp-element-caption\">Kowsar Jowhari, agent du bassidj qui s&#8217;est fait passer pour un membre de la famille<\/figcaption><\/figure>\n<\/div>\n\n\n<p>Un journal \u00e9lectronique, FARAZ, a interview\u00e9 le p\u00e8re d&#8217;Armita, qui a d\u00e9clar\u00e9 qu&#8217;il \u00e9tait au travail et qu&#8217;il n&#8217;avait aucune information sur sa fille, qui \u00e9tait dans le coma. Le commentaire du p\u00e8re a suscit\u00e9 beaucoup d&#8217;interrogations ! Le r\u00e9dacteur en chef du journal a ensuite ni\u00e9 avoir publi\u00e9 l&#8217;interview.<\/p>\n\n\n\n<p>Entre-temps, les amies d&#8217;Armita, Mahla et Fatemeh, ont \u00e9t\u00e9 <a href=\"https:\/\/twitter.com\/Tasnimnews_Fa\/status\/1709658376471298064\" target=\"_blank\" rel=\"noreferrer noopener\">interview\u00e9es<\/a> par l&#8217;IRNA. Dans des commentaires sans \u00e9motion, elles ont r\u00e9p\u00e9t\u00e9 le r\u00e9cit du r\u00e9gime sur ce qui s&#8217;est pass\u00e9 ce matin-l\u00e0, alors qu&#8217;elles se rendaient \u00e0 l&#8217;\u00e9cole.<\/p>\n\n\n\n<p>Le r\u00e9gime cl\u00e9rical a diffus\u00e9 et mont\u00e9 des images montrant l&#8217;entr\u00e9e d&#8217;Armita Geravand et de ses amis dans le wagon du m\u00e9tro, suivie brusquement d&#8217;une sc\u00e8ne o\u00f9 ses amis l&#8217;emmenaient dehors.<\/p>\n\n\n\n<p>Par la suite, les autorit\u00e9s ont diffus\u00e9 une <a href=\"https:\/\/twitter.com\/masoudkazemi81\/status\/1709672510189400205\" target=\"_blank\" rel=\"noreferrer noopener\">version plus longue et manifestement &#8220;\u00e9dit\u00e9e&#8221;<\/a> des images de vid\u00e9osurveillance afin de prouver qu&#8217;aucune confrontation n&#8217;avait eu lieu dans la station de m\u00e9tro.<\/p>\n\n\n\n<p>Alors que des cam\u00e9ras de vid\u00e9osurveillance sont install\u00e9es dans tous les wagons de m\u00e9tro, aucune image n&#8217;a \u00e9t\u00e9 diffus\u00e9e de l&#8217;int\u00e9rieur du wagon, o\u00f9 Armita Geravand s&#8217;est &#8220;\u00e9vanouie&#8221;.<\/p>\n\n\n\n<h3 class=\"wp-block-heading has-text-color\" style=\"color:#af2121\"><strong>La m\u00e8re d&#8217;Armita est arr\u00eat\u00e9e, des t\u00e9moins divulguent des informations<\/strong><\/h3>\n\n\n\n<p>Les services de s\u00e9curit\u00e9 du r\u00e9gime cl\u00e9rical ont violemment arr\u00eat\u00e9 Shahin Ahmadi, la m\u00e8re d&#8217;Armita Geravand, dans la soir\u00e9e du mercredi 4 octobre 2023, \u00e0 l&#8217;h\u00f4pital Fajr, selon les m\u00e9dias sociaux et les groupes de d\u00e9fense des droits de l&#8217;homme.<\/p>\n\n\n\n<p>Elle a \u00e9t\u00e9 lib\u00e9r\u00e9e et renvoy\u00e9e \u00e0 l&#8217;h\u00f4pital Fajr le jeudi 5 octobre au soir, apr\u00e8s 24 heures de d\u00e9tention, et apr\u00e8s s&#8217;\u00eatre engag\u00e9e par \u00e9crit \u00e0 ne donner aucune information.<\/p>\n\n\n\n<p>L&#8217;agence de presse gouvernementale Tasnim a ni\u00e9 l&#8217;arrestation.<\/p>\n\n\n\n<p>Le 5 octobre, <a href=\"https:\/\/www.theguardian.com\/world\/2023\/oct\/05\/armita-geravand-iran-cctv\" target=\"_blank\" rel=\"noreferrer noopener\">The Guardian<\/a> a publi\u00e9 des t\u00e9moignages oculaires indiquant qu&#8217;il y avait eu une altercation, qui a conduit \u00e0 l&#8217;h\u00e9morragie c\u00e9r\u00e9brale et \u00e0 la perte de conscience d&#8217;Armita. Extraits :<\/p>\n\n\n\n<p>Un t\u00e9moin a affirm\u00e9 que peu apr\u00e8s qu&#8217;Armita soit entr\u00e9e dans le wagon, une femme portant le hijab a commenc\u00e9 \u00e0 se disputer avec elle parce qu&#8217;elle ne portait pas de foulard. &#8220;La femme v\u00eatue d&#8217;un tchador lui a cri\u00e9 dessus en lui demandant pourquoi elle n&#8217;\u00e9tait pas couverte. Armita lui a alors dit : &#8216;Est-ce que je vous demande d&#8217;enlever votre foulard ? Pourquoi me demandez-vous d&#8217;en porter un ? Leur dispute est alors devenue violente. La personne charg\u00e9e de faire respecter le hijab a commenc\u00e9 \u00e0 s&#8217;en prendre physiquement \u00e0 Armita et l&#8217;a violemment pouss\u00e9e&#8221;.<\/p>\n\n\n\n<p>Un autre t\u00e9moin a d\u00e9clar\u00e9 qu&#8217;Armita \u00e9tait encore consciente lorsqu&#8217;elle est tomb\u00e9e sur le sol. Des t\u00e9moins ont affirm\u00e9 avoir aper\u00e7u le m\u00eame homme de main portant un hijab qui attendait derri\u00e8re l&#8217;ambulance qui a transport\u00e9 Armita \u00e0 l&#8217;h\u00f4pital.<\/p>\n\n\n\n<p>La presse d&#8217;\u00c9tat n&#8217;a pas diffus\u00e9 d&#8217;images de l&#8217;int\u00e9rieur du train et n&#8217;a pas expliqu\u00e9 pourquoi elles n&#8217;avaient pas \u00e9t\u00e9 diffus\u00e9es. La plupart des wagons du m\u00e9tro de T\u00e9h\u00e9ran sont \u00e9quip\u00e9s de plusieurs cam\u00e9ras de t\u00e9l\u00e9vision en circuit ferm\u00e9, visibles par le personnel de s\u00e9curit\u00e9. Des personnalit\u00e9s de l&#8217;opposition affirment qu&#8217;il manque au moins 100 secondes sur l&#8217;horloge de la s\u00e9quence. [Fin des extraits du Guardian]<\/p>\n\n\n\n<h3 class=\"wp-block-heading has-text-color\" style=\"color:#af2121\"><strong>Informations sur le d\u00e9clin des signes vitaux<\/strong><\/h3>\n\n\n\n<p>Un site web officiel affili\u00e9 au minist\u00e8re des sports et de la jeunesse du r\u00e9gime cl\u00e9rical a annonc\u00e9 le mercredi 11 octobre 2023 que les signes vitaux relativement stables d&#8217;Armita Geravand avaient chang\u00e9 au cours des derniers jours et que son \u00e9tat s&#8217;\u00e9tait quelque peu d\u00e9t\u00e9rior\u00e9.<\/p>\n\n\n\n<p>La d\u00e9p\u00eache de l&#8217;agence de presse gouvernementale BORNA, retir\u00e9e apr\u00e8s sa publication, indique que les efforts de l&#8217;\u00e9quipe m\u00e9dicale pour aider Armita Geravand \u00e0 se r\u00e9tablir se poursuivent.<\/p>\n\n\n\n<p>Malgr\u00e9 le retrait de la d\u00e9p\u00eache, certains m\u00e9dias d&#8217;\u00c9tat, dont khabaronline.ir et hamshahrionline.ir, ont publi\u00e9 l&#8217;information en citant BORNA news.<\/p>\n\n\n\n<p>Selon les m\u00e9dias sociaux, l&#8217;\u00e9quipe m\u00e9dicale qui s&#8217;est occup\u00e9e d&#8217;Armita Geravand a d\u00e9clar\u00e9 aux responsables de la s\u00e9curit\u00e9 bas\u00e9s \u00e0 l&#8217;h\u00f4pital Fajr que, puisqu&#8217;elle n&#8217;avait plus de r\u00e9actions ni de signes vitaux, elle \u00e9tait tr\u00e8s certainement en \u00e9tat de mort c\u00e9r\u00e9brale.<\/p>\n\n\n<div class=\"wp-block-image\">\n<figure class=\"aligncenter size-large is-resized\"><img decoding=\"async\" src=\"data:image\/gif;base64,R0lGODlhAQABAIAAAAAAAP\/\/\/yH5BAEAAAAALAAAAAABAAEAAAIBRAA7\" data-src=\"https:\/\/wncri.org\/fr\/wp-content\/uploads\/2023\/10\/Khabaronline-hamshahrionline-min-1024x512.jpg\" alt=\"Les signes vitaux d'Armita Geravand diminuent, des rapports de mort c\u00e9r\u00e9brale apparaissent\" class=\"wp-image-19145 lazyload\" style=\"aspect-ratio:2;width:926px;height:auto\"\/><noscript><img decoding=\"async\" width=\"1024\" height=\"512\" src=\"https:\/\/wncri.org\/fr\/wp-content\/uploads\/2023\/10\/Khabaronline-hamshahrionline-min-1024x512.jpg\" alt=\"Les signes vitaux d'Armita Geravand diminuent, des rapports de mort c\u00e9r\u00e9brale apparaissent\" class=\"wp-image-19145 lazyload\" style=\"aspect-ratio:2;width:926px;height:auto\" srcset=\"https:\/\/wncri.org\/fr\/wp-content\/uploads\/2023\/10\/Khabaronline-hamshahrionline-min-1024x512.jpg 1024w, https:\/\/wncri.org\/fr\/wp-content\/uploads\/2023\/10\/Khabaronline-hamshahrionline-min-300x150.jpg 300w, https:\/\/wncri.org\/fr\/wp-content\/uploads\/2023\/10\/Khabaronline-hamshahrionline-min-768x384.jpg 768w, https:\/\/wncri.org\/fr\/wp-content\/uploads\/2023\/10\/Khabaronline-hamshahrionline-min-360x180.jpg 360w, https:\/\/wncri.org\/fr\/wp-content\/uploads\/2023\/10\/Khabaronline-hamshahrionline-min-750x375.jpg 750w, https:\/\/wncri.org\/fr\/wp-content\/uploads\/2023\/10\/Khabaronline-hamshahrionline-min.jpg 1140w\" sizes=\"(max-width: 1024px) 100vw, 1024px\" \/><\/noscript><figcaption class=\"wp-element-caption\">Rapport\u00e9 par Hamshahrionline.ir et khabraonline.ir le 11 octobre 2023<\/figcaption><\/figure>\n<\/div>\n\n\n<p>Ils ont d\u00e9clar\u00e9 que le maintien de sa connexion aux dispositifs m\u00e9dicaux n&#8217;\u00e9tait plus justifi\u00e9 et que sa famille devait \u00eatre inform\u00e9e de sa mort c\u00e9r\u00e9brale, c&#8217;est-\u00e0-dire de son d\u00e9c\u00e8s.&nbsp;<\/p>\n\n\n\n<p>En r\u00e9action \u00e0 cette nouvelle, Mme Sarvnaz Chitsaz, pr\u00e9sidente de la commission des femmes du CNRI, a d\u00e9clar\u00e9 : &#8220;Le r\u00e9cit des sites Internet d&#8217;\u00c9tat sur la d\u00e9t\u00e9rioration de l&#8217;\u00e9tat d&#8217;Armita Geravand pourrait \u00eatre une pr\u00e9paration \u00e0 l&#8217;annonce de sa mort. Il est toutefois surprenant que le r\u00e9gime n&#8217;ait pas donn\u00e9 officiellement d&#8217;informations sp\u00e9cifiques sur l&#8217;\u00e9tat de sant\u00e9 d&#8217;Armita, 16 ans, avant le mercredi 11 octobre au soir, alors qu&#8217;il avait d\u00e9clar\u00e9 qu&#8217;elle \u00e9tait dans le coma une semaine auparavant.<\/p>\n\n\n\n<p>&#8220;Compte tenu de l&#8217;exp\u00e9rience de Zhina (Mahsa) Amini, le r\u00e9gime a manifestement un sc\u00e9nario pr\u00e9cis pour dissimuler la v\u00e9rit\u00e9 au sujet d&#8217;Armita.<\/p>\n\n\n<div class=\"wp-block-image\">\n<figure class=\"aligncenter size-large is-resized\"><img decoding=\"async\" src=\"data:image\/gif;base64,R0lGODlhAQABAIAAAAAAAP\/\/\/yH5BAEAAAAALAAAAAABAAEAAAIBRAA7\" data-src=\"https:\/\/wncri.org\/fr\/wp-content\/uploads\/2023\/10\/Vital-signs-of-Armita-Geravand-3-min-1024x512.jpg\" alt=\"Les signes vitaux d'Armita Geravand diminuent, des rapports de mort c\u00e9r\u00e9brale apparaissent\" class=\"wp-image-19152 lazyload\" style=\"aspect-ratio:2;width:946px;height:auto\"\/><noscript><img decoding=\"async\" width=\"1024\" height=\"512\" src=\"https:\/\/wncri.org\/fr\/wp-content\/uploads\/2023\/10\/Vital-signs-of-Armita-Geravand-3-min-1024x512.jpg\" alt=\"Les signes vitaux d'Armita Geravand diminuent, des rapports de mort c\u00e9r\u00e9brale apparaissent\" class=\"wp-image-19152 lazyload\" style=\"aspect-ratio:2;width:946px;height:auto\" srcset=\"https:\/\/wncri.org\/fr\/wp-content\/uploads\/2023\/10\/Vital-signs-of-Armita-Geravand-3-min-1024x512.jpg 1024w, https:\/\/wncri.org\/fr\/wp-content\/uploads\/2023\/10\/Vital-signs-of-Armita-Geravand-3-min-300x150.jpg 300w, https:\/\/wncri.org\/fr\/wp-content\/uploads\/2023\/10\/Vital-signs-of-Armita-Geravand-3-min-768x384.jpg 768w, https:\/\/wncri.org\/fr\/wp-content\/uploads\/2023\/10\/Vital-signs-of-Armita-Geravand-3-min-360x180.jpg 360w, https:\/\/wncri.org\/fr\/wp-content\/uploads\/2023\/10\/Vital-signs-of-Armita-Geravand-3-min-750x375.jpg 750w, https:\/\/wncri.org\/fr\/wp-content\/uploads\/2023\/10\/Vital-signs-of-Armita-Geravand-3-min.jpg 1140w\" sizes=\"(max-width: 1024px) 100vw, 1024px\" \/><\/noscript><\/figure>\n<\/div>\n\n\n<h3 class=\"wp-block-heading has-text-color\" style=\"color:#af2121\"><strong>Informations contradictoires sur la mort c\u00e9r\u00e9brale d&#8217;Armita<\/strong><\/h3>\n\n\n\n<p>Les m\u00e9dias d&#8217;\u00c9tat iraniens, notamment l&#8217;agence de presse gouvernementale Tasnim, le Islamic Republic of Iran News Network (IRINN) et l&#8217;agence de presse Borna, ont annonc\u00e9 le dimanche 22 octobre 2023 qu&#8217;il \u00e9tait certain qu&#8217;Armita Geravand \u00e9tait en \u00e9tat de &#8220;mort c\u00e9r\u00e9brale&#8221;.<\/p>\n\n\n\n<p>L&#8217;IRINN a rapport\u00e9 que &#8220;le suivi de l&#8217;\u00e9tat de sant\u00e9 d&#8217;Armita Geravand indique que son \u00e9tat de mort c\u00e9r\u00e9brale semble certain malgr\u00e9 les efforts du personnel m\u00e9dical&#8221;.<\/p>\n\n\n\n<p>Ces informations ont \u00e9t\u00e9 suivies d\u2019informations contradictoires \u00e9manant d&#8217;autres sources.<\/p>\n\n\n\n<p>Le groupe Hengaw, bas\u00e9 en Norv\u00e8ge, qui a \u00e9t\u00e9 le premier \u00e0 parler d&#8217;Armita Geravand, a cit\u00e9 une interview de son p\u00e8re, Bahman Geravand, qui a d\u00e9clar\u00e9 : &#8220;L&#8217;\u00e9quipe m\u00e9dicale d&#8217;Armita nous a inform\u00e9s que son cerveau ne fonctionnait plus et qu&#8217;il n&#8217;y avait aucun espoir de gu\u00e9rison&#8221;.<\/p>\n\n\n\n<p>Cependant, Radio Farda, la branche persane de Radio Free Europe\/Radio Liberty (RFE\/RL), financ\u00e9e par les \u00c9tats-Unis, a cit\u00e9 deux membres de la famille d&#8217;Armita le m\u00eame jour, le 22 octobre, qui ont ni\u00e9 qu&#8217;elle \u00e9tait &#8220;en \u00e9tat de mort c\u00e9r\u00e9brale&#8221;. Ils ont toutefois ajout\u00e9 que &#8220;rien ne pouvait \u00eatre fait pour elle \u00e0 ce stade&#8221; et que &#8220;tout est entre les mains de Dieu&#8221;.<\/p>\n\n\n\n<p>Les deux membres de la famille ont exprim\u00e9 &#8220;l&#8217;espoir qu&#8217;elle revienne&#8221;. Ils ont d\u00e9clar\u00e9 que l&#8217;\u00e9quipe m\u00e9dicale leur avait assur\u00e9 &#8220;que si Armita \u00e9tait en \u00e9tat de mort c\u00e9r\u00e9brale, ils ne se seraient pas occup\u00e9s d&#8217;elle jusqu&#8217;\u00e0 aujourd&#8217;hui&#8221;.<\/p>\n\n\n\n<p>D&#8217;autres sources non v\u00e9rifi\u00e9es affirment que les appareils ont \u00e9t\u00e9 d\u00e9branch\u00e9s le dimanche 22 octobre \u00e0 <a href=\"https:\/\/twitter.com\/iranhrs99\/status\/1716555793284079635\" target=\"_blank\" rel=\"noreferrer noopener\">19 heures<\/a> et qu&#8217;elle a \u00e9t\u00e9 transf\u00e9r\u00e9e \u00e0 la morgue. On a dit \u00e0 sa famille de se pr\u00e9parer \u00e0 son enterrement.<\/p>\n\n\n<div class=\"wp-block-image\">\n<figure class=\"aligncenter size-large\"><img decoding=\"async\" src=\"data:image\/gif;base64,R0lGODlhAQABAIAAAAAAAP\/\/\/yH5BAEAAAAALAAAAAABAAEAAAIBRAA7\" data-src=\"https:\/\/wncri.org\/fr\/wp-content\/uploads\/2023\/10\/Death-of-Armita-Geravand-the-beloved-daughter-of-Iran-min-1024x512.jpg\" alt=\"la mort d'Armita Geravand\" class=\"wp-image-19225 lazyload\"\/><noscript><img decoding=\"async\" width=\"1024\" height=\"512\" src=\"https:\/\/wncri.org\/fr\/wp-content\/uploads\/2023\/10\/Death-of-Armita-Geravand-the-beloved-daughter-of-Iran-min-1024x512.jpg\" alt=\"la mort d'Armita Geravand\" class=\"wp-image-19225 lazyload\" srcset=\"https:\/\/wncri.org\/fr\/wp-content\/uploads\/2023\/10\/Death-of-Armita-Geravand-the-beloved-daughter-of-Iran-min-1024x512.jpg 1024w, https:\/\/wncri.org\/fr\/wp-content\/uploads\/2023\/10\/Death-of-Armita-Geravand-the-beloved-daughter-of-Iran-min-300x150.jpg 300w, https:\/\/wncri.org\/fr\/wp-content\/uploads\/2023\/10\/Death-of-Armita-Geravand-the-beloved-daughter-of-Iran-min-768x384.jpg 768w, https:\/\/wncri.org\/fr\/wp-content\/uploads\/2023\/10\/Death-of-Armita-Geravand-the-beloved-daughter-of-Iran-min-360x180.jpg 360w, https:\/\/wncri.org\/fr\/wp-content\/uploads\/2023\/10\/Death-of-Armita-Geravand-the-beloved-daughter-of-Iran-min-750x375.jpg 750w, https:\/\/wncri.org\/fr\/wp-content\/uploads\/2023\/10\/Death-of-Armita-Geravand-the-beloved-daughter-of-Iran-min.jpg 1140w\" sizes=\"(max-width: 1024px) 100vw, 1024px\" \/><\/noscript><figcaption class=\"wp-element-caption\">Armita Geravand\n<\/figcaption><\/figure>\n<\/div>\n\n\n<h3 class=\"wp-block-heading has-text-color\" style=\"color:#af2121\"><strong>Annonce officielle de la mort d&#8217;Armita<\/strong><\/h3>\n\n\n\n<p>Apr\u00e8s 28 jours de tergiversations et de communications contradictoires, le r\u00e9gime criminel iranien a finalement annonc\u00e9 la mort de la fille bien-aim\u00e9e de l&#8217;Iran, Armita Geravand.<\/p>\n\n\n\n<p>\u00c0 9 h 57, le samedi 28 octobre 2023, l&#8217;agence de presse officielle du r\u00e9gime cl\u00e9rical, l&#8217;IRNA, a annonc\u00e9 : &#8220;<a href=\"https:\/\/wncri.org\/fr\/2023\/10\/25\/armita-geravand-mort-cerebrale\/\" target=\"_blank\" rel=\"noreferrer noopener\">Armita Geravand<\/a>, une \u00e9tudiante de Tehrani, est d\u00e9c\u00e9d\u00e9e&#8221;.<\/p>\n\n\n\n<p>Les autres m\u00e9dias d&#8217;\u00c9tat ont publi\u00e9 le m\u00eame clich\u00e9 dict\u00e9.<\/p>\n\n\n\n<p>Selon la version officielle, Armita Geravand s&#8217;est \u00e9vanouie \u00e0 la suite d&#8217;une chute soudaine de sa tension art\u00e9rielle alors qu&#8217;elle entrait dans un wagon de m\u00e9tro avec ses amis. Sa t\u00eate a heurt\u00e9 &#8220;le bord ext\u00e9rieur de la station&#8221; et elle a \u00e9t\u00e9 bless\u00e9e. Sa t\u00eate a \u00e9t\u00e9 frapp\u00e9e si violemment qu&#8217;elle a d&#8217;abord subi un arr\u00eat cardiaque, mais elle est revenue \u00e0 elle avec l&#8217;aide de plusieurs citoyens qui l&#8217;ont aid\u00e9e \u00e0 se r\u00e9animer.&nbsp;&nbsp;<\/p>\n\n\n\n<p>&#8220;Malheureusement, les l\u00e9sions c\u00e9r\u00e9brales l&#8217;ont plong\u00e9e dans le coma pendant un certain temps et elle est d\u00e9c\u00e9d\u00e9e il y a quelques minutes.<\/p>\n\n\n\n<p>&#8220;Selon l&#8217;avis officiel des m\u00e9decins, ajoute l&#8217;IRNA, Armita Geravand s&#8217;est effondr\u00e9e apr\u00e8s une chute soudaine de sa tension art\u00e9rielle, a subi une l\u00e9sion c\u00e9r\u00e9brale, suivie de convulsions continues, d&#8217;une diminution de l&#8217;oxyg\u00e9nation c\u00e9r\u00e9brale et d&#8217;un \u0153d\u00e8me c\u00e9r\u00e9bral.<\/p>\n\n\n<div class=\"wp-block-image\">\n<figure class=\"aligncenter size-large\"><img decoding=\"async\" src=\"data:image\/gif;base64,R0lGODlhAQABAIAAAAAAAP\/\/\/yH5BAEAAAAALAAAAAABAAEAAAIBRAA7\" data-src=\"https:\/\/wncri.org\/fr\/wp-content\/uploads\/2023\/10\/Burial-ceremony-of-Armita-Geravand-min-1024x512.jpg\" alt=\"Armita Geravand est enterr\u00e9e en pr\u00e9sence de strictes mesures de s\u00e9curit\u00e9\" class=\"wp-image-19233 lazyload\"\/><noscript><img decoding=\"async\" width=\"1024\" height=\"512\" src=\"https:\/\/wncri.org\/fr\/wp-content\/uploads\/2023\/10\/Burial-ceremony-of-Armita-Geravand-min-1024x512.jpg\" alt=\"Armita Geravand est enterr\u00e9e en pr\u00e9sence de strictes mesures de s\u00e9curit\u00e9\" class=\"wp-image-19233 lazyload\" srcset=\"https:\/\/wncri.org\/fr\/wp-content\/uploads\/2023\/10\/Burial-ceremony-of-Armita-Geravand-min-1024x512.jpg 1024w, https:\/\/wncri.org\/fr\/wp-content\/uploads\/2023\/10\/Burial-ceremony-of-Armita-Geravand-min-300x150.jpg 300w, https:\/\/wncri.org\/fr\/wp-content\/uploads\/2023\/10\/Burial-ceremony-of-Armita-Geravand-min-768x384.jpg 768w, https:\/\/wncri.org\/fr\/wp-content\/uploads\/2023\/10\/Burial-ceremony-of-Armita-Geravand-min-360x180.jpg 360w, https:\/\/wncri.org\/fr\/wp-content\/uploads\/2023\/10\/Burial-ceremony-of-Armita-Geravand-min-750x375.jpg 750w, https:\/\/wncri.org\/fr\/wp-content\/uploads\/2023\/10\/Burial-ceremony-of-Armita-Geravand-min.jpg 1140w\" sizes=\"(max-width: 1024px) 100vw, 1024px\" \/><\/noscript><\/figure>\n<\/div>\n\n\n<h3 class=\"wp-block-heading has-text-color\" style=\"color:#af2121\"><strong>Armita Geravand est enterr\u00e9e dans le cadre de mesures de s\u00e9curit\u00e9 rigoureuses<\/strong><\/h3>\n\n\n\n<p>Les autorit\u00e9s auraient refus\u00e9 de remettre le corps d&#8217;Armita \u00e0 sa famille. Elles ont insist\u00e9 sur le fait que la famille n&#8217;\u00e9tait pas autoris\u00e9e \u00e0 emmener le corps \u00e0 Kermanchah. Au lieu de cela, les forces de s\u00e9curit\u00e9 proc\u00e9deraient \u00e0 l&#8217;enterrement \u00e0 T\u00e9h\u00e9ran afin d&#8217;\u00e9viter des <a href=\"https:\/\/wncri.org\/fr\/2023\/09\/15\/les-femmes-iraniennes-2\/\">protes<\/a><a href=\"https:\/\/wncri.org\/fr\/2023\/09\/15\/les-femmes-iraniennes-2\/\" target=\"_blank\" rel=\"noreferrer noopener\">t<\/a><a href=\"https:\/\/wncri.org\/fr\/2023\/09\/15\/les-femmes-iraniennes-2\/\">ations<\/a> similaires \u00e0 celles qui se sont produites dans le cas de <a href=\"https:\/\/wncri.org\/fr\/2023\/03\/31\/mahsa-amini\/\" target=\"_blank\" rel=\"noreferrer noopener\">Zhina (Mahsa) Amini<\/a>.<\/p>\n\n\n\n<p>Armita Geravand a \u00e9t\u00e9 enterr\u00e9e dimanche matin, 29 octobre 2023, au milieu de mesures de s\u00e9curit\u00e9 rigoureuses dans le vaste cimeti\u00e8re Behesht-e Zahra de T\u00e9h\u00e9ran, en pr\u00e9sence des membres de sa famille et d&#8217;une foule nombreuse.<\/p>\n\n\n\n<p>Selon l&#8217;un des proches d&#8217;Armita, sa famille avait subi des &#8220;pressions de la part des forces de s\u00e9curit\u00e9&#8221; pour accepter de l&#8217;enterrer \u00e0 T\u00e9h\u00e9ran. Un autre parent a d\u00e9clar\u00e9 : &#8220;Bien que nous r\u00e9sidions \u00e0 T\u00e9h\u00e9ran, nous n&#8217;enterrons pas nos d\u00e9funts \u00e0 T\u00e9h\u00e9ran&#8221;.<\/p>\n\n\n\n<p>Le nombre d&#8217;agents en civil et de membres des forces de s\u00e9curit\u00e9 de l&#8217;\u00c9tat stationn\u00e9s dans la section 99 de Behesht-e Zahra \u00e9tait sup\u00e9rieur au nombre de participants \u00e0 la c\u00e9r\u00e9monie d&#8217;enterrement d&#8217;Armita Geravand.<\/p>\n\n\n\n<p>Au moins 15 parents et participants ont \u00e9t\u00e9 arr\u00eat\u00e9s par les forces de s\u00e9curit\u00e9.<\/p>\n\n\n\n<p>Les images publi\u00e9es montrent que les forces de s\u00e9curit\u00e9 ont \u00e9rig\u00e9 des barri\u00e8res m\u00e9talliques autour du lieu d&#8217;enterrement, emp\u00eachant les gens de s&#8217;approcher de la tombe d&#8217;Armita.<\/p>\n\n\n\n<p>Sur des vid\u00e9os diffus\u00e9es lors de la c\u00e9r\u00e9monie d&#8217;inhumation, certains participants scandent : &#8220;Cette fleur qui a p\u00e9ri est un cadeau pour la patrie&#8221;.<\/p>\n\n\n\n<p>Les forces de s\u00e9curit\u00e9 de l&#8217;\u00c9tat et des agents en civil ont \u00e9galement envahi la mosqu\u00e9e Jaberi, o\u00f9 se sont d\u00e9roul\u00e9es les fun\u00e9railles d&#8217;Armita. Ils ont battu et brutalis\u00e9 un certain nombre de personnes \u00e0 l&#8217;ext\u00e9rieur de la mosqu\u00e9e pour les emp\u00eacher d&#8217;y participer.<\/p>\n\n\n\n<figure class=\"wp-block-image size-large\"><img decoding=\"async\" src=\"data:image\/gif;base64,R0lGODlhAQABAIAAAAAAAP\/\/\/yH5BAEAAAAALAAAAAABAAEAAAIBRAA7\" data-src=\"https:\/\/wncri.org\/fr\/wp-content\/uploads\/2023\/11\/Hossein-Izadi-Hossein-Khoshnazar-Mostafa-Nowrouzi-min-1024x512.jpg\" alt=\"\" class=\"wp-image-19244 lazyload\"\/><noscript><img decoding=\"async\" width=\"1024\" height=\"512\" src=\"https:\/\/wncri.org\/fr\/wp-content\/uploads\/2023\/11\/Hossein-Izadi-Hossein-Khoshnazar-Mostafa-Nowrouzi-min-1024x512.jpg\" alt=\"\" class=\"wp-image-19244 lazyload\" srcset=\"https:\/\/wncri.org\/fr\/wp-content\/uploads\/2023\/11\/Hossein-Izadi-Hossein-Khoshnazar-Mostafa-Nowrouzi-min-1024x512.jpg 1024w, https:\/\/wncri.org\/fr\/wp-content\/uploads\/2023\/11\/Hossein-Izadi-Hossein-Khoshnazar-Mostafa-Nowrouzi-min-300x150.jpg 300w, https:\/\/wncri.org\/fr\/wp-content\/uploads\/2023\/11\/Hossein-Izadi-Hossein-Khoshnazar-Mostafa-Nowrouzi-min-768x384.jpg 768w, https:\/\/wncri.org\/fr\/wp-content\/uploads\/2023\/11\/Hossein-Izadi-Hossein-Khoshnazar-Mostafa-Nowrouzi-min-360x180.jpg 360w, https:\/\/wncri.org\/fr\/wp-content\/uploads\/2023\/11\/Hossein-Izadi-Hossein-Khoshnazar-Mostafa-Nowrouzi-min-750x375.jpg 750w, https:\/\/wncri.org\/fr\/wp-content\/uploads\/2023\/11\/Hossein-Izadi-Hossein-Khoshnazar-Mostafa-Nowrouzi-min.jpg 1140w\" sizes=\"(max-width: 1024px) 100vw, 1024px\" \/><\/noscript><figcaption class=\"wp-element-caption\">Des agents notoires du CGRI aux fun\u00e9railles d&#8217;Armita : De gauche \u00e0 droite, Hossein Izadi, Hossein Khoshnazar et Mostafa Nowruzi<\/figcaption><\/figure>\n\n\n\n<p>\u00c0 l&#8217;int\u00e9rieur de la mosqu\u00e9e, la section r\u00e9serv\u00e9e aux hommes \u00e9tait remplie de membres de l&#8217;unit\u00e9 sp\u00e9ciale du SSF. Trois membres notoires de l&#8217;IRGC ont \u00e9galement \u00e9t\u00e9 vus en train de diriger activement le cort\u00e8ge fun\u00e8bre. Hossein Izadi, un commandant de niveau interm\u00e9diaire de l&#8217;\u00e9tat-major interarm\u00e9es du CGRI, Hossein Khoshnazar, chef du centre des ressources humaines du CGRI et chef du d\u00e9partement de recrutement de la compagnie de m\u00e9tro de T\u00e9h\u00e9ran, Mostafa Nowruzi, chef du bataillon des services de l&#8217;\u00e9tat-major interarm\u00e9es du CGRI et responsable de la s\u00e9curit\u00e9 du syst\u00e8me de m\u00e9tro de T\u00e9h\u00e9ran.<\/p>\n\n\n\n<h3 class=\"wp-block-heading has-text-color\" style=\"color:#af2121\"><strong>Depuis leurs toits, les Iraniens ont protest\u00e9 contre l&#8217;assassinat d&#8217;Armita Geravand<\/strong><\/h3>\n\n\n\n<p>Dans la soir\u00e9e du dimanche 28 octobre 2023, des manifestations nocturnes ont \u00e9clat\u00e9 dans plusieurs villes d&#8217;Iran, dont T\u00e9h\u00e9ran, Karaj et Chiraz, \u00e0 la suite de l&#8217;annonce de la mort d&#8217;Armita Geravand.<\/p>\n\n\n\n<p>Dans plusieurs quartiers de T\u00e9h\u00e9ran, les gens ont exprim\u00e9 leur protestation avec des slogans tels que &#8220;Armita Geravand, ton chemin continue&#8221;.<\/p>\n\n\n\n<p>Les manifestants du quartier Saadat Abad de T\u00e9h\u00e9ran ont scand\u00e9 &#8220;A bas le r\u00e9gime tueur d&#8217;enfants&#8221; et &#8220;Je tuerai quiconque a tu\u00e9 ma s\u0153ur&#8221; depuis l&#8217;int\u00e9rieur des maisons et des tours r\u00e9sidentielles.<\/p>\n\n\n\n<p>D&#8217;autres slogans ont \u00e9t\u00e9 lanc\u00e9s : &#8220;A bas la R\u00e9publique islamique&#8221;, &#8220;A bas Khamenei l&#8217;oppresseur&#8221;, &#8220;A bas le principe du Velayat-e Faqih&#8221; et &#8220;A bas Khamenei l&#8217;oppresseur, nous t&#8217;enterrerons&#8221;.<\/p>\n\n\n\n<p>Le quartier d&#8217;Ekbatan, dans l&#8217;ouest de T\u00e9h\u00e9ran, qui avait \u00e9t\u00e9 le th\u00e9\u00e2tre de manifestations contre le r\u00e9gime lors des manifestations de 2022 en Iran, a connu une nouvelle vague de protestations. Les manifestants ont scand\u00e9 des slogans tels que &#8220;A A bas le r\u00e9gime tueur d&#8217;enfants&#8221; et &#8220;A bas le dictateur&#8221;.<\/p>\n\n\n\n<p>Des slogans nocturnes ont \u00e9galement \u00e9t\u00e9 entendus dans le quartier de Chitgar, dans l&#8217;ouest de T\u00e9h\u00e9ran, et dans certaines zones de Karaj, o\u00f9 les manifestants ont scand\u00e9 des slogans tels que &#8220;A bas legouvernement tueur d&#8217;enfants&#8221; et &#8220;A bas le dictateur&#8221;.<\/p>\n\n\n\n<p>La ville de Chiraz, capitale de la province de Fars, a \u00e9galement \u00e9t\u00e9 le th\u00e9\u00e2tre de slogans nocturnes de la part de certains manifestants dimanche soir. Les manifestants de Chiraz ont scand\u00e9 des slogans tels que &#8220;A bas le dictateur&#8221;, &#8220;A bas Khamenei&#8221; et &#8220;Armita Geravand, ton chemin continue&#8221;.<\/p>\n\n\n\n<p>Les \u00e9tudiants de l&#8217;universit\u00e9 Al-Zahra de T\u00e9h\u00e9ran ont affich\u00e9 des posters \u00e0 la m\u00e9moire d&#8217;Armita le samedi 28 octobre.<\/p>\n\n\n\n<p>2 jeunes hommes qui avaient protest\u00e9 contre le meurtre d&#8217;Armita ont \u00e9t\u00e9 arr\u00eat\u00e9s \u00e0 Dehloran et Abdanan, dans la province d&#8217;Ilam.<strong> <\/strong><\/p>\n\n\n<div class=\"wp-block-image\">\n<figure class=\"aligncenter size-full\"><img decoding=\"async\" src=\"data:image\/gif;base64,R0lGODlhAQABAIAAAAAAAP\/\/\/yH5BAEAAAAALAAAAAABAAEAAAIBRAA7\" data-src=\"https:\/\/wncri.org\/fr\/wp-content\/uploads\/2023\/11\/Al-Zahra-University-Armita-Geravand.jpg\" alt=\"\" class=\"wp-image-19243 lazyload\"\/><noscript><img decoding=\"async\" width=\"406\" height=\"409\" src=\"https:\/\/wncri.org\/fr\/wp-content\/uploads\/2023\/11\/Al-Zahra-University-Armita-Geravand.jpg\" alt=\"\" class=\"wp-image-19243 lazyload\" srcset=\"https:\/\/wncri.org\/fr\/wp-content\/uploads\/2023\/11\/Al-Zahra-University-Armita-Geravand.jpg 406w, https:\/\/wncri.org\/fr\/wp-content\/uploads\/2023\/11\/Al-Zahra-University-Armita-Geravand-298x300.jpg 298w, https:\/\/wncri.org\/fr\/wp-content\/uploads\/2023\/11\/Al-Zahra-University-Armita-Geravand-150x150.jpg 150w, https:\/\/wncri.org\/fr\/wp-content\/uploads\/2023\/11\/Al-Zahra-University-Armita-Geravand-75x75.jpg 75w\" sizes=\"(max-width: 406px) 100vw, 406px\" \/><\/noscript><figcaption class=\"wp-element-caption\">Affiches d&#8217;Armita affich\u00e9es sur les murs de l&#8217;universit\u00e9 Al-Zahra<\/figcaption><\/figure>\n<\/div>\n\n\n<h3 class=\"wp-block-heading has-text-color\" style=\"color:#af2121\"><strong>Preuve d&#8217;une dissimulation officielle<\/strong><\/h3>\n\n\n\n<p>Le 4 octobre, la pr\u00e9sidente \u00e9lue du CNRI, Mme Maryam Radjavi, a <a href=\"https:\/\/twitter.com\/Maryam_Rajavi\/status\/1709499737940840885\" target=\"_blank\" rel=\"noreferrer noopener\">appel\u00e9 le rapporteur sp\u00e9cial<\/a> de l&#8217;ONU sur la violence contre les femmes de s&#8217;enqu\u00e9rir rapidement de l&#8217;\u00e9tat de sant\u00e9 d&#8217;Armita et d&#8217;envoyer un repr\u00e9sentant pour rendre visite \u00e0 la jeune fille innocente avant qu&#8217;il ne soit trop tard.<\/p>\n\n\n\n<p>Elle a d\u00e9clar\u00e9 : &#8220;Si le r\u00e9gime cl\u00e9rical n&#8217;a rien \u00e0 cacher dans le cas d&#8217;Armita Geravand, 16 ans, pourquoi encerclent-ils l&#8217;h\u00f4pital et emp\u00eachent-ils les journalistes ind\u00e9pendants d&#8217;y acc\u00e9der ?<\/p>\n\n\n\n<p>Le vendredi 6 octobre, Amnesty International a lanc\u00e9 un appel pour qu&#8217;une enqu\u00eate ind\u00e9pendante soit men\u00e9e sur ce qui est arriv\u00e9 \u00e0 Armita Geravand, affirmant qu&#8217;il y avait &#8220;de plus en plus de preuves d&#8217;une dissimulation de la part des autorit\u00e9s&#8221;.<\/p>\n\n\n\n<p><a href=\"https:\/\/www.amnesty.org\/en\/latest\/news\/2023\/10\/iran-independent-investigation-into-schoolgirls-critical-injuries-needed-amid-mounting-evidence-of-a-cover-up\/\" target=\"_blank\" rel=\"noreferrer noopener\">Amnesty International a d\u00e9clar\u00e9 avoir analys\u00e9 des images<\/a> publi\u00e9es par des m\u00e9dias iraniens qui pr\u00e9tendaient montrer qu&#8217;il n&#8217;y avait pas eu d&#8217;altercation et a constat\u00e9 que les images avaient \u00e9t\u00e9 mont\u00e9es, que la fr\u00e9quence des images avait \u00e9t\u00e9 augment\u00e9e et qu&#8217;il manquait plus de trois minutes d&#8217;images.<\/p>\n\n\n\n<p>Amnesty a d\u00e9clar\u00e9 qu&#8217;elle \u00e9tait &#8220;tr\u00e8s pr\u00e9occup\u00e9e&#8221; par le fait que la famille et les amis de Geravand &#8220;ont \u00e9t\u00e9 contraints d&#8217;appara\u00eetre dans des vid\u00e9os de propagande et de r\u00e9it\u00e9rer le discours de l&#8217;\u00c9tat sous la contrainte et sous la menace de repr\u00e9sailles&#8221;.<\/p>\n\n\n\n<p>Agnes Callamard, secr\u00e9taire g\u00e9n\u00e9rale d&#8217;Amnesty International, a d\u00e9clar\u00e9 : &#8220;Je suis choqu\u00e9e et indign\u00e9e par le fait que la vie d&#8217;une autre jeune personne, cette fois-ci Armita Garawand, \u00e2g\u00e9e de 16 ans, ait \u00e9t\u00e9 cruellement interrompue en raison des lois abusives et d\u00e9gradantes de l&#8217;Iran sur le port obligatoire du voile. Les responsables de la mort ill\u00e9gale d&#8217;Armita Garawand doivent \u00eatre traduits en justice.<\/p>\n\n\n<div class=\"wp-block-image\">\n<figure class=\"aligncenter size-full\"><img decoding=\"async\" src=\"data:image\/gif;base64,R0lGODlhAQABAIAAAAAAAP\/\/\/yH5BAEAAAAALAAAAAABAAEAAAIBRAA7\" data-src=\"https:\/\/wncri.org\/fr\/wp-content\/uploads\/2023\/11\/Agnes-Callamard-min.png\" alt=\"\" class=\"wp-image-19242 lazyload\"\/><noscript><img decoding=\"async\" width=\"597\" height=\"687\" src=\"https:\/\/wncri.org\/fr\/wp-content\/uploads\/2023\/11\/Agnes-Callamard-min.png\" alt=\"\" class=\"wp-image-19242 lazyload\" srcset=\"https:\/\/wncri.org\/fr\/wp-content\/uploads\/2023\/11\/Agnes-Callamard-min.png 597w, https:\/\/wncri.org\/fr\/wp-content\/uploads\/2023\/11\/Agnes-Callamard-min-261x300.png 261w\" sizes=\"(max-width: 597px) 100vw, 597px\" \/><\/noscript><\/figure>\n<\/div>\n\n\n<p>Javaid Rehman, rapporteur sp\u00e9cial des Nations unies sur la situation des droits de l&#8217;homme en Iran, a exprim\u00e9 sa consternation face aux nouvelles tragiques concernant Armita Geravand. Il a appel\u00e9 le r\u00e9gime iranien \u00e0 annuler imm\u00e9diatement les lois sur le hijab obligatoire.<\/p>\n\n\n\n<p>Notant les verdicts d&#8217;emprisonnement de longue dur\u00e9e prononc\u00e9s \u00e0 l&#8217;encontre des opposants au hijab obligatoire, il a d\u00e9clar\u00e9 que les femmes et les jeunes filles iraniennes \u00e9taient soumises \u00e0 l&#8217;apartheid et \u00e0 la discrimination fond\u00e9s sur le sexe.<\/p>\n\n\n\n<p>Reem Alsalem, rapporteuse sp\u00e9ciale des Nations unies sur la violence contre les femmes et les filles, a d\u00e9clar\u00e9 : &#8220;Nouvelle troublante : Armita Garavand est d\u00e9c\u00e9d\u00e9e \u00e0 la suite de violences commises, semble-t-il, par la police des m\u0153urs, qui l&#8217;ont laiss\u00e9e dans le coma pendant plusieurs semaines. Les parall\u00e8les potentiels avec les circonstances qui ont conduit \u00e0 la mort de Mahsa Amini sont pr\u00e9occupants. Le gouvernement iranien ne peut pas se permettre d&#8217;\u00e9chouer \u00e0 nouveau sur le front de l&#8217;enqu\u00eate et de l&#8217;obligation de rendre des comptes. L&#8217;impunit\u00e9 est incompatible avec la non-r\u00e9p\u00e9tition.<\/p>\n\n\n<div class=\"wp-block-image\">\n<figure class=\"aligncenter size-full\"><img decoding=\"async\" src=\"data:image\/gif;base64,R0lGODlhAQABAIAAAAAAAP\/\/\/yH5BAEAAAAALAAAAAABAAEAAAIBRAA7\" data-src=\"https:\/\/wncri.org\/fr\/wp-content\/uploads\/2023\/11\/Reem-Alsalem-e1698951558595.png\" alt=\"\" class=\"wp-image-19246 lazyload\"\/><noscript><img decoding=\"async\" width=\"605\" height=\"225\" src=\"https:\/\/wncri.org\/fr\/wp-content\/uploads\/2023\/11\/Reem-Alsalem-e1698951558595.png\" alt=\"\" class=\"wp-image-19246 lazyload\" srcset=\"https:\/\/wncri.org\/fr\/wp-content\/uploads\/2023\/11\/Reem-Alsalem-e1698951558595.png 605w, https:\/\/wncri.org\/fr\/wp-content\/uploads\/2023\/11\/Reem-Alsalem-e1698951558595-300x112.png 300w\" sizes=\"(max-width: 605px) 100vw, 605px\" \/><\/noscript><\/figure>\n<\/div>\n\n\n<h2 class=\"wp-block-heading has-text-color\" style=\"color:#af2121\"><strong>Le r\u00e9gime iranien se m\u00e9fie des protestations apr\u00e8s la mort d&#8217;Armita<\/strong><\/h2>\n\n\n\n<p>On suppose qu&#8217;Armita \u00e9tait en \u00e9tat de mort c\u00e9r\u00e9brale d\u00e8s le d\u00e9but, sinon pourquoi les autorit\u00e9s ont-elles emp\u00each\u00e9 ses parents, ses amis et les journalistes de la voir ? Pourquoi l&#8217;h\u00f4pital a-t-il \u00e9t\u00e9 plac\u00e9 sous haute surveillance ?<\/p>\n\n\n\n<p>En effet, m\u00eame si l&#8217;on admet qu&#8217;Armita s&#8217;est effondr\u00e9e \u00e0 la suite d&#8217;une chute soudaine de sa tension art\u00e9rielle, comment a-t-elle pu se cogner la t\u00eate aussi violemment contre une ar\u00eate en fer dans un wagon de m\u00e9tro bond\u00e9, alors qu&#8217;elle \u00e9tait entour\u00e9e d&#8217;amis et d&#8217;autres passagers ?<\/p>\n\n\n\n<p>Le r\u00e9gime iranien craignait que la nouvelle de la mort d&#8217;Armita Geravand ne provoque des protestations \u00e0 l&#8217;\u00e9chelle nationale, semblables \u00e0 celles d\u00e9clench\u00e9es par la mort de Mahsa Amini en septembre de l&#8217;ann\u00e9e derni\u00e8re, qui se sont poursuivies pendant des mois.<\/p>\n\n\n\n<p>En diffusant des informations contradictoires, le r\u00e9gime a tent\u00e9 d&#8217;att\u00e9nuer le choc et d&#8217;emp\u00eacher l&#8217;\u00e9clatement de la col\u00e8re publique.<\/p>\n\n\n\n<p>Finalement, apr\u00e8s plusieurs essais, le r\u00e9gime a choisi un moment o\u00f9 l&#8217;attention mondiale \u00e9tait ailleurs pour annoncer sa mort. Un week-end, lorsque toutes les agences de presse internationales travaillent avec un personnel limit\u00e9 et que les gens sont en vacances, et que les nouvelles sont compl\u00e8tement \u00e9clips\u00e9es par la mort et la destruction au Moyen-Orient.<\/p>\n\n\n\n<p>La commission des femmes du Conseil national de la R\u00e9sistance iranienne a pr\u00e9sent\u00e9 ses condol\u00e9ances pour la perte d&#8217;Armita Geravand, qui fait tragiquement \u00e9cho \u00e0 la mort de Zhina Amini aux mains d&#8217;agents de l&#8217;\u00c9tat. La commission des femmes du CNRI tient Ali Khamenei, Ebrahim Ra\u00efssi, Gholam Hossein Ejei et leur maire \u00e0 T\u00e9h\u00e9ran directement responsables de ce meurtre, un crime odieux qui a indign\u00e9 tout le peuple iranien, en particulier les femmes.<\/p>\n\n\n\n<p>La commission des femmes du CNRI demande instamment \u00e0 la mission d&#8217;enqu\u00eate des Nations unies d&#8217;enqu\u00eater sur ce crime.<\/p>\n\n\n\n<p>Apr\u00e8s l&#8217;affaire Jina Amini, le r\u00e9gime cl\u00e9rical oppressif a tent\u00e9 de dissimuler la v\u00e9rit\u00e9 en occultant les faits, en diffusant des informations fausses et trompeuses et en exer\u00e7ant des pressions sur la famille et les associ\u00e9s de la jeune fille innocente.<\/p>\n\n\n\n<p>Depuis hier soir, et avant l&#8217;annonce du d\u00e9c\u00e8s d&#8217;Armita, les forces de s\u00e9curit\u00e9 de l&#8217;\u00c9tat r\u00e9pressif ont boucl\u00e9 l&#8217;h\u00f4pital Fajr, o\u00f9 elle \u00e9tait hospitalis\u00e9e, afin de dissuader toute protestation potentielle.<\/p>\n\n\n<div class=\"wp-block-image\">\n<figure class=\"aligncenter size-large\"><img decoding=\"async\" src=\"data:image\/gif;base64,R0lGODlhAQABAIAAAAAAAP\/\/\/yH5BAEAAAAALAAAAAABAAEAAAIBRAA7\" data-src=\"https:\/\/wncri.org\/fr\/wp-content\/uploads\/2023\/10\/Death-of-Armita-Geravand-Maryam-Rajavi-FR-min-1024x512.jpg\" alt=\"la mort d'Armita Geravand\" class=\"wp-image-19224 lazyload\"\/><noscript><img decoding=\"async\" width=\"1024\" height=\"512\" src=\"https:\/\/wncri.org\/fr\/wp-content\/uploads\/2023\/10\/Death-of-Armita-Geravand-Maryam-Rajavi-FR-min-1024x512.jpg\" alt=\"la mort d'Armita Geravand\" class=\"wp-image-19224 lazyload\" srcset=\"https:\/\/wncri.org\/fr\/wp-content\/uploads\/2023\/10\/Death-of-Armita-Geravand-Maryam-Rajavi-FR-min-1024x512.jpg 1024w, https:\/\/wncri.org\/fr\/wp-content\/uploads\/2023\/10\/Death-of-Armita-Geravand-Maryam-Rajavi-FR-min-300x150.jpg 300w, https:\/\/wncri.org\/fr\/wp-content\/uploads\/2023\/10\/Death-of-Armita-Geravand-Maryam-Rajavi-FR-min-768x384.jpg 768w, https:\/\/wncri.org\/fr\/wp-content\/uploads\/2023\/10\/Death-of-Armita-Geravand-Maryam-Rajavi-FR-min-360x180.jpg 360w, https:\/\/wncri.org\/fr\/wp-content\/uploads\/2023\/10\/Death-of-Armita-Geravand-Maryam-Rajavi-FR-min-750x375.jpg 750w, https:\/\/wncri.org\/fr\/wp-content\/uploads\/2023\/10\/Death-of-Armita-Geravand-Maryam-Rajavi-FR-min.jpg 1140w\" sizes=\"(max-width: 1024px) 100vw, 1024px\" \/><\/noscript><\/figure>\n<\/div>\n\n\n<p><\/p>\n\n\n\n<p>Mme Maryam Radjavi, pr\u00e9sidente \u00e9lue du CNRI, a pr\u00e9sent\u00e9 ses <a href=\"https:\/\/twitter.com\/Maryam_Rajavi\/status\/1718205551534895155\" target=\"_blank\" rel=\"noreferrer noopener\">condol\u00e9ances<\/a> pour la perte d&#8217;Armita Geravand. Elle a d\u00e9clar\u00e9 : &#8221; Une fois de plus, le fascisme religieux au pouvoir en Iran nous a enlev\u00e9 une jeune fille innocente sous le pr\u00e9texte fallacieux d&#8217;un voile inappropri\u00e9.<\/p>\n\n\n\n<p>&#8220;Les forces r\u00e9pressives cherchent \u00e0 emp\u00eacher le soul\u00e8vement et la protestation du peuple en assi\u00e9geant l&#8217;h\u00f4pital et en recourant \u00e0 des mesures oppressives. Mais elles ne savent pas que le peuple, en particulier la jeunesse d&#8217;Iran, ainsi que mes compatriotes filles et femmes iraniennes, restent d\u00e9termin\u00e9s \u00e0 renverser le r\u00e9gime des mollahs et \u00e0 le remplacer par la d\u00e9mocratie et la souverainet\u00e9 du peuple.<\/p>\n\n\n\n<p>Mme Radjavi a comment\u00e9 la d\u00e9magogie des mollahs au nom de l&#8217;islam et a r\u00e9it\u00e9r\u00e9 : &#8220;Les politiques et pratiques inhumaines et misogynes du r\u00e9gime des mollahs contre les femmes n&#8217;ont rien \u00e0 voir avec l&#8217;islam et le Coran et ne sont qu&#8217;un moyen de poursuivre le r\u00e8gne honteux du r\u00e9gime du Velayat-e Faqih. Non \u00e0 la religion obligatoire, non au gouvernement obligatoire et non au hijab obligatoire&#8221;.<\/p>\n\n\n\n<p>La commission des femmes du NCRI <a href=\"https:\/\/wncri.org\/fr\/2023\/10\/28\/la-mort-darmita\/\" target=\"_blank\" rel=\"noreferrer noopener\">appelle le rapporteur sp\u00e9cial des Nations unies<\/a> sur la situation des droits de l&#8217;homme en Iran et le rapporteur sp\u00e9cial des Nations unies sur la violence contre les femmes, ainsi que tous les d\u00e9fenseurs des droits des femmes, \u00e0 d\u00e9noncer la r\u00e9pression syst\u00e9matique et brutale des femmes et des filles iraniennes, ainsi que la discrimination \u00e0 laquelle elles sont confront\u00e9es. En outre, elle demande instamment au Conseil de s\u00e9curit\u00e9 des Nations unies d&#8217;inscrire \u00e0 son ordre du jour la sanction du r\u00e9gime cl\u00e9rical.<\/p>\n","protected":false},"excerpt":{"rendered":"<p>L&#8217;\u00e9preuve \u00e9prouvante d&#8217;Armita Geravand a marqu\u00e9 le d\u00e9but et la fin du mois d&#8217;octobre Le mois d&#8217;octobre en Iran a commenc\u00e9 par l&#8217;agression brutale d&#8217;Armita Geravand par une patrouille en hijab et s&#8217;est termin\u00e9 par l&#8217;annonce malheureuse de sa mort et par les pressions \u00e9normes que les services des renseignements et de la s\u00e9curit\u00e9 ont [&hellip;]<\/p>\n","protected":false},"author":4,"featured_media":19249,"comment_status":"closed","ping_status":"closed","sticky":false,"template":"","format":"standard","meta":{"jnews-multi-image_gallery":[],"jnews_single_post":{"subtitle":"","format":"standard","video":"","gallery":"","source_name":"","source_url":"","via_name":"","via_url":"","override_template":"0","override":[{"template":"7","single_blog_custom":"","parallax":"1","fullscreen":"1","layout":"right-sidebar","sidebar":"default-sidebar","second_sidebar":"default-sidebar","sticky_sidebar":"1","share_position":"floatbottom","share_float_style":"share-normal","show_share_counter":"1","show_view_counter":"1","show_featured":"1","show_post_meta":"1","show_post_author":"0","show_post_author_image":"1","show_post_date":"1","post_date_format":"default","post_date_format_custom":"Y\/m\/d","show_post_category":"1","show_post_reading_time":"0","post_reading_time_wpm":"300","show_zoom_button":"0","zoom_button_out_step":"2","zoom_button_in_step":"3","show_post_tag":"1","show_prev_next_post":"0","show_popup_post":"1","number_popup_post":"1","show_author_box":"0","show_post_related":"1","show_inline_post_related":"0"}],"override_image_size":"0","image_override":[{"single_post_thumbnail_size":"crop-500","single_post_gallery_size":"crop-500"}],"trending_post":"0","trending_post_position":"meta","trending_post_label":"Trending","sponsored_post":"0","sponsored_post_label":"Sponsored by","sponsored_post_name":"","sponsored_post_url":"","sponsored_post_logo_enable":"0","sponsored_post_logo":"","sponsored_post_desc":"","disable_ad":"0"},"jnews_primary_category":{"id":"","hide":""},"jnews_social_meta":{"fb_title":"","fb_description":"","fb_image":"","twitter_title":"","twitter_description":"","twitter_image":""},"jnews_override_counter":{"override_view_counter":"0","view_counter_number":"0","override_share_counter":"0","share_counter_number":"0","override_like_counter":"0","like_counter_number":"0","override_dislike_counter":"0","dislike_counter_number":"0"},"footnotes":""},"categories":[7,3],"tags":[366,376,375],"class_list":["post-19240","post","type-post","status-publish","format-standard","has-post-thumbnail","hentry","category-les-regles","category-infos-des-femmes","tag-la-petite-fille","tag-violence-contre-les-femmes","tag-voile-obligatoire"],"_links":{"self":[{"href":"https:\/\/wncri.org\/fr\/wp-json\/wp\/v2\/posts\/19240","targetHints":{"allow":["GET"]}}],"collection":[{"href":"https:\/\/wncri.org\/fr\/wp-json\/wp\/v2\/posts"}],"about":[{"href":"https:\/\/wncri.org\/fr\/wp-json\/wp\/v2\/types\/post"}],"author":[{"embeddable":true,"href":"https:\/\/wncri.org\/fr\/wp-json\/wp\/v2\/users\/4"}],"replies":[{"embeddable":true,"href":"https:\/\/wncri.org\/fr\/wp-json\/wp\/v2\/comments?post=19240"}],"version-history":[{"count":4,"href":"https:\/\/wncri.org\/fr\/wp-json\/wp\/v2\/posts\/19240\/revisions"}],"predecessor-version":[{"id":19250,"href":"https:\/\/wncri.org\/fr\/wp-json\/wp\/v2\/posts\/19240\/revisions\/19250"}],"wp:featuredmedia":[{"embeddable":true,"href":"https:\/\/wncri.org\/fr\/wp-json\/wp\/v2\/media\/19249"}],"wp:attachment":[{"href":"https:\/\/wncri.org\/fr\/wp-json\/wp\/v2\/media?parent=19240"}],"wp:term":[{"taxonomy":"category","embeddable":true,"href":"https:\/\/wncri.org\/fr\/wp-json\/wp\/v2\/categories?post=19240"},{"taxonomy":"post_tag","embeddable":true,"href":"https:\/\/wncri.org\/fr\/wp-json\/wp\/v2\/tags?post=19240"}],"curies":[{"name":"wp","href":"https:\/\/api.w.org\/{rel}","templated":true}]}}