{"id":19230,"date":"2023-10-29T23:04:56","date_gmt":"2023-10-29T22:04:56","guid":{"rendered":"https:\/\/wncri.org\/fr\/?p=19230"},"modified":"2023-10-30T23:17:28","modified_gmt":"2023-10-30T22:17:28","slug":"armita-geravand-est-enterree","status":"publish","type":"post","link":"https:\/\/wncri.org\/fr\/2023\/10\/29\/armita-geravand-est-enterree\/","title":{"rendered":"Armita Geravand est enterr\u00e9e en pr\u00e9sence de strictes mesures de s\u00e9curit\u00e9"},"content":{"rendered":"\n<p>Armita Geravand a \u00e9t\u00e9 enterr\u00e9e dimanche matin, 29 octobre 2023, en pr\u00e9sence des membres de sa famille et d&#8217;une foule nombreuse, dans le vaste cimeti\u00e8re Behesht-e Zahra de T\u00e9h\u00e9ran, au milieu de mesures de s\u00e9curit\u00e9 particuli\u00e8rement contraignantes.<\/p>\n\n\n\n<p>Selon l&#8217;un des proches d&#8217;Armita, sa famille avait subi des &#8220;pressions de la part des forces de s\u00e9curit\u00e9&#8221; pour accepter de l&#8217;enterrer \u00e0 T\u00e9h\u00e9ran. Un autre parent a d\u00e9clar\u00e9 : &#8220;Bien que nous r\u00e9sidions \u00e0 T\u00e9h\u00e9ran, nous n&#8217;enterrons pas nos d\u00e9funts \u00e0 T\u00e9h\u00e9ran&#8221;.<\/p>\n\n\n\n<p>Le nombre d&#8217;agents en civil et de membres des forces de s\u00e9curit\u00e9 de l&#8217;\u00c9tat stationn\u00e9s dans la section 99 de Behesht-e Zahra \u00e9tait sup\u00e9rieur au nombre de participants \u00e0 la c\u00e9r\u00e9monie d&#8217;enterrement d&#8217;Armita Geravand. Deux parents et plusieurs femmes non identifi\u00e9es ont \u00e9t\u00e9 arr\u00eat\u00e9s par les forces de s\u00e9curit\u00e9.<\/p>\n\n\n\n<p>Le Conseil de coordination des associations d&#8217;enseignants iraniens rapporte que Mohammad Geravand, l&#8217;une des connaissances d&#8217;Armita et un enseignant licenci\u00e9, fait partie des d\u00e9tenus.<\/p>\n\n\n\n<p>Des images publi\u00e9es montrent que les forces de s\u00e9curit\u00e9 ont \u00e9rig\u00e9 des barri\u00e8res m\u00e9talliques autour du lieu d&#8217;enterrement, emp\u00eachant les gens de s&#8217;approcher de la tombe d&#8217;Armita.<\/p>\n\n\n\n<p>Sur des vid\u00e9os de la c\u00e9r\u00e9monie d&#8217;enterrement d&#8217;Armita Geravand, certains participants scandent : &#8220;Cette fleur qui a p\u00e9ri est un cadeau pour la patrie&#8221;.<\/p>\n\n\n<div class=\"wp-block-image\">\n<figure class=\"aligncenter size-large\"><img decoding=\"async\" src=\"data:image\/gif;base64,R0lGODlhAQABAIAAAAAAAP\/\/\/yH5BAEAAAAALAAAAAABAAEAAAIBRAA7\" data-src=\"https:\/\/wncri.org\/fr\/wp-content\/uploads\/2023\/10\/Burial-ceremony-of-Armita-Geravand-2-min-1024x512.jpg\" alt=\"Armita Geravand est enterr\u00e9e en pr\u00e9sence de strictes mesures de s\u00e9curit\u00e9\" class=\"wp-image-19232 lazyload\"\/><noscript><img decoding=\"async\" width=\"1024\" height=\"512\" src=\"https:\/\/wncri.org\/fr\/wp-content\/uploads\/2023\/10\/Burial-ceremony-of-Armita-Geravand-2-min-1024x512.jpg\" alt=\"Armita Geravand est enterr\u00e9e en pr\u00e9sence de strictes mesures de s\u00e9curit\u00e9\" class=\"wp-image-19232 lazyload\" srcset=\"https:\/\/wncri.org\/fr\/wp-content\/uploads\/2023\/10\/Burial-ceremony-of-Armita-Geravand-2-min-1024x512.jpg 1024w, https:\/\/wncri.org\/fr\/wp-content\/uploads\/2023\/10\/Burial-ceremony-of-Armita-Geravand-2-min-300x150.jpg 300w, https:\/\/wncri.org\/fr\/wp-content\/uploads\/2023\/10\/Burial-ceremony-of-Armita-Geravand-2-min-768x384.jpg 768w, https:\/\/wncri.org\/fr\/wp-content\/uploads\/2023\/10\/Burial-ceremony-of-Armita-Geravand-2-min-360x180.jpg 360w, https:\/\/wncri.org\/fr\/wp-content\/uploads\/2023\/10\/Burial-ceremony-of-Armita-Geravand-2-min-750x375.jpg 750w, https:\/\/wncri.org\/fr\/wp-content\/uploads\/2023\/10\/Burial-ceremony-of-Armita-Geravand-2-min.jpg 1140w\" sizes=\"(max-width: 1024px) 100vw, 1024px\" \/><\/noscript><figcaption class=\"wp-element-caption\">C\u00e9r\u00e9monie d&#8217;enterrement d&#8217;Armita Geravand : \u00c0 gauche, des personnes attendent l&#8217;arriv\u00e9e de son corps ; \u00e0 droite, les barri\u00e8res m\u00e9talliques sont visibles sur la photo.<\/figcaption><\/figure>\n<\/div>\n\n\n<h3 class=\"wp-block-heading\"><strong>Des Iraniens chantent sur les toits pour protester contre l&#8217;assassinat d&#8217;Armita Geravand<\/strong><\/h3>\n\n\n\n<p>Dans la soir\u00e9e du dimanche 28 octobre 2023, des manifestations nocturnes ont \u00e9clat\u00e9 dans plusieurs villes d&#8217;Iran, dont T\u00e9h\u00e9ran, Karaj et Chiraz, \u00e0 la suite de l&#8217;annonce de la mort d&#8217;Armita Geravand.<\/p>\n\n\n\n<p>Dans plusieurs quartiers de T\u00e9h\u00e9ran, les gens ont exprim\u00e9 leur protestation avec des slogans tels que &#8220;Armita Geravand, ton chemin continue&#8221;.<\/p>\n\n\n\n<p>Les manifestants du quartier Saadat Abad de T\u00e9h\u00e9ran ont scand\u00e9 &#8220;A bas le r\u00e9gime tueur d&#8217;enfants&#8221; et &#8220;Je tuerai quiconque a tu\u00e9 ma s\u0153ur&#8221; depuis l&#8217;int\u00e9rieur des maisons et des tours r\u00e9sidentielles.<\/p>\n\n\n\n<p>D&#8217;autres slogans, tels que &#8220;A bas la R\u00e9publique islamique&#8221;, &#8220;A bas Khamenei l&#8217;oppresseur&#8221;, &#8220;A bas le principe du Velayat-e Faqih&#8221; et &#8220;Khamenei l&#8217;oppresseur, nous t&#8217;enterrerons&#8221;, ont \u00e9galement \u00e9t\u00e9 scand\u00e9s pendant la nuit \u00e0 Saadat Abad.<\/p>\n\n\n\n<p>Le canton d&#8217;Ekbatan, dans l&#8217;ouest de T\u00e9h\u00e9ran, haut lieu de la contestation anti-r\u00e9gime lors des manifestations de 2022 en Iran, a connu une nouvelle vague de protestations. Les manifestants ont scand\u00e9 des slogans tels que &#8220;A bas le r\u00e9gime tueur d&#8217;enfants&#8221; et &#8220;A bas le dictateur&#8221;.<\/p>\n\n\n\n<p>Des slogans nocturnes ont \u00e9galement \u00e9t\u00e9 entendus dans le quartier de Chitgar, dans l&#8217;ouest de T\u00e9h\u00e9ran, et dans certaines zones de Karaj, o\u00f9 les manifestants ont scand\u00e9 des slogans tels que &#8220;A bas le gouvernement tueur d&#8217;enfants&#8221; et &#8220;A bas le dictateur&#8221;.<\/p>\n\n\n\n<p>La ville de Chiraz, capitale de la province de Fars, a \u00e9galement \u00e9t\u00e9 le th\u00e9\u00e2tre de slogans nocturnes de la part de certains manifestants dimanche soir. Les manifestants de Chiraz ont scand\u00e9 des slogans tels que &#8220;A bas le dictateur&#8221;, &#8220;A bas Khamenei&#8221; et &#8220;Armita Geravand, ton chemin continue&#8221;.<\/p>\n\n\n<div class=\"wp-block-image\">\n<figure class=\"aligncenter size-large\"><img decoding=\"async\" src=\"data:image\/gif;base64,R0lGODlhAQABAIAAAAAAAP\/\/\/yH5BAEAAAAALAAAAAABAAEAAAIBRAA7\" data-src=\"https:\/\/wncri.org\/fr\/wp-content\/uploads\/2023\/10\/Armita-Geravand-paintings-min-1024x512.jpg\" alt=\"Armita Geravand est enterr\u00e9e en pr\u00e9sence de strictes mesures de s\u00e9curit\u00e9\" class=\"wp-image-19231 lazyload\"\/><noscript><img decoding=\"async\" width=\"1024\" height=\"512\" src=\"https:\/\/wncri.org\/fr\/wp-content\/uploads\/2023\/10\/Armita-Geravand-paintings-min-1024x512.jpg\" alt=\"Armita Geravand est enterr\u00e9e en pr\u00e9sence de strictes mesures de s\u00e9curit\u00e9\" class=\"wp-image-19231 lazyload\" srcset=\"https:\/\/wncri.org\/fr\/wp-content\/uploads\/2023\/10\/Armita-Geravand-paintings-min-1024x512.jpg 1024w, https:\/\/wncri.org\/fr\/wp-content\/uploads\/2023\/10\/Armita-Geravand-paintings-min-300x150.jpg 300w, https:\/\/wncri.org\/fr\/wp-content\/uploads\/2023\/10\/Armita-Geravand-paintings-min-768x384.jpg 768w, https:\/\/wncri.org\/fr\/wp-content\/uploads\/2023\/10\/Armita-Geravand-paintings-min-360x180.jpg 360w, https:\/\/wncri.org\/fr\/wp-content\/uploads\/2023\/10\/Armita-Geravand-paintings-min-750x375.jpg 750w, https:\/\/wncri.org\/fr\/wp-content\/uploads\/2023\/10\/Armita-Geravand-paintings-min.jpg 1140w\" sizes=\"(max-width: 1024px) 100vw, 1024px\" \/><\/noscript><figcaption class=\"wp-element-caption\">Les peintures d&#8217;Armita : A gauche, un autoportrait, et \u00e0 droite, ses peintures sur les murs de l&#8217;\u00e9cole.<\/figcaption><\/figure>\n<\/div>\n\n\n<h3 class=\"wp-block-heading\"><strong>Qu&#8217;est-il arriv\u00e9 \u00e0 Armita Geravand ?<\/strong><\/h3>\n\n\n\n<p>Armita Geravand \u00e9tait une athl\u00e8te talentueuse et une peintre passionn\u00e9e. Elle a \u00e9t\u00e9 brutalement agress\u00e9e par une patrouille en hijab dans le m\u00e9tro de T\u00e9h\u00e9ran vers 7 heures du matin le dimanche 1er octobre 2023, alors qu&#8217;elle et ses amies se rendaient \u00e0 l&#8217;\u00e9cole sans se couvrir les cheveux, selon des t\u00e9moins oculaires cit\u00e9s par <a href=\"https:\/\/www.theguardian.com\/world\/2023\/oct\/05\/armita-geravand-iran-cctv\" target=\"_blank\" rel=\"noreferrer noopener\">The Guardian<\/a>.<\/p>\n\n\n\n<p>La t\u00eate d&#8217;Armita saignait lorsque ses amis l&#8217;ont sortie du wagon du m\u00e9tro. Au bout de 45 minutes, une ambulance l&#8217;a emmen\u00e9e \u00e0 l&#8217;h\u00f4pital Fajr de l&#8217;arm\u00e9e de l&#8217;air, envahi par les forces de s\u00e9curit\u00e9 et des agents en civil.<\/p>\n\n\n\n<p>Le r\u00e9gime cl\u00e9rical a publi\u00e9 une vid\u00e9o trafiqu\u00e9e des cam\u00e9ras de vid\u00e9osurveillance du m\u00e9tro, mais pas les images de la cam\u00e9ra situ\u00e9e \u00e0 l&#8217;int\u00e9rieur du wagon.<\/p>\n\n\n\n<p>Les parents n&#8217;ont pas \u00e9t\u00e9 autoris\u00e9s \u00e0 rendre visite \u00e0 Armita, et sa <a href=\"https:\/\/wncri.org\/fr\/2023\/10\/05\/la-mere-darmita-geravand\/\" target=\"_blank\" rel=\"noreferrer noopener\">m\u00e8re<\/a>, qui a tent\u00e9 de le faire, a \u00e9t\u00e9 temporairement arr\u00eat\u00e9e. Ils n&#8217;ont pu qu&#8217;apercevoir leur fille dans l&#8217;unit\u00e9 de soins intensifs.<\/p>\n\n\n\n<p>Armita Geravand est rest\u00e9e \u00e0 l&#8217;h\u00f4pital Fajr de T\u00e9h\u00e9ran sous haute surveillance.<\/p>\n\n\n\n<p>Finalement, apr\u00e8s tant de jours de tergiversations et de fuites d&#8217;informations contradictoires, le r\u00e9gime iranien a annonc\u00e9 <a href=\"https:\/\/wncri.org\/fr\/2023\/10\/28\/la-mort-darmita-geravand\/\" target=\"_blank\" rel=\"noreferrer noopener\">la mort d&#8217;Armita Geravand<\/a>, le samedi 28 octobre 2023.<\/p>\n","protected":false},"excerpt":{"rendered":"<p>Armita Geravand a \u00e9t\u00e9 enterr\u00e9e dimanche matin, 29 octobre 2023, en pr\u00e9sence des membres de sa famille et d&#8217;une foule nombreuse, dans le vaste cimeti\u00e8re Behesht-e Zahra de T\u00e9h\u00e9ran, au milieu de mesures de s\u00e9curit\u00e9 particuli\u00e8rement contraignantes. Selon l&#8217;un des proches d&#8217;Armita, sa famille avait subi des &#8220;pressions de la part des forces de s\u00e9curit\u00e9&#8221; [&hellip;]<\/p>\n","protected":false},"author":4,"featured_media":19233,"comment_status":"closed","ping_status":"closed","sticky":false,"template":"","format":"standard","meta":{"jnews-multi-image_gallery":[],"jnews_single_post":{"subtitle":"","format":"standard","video":"","gallery":"","source_name":"","source_url":"","via_name":"","via_url":"","override_template":"0","override":[{"template":"7","single_blog_custom":"","parallax":"1","fullscreen":"1","layout":"right-sidebar","sidebar":"default-sidebar","second_sidebar":"default-sidebar","sticky_sidebar":"1","share_position":"floatbottom","share_float_style":"share-normal","show_share_counter":"1","show_view_counter":"1","show_featured":"1","show_post_meta":"1","show_post_author":"0","show_post_author_image":"1","show_post_date":"1","post_date_format":"default","post_date_format_custom":"Y\/m\/d","show_post_category":"1","show_post_reading_time":"0","post_reading_time_wpm":"300","show_zoom_button":"0","zoom_button_out_step":"2","zoom_button_in_step":"3","show_post_tag":"1","show_prev_next_post":"0","show_popup_post":"1","number_popup_post":"1","show_author_box":"0","show_post_related":"1","show_inline_post_related":"0"}],"override_image_size":"0","image_override":[{"single_post_thumbnail_size":"crop-500","single_post_gallery_size":"crop-500"}],"trending_post":"0","trending_post_position":"meta","trending_post_label":"Trending","sponsored_post":"0","sponsored_post_label":"Sponsored by","sponsored_post_name":"","sponsored_post_url":"","sponsored_post_logo_enable":"0","sponsored_post_logo":"","sponsored_post_desc":"","disable_ad":"0"},"jnews_primary_category":{"id":"","hide":""},"jnews_social_meta":{"fb_title":"","fb_description":"","fb_image":"","twitter_title":"","twitter_description":"","twitter_image":""},"jnews_override_counter":{"override_view_counter":"0","view_counter_number":"0","override_share_counter":"0","share_counter_number":"0","override_like_counter":"0","like_counter_number":"0","override_dislike_counter":"0","dislike_counter_number":"0"},"footnotes":""},"categories":[3],"tags":[376,375],"class_list":["post-19230","post","type-post","status-publish","format-standard","has-post-thumbnail","hentry","category-infos-des-femmes","tag-violence-contre-les-femmes","tag-voile-obligatoire"],"_links":{"self":[{"href":"https:\/\/wncri.org\/fr\/wp-json\/wp\/v2\/posts\/19230","targetHints":{"allow":["GET"]}}],"collection":[{"href":"https:\/\/wncri.org\/fr\/wp-json\/wp\/v2\/posts"}],"about":[{"href":"https:\/\/wncri.org\/fr\/wp-json\/wp\/v2\/types\/post"}],"author":[{"embeddable":true,"href":"https:\/\/wncri.org\/fr\/wp-json\/wp\/v2\/users\/4"}],"replies":[{"embeddable":true,"href":"https:\/\/wncri.org\/fr\/wp-json\/wp\/v2\/comments?post=19230"}],"version-history":[{"count":1,"href":"https:\/\/wncri.org\/fr\/wp-json\/wp\/v2\/posts\/19230\/revisions"}],"predecessor-version":[{"id":19234,"href":"https:\/\/wncri.org\/fr\/wp-json\/wp\/v2\/posts\/19230\/revisions\/19234"}],"wp:featuredmedia":[{"embeddable":true,"href":"https:\/\/wncri.org\/fr\/wp-json\/wp\/v2\/media\/19233"}],"wp:attachment":[{"href":"https:\/\/wncri.org\/fr\/wp-json\/wp\/v2\/media?parent=19230"}],"wp:term":[{"taxonomy":"category","embeddable":true,"href":"https:\/\/wncri.org\/fr\/wp-json\/wp\/v2\/categories?post=19230"},{"taxonomy":"post_tag","embeddable":true,"href":"https:\/\/wncri.org\/fr\/wp-json\/wp\/v2\/tags?post=19230"}],"curies":[{"name":"wp","href":"https:\/\/api.w.org\/{rel}","templated":true}]}}