{"id":19227,"date":"2023-10-28T19:58:11","date_gmt":"2023-10-28T17:58:11","guid":{"rendered":"https:\/\/wncri.org\/fr\/?p=19227"},"modified":"2023-10-28T20:00:11","modified_gmt":"2023-10-28T18:00:11","slug":"la-mort-darmita","status":"publish","type":"post","link":"https:\/\/wncri.org\/fr\/2023\/10\/28\/la-mort-darmita\/","title":{"rendered":"La commission des Femmes du CNRI appelle \u00e0 une enqu\u00eate internationale sur la mort d&#8217;Armita Geravand"},"content":{"rendered":"\n<h2 class=\"wp-block-heading\"><strong><em>Appel \u00e0 condamner la r\u00e9pression et la discrimination syst\u00e9matiques contre les femmes en Iran<\/em><\/strong><\/h2>\n\n\n\n<h3 class=\"wp-block-heading\"><strong><em>Le Conseil de s\u00e9curit\u00e9 de l\u2019ONU doit mettre \u00e0 l\u2019ordre du jour la punition du r\u00e9gime r\u00e9pressif des mollahs<\/em><\/strong><\/h3>\n\n\n\n<p>La commission des Femmes du Conseil national de la R\u00e9sistance iranienne (CNRI) exprime ses condol\u00e9ances pour la mort d&#8217;Armita Geravand, qui fait suite et r\u00e9p\u00e8te le meurtre de Jina Mahsa Amini par des agents du pouvoir. Elle consid\u00e8re clairement Khamenei, le guide supr\u00eame des mollahs, son pr\u00e9sident Ebrahim Ra\u00efssi, son chef du judiciaire Gholam-Hossein&nbsp; Mohseni-Eje\u00ef, et son maire de T\u00e9h\u00e9ran, comme <a href=\"https:\/\/wncri.org\/fr\/2023\/10\/25\/armita-geravand-mort-cerebrale\/\" target=\"_blank\" data-type=\"link\" data-id=\"https:\/\/wncri.org\/fr\/2023\/10\/25\/armita-geravand-mort-cerebrale\/\" rel=\"noreferrer noopener\">responsables de ce meurtre<\/a>. Un crime qui provoque la col\u00e8re de tout le peuple iranien, en particulier des femmes. La Commission des Femmes du CNRI demande \u00e0 la Mission internationale d&#8217;\u00e9tablissement des faits de l\u2019ONU d&#8217;<a href=\"https:\/\/wncri.org\/fr\/2023\/10\/28\/la-mort-darmita-geravand\/\" target=\"_blank\" data-type=\"link\" data-id=\"https:\/\/wncri.org\/fr\/2023\/10\/28\/la-mort-darmita-geravand\/\" rel=\"noreferrer noopener\">enqu\u00eater sur ce crime<\/a>.<\/p>\n\n\n\n<p>En raison de l&#8217;exp\u00e9rience de Jina Amini, et redoutant une explosion de col\u00e8re de la population, le r\u00e9gime inhumain des mollahs tente d&#8217;emp\u00eacher de dissimuler la v\u00e9rit\u00e9 en diffusant de fausses nouvelles pour tromper l\u2019opinion. Il exerce aussi des pressions sur la famille de la jeune victime et sur son entourage. Depuis hier soir et avant l&#8217;annonce de la mort d&#8217;Armita, les forces r\u00e9pressives a encercl\u00e9 l&#8217;h\u00f4pital Fajr o\u00f9 elle \u00e9tait admise pour emp\u00eacher toute protestation.<\/p>\n\n\n\n<p>Maryam Radjavi, pr\u00e9sidente \u00e9lue du CNRI, a <a href=\"https:\/\/twitter.com\/Maryam_Rajavi_F\/status\/1718226379550892288\" target=\"_blank\" data-type=\"link\" data-id=\"https:\/\/twitter.com\/Maryam_Rajavi_F\/status\/1718226379550892288\" rel=\"noreferrer noopener\">d\u00e9clar\u00e9<\/a> qu&#8217;une fois de plus, le fascisme religieux en Iran nous a enlev\u00e9 une jeune fille innocente sous pr\u00e9texte qu\u2019elle \u00e9tait mal-voil\u00e9e. Les forces r\u00e9pressives veulent emp\u00eacher les gens de se r\u00e9volter, mais elles ignorent que le peuple et la jeunesse en Iran, en particulier les filles et les femmes, sont d\u00e9termin\u00e9s \u00e0 renverser le r\u00e9gime des mollahs et \u00e0 le remplacer par la d\u00e9mocratie et la souverainet\u00e9 populaire.<\/p>\n\n\n\n<p>Mme Radjavi a rappel\u00e9 la d\u00e9magogie de la tyrannie religieuse, avant d\u2019ajouter que les politiques et les actions inhumaines des mollahs contre les femmes n\u2019ont aucun rapport avec l\u2019islam et ne leur servent qu\u2019\u00e0 maintenir en place leur r\u00e9gime cruel. Non \u00e0 la religion obligatoire, non au gouvernement obligatoire et non au voile obligatoire&nbsp;!<\/p>\n\n\n\n<p>La commission des Femmes du CNRI appelle le rapporteur sp\u00e9cial de l\u2019ONU sur la situation des droits de l&#8217;homme en Iran, la rapporteuse sp\u00e9ciale sur les violences faites aux femmes et l\u2019ensemble des d\u00e9fenseur.e.s des droits des femmes \u00e0 condamner et \u00e0 protester contre la r\u00e9pression et la discrimination brutales et syst\u00e9matiques visant les femmes et les filles en Iran. Le Conseil de s\u00e9curit\u00e9 des Nations Unies doit mettre \u00e0 son ordre du jour la punition du r\u00e9gime r\u00e9pressif des mollahs.<\/p>\n\n\n\n<p class=\"has-text-align-center\"><strong>Commission des Femmes du Conseil national de la R\u00e9sistance iranienne<\/strong><\/p>\n\n\n\n<p class=\"has-text-align-center\"><strong>Le 28 octobre 2023<\/strong><\/p>\n","protected":false},"excerpt":{"rendered":"<p>Appel \u00e0 condamner la r\u00e9pression et la discrimination syst\u00e9matiques contre les femmes en Iran Le Conseil de s\u00e9curit\u00e9 de l\u2019ONU doit mettre \u00e0 l\u2019ordre du jour la punition du r\u00e9gime r\u00e9pressif des mollahs La commission des Femmes du Conseil national de la R\u00e9sistance iranienne (CNRI) exprime ses condol\u00e9ances pour la mort d&#8217;Armita Geravand, qui fait [&hellip;]<\/p>\n","protected":false},"author":4,"featured_media":11694,"comment_status":"closed","ping_status":"closed","sticky":false,"template":"","format":"standard","meta":{"jnews-multi-image_gallery":[],"jnews_single_post":{"subtitle":"","format":"standard","video":"","gallery":"","source_name":"","source_url":"","via_name":"","via_url":"","override_template":"0","override":[{"template":"7","single_blog_custom":"","parallax":"1","fullscreen":"1","layout":"right-sidebar","sidebar":"default-sidebar","second_sidebar":"default-sidebar","sticky_sidebar":"1","share_position":"floatbottom","share_float_style":"share-normal","show_share_counter":"1","show_view_counter":"1","show_featured":"1","show_post_meta":"1","show_post_author":"0","show_post_author_image":"1","show_post_date":"1","post_date_format":"default","post_date_format_custom":"Y\/m\/d","show_post_category":"1","show_post_reading_time":"0","post_reading_time_wpm":"300","show_zoom_button":"0","zoom_button_out_step":"2","zoom_button_in_step":"3","show_post_tag":"1","show_prev_next_post":"0","show_popup_post":"1","number_popup_post":"1","show_author_box":"0","show_post_related":"1","show_inline_post_related":"0"}],"override_image_size":"0","image_override":[{"single_post_thumbnail_size":"crop-500","single_post_gallery_size":"crop-500"}],"trending_post":"0","trending_post_position":"meta","trending_post_label":"Trending","sponsored_post":"0","sponsored_post_label":"Sponsored by","sponsored_post_name":"","sponsored_post_url":"","sponsored_post_logo_enable":"0","sponsored_post_logo":"","sponsored_post_desc":"","disable_ad":"0"},"jnews_primary_category":{"id":"","hide":""},"jnews_social_meta":{"fb_title":"","fb_description":"","fb_image":"","twitter_title":"","twitter_description":"","twitter_image":""},"jnews_override_counter":{"override_view_counter":"0","view_counter_number":"0","override_share_counter":"0","share_counter_number":"0","override_like_counter":"0","like_counter_number":"0","override_dislike_counter":"0","dislike_counter_number":"0"},"footnotes":""},"categories":[5],"tags":[376,375],"class_list":["post-19227","post","type-post","status-publish","format-standard","has-post-thumbnail","hentry","category-communiques","tag-violence-contre-les-femmes","tag-voile-obligatoire"],"_links":{"self":[{"href":"https:\/\/wncri.org\/fr\/wp-json\/wp\/v2\/posts\/19227","targetHints":{"allow":["GET"]}}],"collection":[{"href":"https:\/\/wncri.org\/fr\/wp-json\/wp\/v2\/posts"}],"about":[{"href":"https:\/\/wncri.org\/fr\/wp-json\/wp\/v2\/types\/post"}],"author":[{"embeddable":true,"href":"https:\/\/wncri.org\/fr\/wp-json\/wp\/v2\/users\/4"}],"replies":[{"embeddable":true,"href":"https:\/\/wncri.org\/fr\/wp-json\/wp\/v2\/comments?post=19227"}],"version-history":[{"count":2,"href":"https:\/\/wncri.org\/fr\/wp-json\/wp\/v2\/posts\/19227\/revisions"}],"predecessor-version":[{"id":19229,"href":"https:\/\/wncri.org\/fr\/wp-json\/wp\/v2\/posts\/19227\/revisions\/19229"}],"wp:featuredmedia":[{"embeddable":true,"href":"https:\/\/wncri.org\/fr\/wp-json\/wp\/v2\/media\/11694"}],"wp:attachment":[{"href":"https:\/\/wncri.org\/fr\/wp-json\/wp\/v2\/media?parent=19227"}],"wp:term":[{"taxonomy":"category","embeddable":true,"href":"https:\/\/wncri.org\/fr\/wp-json\/wp\/v2\/categories?post=19227"},{"taxonomy":"post_tag","embeddable":true,"href":"https:\/\/wncri.org\/fr\/wp-json\/wp\/v2\/tags?post=19227"}],"curies":[{"name":"wp","href":"https:\/\/api.w.org\/{rel}","templated":true}]}}