{"id":19222,"date":"2023-10-28T16:19:05","date_gmt":"2023-10-28T14:19:05","guid":{"rendered":"https:\/\/wncri.org\/fr\/?p=19222"},"modified":"2023-11-02T20:58:55","modified_gmt":"2023-11-02T19:58:55","slug":"la-mort-darmita-geravand","status":"publish","type":"post","link":"https:\/\/wncri.org\/fr\/2023\/10\/28\/la-mort-darmita-geravand\/","title":{"rendered":"Le r\u00e9gime criminel iranien annonce officiellement la mort d&#8217;Armita Geravand"},"content":{"rendered":"\n<p>Apr\u00e8s tant de jours de tergiversations et de <a href=\"https:\/\/wncri.org\/fr\/2023\/10\/25\/armita-geravand-mort-cerebrale\/\" target=\"_blank\" rel=\"noreferrer noopener\">fuites d&#8217;informations contradictoires<\/a>, le r\u00e9gime criminel iranien a finalement annonc\u00e9 la mort d&#8217;Armita Geravand, la fille bien-aim\u00e9e de l&#8217;Iran.<\/p>\n\n\n\n<p>Les autorit\u00e9s auraient refus\u00e9 de remettre le corps d&#8217;Armita \u00e0 sa famille. Elles insistent sur le fait que la famille n&#8217;est pas autoris\u00e9e \u00e0 transporter son corps \u00e0 Kermanchah. Au lieu de cela, les forces de s\u00e9curit\u00e9 proc\u00e9deront \u00e0 l&#8217;enterrement \u00e0 T\u00e9h\u00e9ran afin d&#8217;<a href=\"https:\/\/wncri.org\/fr\/2023\/09\/15\/les-femmes-iraniennes-2\/\" target=\"_blank\" rel=\"noreferrer noopener\">\u00e9viter des<\/a> protestations similaires \u00e0 celles qui se sont produites dans le cas de <a href=\"https:\/\/wncri.org\/fr\/2023\/03\/31\/mahsa-amini\/\" target=\"_blank\" rel=\"noreferrer noopener\">Zhina (Mahsa) Amini<\/a>.<\/p>\n\n\n\n<h3 class=\"wp-block-heading\"><strong>Annonce officielle du d\u00e9c\u00e8s d&#8217;Armita Geravand<\/strong><\/h3>\n\n\n\n<p>\u00c0 9 h 57, le samedi 28 octobre 2023, l&#8217;agence de presse officielle du r\u00e9gime cl\u00e9rical, IRNA, a annonc\u00e9 : &#8220;Armita Geravand, une \u00e9tudiante de T\u00e9h\u00e9ran, est d\u00e9c\u00e9d\u00e9e&#8221;.<\/p>\n\n\n\n<p>D&#8217;autres m\u00e9dias d&#8217;\u00c9tat ont publi\u00e9 le m\u00eame clich\u00e9 dict\u00e9.<\/p>\n\n\n\n<p>Selon la version officielle, Armita Geravand s&#8217;est \u00e9vanouie \u00e0 la suite d&#8217;une chute soudaine de sa tension art\u00e9rielle alors qu&#8217;elle entrait dans un wagon de m\u00e9tro avec ses amis. Sa t\u00eate a heurt\u00e9 &#8220;le bord ext\u00e9rieur de la station&#8221; et elle a \u00e9t\u00e9 bless\u00e9e. Sa t\u00eate a \u00e9t\u00e9 frapp\u00e9e si violemment qu&#8217;elle a d&#8217;abord subi un arr\u00eat cardiaque, mais elle est revenue \u00e0 elle avec l&#8217;aide de plusieurs citoyens qui l&#8217;ont aid\u00e9e \u00e0 se r\u00e9animer.&nbsp;&nbsp;<\/p>\n\n\n\n<p>&#8220;Malheureusement, les l\u00e9sions c\u00e9r\u00e9brales l&#8217;ont plong\u00e9e dans le coma pendant un certain temps et elle est d\u00e9c\u00e9d\u00e9e il y a quelques minutes.<\/p>\n\n\n\n<p>&#8220;Selon l&#8217;avis officiel des m\u00e9decins, a ajout\u00e9 l&#8217;IRNA, Armita Geravand s&#8217;est effondr\u00e9e apr\u00e8s une chute soudaine de sa tension art\u00e9rielle, a subi une l\u00e9sion c\u00e9r\u00e9brale, suivie de convulsions continues, d&#8217;une diminution de l&#8217;oxyg\u00e9nation c\u00e9r\u00e9brale et d&#8217;un \u0153d\u00e8me c\u00e9r\u00e9bral.<\/p>\n\n\n<div class=\"wp-block-image\">\n<figure class=\"aligncenter size-large\"><img decoding=\"async\" src=\"data:image\/gif;base64,R0lGODlhAQABAIAAAAAAAP\/\/\/yH5BAEAAAAALAAAAAABAAEAAAIBRAA7\" data-src=\"https:\/\/wncri.org\/fr\/wp-content\/uploads\/2023\/10\/Death-of-Armita-Geravand-the-beloved-daughter-of-Iran-min-1024x512.jpg\" alt=\"la mort d'Armita Geravand\" class=\"wp-image-19225 lazyload\"\/><noscript><img decoding=\"async\" width=\"1024\" height=\"512\" src=\"https:\/\/wncri.org\/fr\/wp-content\/uploads\/2023\/10\/Death-of-Armita-Geravand-the-beloved-daughter-of-Iran-min-1024x512.jpg\" alt=\"la mort d'Armita Geravand\" class=\"wp-image-19225 lazyload\" srcset=\"https:\/\/wncri.org\/fr\/wp-content\/uploads\/2023\/10\/Death-of-Armita-Geravand-the-beloved-daughter-of-Iran-min-1024x512.jpg 1024w, https:\/\/wncri.org\/fr\/wp-content\/uploads\/2023\/10\/Death-of-Armita-Geravand-the-beloved-daughter-of-Iran-min-300x150.jpg 300w, https:\/\/wncri.org\/fr\/wp-content\/uploads\/2023\/10\/Death-of-Armita-Geravand-the-beloved-daughter-of-Iran-min-768x384.jpg 768w, https:\/\/wncri.org\/fr\/wp-content\/uploads\/2023\/10\/Death-of-Armita-Geravand-the-beloved-daughter-of-Iran-min-360x180.jpg 360w, https:\/\/wncri.org\/fr\/wp-content\/uploads\/2023\/10\/Death-of-Armita-Geravand-the-beloved-daughter-of-Iran-min-750x375.jpg 750w, https:\/\/wncri.org\/fr\/wp-content\/uploads\/2023\/10\/Death-of-Armita-Geravand-the-beloved-daughter-of-Iran-min.jpg 1140w\" sizes=\"(max-width: 1024px) 100vw, 1024px\" \/><\/noscript><figcaption class=\"wp-element-caption\">Armita Geravand\n<\/figcaption><\/figure>\n<\/div>\n\n\n<h3 class=\"wp-block-heading\"><strong>Contexte de la mort d&#8217;Armita Geravand<\/strong><\/h3>\n\n\n\n<p>Armita Geravand a \u00e9t\u00e9 brutalement agress\u00e9e par une patrouille en hijab dans le m\u00e9tro de T\u00e9h\u00e9ran vers 7 heures du matin le dimanche 1er octobre 2023, alors qu&#8217;elle et ses amies se rendaient \u00e0 l&#8217;\u00e9cole sans se couvrir les cheveux, selon des t\u00e9moins oculaires cit\u00e9s par <a href=\"https:\/\/www.theguardian.com\/world\/2023\/oct\/05\/armita-geravand-iran-cctv\" target=\"_blank\" rel=\"noreferrer noopener\">The Guardian<\/a>.<\/p>\n\n\n\n<p>La t\u00eate d&#8217;Armita saignait lorsque ses amis l&#8217;ont sortie du wagon du m\u00e9tro. Au bout de 45 minutes, une ambulance l&#8217;a emmen\u00e9e \u00e0 l&#8217;h\u00f4pital Fajr de l&#8217;arm\u00e9e de l&#8217;air, envahi par les forces de s\u00e9curit\u00e9 et des agents en civil.<\/p>\n\n\n\n<p>Une journaliste du Sharq Daily, <a href=\"https:\/\/wncri.org\/fr\/2023\/10\/03\/armita-geravand\/\" target=\"_blank\" rel=\"noreferrer noopener\">Maryam Lotfi<\/a>, qui s&#8217;est rendue \u00e0 l&#8217;h\u00f4pital pour pr\u00e9parer un reportage sur cet incident, a \u00e9t\u00e9 d\u00e9tenue pendant plusieurs heures.<\/p>\n\n\n\n<p>Le r\u00e9gime cl\u00e9rical a publi\u00e9 une vid\u00e9o trafiqu\u00e9e des cam\u00e9ras de vid\u00e9osurveillance dans le m\u00e9tro, mais pas les images de la cam\u00e9ra \u00e0 l&#8217;int\u00e9rieur du wagon de m\u00e9tro.<\/p>\n\n\n\n<p>Les <a href=\"https:\/\/wncri.org\/fr\/2023\/10\/05\/la-mere-darmita-geravand\/\" target=\"_blank\" rel=\"noreferrer noopener\">parents<\/a> n&#8217;ont pas \u00e9t\u00e9 autoris\u00e9s \u00e0 rendre visite \u00e0 Armita, et sa m\u00e8re, qui a tent\u00e9 de le faire, a \u00e9t\u00e9 temporairement arr\u00eat\u00e9e. Ils n&#8217;ont pu qu&#8217;apercevoir leur fille dans l&#8217;unit\u00e9 de soins intensifs.<\/p>\n\n\n\n<p>Armita Geravand est rest\u00e9e \u00e0 l&#8217;h\u00f4pital Fajr de T\u00e9h\u00e9ran sous haute surveillance.<\/p>\n\n\n\n<p>Le r\u00e9gime a m\u00eame chang\u00e9 sa chambre et tout le personnel m\u00e9dical qui s&#8217;occupait d&#8217;elle apr\u00e8s qu&#8217;une photo a \u00e9t\u00e9 diffus\u00e9e \u00e0 l&#8217;ext\u00e9rieur de l&#8217;h\u00f4pital, vraisemblablement par l&#8217;un des membres du personnel.<\/p>\n\n\n\n<p>Armita jouissait d&#8217;une excellente sant\u00e9 physique et mentale. Elle \u00e9tait non seulement une athl\u00e8te d\u00e9vou\u00e9e, ceinture noire du troisi\u00e8me degr\u00e9 en taekwondo et membre d&#8217;une \u00e9quipe d&#8217;arts martiaux \u00e0 T\u00e9h\u00e9ran, mais aussi une peintre passionn\u00e9e, profond\u00e9ment impliqu\u00e9e dans son art.<\/p>\n\n\n\n<h3 class=\"wp-block-heading\"><strong>Les pratiques criminelles des mollahs \u00e0 l&#8217;encontre des femmes n&#8217;ont rien \u00e0 voir avec l&#8217;islam<\/strong><\/h3>\n\n\n\n<p>Mme Maryam Radjavi, pr\u00e9sidente \u00e9lue du Conseil national de la R\u00e9sistance iranienne, a <a href=\"https:\/\/twitter.com\/Maryam_Rajavi_F\/status\/1718226379550892288\" target=\"_blank\" data-type=\"link\" data-id=\"https:\/\/twitter.com\/Maryam_Rajavi_F\/status\/1718226379550892288\" rel=\"noreferrer noopener\">pr\u00e9sent\u00e9 ses condol\u00e9ances<\/a> pour la perte d&#8217;Armita Geravand.<\/p>\n\n\n\n<p>&#8220;Une fois de plus, le fascisme religieux en Iran nous a enlev\u00e9 une jeune fille innocente sous pr\u00e9texte qu\u2019elle \u00e9tait \u00abmal-voil\u00e9e\u00bb.<\/p>\n\n\n\n<p>Les forces de s\u00e9curit\u00e9 veulent emp\u00eacher les protestations en encerclant l&#8217;h\u00f4pital et en prenant des mesures r\u00e9pressives, ignorant que le peuple et la jeunesse en Iran, en particulier les filles et les femmes, sont d\u00e9termin\u00e9s \u00e0 renverser le r\u00e9gime des mollahs et \u00e0 le remplacer par la d\u00e9mocratie et la souverainet\u00e9 populaire.<\/p>\n\n\n\n<p>Les politiques et actions inhumaines et misogynes des mollahs contre les femmes n&#8217;ont rien \u00e0 voir avec l&#8217;islam et le Coran et ne sont qu&#8217;un moyen de maintenir en place l\u2019ignoble dictature religieuse. Non \u00e0 la religion obligatoire, non au gouvernement obligatoire et au voile obligatoire !<\/p>\n\n\n<div class=\"wp-block-image\">\n<figure class=\"aligncenter size-large\"><img decoding=\"async\" src=\"data:image\/gif;base64,R0lGODlhAQABAIAAAAAAAP\/\/\/yH5BAEAAAAALAAAAAABAAEAAAIBRAA7\" data-src=\"https:\/\/wncri.org\/fr\/wp-content\/uploads\/2023\/10\/Death-of-Armita-Geravand-Maryam-Rajavi-FR-min-1024x512.jpg\" alt=\"la mort d'Armita Geravand\" class=\"wp-image-19224 lazyload\"\/><noscript><img decoding=\"async\" width=\"1024\" height=\"512\" src=\"https:\/\/wncri.org\/fr\/wp-content\/uploads\/2023\/10\/Death-of-Armita-Geravand-Maryam-Rajavi-FR-min-1024x512.jpg\" alt=\"la mort d'Armita Geravand\" class=\"wp-image-19224 lazyload\" srcset=\"https:\/\/wncri.org\/fr\/wp-content\/uploads\/2023\/10\/Death-of-Armita-Geravand-Maryam-Rajavi-FR-min-1024x512.jpg 1024w, https:\/\/wncri.org\/fr\/wp-content\/uploads\/2023\/10\/Death-of-Armita-Geravand-Maryam-Rajavi-FR-min-300x150.jpg 300w, https:\/\/wncri.org\/fr\/wp-content\/uploads\/2023\/10\/Death-of-Armita-Geravand-Maryam-Rajavi-FR-min-768x384.jpg 768w, https:\/\/wncri.org\/fr\/wp-content\/uploads\/2023\/10\/Death-of-Armita-Geravand-Maryam-Rajavi-FR-min-360x180.jpg 360w, https:\/\/wncri.org\/fr\/wp-content\/uploads\/2023\/10\/Death-of-Armita-Geravand-Maryam-Rajavi-FR-min-750x375.jpg 750w, https:\/\/wncri.org\/fr\/wp-content\/uploads\/2023\/10\/Death-of-Armita-Geravand-Maryam-Rajavi-FR-min.jpg 1140w\" sizes=\"(max-width: 1024px) 100vw, 1024px\" \/><\/noscript><\/figure>\n<\/div>\n\n\n<h3 class=\"wp-block-heading\"><strong>Les Iraniens demanderont justice pour la mort d&#8217;Armita Geravand<\/strong><\/h3>\n\n\n\n<p>Comme l&#8217;a not\u00e9 la Commission des femmes du CNRI il y a quelques jours, les sp\u00e9culations vont dans le sens d&#8217;une mort c\u00e9r\u00e9brale d\u00e8s le d\u00e9but, sinon, pourquoi les autorit\u00e9s ont-elles emp\u00each\u00e9 tout acc\u00e8s \u00e0 Armita, que ce soit par ses parents, ses amis ou des journalistes ? Pourquoi l&#8217;h\u00f4pital a-t-il \u00e9t\u00e9 plac\u00e9 sous un lourd barrage de s\u00e9curit\u00e9 ?<\/p>\n\n\n\n<p>Le r\u00e9gime cl\u00e9rical a orchestr\u00e9 l&#8217;annonce de la mort d&#8217;Armita Geravand pour le week-end, lorsque toutes les agences de presse internationales travaillent avec un personnel limit\u00e9 et que les gens sont en vacances, afin que la nouvelle soit compl\u00e8tement \u00e9clips\u00e9e par la mort et la destruction que le r\u00e9gime a caus\u00e9es au Moyen-Orient.<\/p>\n\n\n\n<p>Le peuple iranien, cependant, suit les nouvelles avec curiosit\u00e9. Il n&#8217;oublie pas que <a href=\"https:\/\/www.maryam-rajavi.com\/fr\/message-conf-etats-uni-senat-changement-regime-iran-paix-mondiale\/\" target=\"_blank\" rel=\"noreferrer noopener\">le renversement du r\u00e9gime cl\u00e9rical<\/a>, cause premi\u00e8re de la guerre et de la crise au Moyen-Orient, et le changement de r\u00e9gime en Iran sont indispensables non seulement \u00e0 la libert\u00e9 et au respect des droits de l&#8217;homme en Iran, mais aussi \u00e0 la paix et \u00e0 la s\u00e9curit\u00e9 r\u00e9gionales et mondiales.<\/p>\n\n\n\n<p>La commission des femmes du CNRI renouvelle son appel \u00e0 une enqu\u00eate ind\u00e9pendante sur ce meurtre d&#8217;\u00c9tat par le rapporteur sp\u00e9cial des Nations unies sur la violence \u00e0 l&#8217;\u00e9gard des femmes.<\/p>\n","protected":false},"excerpt":{"rendered":"<p>Apr\u00e8s tant de jours de tergiversations et de fuites d&#8217;informations contradictoires, le r\u00e9gime criminel iranien a finalement annonc\u00e9 la mort d&#8217;Armita Geravand, la fille bien-aim\u00e9e de l&#8217;Iran. Les autorit\u00e9s auraient refus\u00e9 de remettre le corps d&#8217;Armita \u00e0 sa famille. Elles insistent sur le fait que la famille n&#8217;est pas autoris\u00e9e \u00e0 transporter son corps \u00e0 [&hellip;]<\/p>\n","protected":false},"author":4,"featured_media":19223,"comment_status":"closed","ping_status":"closed","sticky":false,"template":"","format":"standard","meta":{"jnews-multi-image_gallery":[],"jnews_single_post":{"subtitle":"","format":"standard","video":"","gallery":"","source_name":"","source_url":"","via_name":"","via_url":"","override_template":"0","override":[{"template":"7","single_blog_custom":"","parallax":"1","fullscreen":"1","layout":"right-sidebar","sidebar":"default-sidebar","second_sidebar":"default-sidebar","sticky_sidebar":"1","share_position":"floatbottom","share_float_style":"share-normal","show_share_counter":"1","show_view_counter":"1","show_featured":"1","show_post_meta":"1","show_post_author":"0","show_post_author_image":"1","show_post_date":"1","post_date_format":"default","post_date_format_custom":"Y\/m\/d","show_post_category":"1","show_post_reading_time":"0","post_reading_time_wpm":"300","show_zoom_button":"0","zoom_button_out_step":"2","zoom_button_in_step":"3","show_post_tag":"1","show_prev_next_post":"0","show_popup_post":"1","number_popup_post":"1","show_author_box":"0","show_post_related":"1","show_inline_post_related":"0"}],"override_image_size":"0","image_override":[{"single_post_thumbnail_size":"crop-500","single_post_gallery_size":"crop-500"}],"trending_post":"0","trending_post_position":"meta","trending_post_label":"Trending","sponsored_post":"0","sponsored_post_label":"Sponsored by","sponsored_post_name":"","sponsored_post_url":"","sponsored_post_logo_enable":"0","sponsored_post_logo":"","sponsored_post_desc":"","disable_ad":"0"},"jnews_primary_category":{"id":"","hide":""},"jnews_social_meta":{"fb_title":"","fb_description":"","fb_image":"","twitter_title":"","twitter_description":"","twitter_image":""},"jnews_override_counter":{"override_view_counter":"0","view_counter_number":"0","override_share_counter":"0","share_counter_number":"0","override_like_counter":"0","like_counter_number":"0","override_dislike_counter":"0","dislike_counter_number":"0"},"footnotes":""},"categories":[8],"tags":[376,375],"class_list":["post-19222","post","type-post","status-publish","format-standard","has-post-thumbnail","hentry","category-articles","tag-violence-contre-les-femmes","tag-voile-obligatoire"],"_links":{"self":[{"href":"https:\/\/wncri.org\/fr\/wp-json\/wp\/v2\/posts\/19222","targetHints":{"allow":["GET"]}}],"collection":[{"href":"https:\/\/wncri.org\/fr\/wp-json\/wp\/v2\/posts"}],"about":[{"href":"https:\/\/wncri.org\/fr\/wp-json\/wp\/v2\/types\/post"}],"author":[{"embeddable":true,"href":"https:\/\/wncri.org\/fr\/wp-json\/wp\/v2\/users\/4"}],"replies":[{"embeddable":true,"href":"https:\/\/wncri.org\/fr\/wp-json\/wp\/v2\/comments?post=19222"}],"version-history":[{"count":1,"href":"https:\/\/wncri.org\/fr\/wp-json\/wp\/v2\/posts\/19222\/revisions"}],"predecessor-version":[{"id":19226,"href":"https:\/\/wncri.org\/fr\/wp-json\/wp\/v2\/posts\/19222\/revisions\/19226"}],"wp:featuredmedia":[{"embeddable":true,"href":"https:\/\/wncri.org\/fr\/wp-json\/wp\/v2\/media\/19223"}],"wp:attachment":[{"href":"https:\/\/wncri.org\/fr\/wp-json\/wp\/v2\/media?parent=19222"}],"wp:term":[{"taxonomy":"category","embeddable":true,"href":"https:\/\/wncri.org\/fr\/wp-json\/wp\/v2\/categories?post=19222"},{"taxonomy":"post_tag","embeddable":true,"href":"https:\/\/wncri.org\/fr\/wp-json\/wp\/v2\/tags?post=19222"}],"curies":[{"name":"wp","href":"https:\/\/api.w.org\/{rel}","templated":true}]}}