{"id":19216,"date":"2023-10-25T22:19:19","date_gmt":"2023-10-25T20:19:19","guid":{"rendered":"https:\/\/wncri.org\/fr\/?p=19216"},"modified":"2023-11-02T20:59:10","modified_gmt":"2023-11-02T19:59:10","slug":"armita-geravand-mort-cerebrale","status":"publish","type":"post","link":"https:\/\/wncri.org\/fr\/2023\/10\/25\/armita-geravand-mort-cerebrale\/","title":{"rendered":"Les m\u00e9dias d&#8217;\u00c9tat iraniens confirment qu&#8217;Armita Geravand est en \u00e9tat de mort c\u00e9r\u00e9brale, mais pas sa famille"},"content":{"rendered":"\n<h2 class=\"wp-block-heading\"><em>Le public reste dans l&#8217;ignorance car le r\u00e9gime continue de dissimuler la v\u00e9rit\u00e9 et de restreindre l&#8217;acc\u00e8s \u00e0 Armita Geravand ou \u00e0 sa famille.<\/em><\/h2>\n\n\n\n<p>Les m\u00e9dias d&#8217;\u00c9tat iraniens, notamment l&#8217;agence de presse Tasnim, le r\u00e9seau d&#8217;information de la R\u00e9publique islamique d&#8217;Iran (IRINN) et l&#8217;agence de presse Borna, ont annonc\u00e9 le dimanche 22 octobre 2023 qu&#8217;il \u00e9tait certain qu&#8217;Armita Geravand \u00e9tait en \u00e9tat de &#8220;mort c\u00e9r\u00e9brale&#8221;.<\/p>\n\n\n\n<p>L&#8217;IRINN a rapport\u00e9 que &#8220;le suivi de l&#8217;\u00e9tat de sant\u00e9 d&#8217;Armita Geravand indique que son \u00e9tat de mort c\u00e9r\u00e9brale semble certain malgr\u00e9 les efforts du personnel m\u00e9dical&#8221;.<\/p>\n\n\n\n<p>Ces informations ont \u00e9t\u00e9 suivies de d\u00e9clarations contradictoires \u00e9manant d&#8217;autres sources.<\/p>\n\n\n\n<p>Le groupe Hengaw, bas\u00e9 en Norv\u00e8ge, qui a \u00e9t\u00e9 le premier \u00e0 parler d&#8217;Armita Geravand, a cit\u00e9 une interview de son p\u00e8re, Bahman Geravand, qui a d\u00e9clar\u00e9 : &#8220;L&#8217;\u00e9quipe m\u00e9dicale d&#8217;Armita nous a inform\u00e9s que son cerveau ne fonctionnait plus et qu&#8217;il n&#8217;y avait aucun espoir de gu\u00e9rison&#8221;.<\/p>\n\n\n\n<p>Cependant, Radio Farda, la branche persane de Radio Free Europe\/Radio Liberty (RFE\/RL), financ\u00e9e par le gouvernement am\u00e9ricain, a cit\u00e9 deux membres de la famille d&#8217;Armita le m\u00eame jour, le 22 octobre, qui ont ni\u00e9 qu&#8217;elle \u00e9tait &#8220;en \u00e9tat de mort c\u00e9r\u00e9brale&#8221;. Mais ils ont ajout\u00e9 que &#8220;rien ne pouvait \u00eatre fait pour elle \u00e0 ce stade&#8221; et que &#8220;tout est entre les mains de Dieu&#8221;.<\/p>\n\n\n\n<p>Les 2 membres de la famille ont exprim\u00e9 &#8220;l&#8217;espoir qu&#8217;elle revienne&#8221;. Ils ont d\u00e9clar\u00e9 que l&#8217;\u00e9quipe m\u00e9dicale leur avait assur\u00e9 &#8220;que si Armita \u00e9tait en \u00e9tat de mort c\u00e9r\u00e9brale, ils ne se seraient pas occup\u00e9s d&#8217;elle jusqu&#8217;\u00e0 aujourd&#8217;hui&#8221;.<\/p>\n\n\n\n<p>Selon d&#8217;autres informations non v\u00e9rifi\u00e9es, les appareils ont \u00e9t\u00e9 <a href=\"https:\/\/twitter.com\/iranhrs99\/status\/1716555793284079635\" target=\"_blank\" rel=\"noreferrer noopener\">d\u00e9branch\u00e9s \u00e0 19 heures<\/a> le dimanche 22 octobre et elle a \u00e9t\u00e9 transf\u00e9r\u00e9e \u00e0 la morgue. On a dit \u00e0 sa famille de se pr\u00e9parer \u00e0 son enterrement. Les services des renseignements exerceraient des pressions sur la famille en ce qui concerne le lieu de l&#8217;enterrement.<\/p>\n\n\n<div class=\"wp-block-image\">\n<figure class=\"aligncenter size-large\"><img decoding=\"async\" src=\"data:image\/gif;base64,R0lGODlhAQABAIAAAAAAAP\/\/\/yH5BAEAAAAALAAAAAABAAEAAAIBRAA7\" data-src=\"https:\/\/wncri.org\/fr\/wp-content\/uploads\/2023\/10\/Armita-Geravand-1-min-1024x512.jpg\" alt=\"mort c\u00e9r\u00e9brale Armita Geravand 16 ans\" class=\"wp-image-19124 lazyload\"\/><noscript><img decoding=\"async\" width=\"1024\" height=\"512\" src=\"https:\/\/wncri.org\/fr\/wp-content\/uploads\/2023\/10\/Armita-Geravand-1-min-1024x512.jpg\" alt=\"mort c\u00e9r\u00e9brale Armita Geravand 16 ans\" class=\"wp-image-19124 lazyload\" srcset=\"https:\/\/wncri.org\/fr\/wp-content\/uploads\/2023\/10\/Armita-Geravand-1-min-1024x512.jpg 1024w, https:\/\/wncri.org\/fr\/wp-content\/uploads\/2023\/10\/Armita-Geravand-1-min-300x150.jpg 300w, https:\/\/wncri.org\/fr\/wp-content\/uploads\/2023\/10\/Armita-Geravand-1-min-768x384.jpg 768w, https:\/\/wncri.org\/fr\/wp-content\/uploads\/2023\/10\/Armita-Geravand-1-min-360x180.jpg 360w, https:\/\/wncri.org\/fr\/wp-content\/uploads\/2023\/10\/Armita-Geravand-1-min-750x375.jpg 750w, https:\/\/wncri.org\/fr\/wp-content\/uploads\/2023\/10\/Armita-Geravand-1-min.jpg 1140w\" sizes=\"(max-width: 1024px) 100vw, 1024px\" \/><\/noscript><figcaption class=\"wp-element-caption\">De nouveaux d\u00e9tails surgissent alors qu&#8217;Armita Geravand, \u00e2g\u00e9e de 16 ans, lutte pour sa vie.<\/figcaption><\/figure>\n<\/div>\n\n\n<h3 class=\"wp-block-heading\"><strong>Qu&#8217;est-il arriv\u00e9 \u00e0 Armita Geravand ?<\/strong><\/h3>\n\n\n\n<p>Armita Geravand aurait \u00e9t\u00e9 attaqu\u00e9e par des <a href=\"https:\/\/wncri.org\/fr\/2023\/08\/07\/la-municipalite-de-teheran\/\" target=\"_blank\" rel=\"noreferrer noopener\">gardes du hijab<\/a> dans le m\u00e9tro de T\u00e9h\u00e9ran le dimanche 1er octobre 2023, selon des t\u00e9moins oculaires cit\u00e9s par <a href=\"https:\/\/www.theguardian.com\/world\/2023\/oct\/05\/armita-geravand-iran-cctv\" target=\"_blank\" rel=\"noreferrer noopener\">The Guardian<\/a>.<\/p>\n\n\n\n<p>La t\u00eate d&#8217;Armita saignait lorsque ses amis l&#8217;ont sortie du wagon. Au bout de 45 minutes, une ambulance l&#8217;a emmen\u00e9e \u00e0 l&#8217;h\u00f4pital Fajr de l&#8217;arm\u00e9e de l&#8217;air, envahi par les forces de s\u00e9curit\u00e9 et des agents en civil.<\/p>\n\n\n\n<p>Une journaliste du Sharq Daily<a href=\"https:\/\/wncri.org\/fr\/2023\/10\/03\/armita-geravand\/\" target=\"_blank\" rel=\"noreferrer noopener\">, Maryam Lotfi<\/a>, qui s&#8217;est rendue \u00e0 l&#8217;h\u00f4pital pour pr\u00e9parer un article sur cet incident, a \u00e9t\u00e9 d\u00e9tenue pendant plusieurs heures.<\/p>\n\n\n\n<p>Le r\u00e9gime cl\u00e9rical a publi\u00e9 une vid\u00e9o trafiqu\u00e9e des cam\u00e9ras de vid\u00e9osurveillance dans le m\u00e9tro, mais pas les images de la cam\u00e9ra \u00e0 l&#8217;int\u00e9rieur du wagon de m\u00e9tro.<\/p>\n\n\n\n<p>La version officielle est qu&#8217;Armita s&#8217;est \u00e9vanouie dans le wagon du m\u00e9tro parce qu&#8217;elle n&#8217;avait pas pris de petit-d\u00e9jeuner et qu&#8217;elle a eu une chute soudaine de sa tension art\u00e9rielle. Les autorit\u00e9s affirment qu&#8217;il n&#8217;y a pas eu d&#8217;altercation dans la station de m\u00e9tro avec Armita.<\/p>\n\n\n\n<p>L&#8217;agence de presse officielle du r\u00e9gime, l&#8217;IRNA, a interrog\u00e9 ses parents et ses amis qui ont confirm\u00e9 qu&#8217;elle s&#8217;\u00e9tait \u00e9vanouie. Une femme accompagnant les parents d&#8217;Armita lors de leur premier entretien a \u00e9t\u00e9 identifi\u00e9e par la suite comme \u00e9tant un membre du Bassidj du Corps des gardiens de la r\u00e9volution islamique, se faisant passer pour une parente.<\/p>\n\n\n\n<p>Les parents n&#8217;ont pas \u00e9t\u00e9 autoris\u00e9s \u00e0 rendre visite \u00e0 Armita, et <a href=\"https:\/\/wncri.org\/fr\/2023\/10\/05\/la-mere-darmita-geravand\/\" target=\"_blank\" rel=\"noreferrer noopener\">sa m\u00e8re<\/a>, qui a tent\u00e9 de le faire, a \u00e9t\u00e9 temporairement arr\u00eat\u00e9e. Ils n&#8217;ont pu qu&#8217;apercevoir leur fille dans l&#8217;unit\u00e9 de soins intensifs.<\/p>\n\n\n\n<p>Armita est rest\u00e9e \u00e0 l&#8217;h\u00f4pital Fajr de T\u00e9h\u00e9ran sous haute surveillance.<\/p>\n\n\n\n<p>Le r\u00e9gime a m\u00eame chang\u00e9 sa chambre et tout le personnel m\u00e9dical qui s&#8217;occupe d&#8217;elle, apr\u00e8s qu&#8217;une photo a \u00e9t\u00e9 diffus\u00e9e \u00e0 l&#8217;ext\u00e9rieur de l&#8217;h\u00f4pital, vraisemblablement par l&#8217;un des membres du personnel.<\/p>\n\n\n<div class=\"wp-block-image\">\n<figure class=\"aligncenter size-large\"><img decoding=\"async\" src=\"data:image\/gif;base64,R0lGODlhAQABAIAAAAAAAP\/\/\/yH5BAEAAAAALAAAAAABAAEAAAIBRAA7\" data-src=\"https:\/\/wncri.org\/fr\/wp-content\/uploads\/2023\/10\/Armita-Geravand-2-min-1024x576.jpg\" alt=\"mort c\u00e9r\u00e9brale Armita Geravand, 16 ans, a-t-elle subi le sort de Zhina Mahsa Amini ?\" class=\"wp-image-19104 lazyload\"\/><noscript><img decoding=\"async\" width=\"1024\" height=\"576\" src=\"https:\/\/wncri.org\/fr\/wp-content\/uploads\/2023\/10\/Armita-Geravand-2-min-1024x576.jpg\" alt=\"mort c\u00e9r\u00e9brale Armita Geravand, 16 ans, a-t-elle subi le sort de Zhina Mahsa Amini ?\" class=\"wp-image-19104 lazyload\" srcset=\"https:\/\/wncri.org\/fr\/wp-content\/uploads\/2023\/10\/Armita-Geravand-2-min-1024x576.jpg 1024w, https:\/\/wncri.org\/fr\/wp-content\/uploads\/2023\/10\/Armita-Geravand-2-min-300x169.jpg 300w, https:\/\/wncri.org\/fr\/wp-content\/uploads\/2023\/10\/Armita-Geravand-2-min-768x432.jpg 768w, https:\/\/wncri.org\/fr\/wp-content\/uploads\/2023\/10\/Armita-Geravand-2-min-750x422.jpg 750w, https:\/\/wncri.org\/fr\/wp-content\/uploads\/2023\/10\/Armita-Geravand-2-min-1140x641.jpg 1140w, https:\/\/wncri.org\/fr\/wp-content\/uploads\/2023\/10\/Armita-Geravand-2-min.jpg 1200w\" sizes=\"(max-width: 1024px) 100vw, 1024px\" \/><\/noscript><\/figure>\n<\/div>\n\n\n<h3 class=\"wp-block-heading\"><strong>Les signes vitaux auraient baiss\u00e9 le 11 octobre<\/strong><\/h3>\n\n\n\n<p>Le 11 octobre 2023, un site web officiel affili\u00e9 au minist\u00e8re des sports et de la jeunesse du r\u00e9gime cl\u00e9rical a annonc\u00e9 que les signes vitaux relativement stables d&#8217;Armita Geravand avaient chang\u00e9 au cours des derniers jours et que son \u00e9tat s&#8217;\u00e9tait quelque peu d\u00e9t\u00e9rior\u00e9.<\/p>\n\n\n\n<p>Le texte de l&#8217;agence de presse gouvernementale BORNA, qui a \u00e9t\u00e9 retir\u00e9 apr\u00e8s sa publication, indique que les efforts de l&#8217;\u00e9quipe m\u00e9dicale pour aider l&#8217;\u00e9tudiante de 16 ans \u00e0 se r\u00e9tablir se poursuivent.<\/p>\n\n\n\n<p>Malgr\u00e9 le retrait de la publication, certains m\u00e9dias d&#8217;\u00c9tat, dont khabaronline.ir et hamshahrionline.ir, ont publi\u00e9 l&#8217;information en citant l&#8217;agence BORNA.<\/p>\n\n\n\n<p>Selon les m\u00e9dias sociaux, l&#8217;\u00e9quipe m\u00e9dicale qui s&#8217;occupe d&#8217;Armita Geravand a d\u00e9clar\u00e9 aux forces de s\u00e9curit\u00e9 bas\u00e9es \u00e0 l&#8217;h\u00f4pital Fajr qu&#8217;\u00e9tant donn\u00e9 qu&#8217;elle n&#8217;a plus de r\u00e9actions ni de signes vitaux, elle est tr\u00e8s certainement en \u00e9tat de mort c\u00e9r\u00e9brale.<\/p>\n\n\n\n<p>Ils ont ajout\u00e9 que le fait qu&#8217;elle soit toujours connect\u00e9e \u00e0 des appareils m\u00e9dicaux n&#8217;\u00e9tait plus justifi\u00e9 et que sa famille devait \u00eatre inform\u00e9e de sa mort c\u00e9r\u00e9brale, c&#8217;est-\u00e0-dire de son d\u00e9c\u00e8s.&nbsp;<\/p>\n\n\n\n<p>En r\u00e9action \u00e0 cette nouvelle, Mme Sarvnaz Chitsaz, pr\u00e9sidente de la Commission des femmes du CNRI, a d\u00e9clar\u00e9 : &#8220;Les informations diffus\u00e9es par les sites Internet d&#8217;\u00c9tat sur la d\u00e9t\u00e9rioration de l&#8217;\u00e9tat d&#8217;Armita Geravand pourraient \u00eatre une pr\u00e9paration \u00e0 l&#8217;annonce de sa mort. Il est toutefois surprenant que le r\u00e9gime n&#8217;ait pas officiellement donn\u00e9 d&#8217;informations sp\u00e9cifiques sur l&#8217;\u00e9tat de sant\u00e9 d&#8217;Armita, 16 ans, avant le mercredi 11 octobre au soir, alors qu&#8217;il avait d\u00e9clar\u00e9 qu&#8217;elle \u00e9tait dans le coma une semaine auparavant.<\/p>\n\n\n\n<p>&#8220;Il est clair que le r\u00e9gime a un sc\u00e9nario sp\u00e9cifique pour dissimuler la v\u00e9rit\u00e9 sur Armita, compte tenu de l&#8217;exp\u00e9rience de Zhina (Mahsa) Amini. Il est \u00e0 noter que le r\u00e9gime a \u00e9vit\u00e9 de donner une r\u00e9ponse claire, m\u00eame aux repr\u00e9sentants et aux fonctionnaires des Nations unies&#8221;.<\/p>\n\n\n<div class=\"wp-block-image\">\n<figure class=\"aligncenter size-large\"><img decoding=\"async\" src=\"data:image\/gif;base64,R0lGODlhAQABAIAAAAAAAP\/\/\/yH5BAEAAAAALAAAAAABAAEAAAIBRAA7\" data-src=\"https:\/\/wncri.org\/fr\/wp-content\/uploads\/2023\/10\/Armita-Geravand-3-min-1024x576.jpg\" alt=\"mort c\u00e9r\u00e9brale Armita Geravand, 16 ans, a-t-elle subi le sort de Zhina Mahsa Amini ?\" class=\"wp-image-19105 lazyload\"\/><noscript><img decoding=\"async\" width=\"1024\" height=\"576\" src=\"https:\/\/wncri.org\/fr\/wp-content\/uploads\/2023\/10\/Armita-Geravand-3-min-1024x576.jpg\" alt=\"mort c\u00e9r\u00e9brale Armita Geravand, 16 ans, a-t-elle subi le sort de Zhina Mahsa Amini ?\" class=\"wp-image-19105 lazyload\" srcset=\"https:\/\/wncri.org\/fr\/wp-content\/uploads\/2023\/10\/Armita-Geravand-3-min-1024x576.jpg 1024w, https:\/\/wncri.org\/fr\/wp-content\/uploads\/2023\/10\/Armita-Geravand-3-min-300x169.jpg 300w, https:\/\/wncri.org\/fr\/wp-content\/uploads\/2023\/10\/Armita-Geravand-3-min-768x432.jpg 768w, https:\/\/wncri.org\/fr\/wp-content\/uploads\/2023\/10\/Armita-Geravand-3-min-750x422.jpg 750w, https:\/\/wncri.org\/fr\/wp-content\/uploads\/2023\/10\/Armita-Geravand-3-min-1140x641.jpg 1140w, https:\/\/wncri.org\/fr\/wp-content\/uploads\/2023\/10\/Armita-Geravand-3-min.jpg 1200w\" sizes=\"(max-width: 1024px) 100vw, 1024px\" \/><\/noscript><figcaption class=\"wp-element-caption\">Les parents d&#8217;Armita<\/figcaption><\/figure>\n<\/div>\n\n\n<h3 class=\"wp-block-heading\"><strong>Des preuves de plus en plus nombreuses d&#8217;une dissimulation officielle<\/strong><\/h3>\n\n\n\n<p>Le 4 octobre, la pr\u00e9sidente \u00e9lue du CNRI, Mme Maryam Radjavi, a demand\u00e9 au <a href=\"https:\/\/twitter.com\/Maryam_Rajavi\/status\/1709499737940840885\" target=\"_blank\" rel=\"noreferrer noopener\">rapporteur sp\u00e9cial des Nations unies<\/a> sur la violence contre les femmes de s&#8217;enqu\u00e9rir rapidement de l&#8217;\u00e9tat de sant\u00e9 d&#8217;Armita et d&#8217;envoyer un repr\u00e9sentant pour rendre visite \u00e0 la jeune fille innocente avant qu&#8217;il ne soit trop tard.<\/p>\n\n\n\n<p>Elle a d\u00e9clar\u00e9 : &#8220;Si le r\u00e9gime cl\u00e9rical n&#8217;a rien \u00e0 cacher dans le cas d&#8217;Armita Geravand, 16 ans, pourquoi encerclent-ils l&#8217;h\u00f4pital et emp\u00eachent-ils les journalistes ind\u00e9pendants d&#8217;y acc\u00e9der ?<\/p>\n\n\n\n<p><a href=\"https:\/\/www.amnesty.org\/en\/latest\/news\/2023\/10\/iran-independent-investigation-into-schoolgirls-critical-injuries-needed-amid-mounting-evidence-of-a-cover-up\/\" target=\"_blank\" rel=\"noreferrer noopener\">Le vendredi 6 octobre, Amnesty International<\/a> a lanc\u00e9 un appel pour qu&#8217;une enqu\u00eate ind\u00e9pendante soit men\u00e9e sur ce qui est arriv\u00e9 \u00e0 Armita Geravand, affirmant qu&#8217;il y avait &#8220;de plus en plus de preuves d&#8217;une dissimulation de la part des autorit\u00e9s&#8221;.<\/p>\n\n\n\n<p>Amnesty International a d\u00e9clar\u00e9 avoir analys\u00e9 des images publi\u00e9es par les m\u00e9dias iraniens qui pr\u00e9tendent montrer qu&#8217;il n&#8217;y a pas eu d&#8217;altercation et a constat\u00e9 que les images ont \u00e9t\u00e9 mont\u00e9es, que la fr\u00e9quence des images a \u00e9t\u00e9 augment\u00e9e et qu&#8217;il manque plus de trois minutes d&#8217;images.<\/p>\n\n\n\n<p>Amnesty International s&#8217;est d\u00e9clar\u00e9e &#8220;tr\u00e8s pr\u00e9occup\u00e9e&#8221; par le fait que la famille et les amis de Geravand &#8220;ont \u00e9t\u00e9 contraints d&#8217;appara\u00eetre dans des vid\u00e9os de propagande et de r\u00e9it\u00e9rer le discours de l&#8217;\u00c9tat sous la contrainte et sous la menace de repr\u00e9sailles&#8221;.<\/p>\n\n\n\n<h3 class=\"wp-block-heading\"><strong>Le r\u00e9gime iranien se m\u00e9fie des protestations apr\u00e8s la mort d&#8217;Armita<\/strong><\/h3>\n\n\n\n<p>Armita Geravand n&#8217;a subi aucune op\u00e9ration depuis son admission \u00e0 l&#8217;h\u00f4pital Fajr le 1er octobre 2023, son \u00e9tat ayant \u00e9t\u00e9 jug\u00e9 trop fragile.<\/p>\n\n\n\n<p>On suppose qu&#8217;elle \u00e9tait morte depuis le d\u00e9but, sinon pourquoi les autorit\u00e9s ont-elles emp\u00each\u00e9 ses parents, ses amis et les journalistes d&#8217;avoir acc\u00e8s \u00e0 Armita ? Pourquoi l&#8217;h\u00f4pital a-t-il \u00e9t\u00e9 plac\u00e9 sous haute surveillance ?<\/p>\n\n\n\n<p>Le r\u00e9gime iranien craint que la nouvelle de la mort d&#8217;Armita Geravand ne ravive des protestations nationales similaires \u00e0 celles d\u00e9clench\u00e9es par la mort de Mahsa Amini alors qu&#8217;elle \u00e9tait d\u00e9tenue par la &#8220;police de la moralit\u00e9&#8221; en septembre de l&#8217;ann\u00e9e derni\u00e8re et qui se sont poursuivies pendant des mois.<\/p>\n\n\n\n<p>En diffusant des rapports contradictoires, le r\u00e9gime tente de r\u00e9duire la sensibilit\u00e9 de la soci\u00e9t\u00e9 \u00e0 cette question et d&#8217;emp\u00eacher l&#8217;\u00e9clatement de l&#8217;indignation publique.<\/p>\n\n\n\n<p>La commission des femmes du CNRI renouvelle l&#8217;appel de la R\u00e9sistance iranienne \u00e0 une enqu\u00eate ind\u00e9pendante men\u00e9e par le rapporteur sp\u00e9cial des Nations unies sur la violence \u00e0 l&#8217;\u00e9gard des femmes afin de d\u00e9couvrir la v\u00e9rit\u00e9.<\/p>\n","protected":false},"excerpt":{"rendered":"<p>Le public reste dans l&#8217;ignorance car le r\u00e9gime continue de dissimuler la v\u00e9rit\u00e9 et de restreindre l&#8217;acc\u00e8s \u00e0 Armita Geravand ou \u00e0 sa famille. Les m\u00e9dias d&#8217;\u00c9tat iraniens, notamment l&#8217;agence de presse Tasnim, le r\u00e9seau d&#8217;information de la R\u00e9publique islamique d&#8217;Iran (IRINN) et l&#8217;agence de presse Borna, ont annonc\u00e9 le dimanche 22 octobre 2023 qu&#8217;il [&hellip;]<\/p>\n","protected":false},"author":4,"featured_media":19217,"comment_status":"closed","ping_status":"closed","sticky":false,"template":"","format":"standard","meta":{"jnews-multi-image_gallery":[],"jnews_single_post":{"subtitle":"","format":"standard","video":"","gallery":"","source_name":"","source_url":"","via_name":"","via_url":"","override_template":"0","override":[{"template":"7","single_blog_custom":"","parallax":"1","fullscreen":"1","layout":"right-sidebar","sidebar":"default-sidebar","second_sidebar":"default-sidebar","sticky_sidebar":"1","share_position":"floatbottom","share_float_style":"share-normal","show_share_counter":"1","show_view_counter":"1","show_featured":"1","show_post_meta":"1","show_post_author":"0","show_post_author_image":"1","show_post_date":"1","post_date_format":"default","post_date_format_custom":"Y\/m\/d","show_post_category":"1","show_post_reading_time":"0","post_reading_time_wpm":"300","show_zoom_button":"0","zoom_button_out_step":"2","zoom_button_in_step":"3","show_post_tag":"1","show_prev_next_post":"0","show_popup_post":"1","number_popup_post":"1","show_author_box":"0","show_post_related":"1","show_inline_post_related":"0"}],"override_image_size":"0","image_override":[{"single_post_thumbnail_size":"crop-500","single_post_gallery_size":"crop-500"}],"trending_post":"0","trending_post_position":"meta","trending_post_label":"Trending","sponsored_post":"0","sponsored_post_label":"Sponsored by","sponsored_post_name":"","sponsored_post_url":"","sponsored_post_logo_enable":"0","sponsored_post_logo":"","sponsored_post_desc":"","disable_ad":"0"},"jnews_primary_category":{"id":"","hide":""},"jnews_social_meta":{"fb_title":"","fb_description":"","fb_image":"","twitter_title":"","twitter_description":"","twitter_image":""},"jnews_override_counter":{"override_view_counter":"0","view_counter_number":"0","override_share_counter":"0","share_counter_number":"0","override_like_counter":"0","like_counter_number":"0","override_dislike_counter":"0","dislike_counter_number":"0"},"footnotes":""},"categories":[8],"tags":[376,375],"class_list":["post-19216","post","type-post","status-publish","format-standard","has-post-thumbnail","hentry","category-articles","tag-violence-contre-les-femmes","tag-voile-obligatoire"],"_links":{"self":[{"href":"https:\/\/wncri.org\/fr\/wp-json\/wp\/v2\/posts\/19216","targetHints":{"allow":["GET"]}}],"collection":[{"href":"https:\/\/wncri.org\/fr\/wp-json\/wp\/v2\/posts"}],"about":[{"href":"https:\/\/wncri.org\/fr\/wp-json\/wp\/v2\/types\/post"}],"author":[{"embeddable":true,"href":"https:\/\/wncri.org\/fr\/wp-json\/wp\/v2\/users\/4"}],"replies":[{"embeddable":true,"href":"https:\/\/wncri.org\/fr\/wp-json\/wp\/v2\/comments?post=19216"}],"version-history":[{"count":2,"href":"https:\/\/wncri.org\/fr\/wp-json\/wp\/v2\/posts\/19216\/revisions"}],"predecessor-version":[{"id":19219,"href":"https:\/\/wncri.org\/fr\/wp-json\/wp\/v2\/posts\/19216\/revisions\/19219"}],"wp:featuredmedia":[{"embeddable":true,"href":"https:\/\/wncri.org\/fr\/wp-json\/wp\/v2\/media\/19217"}],"wp:attachment":[{"href":"https:\/\/wncri.org\/fr\/wp-json\/wp\/v2\/media?parent=19216"}],"wp:term":[{"taxonomy":"category","embeddable":true,"href":"https:\/\/wncri.org\/fr\/wp-json\/wp\/v2\/categories?post=19216"},{"taxonomy":"post_tag","embeddable":true,"href":"https:\/\/wncri.org\/fr\/wp-json\/wp\/v2\/tags?post=19216"}],"curies":[{"name":"wp","href":"https:\/\/api.w.org\/{rel}","templated":true}]}}