{"id":19144,"date":"2023-10-11T23:40:00","date_gmt":"2023-10-11T21:40:00","guid":{"rendered":"https:\/\/wncri.org\/fr\/?p=19144"},"modified":"2023-10-13T14:05:33","modified_gmt":"2023-10-13T12:05:33","slug":"signes-vitaux-darmita-geravand","status":"publish","type":"post","link":"https:\/\/wncri.org\/fr\/2023\/10\/11\/signes-vitaux-darmita-geravand\/","title":{"rendered":"Les signes vitaux d&#8217;Armita Geravand diminuent, des rapports de mort c\u00e9r\u00e9brale apparaissent"},"content":{"rendered":"\n<h2 class=\"wp-block-heading\">L&#8217;\u00e9quipe m\u00e9dicale de l&#8217;h\u00f4pital Fajr a d\u00e9clar\u00e9 aux forces de s\u00e9curit\u00e9 que les signes vitaux d&#8217;Armita Geravand avaient diminu\u00e9 et qu&#8217;il n&#8217;\u00e9tait plus n\u00e9cessaire de la maintenir connect\u00e9e aux appareils m\u00e9dicaux.<\/h2>\n\n\n\n<p>Un site web officiel affili\u00e9 au minist\u00e8re des sports et de la jeunesse du r\u00e9gime cl\u00e9rical a annonc\u00e9 il y a quelques heures, mercredi 11 octobre 2023, que les signes vitaux relativement stables d&#8217;Armita Geravand avaient chang\u00e9 au cours des derniers jours et que son \u00e9tat s&#8217;\u00e9tait d\u00e9t\u00e9rior\u00e9 dans une certaine mesure.<\/p>\n\n\n\n<p>Le texte de l&#8217;agence de presse gouvernementale BORNA, qui a \u00e9t\u00e9 supprim\u00e9 apr\u00e8s sa publication, indique que les efforts de l&#8217;\u00e9quipe m\u00e9dicale pour aider l&#8217;\u00e9tudiante de 16 ans \u00e0 se r\u00e9tablir se poursuivent.<\/p>\n\n\n<div class=\"wp-block-image\">\n<figure class=\"aligncenter size-large\"><img decoding=\"async\" src=\"data:image\/gif;base64,R0lGODlhAQABAIAAAAAAAP\/\/\/yH5BAEAAAAALAAAAAABAAEAAAIBRAA7\" data-src=\"https:\/\/wncri.org\/fr\/wp-content\/uploads\/2023\/10\/Brona-news-min-1024x512.jpg\" alt=\"Les signes vitaux d'Armita Geravand diminuent, des rapports de mort c\u00e9r\u00e9brale apparaissent\" class=\"wp-image-19148 lazyload\"\/><noscript><img decoding=\"async\" width=\"1024\" height=\"512\" src=\"https:\/\/wncri.org\/fr\/wp-content\/uploads\/2023\/10\/Brona-news-min-1024x512.jpg\" alt=\"Les signes vitaux d'Armita Geravand diminuent, des rapports de mort c\u00e9r\u00e9brale apparaissent\" class=\"wp-image-19148 lazyload\" srcset=\"https:\/\/wncri.org\/fr\/wp-content\/uploads\/2023\/10\/Brona-news-min-1024x512.jpg 1024w, https:\/\/wncri.org\/fr\/wp-content\/uploads\/2023\/10\/Brona-news-min-300x150.jpg 300w, https:\/\/wncri.org\/fr\/wp-content\/uploads\/2023\/10\/Brona-news-min-768x384.jpg 768w, https:\/\/wncri.org\/fr\/wp-content\/uploads\/2023\/10\/Brona-news-min-360x180.jpg 360w, https:\/\/wncri.org\/fr\/wp-content\/uploads\/2023\/10\/Brona-news-min-750x375.jpg 750w, https:\/\/wncri.org\/fr\/wp-content\/uploads\/2023\/10\/Brona-news-min.jpg 1140w\" sizes=\"(max-width: 1024px) 100vw, 1024px\" \/><\/noscript><\/figure>\n<\/div>\n\n\n<p>Malgr\u00e9 le retrait de la d\u00e9p\u00eache, certains m\u00e9dias d&#8217;\u00c9tat, dont khabaronline.ir et hamshahrionline.ir, ont publi\u00e9 l&#8217;information en citant BORNA.<\/p>\n\n\n<div class=\"wp-block-image\">\n<figure class=\"aligncenter size-large\"><img decoding=\"async\" src=\"data:image\/gif;base64,R0lGODlhAQABAIAAAAAAAP\/\/\/yH5BAEAAAAALAAAAAABAAEAAAIBRAA7\" data-src=\"https:\/\/wncri.org\/fr\/wp-content\/uploads\/2023\/10\/Khabaronline-hamshahrionline-min-1024x512.jpg\" alt=\"Les signes vitaux d'Armita Geravand diminuent, des rapports de mort c\u00e9r\u00e9brale apparaissent\" class=\"wp-image-19145 lazyload\"\/><noscript><img decoding=\"async\" width=\"1024\" height=\"512\" src=\"https:\/\/wncri.org\/fr\/wp-content\/uploads\/2023\/10\/Khabaronline-hamshahrionline-min-1024x512.jpg\" alt=\"Les signes vitaux d'Armita Geravand diminuent, des rapports de mort c\u00e9r\u00e9brale apparaissent\" class=\"wp-image-19145 lazyload\" srcset=\"https:\/\/wncri.org\/fr\/wp-content\/uploads\/2023\/10\/Khabaronline-hamshahrionline-min-1024x512.jpg 1024w, https:\/\/wncri.org\/fr\/wp-content\/uploads\/2023\/10\/Khabaronline-hamshahrionline-min-300x150.jpg 300w, https:\/\/wncri.org\/fr\/wp-content\/uploads\/2023\/10\/Khabaronline-hamshahrionline-min-768x384.jpg 768w, https:\/\/wncri.org\/fr\/wp-content\/uploads\/2023\/10\/Khabaronline-hamshahrionline-min-360x180.jpg 360w, https:\/\/wncri.org\/fr\/wp-content\/uploads\/2023\/10\/Khabaronline-hamshahrionline-min-750x375.jpg 750w, https:\/\/wncri.org\/fr\/wp-content\/uploads\/2023\/10\/Khabaronline-hamshahrionline-min.jpg 1140w\" sizes=\"(max-width: 1024px) 100vw, 1024px\" \/><\/noscript><\/figure>\n<\/div>\n\n\n<p>Selon les m\u00e9dias sociaux, l&#8217;\u00e9quipe m\u00e9dicale qui s&#8217;occupe d&#8217;Armita Geravand a d\u00e9clar\u00e9 aux forces de s\u00e9curit\u00e9 bas\u00e9es \u00e0 l&#8217;h\u00f4pital Fajr qu&#8217;\u00e9tant donn\u00e9 qu&#8217;elle n&#8217;a plus de r\u00e9actions ni de signes vitaux, elle est tr\u00e8s certainement en \u00e9tat de mort c\u00e9r\u00e9brale.<\/p>\n\n\n\n<p>Ils ont ajout\u00e9 que le fait qu&#8217;elle soit toujours connect\u00e9e \u00e0 des appareils m\u00e9dicaux n&#8217;\u00e9tait plus justifi\u00e9 et que sa famille devait \u00eatre inform\u00e9e de sa mort c\u00e9r\u00e9brale, c&#8217;est-\u00e0-dire de sa mort tout court.&nbsp;<\/p>\n\n\n\n<p class=\"has-text-align-left\">Mme Sarvnaz Chitsaz, pr\u00e9sidente de la <a href=\"https:\/\/news.mojahedin.org\/i\/%DA%A9%D9%85%DB%8C%D8%B3%DB%8C%D9%88%D9%86-%D8%B2%D9%86%D8%A7%D9%86-%D8%B4%D9%88%D8%B1%D8%A7%DB%8C-%D9%85%D9%84%DB%8C-%D9%85%D9%82%D8%A7%D9%88%D9%85%D8%AA-%D8%B3%D8%A7%DB%8C%D8%AA-%D9%87%D8%A7%DB%8C-%D8%AD%DA%A9%D9%88%D9%85%D8%AA%DB%8C-%D8%A7%D8%B2-%D9%88%D8%AE%D8%A7%D9%85%D8%AA-%D8%AD%D8%A7%D9%84-%D9%88-%D9%88%D8%B6%D8%B9%DB%8C%D8%AA-%D8%A2%D8%B1%D9%85%DB%8C%D8%AA%D8%A7-%DA%AF%D8%B1%D8%A7%D9%88%D9%86%D8%AF-%D8%AE%D8%A8%D8%B1-%D9%85%DB%8C-%D8%AF%D9%87%D9%86%D8%AF1\" target=\"_blank\" rel=\"noreferrer noopener\">commission des femmes du CNRI<\/a>, a comment\u00e9 les signes vitaux d&#8217;Armita Geravand. Elle a <a href=\"https:\/\/twitter.com\/s_chitsaz\/status\/1712221900661727664\" target=\"_blank\" rel=\"noreferrer noopener\">d\u00e9clar\u00e9<\/a> : &#8220;Les sites Internet officiels font \u00e9tat de la d\u00e9t\u00e9rioration de l&#8217;\u00e9tat d&#8217;Armita Geravand, ce qui pourrait \u00eatre une pr\u00e9paration \u00e0 l&#8217;annonce de sa mort. Il est toutefois surprenant que le r\u00e9gime n&#8217;ait pas officiellement donn\u00e9 d&#8217;informations sp\u00e9cifiques sur l&#8217;\u00e9tat de sant\u00e9 d&#8217;Armita Geravand jusqu&#8217;\u00e0 mercredi soir, alors qu&#8217;il y a une semaine, il avait d\u00e9clar\u00e9 qu&#8217;elle \u00e9tait dans le coma.<\/p>\n\n\n\n<p>&#8220;Il est clair que le r\u00e9gime a un <a href=\"https:\/\/twitter.com\/s_chitsaz\/status\/1712221903828517075\" target=\"_blank\" rel=\"noreferrer noopener\">sc\u00e9nario sp\u00e9cifique<\/a> pour dissimuler la v\u00e9rit\u00e9 sur Armita, compte tenu de l&#8217;exp\u00e9rience de Zhina (Mahsa Amini). Notamment, le r\u00e9gime a \u00e9vit\u00e9 de donner une r\u00e9ponse claire, m\u00eame aux repr\u00e9sentants et aux fonctionnaires des Nations Unies&#8221;.<\/p>\n\n\n\n<p>Mme Chitsaz a <a href=\"https:\/\/twitter.com\/s_chitsaz\/status\/1712223344030875937\" target=\"_blank\" rel=\"noreferrer noopener\">ajout\u00e9<\/a> : &#8220;\u00c0 l&#8217;occasion de la Journ\u00e9e mondiale contre la peine de mort, nous devrions exprimer notre protestation contre le pays qui d\u00e9tient le record mondial des ex\u00e9cutions et de la r\u00e9pression des femmes, afin d&#8217;obliger le r\u00e9gime \u00e0 r\u00e9pondre.&#8221;contre le pays qui d\u00e9tient le record mondial des ex\u00e9cutions et de la r\u00e9pression des femmes, afin d&#8217;obliger le r\u00e9gime \u00e0 r\u00e9pondre.&#8221;<\/p>\n\n\n<div class=\"wp-block-image\">\n<figure class=\"aligncenter size-large\"><img decoding=\"async\" src=\"data:image\/gif;base64,R0lGODlhAQABAIAAAAAAAP\/\/\/yH5BAEAAAAALAAAAAABAAEAAAIBRAA7\" data-src=\"https:\/\/wncri.org\/fr\/wp-content\/uploads\/2023\/10\/Vital-signs-of-Armita-Geravand-3-min-1024x512.jpg\" alt=\"Les signes vitaux d'Armita Geravand diminuent, des rapports de mort c\u00e9r\u00e9brale apparaissent\" class=\"wp-image-19152 lazyload\"\/><noscript><img decoding=\"async\" width=\"1024\" height=\"512\" src=\"https:\/\/wncri.org\/fr\/wp-content\/uploads\/2023\/10\/Vital-signs-of-Armita-Geravand-3-min-1024x512.jpg\" alt=\"Les signes vitaux d'Armita Geravand diminuent, des rapports de mort c\u00e9r\u00e9brale apparaissent\" class=\"wp-image-19152 lazyload\" srcset=\"https:\/\/wncri.org\/fr\/wp-content\/uploads\/2023\/10\/Vital-signs-of-Armita-Geravand-3-min-1024x512.jpg 1024w, https:\/\/wncri.org\/fr\/wp-content\/uploads\/2023\/10\/Vital-signs-of-Armita-Geravand-3-min-300x150.jpg 300w, https:\/\/wncri.org\/fr\/wp-content\/uploads\/2023\/10\/Vital-signs-of-Armita-Geravand-3-min-768x384.jpg 768w, https:\/\/wncri.org\/fr\/wp-content\/uploads\/2023\/10\/Vital-signs-of-Armita-Geravand-3-min-360x180.jpg 360w, https:\/\/wncri.org\/fr\/wp-content\/uploads\/2023\/10\/Vital-signs-of-Armita-Geravand-3-min-750x375.jpg 750w, https:\/\/wncri.org\/fr\/wp-content\/uploads\/2023\/10\/Vital-signs-of-Armita-Geravand-3-min.jpg 1140w\" sizes=\"(max-width: 1024px) 100vw, 1024px\" \/><\/noscript><\/figure>\n<\/div>\n\n\n<p><a href=\"https:\/\/wncri.org\/2023\/10\/05\/the-mother-of-armita-geravand\/\" target=\"_blank\" rel=\"noreferrer noopener\">Armita Geravand<\/a> a \u00e9t\u00e9 brutalement agress\u00e9e par une personne charg\u00e9e de faire respecter le hijab, t\u00f4t dans la matin\u00e9e du dimanche 1er octobre 2023.<\/p>\n\n\n\n<p>Un t\u00e9moin a affirm\u00e9 que peu apr\u00e8s qu&#8217;Armita soit entr\u00e9e dans le wagon, une femme portant le hijab a commenc\u00e9 \u00e0 se disputer avec elle parce qu&#8217;elle ne portait pas de foulard. &#8220;La femme v\u00eatue d&#8217;un tchador lui a cri\u00e9 dessus en lui demandant pourquoi elle n&#8217;\u00e9tait pas couverte&#8221;, a d\u00e9clar\u00e9 le t\u00e9moin au <a href=\"https:\/\/www.theguardian.com\/world\/2023\/oct\/05\/armita-geravand-iran-cctv\" target=\"_blank\" rel=\"noreferrer noopener\">Guardian<\/a>. Armita lui a alors dit : &#8220;Est-ce que je vous demande d&#8217;enlever votre foulard ? Pourquoi me demandez-vous d&#8217;en porter un ? Leur dispute est alors devenue violente. La personne charg\u00e9e de faire respecter le hijab a commenc\u00e9 \u00e0 s&#8217;en prendre physiquement \u00e0 Armita et l&#8217;a violemment pouss\u00e9e&#8221;.<\/p>\n\n\n<div class=\"wp-block-image\">\n<figure class=\"aligncenter size-large\"><img decoding=\"async\" src=\"data:image\/gif;base64,R0lGODlhAQABAIAAAAAAAP\/\/\/yH5BAEAAAAALAAAAAABAAEAAAIBRAA7\" data-src=\"https:\/\/wncri.org\/fr\/wp-content\/uploads\/2023\/10\/Vital-Signs-of-Armita-Geravand-have-declined2-min-1024x512.jpg\" alt=\"Les signes vitaux d'Armita Geravand diminuent, des rapports de mort c\u00e9r\u00e9brale apparaissent\" class=\"wp-image-19146 lazyload\"\/><noscript><img decoding=\"async\" width=\"1024\" height=\"512\" src=\"https:\/\/wncri.org\/fr\/wp-content\/uploads\/2023\/10\/Vital-Signs-of-Armita-Geravand-have-declined2-min-1024x512.jpg\" alt=\"Les signes vitaux d'Armita Geravand diminuent, des rapports de mort c\u00e9r\u00e9brale apparaissent\" class=\"wp-image-19146 lazyload\" srcset=\"https:\/\/wncri.org\/fr\/wp-content\/uploads\/2023\/10\/Vital-Signs-of-Armita-Geravand-have-declined2-min-1024x512.jpg 1024w, https:\/\/wncri.org\/fr\/wp-content\/uploads\/2023\/10\/Vital-Signs-of-Armita-Geravand-have-declined2-min-300x150.jpg 300w, https:\/\/wncri.org\/fr\/wp-content\/uploads\/2023\/10\/Vital-Signs-of-Armita-Geravand-have-declined2-min-768x384.jpg 768w, https:\/\/wncri.org\/fr\/wp-content\/uploads\/2023\/10\/Vital-Signs-of-Armita-Geravand-have-declined2-min-360x180.jpg 360w, https:\/\/wncri.org\/fr\/wp-content\/uploads\/2023\/10\/Vital-Signs-of-Armita-Geravand-have-declined2-min-750x375.jpg 750w, https:\/\/wncri.org\/fr\/wp-content\/uploads\/2023\/10\/Vital-Signs-of-Armita-Geravand-have-declined2-min.jpg 1140w\" sizes=\"(max-width: 1024px) 100vw, 1024px\" \/><\/noscript><\/figure>\n<\/div>\n\n\n<p>L&#8217;h\u00f4pital o\u00f9 est hospitalis\u00e9e Armita est assi\u00e9g\u00e9 par les services des renseignements et des agents en civil. M\u00eame ses <a href=\"https:\/\/wncri.org\/fr\/2023\/10\/05\/la-mere-darmita-geravand\/\" target=\"_blank\" rel=\"noreferrer noopener\">parents<\/a> et sa s\u0153ur n&#8217;ont pas pu la voir. Tous les membres de sa famille \u00e0 Kouhdacht, au Lorestan, font l&#8217;objet d&#8217;une surveillance et de pressions de la part des services de s\u00e9curit\u00e9, et ses camarades de classe et d&#8217;\u00e9cole ont \u00e9t\u00e9 menac\u00e9s pour qu&#8217;ils ne parlent pas aux m\u00e9dias. M\u00eame le journaliste qui s&#8217;est rendu \u00e0 l&#8217;h\u00f4pital pour un reportage a \u00e9t\u00e9 arr\u00eat\u00e9.<\/p>\n\n\n\n<p>Toutes ces mesures de s\u00e9curit\u00e9 pour une jeune fille qui, selon le r\u00e9gime, serait tomb\u00e9e \u00e0 la suite d&#8217;une chute soudaine de sa tension art\u00e9rielle.<\/p>\n\n\n\n<p>Le crime d&#8217;Armita est d&#8217;avoir refus\u00e9 de porter le voile qu&#8217;elle n&#8217;avait pas choisi librement.<\/p>\n","protected":false},"excerpt":{"rendered":"<p>L&#8217;\u00e9quipe m\u00e9dicale de l&#8217;h\u00f4pital Fajr a d\u00e9clar\u00e9 aux forces de s\u00e9curit\u00e9 que les signes vitaux d&#8217;Armita Geravand avaient diminu\u00e9 et qu&#8217;il n&#8217;\u00e9tait plus n\u00e9cessaire de la maintenir connect\u00e9e aux appareils m\u00e9dicaux. Un site web officiel affili\u00e9 au minist\u00e8re des sports et de la jeunesse du r\u00e9gime cl\u00e9rical a annonc\u00e9 il y a quelques heures, mercredi [&hellip;]<\/p>\n","protected":false},"author":4,"featured_media":19147,"comment_status":"closed","ping_status":"closed","sticky":false,"template":"","format":"standard","meta":{"jnews-multi-image_gallery":[],"jnews_single_post":{"subtitle":"","format":"standard","video":"","gallery":"","source_name":"","source_url":"","via_name":"","via_url":"","override_template":"0","override":[{"template":"7","single_blog_custom":"","parallax":"1","fullscreen":"1","layout":"right-sidebar","sidebar":"default-sidebar","second_sidebar":"default-sidebar","sticky_sidebar":"1","share_position":"floatbottom","share_float_style":"share-normal","show_share_counter":"1","show_view_counter":"1","show_featured":"1","show_post_meta":"1","show_post_author":"0","show_post_author_image":"1","show_post_date":"1","post_date_format":"default","post_date_format_custom":"Y\/m\/d","show_post_category":"1","show_post_reading_time":"0","post_reading_time_wpm":"300","show_zoom_button":"0","zoom_button_out_step":"2","zoom_button_in_step":"3","show_post_tag":"1","show_prev_next_post":"0","show_popup_post":"1","number_popup_post":"1","show_author_box":"0","show_post_related":"1","show_inline_post_related":"0"}],"override_image_size":"0","image_override":[{"single_post_thumbnail_size":"crop-500","single_post_gallery_size":"crop-500"}],"trending_post":"0","trending_post_position":"meta","trending_post_label":"Trending","sponsored_post":"0","sponsored_post_label":"Sponsored by","sponsored_post_name":"","sponsored_post_url":"","sponsored_post_logo_enable":"0","sponsored_post_logo":"","sponsored_post_desc":"","disable_ad":"0"},"jnews_primary_category":{"id":"","hide":""},"jnews_social_meta":{"fb_title":"","fb_description":"","fb_image":"","twitter_title":"","twitter_description":"","twitter_image":""},"jnews_override_counter":{"override_view_counter":"0","view_counter_number":"0","override_share_counter":"0","share_counter_number":"0","override_like_counter":"0","like_counter_number":"0","override_dislike_counter":"0","dislike_counter_number":"0"},"footnotes":""},"categories":[3],"tags":[366,376,375],"class_list":["post-19144","post","type-post","status-publish","format-standard","has-post-thumbnail","hentry","category-infos-des-femmes","tag-la-petite-fille","tag-violence-contre-les-femmes","tag-voile-obligatoire"],"_links":{"self":[{"href":"https:\/\/wncri.org\/fr\/wp-json\/wp\/v2\/posts\/19144","targetHints":{"allow":["GET"]}}],"collection":[{"href":"https:\/\/wncri.org\/fr\/wp-json\/wp\/v2\/posts"}],"about":[{"href":"https:\/\/wncri.org\/fr\/wp-json\/wp\/v2\/types\/post"}],"author":[{"embeddable":true,"href":"https:\/\/wncri.org\/fr\/wp-json\/wp\/v2\/users\/4"}],"replies":[{"embeddable":true,"href":"https:\/\/wncri.org\/fr\/wp-json\/wp\/v2\/comments?post=19144"}],"version-history":[{"count":3,"href":"https:\/\/wncri.org\/fr\/wp-json\/wp\/v2\/posts\/19144\/revisions"}],"predecessor-version":[{"id":19153,"href":"https:\/\/wncri.org\/fr\/wp-json\/wp\/v2\/posts\/19144\/revisions\/19153"}],"wp:featuredmedia":[{"embeddable":true,"href":"https:\/\/wncri.org\/fr\/wp-json\/wp\/v2\/media\/19147"}],"wp:attachment":[{"href":"https:\/\/wncri.org\/fr\/wp-json\/wp\/v2\/media?parent=19144"}],"wp:term":[{"taxonomy":"category","embeddable":true,"href":"https:\/\/wncri.org\/fr\/wp-json\/wp\/v2\/categories?post=19144"},{"taxonomy":"post_tag","embeddable":true,"href":"https:\/\/wncri.org\/fr\/wp-json\/wp\/v2\/tags?post=19144"}],"curies":[{"name":"wp","href":"https:\/\/api.w.org\/{rel}","templated":true}]}}