{"id":19139,"date":"2023-10-10T23:28:57","date_gmt":"2023-10-10T21:28:57","guid":{"rendered":"https:\/\/wncri.org\/fr\/?p=19139"},"modified":"2024-01-07T19:56:10","modified_gmt":"2024-01-07T18:56:10","slug":"les-filles-iraniennes","status":"publish","type":"post","link":"https:\/\/wncri.org\/fr\/2023\/10\/10\/les-filles-iraniennes\/","title":{"rendered":"Les faiseuses de changement : Les filles iraniennes brisent les cha\u00eenes de l&#8217;oppression"},"content":{"rendered":"\n<h2 class=\"wp-block-heading\">Les filles iraniennes sont les faiseuses de changement, elles peuvent \u00eatre d\u00e9crites en 2 mots : courage et r\u00e9silience. <\/h2>\n\n\n\n<p>La <a href=\"https:\/\/www.un.org\/fr\/observances\/girl-child-day\" target=\"_blank\" rel=\"noreferrer noopener\">Journ\u00e9e internationale de la fille<\/a> est l&#8217;occasion de nous rappeler que l&#8217;avenir se construit en cr\u00e9ant des opportunit\u00e9s pour les filles.<\/p>\n\n\n\n<p>Malheureusement, en raison de la dictature impitoyable et misogyne qui r\u00e8gne en Iran et qui, sous le couvert de la religion, a instaur\u00e9 un brutal apartheid entre les sexes dans le pays, nous nous retrouvons chaque ann\u00e9e \u00e0 passer en revue le <a href=\"https:\/\/wncri.org\/2019\/11\/20\/rights-of-girl-children-non-existent-in-iran\/\" target=\"_blank\" rel=\"noreferrer noopener\">sort d\u00e9chirant<\/a> des filles iraniennes dans divers domaines.<\/p>\n\n\n\n<p>Nous avons \u00e9crit \u00e0 plusieurs reprises sur le fait que les filles iraniennes peuvent \u00eatre <a href=\"https:\/\/wncri.org\/fr\/2020\/06\/09\/misogynie-institutionnalisee\/\" target=\"_blank\" rel=\"noreferrer noopener\">condamn\u00e9es \u00e0 des sanctions p\u00e9nales<\/a> d\u00e8s l&#8217;\u00e2ge de 9 ans. L&#8217;\u00e2ge l\u00e9gal du mariage pour les filles en Iran est de 13 ans, et il existe de nombreuses exceptions qui les obligent \u00e0 se marier t\u00f4t, m\u00eame en dessous de cet \u00e2ge.<\/p>\n\n\n\n<p>Nous avons \u00e9crit sur les statistiques \u00e9lev\u00e9es de <a href=\"https:\/\/wncri.org\/fr\/2023\/03\/23\/filles-de-moins-de-15-ans\/\" target=\"_blank\" rel=\"noreferrer noopener\">mariages d&#8217;enfants<\/a> et de <a href=\"https:\/\/wncri.org\/fr\/2021\/12\/02\/le-mariage-des-enfants-etant-encourage-en-iran\/\" target=\"_blank\" rel=\"noreferrer noopener\">veuvages d&#8217;enfants<\/a>, ainsi que sur les pr\u00e9judices qu&#8217;ils subissent, sur les <a href=\"https:\/\/wncri.org\/fr\/2022\/02\/07\/mona-heydari-victime-de-crimes-dhonneur-et-de-mariages-denfants-forces\/\" target=\"_blank\" rel=\"noreferrer noopener\">crimes d&#8217;honneur<\/a> et sur le meurtre d&#8217;adolescentes par leur p\u00e8re, leur fr\u00e8re, leur mari et les membres masculins de leur famille.<\/p>\n\n\n\n<p>Nous avons \u00e9crit sur les millions de jeunes filles qui <a href=\"https:\/\/wncri.org\/fr\/2020\/11\/03\/eleves-en-iran\/\" target=\"_blank\" rel=\"noreferrer noopener\">n&#8217;ont pas acc\u00e8s<\/a> \u00e0 l&#8217;<a href=\"https:\/\/wncri.org\/fr\/2021\/09\/08\/alphabetisation-en-iran-les-femmes-et-les-filles-representent-les-deux-tiers-des-analphabetes\/\" target=\"_blank\" rel=\"noreferrer noopener\">\u00e9ducation<\/a>, sur les conditions <a href=\"https:\/\/wncri.org\/fr\/2018\/10\/15\/iran-les-filles-en-iran-les-victimes-les-plus-innocentes-des-mollahs\/\" target=\"_blank\" rel=\"noreferrer noopener\">horribles<\/a> qui r\u00e8gnent dans les \u00e9coles et sur la <a href=\"https:\/\/wncri.org\/fr\/2020\/10\/07\/le-projet-de-loi-sur-la-protection-des-enfants-et-adolescents-ne-protege-pas-les-filles\/\" target=\"_blank\" rel=\"noreferrer noopener\">discrimination \u00e0 l&#8217;encontre des filles<\/a> dans l&#8217;\u00e9ducation et dans tous les autres domaines.<\/p>\n\n\n\n<p>Nous avons \u00e9crit sur la <a href=\"https:\/\/wncri.org\/fr\/2020\/10\/15\/malnutrition\/\" target=\"_blank\" rel=\"noreferrer noopener\">pauvret\u00e9 et la malnutrition<\/a> des jeunes filles iraniennes innocentes, et sur les <a href=\"https:\/\/wncri.org\/fr\/2023\/06\/11\/travail-des-enfants-en-iran\/\" target=\"_blank\" rel=\"noreferrer noopener\">filles qui travaillent dans les rues<\/a> et <a href=\"https:\/\/wncri.org\/fr\/2020\/09\/19\/la-tragedie-amere-des-enfants-au-travail-une-consequence-de-la-pauvrete-en-iran\/\" target=\"_blank\" rel=\"noreferrer noopener\">dans les d\u00e9charges<\/a>. Celles qui subissent des <a href=\"https:\/\/wncri.org\/fr\/2020\/12\/13\/le-pire-des-maux-sociaux-la-maltraitance-des-enfants-en-iran-est-en-augmentation\/\" target=\"_blank\" rel=\"noreferrer noopener\">abus<\/a> sexuels et sont m\u00eame tu\u00e9es. Telle est l&#8217;histoire des 44 ann\u00e9es de r\u00e8gne du r\u00e9gime qui, pire que la dictature du chah, \u00e9touffe le potentiel des jeunes filles et des jeunes gens iraniens.<\/p>\n\n\n\n<h3 class=\"wp-block-heading\"><strong>Les filles iraniennes se battent pour leurs droits et ne c\u00e8dent pas<\/strong><\/h3>\n\n\n\n<p>Mais il y a un c\u00f4t\u00e9 positif \u00e0 toute cette obscurit\u00e9. Aujourd&#8217;hui, les filles iraniennes peuvent \u00eatre d\u00e9crites en 2 mots : courage et r\u00e9silience.<\/p>\n\n\n\n<p>Les jeunes filles iraniennes subissent de graves cons\u00e9quences pour avoir revendiqu\u00e9 leurs droits. Mais les filles \u00e9clair\u00e9es d&#8217;Iran sont conscientes de leurs droits et pr\u00eates \u00e0 payer le prix pour les obtenir.<\/p>\n\n\n\n<p>Le <a href=\"https:\/\/wncri.org\/fr\/2023\/10\/03\/armita-geravand\/\" target=\"_blank\" rel=\"noreferrer noopener\">sort d&#8217;Armita Gavand<\/a>, qui est actuellement dans le coma sur un lit d&#8217;h\u00f4pital, est un symbole des jeunes filles iraniennes qui refusent de succomber \u00e0 la coercition et \u00e0 la force. Elles s&#8217;opposent aux forces r\u00e9pressives du r\u00e9gime cl\u00e9rical au prix de leur vie et de leur bien-\u00eatre.<\/p>\n\n\n<div class=\"wp-block-image\">\n<figure class=\"aligncenter size-large\"><img decoding=\"async\" src=\"data:image\/gif;base64,R0lGODlhAQABAIAAAAAAAP\/\/\/yH5BAEAAAAALAAAAAABAAEAAAIBRAA7\" data-src=\"https:\/\/wncri.org\/fr\/wp-content\/uploads\/2023\/10\/Armita-Geravand-1-min-1024x512.jpg\" alt=\"Armita Geravand 16 ans\" class=\"wp-image-19124 lazyload\"\/><noscript><img decoding=\"async\" width=\"1024\" height=\"512\" src=\"https:\/\/wncri.org\/fr\/wp-content\/uploads\/2023\/10\/Armita-Geravand-1-min-1024x512.jpg\" alt=\"Armita Geravand 16 ans\" class=\"wp-image-19124 lazyload\" srcset=\"https:\/\/wncri.org\/fr\/wp-content\/uploads\/2023\/10\/Armita-Geravand-1-min-1024x512.jpg 1024w, https:\/\/wncri.org\/fr\/wp-content\/uploads\/2023\/10\/Armita-Geravand-1-min-300x150.jpg 300w, https:\/\/wncri.org\/fr\/wp-content\/uploads\/2023\/10\/Armita-Geravand-1-min-768x384.jpg 768w, https:\/\/wncri.org\/fr\/wp-content\/uploads\/2023\/10\/Armita-Geravand-1-min-360x180.jpg 360w, https:\/\/wncri.org\/fr\/wp-content\/uploads\/2023\/10\/Armita-Geravand-1-min-750x375.jpg 750w, https:\/\/wncri.org\/fr\/wp-content\/uploads\/2023\/10\/Armita-Geravand-1-min.jpg 1140w\" sizes=\"(max-width: 1024px) 100vw, 1024px\" \/><\/noscript><figcaption class=\"wp-element-caption\">De nouveaux d\u00e9tails surgissent alors qu&#8217;Armita Geravand, \u00e2g\u00e9e de 16 ans, lutte pour sa vie.<\/figcaption><\/figure>\n<\/div>\n\n\n<p>Il y a tout juste 10 jours, le 1er octobre, <a href=\"https:\/\/wncri.org\/fr\/2023\/10\/03\/armita-geravand\/\" target=\"_blank\" rel=\"noreferrer noopener\">Armita Gavand<\/a> a \u00e9t\u00e9 agress\u00e9e physiquement par un &#8220;surveillant de voile&#8221; dans une station de m\u00e9tro. Suite \u00e0 cette agression, elle a subi une h\u00e9morragie c\u00e9r\u00e9brale et se trouve en \u00e9tat de mort c\u00e9r\u00e9brale depuis 10 jours, confin\u00e9e dans un h\u00f4pital assi\u00e9g\u00e9 par les forces de s\u00e9curit\u00e9 et des agents en civil.<\/p>\n\n\n\n<p>M\u00eame ses <a href=\"https:\/\/wncri.org\/fr\/2023\/10\/05\/la-mere-darmita-geravand\/\" target=\"_blank\" rel=\"noreferrer noopener\">parents<\/a> et sa s\u0153ur n&#8217;ont pas acc\u00e8s \u00e0 elle, et l&#8217;\u00e9quipe m\u00e9dicale ne fournit aucune mise \u00e0 jour sur son \u00e9tat. Tous les membres de sa famille \u00e0 Kouhdacht, dans le Lorestan, font l&#8217;objet d&#8217;une surveillance et de pressions de la part des forces de s\u00e9curit\u00e9, et ses camarades de classe et d&#8217;\u00e9cole ont \u00e9t\u00e9 menac\u00e9s pour qu&#8217;ils ne parlent pas aux m\u00e9dias. M\u00eame le journaliste qui s&#8217;est rendu \u00e0 l&#8217;h\u00f4pital pour un reportage a \u00e9t\u00e9 arr\u00eat\u00e9.<\/p>\n\n\n\n<p>Toutes ces mesures de s\u00e9curit\u00e9 pour une jeune fille qui, selon le r\u00e9gime, serait tomb\u00e9e \u00e0 cause d&#8217;une chute soudaine de sa tension art\u00e9rielle.<\/p>\n\n\n\n<p>Le crime d&#8217;Armita est d&#8217;avoir refus\u00e9 de porter le voile qu&#8217;elle n&#8217;avait pas choisi librement.<\/p>\n\n\n<div class=\"wp-block-image\">\n<figure class=\"aligncenter size-large\"><img decoding=\"async\" src=\"data:image\/gif;base64,R0lGODlhAQABAIAAAAAAAP\/\/\/yH5BAEAAAAALAAAAAABAAEAAAIBRAA7\" data-src=\"https:\/\/wncri.org\/fr\/wp-content\/uploads\/2023\/10\/Zahra-Hatmi-1-min-1024x512.jpg\" alt=\"Zahra Hatami, une \u00e9l\u00e8ve de 8e ann\u00e9e, s'est suicid\u00e9e apr\u00e8s avoir \u00e9t\u00e9 renvoy\u00e9e pour avoir port\u00e9 du vernis \u00e0 ongles\" class=\"wp-image-19120 lazyload\"\/><noscript><img decoding=\"async\" width=\"1024\" height=\"512\" src=\"https:\/\/wncri.org\/fr\/wp-content\/uploads\/2023\/10\/Zahra-Hatmi-1-min-1024x512.jpg\" alt=\"Zahra Hatami, une \u00e9l\u00e8ve de 8e ann\u00e9e, s'est suicid\u00e9e apr\u00e8s avoir \u00e9t\u00e9 renvoy\u00e9e pour avoir port\u00e9 du vernis \u00e0 ongles\" class=\"wp-image-19120 lazyload\" srcset=\"https:\/\/wncri.org\/fr\/wp-content\/uploads\/2023\/10\/Zahra-Hatmi-1-min-1024x512.jpg 1024w, https:\/\/wncri.org\/fr\/wp-content\/uploads\/2023\/10\/Zahra-Hatmi-1-min-300x150.jpg 300w, https:\/\/wncri.org\/fr\/wp-content\/uploads\/2023\/10\/Zahra-Hatmi-1-min-768x384.jpg 768w, https:\/\/wncri.org\/fr\/wp-content\/uploads\/2023\/10\/Zahra-Hatmi-1-min-360x180.jpg 360w, https:\/\/wncri.org\/fr\/wp-content\/uploads\/2023\/10\/Zahra-Hatmi-1-min-750x375.jpg 750w, https:\/\/wncri.org\/fr\/wp-content\/uploads\/2023\/10\/Zahra-Hatmi-1-min.jpg 1140w\" sizes=\"(max-width: 1024px) 100vw, 1024px\" \/><\/noscript><figcaption class=\"wp-element-caption\">Zahra Hatami<\/figcaption><\/figure>\n<\/div>\n\n\n<p>Un autre exemple tragique est celui de <a href=\"https:\/\/wncri.org\/fr\/2023\/10\/04\/zahra-hatami\/\" target=\"_blank\" rel=\"noreferrer noopener\">Zahra Hatami<\/a>, une jeune fille expuls\u00e9e de l&#8217;\u00e9cole en raison de la nouvelle loi sur la chastet\u00e9 et le hijab, et ce \u00e0 cause de son vernis \u00e0 ongles. Il s&#8217;agit l\u00e0 d&#8217;un cas d\u00e9chirant pour les filles de ce pays.<\/p>\n\n\n\n<p>Craignant que son p\u00e8re ne la force \u00e0 se marier en raison de son expulsion de l&#8217;\u00e9cole, elle a choisi de mettre fin \u00e0 ses jours. La mort de Zahra est le r\u00e9sultat des <a href=\"https:\/\/wncri.org\/fr\/2020\/06\/09\/misogynie-institutionnalisee\/\" target=\"_blank\" rel=\"noreferrer noopener\">lois misogynes<\/a> du r\u00e9gime en place, tant en termes de chastet\u00e9 et de hijab qu&#8217;en ce qui concerne l&#8217;\u00e2ge l\u00e9gal du mariage et l&#8217;autorit\u00e9 d&#8217;un p\u00e8re pour contraindre sa fille \u00e0 se marier.<\/p>\n\n\n\n<p>Et bien s\u00fbr, l&#8217;ann\u00e9e derni\u00e8re, pendant le soul\u00e8vement iranien, nous avons vu que des jeunes filles iraniennes \u00e2g\u00e9es de 14 \u00e0 17 ans ont \u00e9t\u00e9 <a href=\"https:\/\/wncri.org\/fr\/2022\/12\/05\/violence\/\" target=\"_blank\" rel=\"noreferrer noopener\">battues \u00e0 mort<\/a> dans la rue ou \u00e0 l&#8217;<a href=\"https:\/\/wncri.org\/2022\/11\/19\/world-childrens-day-asra-panahi\/\" target=\"_blank\" rel=\"noreferrer noopener\">\u00e9cole<\/a> pour avoir <a href=\"https:\/\/wncri.org\/fr\/2022\/10\/03\/des-lyceennes\/\" target=\"_blank\" rel=\"noreferrer noopener\">particip\u00e9 \u00e0 des manifestations<\/a> ou ont \u00e9t\u00e9 jet\u00e9es du haut d&#8217;un immeuble alors qu&#8217;elles fuyaient les forces de s\u00e9curit\u00e9.<\/p>\n\n\n\n<p>Nous avons \u00e9galement constat\u00e9 que des centaines d&#8217;\u00e9coles de filles ont \u00e9t\u00e9 la <a href=\"https:\/\/wncri.org\/2023\/05\/05\/chemical-attacks-on-iranian-schoolgirls-2\/\" target=\"_blank\" rel=\"noreferrer noopener\">cible d&#8217;attaques chimiques<\/a> men\u00e9es par le r\u00e9gime dans le but de se venger de ces filles courageuses.<\/p>\n\n\n\n<p>En cette <a href=\"https:\/\/www.un.org\/fr\/observances\/girl-child-day\" target=\"_blank\" rel=\"noreferrer noopener\">Journ\u00e9e internationale de la fille<\/a>, nous honorons la m\u00e9moire de <a href=\"https:\/\/wncri.org\/fr\/2023\/05\/17\/sarina\/\" target=\"_blank\" rel=\"noreferrer noopener\">Sarina Esmailzadeh<\/a>, Sarina Saedi, <a href=\"https:\/\/wncri.org\/fr\/2023\/08\/19\/nika-chakarami-2\/\" target=\"_blank\" rel=\"noreferrer noopener\">Nika Shakarami<\/a>, <a href=\"https:\/\/wncri.org\/fr\/2022\/10\/18\/asra-panahi-15-ans\/\" target=\"_blank\" rel=\"noreferrer noopener\">Asra Panahi<\/a>, <a href=\"https:\/\/wncri.org\/fr\/2022\/10\/23\/tortures\/\" target=\"_blank\" rel=\"noreferrer noopener\">Arnika Qaem Maghami<\/a>, Setareh Tajik, Mahsa Mogouii<a href=\"https:\/\/wncri.org\/fr\/2022\/10\/25\/fille-baloutche\/\" target=\"_blank\" rel=\"noreferrer noopener\">, Mona Naqib<\/a>, Hasti Narouii, Helen Ahmadi, Diana Mahmoudi, Sadaf Movahhedi, Mahak Hashemi, Soha Etebari, Parmis Hamnava, Satayesh Sharifinia et des dizaines d&#8217;autres jeunes filles de moins de 18 ans qui ont <a href=\"https:\/\/wncri.org\/fr\/2022\/11\/25\/femmes-et-jeunes-filles-tuees\/\" target=\"_blank\" rel=\"noreferrer noopener\">sacrifi\u00e9 leur vie pour la libert\u00e9<\/a> lors du soul\u00e8vement national de 2022-2023. Elles et des millions d&#8217;autres jeunes femmes et filles sont la force du changement et les v\u00e9ritables artisans du changement en Iran.<\/p>\n\n\n\n<p>Et comme toujours, nous appelons le monde \u00e0 soutenir les femmes et les filles courageuses d&#8217;Iran.<\/p>\n","protected":false},"excerpt":{"rendered":"<p>Les filles iraniennes sont les faiseuses de changement, elles peuvent \u00eatre d\u00e9crites en 2 mots : courage et r\u00e9silience. La Journ\u00e9e internationale de la fille est l&#8217;occasion de nous rappeler que l&#8217;avenir se construit en cr\u00e9ant des opportunit\u00e9s pour les filles. Malheureusement, en raison de la dictature impitoyable et misogyne qui r\u00e8gne en Iran et [&hellip;]<\/p>\n","protected":false},"author":4,"featured_media":19140,"comment_status":"closed","ping_status":"closed","sticky":false,"template":"","format":"standard","meta":{"jnews-multi-image_gallery":[],"jnews_single_post":{"subtitle":"","format":"standard","video":"","gallery":"","source_name":"","source_url":"","via_name":"","via_url":"","override_template":"0","override":[{"template":"7","single_blog_custom":"","parallax":"1","fullscreen":"1","layout":"right-sidebar","sidebar":"default-sidebar","second_sidebar":"default-sidebar","sticky_sidebar":"1","share_position":"floatbottom","share_float_style":"share-normal","show_share_counter":"1","show_view_counter":"1","show_featured":"1","show_post_meta":"1","show_post_author":"0","show_post_author_image":"1","show_post_date":"1","post_date_format":"default","post_date_format_custom":"Y\/m\/d","show_post_category":"1","show_post_reading_time":"0","post_reading_time_wpm":"300","show_zoom_button":"0","zoom_button_out_step":"2","zoom_button_in_step":"3","show_post_tag":"1","show_prev_next_post":"0","show_popup_post":"1","number_popup_post":"1","show_author_box":"0","show_post_related":"1","show_inline_post_related":"0"}],"override_image_size":"0","image_override":[{"single_post_thumbnail_size":"crop-500","single_post_gallery_size":"crop-500"}],"trending_post":"0","trending_post_position":"meta","trending_post_label":"Trending","sponsored_post":"0","sponsored_post_label":"Sponsored by","sponsored_post_name":"","sponsored_post_url":"","sponsored_post_logo_enable":"0","sponsored_post_logo":"","sponsored_post_desc":"","disable_ad":"0"},"jnews_primary_category":{"id":"","hide":""},"jnews_social_meta":{"fb_title":"","fb_description":"","fb_image":"","twitter_title":"","twitter_description":"","twitter_image":""},"jnews_override_counter":{"override_view_counter":"0","view_counter_number":"0","override_share_counter":"0","share_counter_number":"0","override_like_counter":"0","like_counter_number":"0","override_dislike_counter":"0","dislike_counter_number":"0"},"footnotes":""},"categories":[8],"tags":[366,376],"class_list":["post-19139","post","type-post","status-publish","format-standard","has-post-thumbnail","hentry","category-articles","tag-la-petite-fille","tag-violence-contre-les-femmes"],"_links":{"self":[{"href":"https:\/\/wncri.org\/fr\/wp-json\/wp\/v2\/posts\/19139","targetHints":{"allow":["GET"]}}],"collection":[{"href":"https:\/\/wncri.org\/fr\/wp-json\/wp\/v2\/posts"}],"about":[{"href":"https:\/\/wncri.org\/fr\/wp-json\/wp\/v2\/types\/post"}],"author":[{"embeddable":true,"href":"https:\/\/wncri.org\/fr\/wp-json\/wp\/v2\/users\/4"}],"replies":[{"embeddable":true,"href":"https:\/\/wncri.org\/fr\/wp-json\/wp\/v2\/comments?post=19139"}],"version-history":[{"count":1,"href":"https:\/\/wncri.org\/fr\/wp-json\/wp\/v2\/posts\/19139\/revisions"}],"predecessor-version":[{"id":19141,"href":"https:\/\/wncri.org\/fr\/wp-json\/wp\/v2\/posts\/19139\/revisions\/19141"}],"wp:featuredmedia":[{"embeddable":true,"href":"https:\/\/wncri.org\/fr\/wp-json\/wp\/v2\/media\/19140"}],"wp:attachment":[{"href":"https:\/\/wncri.org\/fr\/wp-json\/wp\/v2\/media?parent=19139"}],"wp:term":[{"taxonomy":"category","embeddable":true,"href":"https:\/\/wncri.org\/fr\/wp-json\/wp\/v2\/categories?post=19139"},{"taxonomy":"post_tag","embeddable":true,"href":"https:\/\/wncri.org\/fr\/wp-json\/wp\/v2\/tags?post=19139"}],"curies":[{"name":"wp","href":"https:\/\/api.w.org\/{rel}","templated":true}]}}