{"id":19123,"date":"2023-10-06T11:48:41","date_gmt":"2023-10-06T09:48:41","guid":{"rendered":"https:\/\/wncri.org\/fr\/?p=19123"},"modified":"2023-10-08T12:04:13","modified_gmt":"2023-10-08T10:04:13","slug":"armita-geravand-16-ans","status":"publish","type":"post","link":"https:\/\/wncri.org\/fr\/2023\/10\/06\/armita-geravand-16-ans\/","title":{"rendered":"De nouveaux d\u00e9tails surgissent alors qu&#8217;Armita Geravand 16 ans, se bat pour sa vie"},"content":{"rendered":"\n<p>De nouveaux d\u00e9tails surgissent alors qu&#8217;Armita Geravand 16 ans, lutte pour sa vie.<\/p>\n\n\n\n<p>Armita Geravand 16 ans, est toujours <a href=\"https:\/\/wncri.org\/fr\/2023\/10\/03\/armita-geravand\/\">dans le coma<\/a> apr\u00e8s avoir \u00e9t\u00e9 brutalement agress\u00e9e par une personne charg\u00e9e de faire respecter le hijab, t\u00f4t dans la matin\u00e9e du dimanche 1er octobre 2023. Son \u00e9tat ne s&#8217;est pas am\u00e9lior\u00e9.<\/p>\n\n\n\n<p>La famille d&#8217;Armita est soumise \u00e0 de fortes pressions en mati\u00e8re de s\u00e9curit\u00e9 et n&#8217;est pas autoris\u00e9e \u00e0 rendre visite \u00e0 sa fille. Ses parents et ses amis sont r\u00e9duits au silence et il leur est interdit de contacter les journalistes.<\/p>\n\n\n\n<p>Les services des renseignements se sont m\u00eame rendus au lyc\u00e9e d&#8217;Armita et ont intimid\u00e9 les \u00e9l\u00e8ves, leur ordonnant de se tenir \u00e0 l&#8217;\u00e9cart des organes de presse.<\/p>\n\n\n\n<p>Sa m\u00e8re a \u00e9t\u00e9 <a href=\"https:\/\/wncri.org\/2023\/10\/05\/the-mother-of-armita-geravand\/\">violemment arr\u00eat\u00e9e<\/a> le 4 octobre, pr\u00e9tendument apr\u00e8s avoir tent\u00e9 d&#8217;entrer dans l&#8217;unit\u00e9 de soins intensifs pour voir son enfant.<\/p>\n\n\n\n<p>Armita Geravand, 16 ans, et deux de ses amis sont mont\u00e9s dans un train \u00e0 la station de m\u00e9tro Shohada de T\u00e9h\u00e9ran. Deux t\u00e9moins ont d\u00e9clar\u00e9 au <a href=\"https:\/\/www.theguardian.com\/world\/2023\/oct\/05\/armita-geravand-iran-cctv\" target=\"_blank\" rel=\"noopener\">Guardian<\/a> qu&#8217;il y avait eu une altercation, qui a conduit \u00e0 l&#8217;h\u00e9morragie c\u00e9r\u00e9brale et \u00e0 la perte de conscience d&#8217;Armita.<\/p>\n\n\n\n<p>Extraits du Guardian :<\/p>\n\n\n\n<p>Un t\u00e9moin a affirm\u00e9 que peu apr\u00e8s qu&#8217;Armita soit entr\u00e9e dans le wagon, une femme portant le hijab a commenc\u00e9 \u00e0 se disputer avec elle parce qu&#8217;elle ne portait pas de foulard. &#8220;La femme v\u00eatue d&#8217;un tchador lui a cri\u00e9 dessus en lui demandant pourquoi elle n&#8217;\u00e9tait pas couverte&#8221;, a d\u00e9clar\u00e9 le t\u00e9moin au <a href=\"https:\/\/www.theguardian.com\/world\/2023\/oct\/05\/armita-geravand-iran-cctv\" target=\"_blank\" rel=\"noopener\">Guardian<\/a>. Armita lui a alors dit : &#8220;Est-ce que je vous demande d&#8217;enlever votre foulard ? Pourquoi me demandez-vous d&#8217;en porter un ? Leur dispute est alors devenue violente. La personne charg\u00e9e de faire respecter le hijab a commenc\u00e9 \u00e0 s&#8217;en prendre physiquement \u00e0 Armita et l&#8217;a violemment pouss\u00e9e&#8221;.<\/p>\n\n\n<div class=\"wp-block-image\">\n<figure class=\"aligncenter size-large\"><img decoding=\"async\" src=\"data:image\/gif;base64,R0lGODlhAQABAIAAAAAAAP\/\/\/yH5BAEAAAAALAAAAAABAAEAAAIBRAA7\" data-src=\"https:\/\/wncri.org\/fr\/wp-content\/uploads\/2023\/10\/Hijab-enforcer-attacks-Armita-Geravand-min-1024x512.jpg\" alt=\"Armita Geravand 16 ans\" class=\"wp-image-19125 lazyload\"\/><noscript><img decoding=\"async\" width=\"1024\" height=\"512\" src=\"https:\/\/wncri.org\/fr\/wp-content\/uploads\/2023\/10\/Hijab-enforcer-attacks-Armita-Geravand-min-1024x512.jpg\" alt=\"Armita Geravand 16 ans\" class=\"wp-image-19125 lazyload\" srcset=\"https:\/\/wncri.org\/fr\/wp-content\/uploads\/2023\/10\/Hijab-enforcer-attacks-Armita-Geravand-min-1024x512.jpg 1024w, https:\/\/wncri.org\/fr\/wp-content\/uploads\/2023\/10\/Hijab-enforcer-attacks-Armita-Geravand-min-300x150.jpg 300w, https:\/\/wncri.org\/fr\/wp-content\/uploads\/2023\/10\/Hijab-enforcer-attacks-Armita-Geravand-min-768x384.jpg 768w, https:\/\/wncri.org\/fr\/wp-content\/uploads\/2023\/10\/Hijab-enforcer-attacks-Armita-Geravand-min-360x180.jpg 360w, https:\/\/wncri.org\/fr\/wp-content\/uploads\/2023\/10\/Hijab-enforcer-attacks-Armita-Geravand-min-750x375.jpg 750w, https:\/\/wncri.org\/fr\/wp-content\/uploads\/2023\/10\/Hijab-enforcer-attacks-Armita-Geravand-min.jpg 1140w\" sizes=\"(max-width: 1024px) 100vw, 1024px\" \/><\/noscript><figcaption class=\"wp-element-caption\">Une image cr\u00e9\u00e9e \u00e0 partir des m\u00e9dias sociaux, d\u00e9crivant le calvaire d&#8217;Armita dans le wagon du m\u00e9tro.<\/figcaption><\/figure>\n<\/div>\n\n\n<p>Un autre t\u00e9moin a d\u00e9clar\u00e9 qu&#8217;Armita \u00e9tait encore consciente lorsqu&#8217;elle est tomb\u00e9e sur le sol. Des t\u00e9moins ont affirm\u00e9 avoir aper\u00e7u le m\u00eame individu qui attendait derri\u00e8re l&#8217;ambulance qui a transport\u00e9 Armita \u00e0 l&#8217;h\u00f4pital.<\/p>\n\n\n\n<p>La presse d&#8217;\u00c9tat n&#8217;a pas diffus\u00e9 d&#8217;images de l&#8217;int\u00e9rieur du train et n&#8217;a pas expliqu\u00e9 pourquoi elles n&#8217;avaient pas \u00e9t\u00e9 diffus\u00e9es. La plupart des wagons du m\u00e9tro de T\u00e9h\u00e9ran sont \u00e9quip\u00e9s de plusieurs cam\u00e9ras de t\u00e9l\u00e9vision en circuit ferm\u00e9, visibles par le personnel de s\u00e9curit\u00e9. Des personnalit\u00e9s de l&#8217;opposition affirment qu&#8217;il manque au moins 100 secondes sur l&#8217;horloge de la s\u00e9quence.<\/p>\n\n\n\n<p>[Fin des extraits du Guardian].<\/p>\n\n\n<div class=\"wp-block-image\">\n<figure class=\"aligncenter size-large\"><img decoding=\"async\" src=\"data:image\/gif;base64,R0lGODlhAQABAIAAAAAAAP\/\/\/yH5BAEAAAAALAAAAAABAAEAAAIBRAA7\" data-src=\"https:\/\/wncri.org\/fr\/wp-content\/uploads\/2023\/10\/Kowsar-Jowhari-Armita-Geravand-min-1024x512.jpg\" alt=\"Armita Geravand 16 ans\" class=\"wp-image-19126 lazyload\"\/><noscript><img decoding=\"async\" width=\"1024\" height=\"512\" src=\"https:\/\/wncri.org\/fr\/wp-content\/uploads\/2023\/10\/Kowsar-Jowhari-Armita-Geravand-min-1024x512.jpg\" alt=\"Armita Geravand 16 ans\" class=\"wp-image-19126 lazyload\" srcset=\"https:\/\/wncri.org\/fr\/wp-content\/uploads\/2023\/10\/Kowsar-Jowhari-Armita-Geravand-min-1024x512.jpg 1024w, https:\/\/wncri.org\/fr\/wp-content\/uploads\/2023\/10\/Kowsar-Jowhari-Armita-Geravand-min-300x150.jpg 300w, https:\/\/wncri.org\/fr\/wp-content\/uploads\/2023\/10\/Kowsar-Jowhari-Armita-Geravand-min-768x384.jpg 768w, https:\/\/wncri.org\/fr\/wp-content\/uploads\/2023\/10\/Kowsar-Jowhari-Armita-Geravand-min-360x180.jpg 360w, https:\/\/wncri.org\/fr\/wp-content\/uploads\/2023\/10\/Kowsar-Jowhari-Armita-Geravand-min-750x375.jpg 750w, https:\/\/wncri.org\/fr\/wp-content\/uploads\/2023\/10\/Kowsar-Jowhari-Armita-Geravand-min.jpg 1140w\" sizes=\"(max-width: 1024px) 100vw, 1024px\" \/><\/noscript><figcaption class=\"wp-element-caption\">La femme en m\u00e9daillon est Kowsar Jowhari, qui s&#8217;est fait passer pour un membre de la famille lors de l&#8217;entretien forc\u00e9 avec les parents d&#8217;Armita.<\/figcaption><\/figure>\n<\/div>\n\n\n<p>D&#8217;autres informations diffus\u00e9es sur les r\u00e9seaux sociaux ont identifi\u00e9 la femme qui accompagnait les parents d&#8217;Armita Geravand, 16 ans, lors de leur entretien \u00e0 l&#8217;h\u00f4pital, comme \u00e9tant Kowsar Jowhari. Elle est enseignante \u00e0 l&#8217;\u00e9cole Hazrat-e Massoumeh de Chahriar et membre du Basij dans cette ville. Elle n&#8217;a aucun lien avec la famille Geravand.<\/p>\n\n\n\n<p>Amnesty International a lanc\u00e9 un appel le vendredi 6 octobre, demandant qu&#8217;une mission d&#8217;enqu\u00eate ind\u00e9pendante examine les conditions de d\u00e9tention d&#8217;Armita Geravand, alors que le gouvernement iranien ne fait qu&#8217;essayer de dissimuler les faits.<\/p>\n\n\n\n<p>Prions tous pour le r\u00e9tablissement d&#8217;Armita Gervand, 16 ans, innocente, qui lutte pour sa vie et symbolise le sort des jeunes femmes iraniennes qui veulent jouir de leurs libert\u00e9s fondamentales.<\/p>\n","protected":false},"excerpt":{"rendered":"<p>De nouveaux d\u00e9tails surgissent alors qu&#8217;Armita Geravand 16 ans, lutte pour sa vie. Armita Geravand 16 ans, est toujours dans le coma apr\u00e8s avoir \u00e9t\u00e9 brutalement agress\u00e9e par une personne charg\u00e9e de faire respecter le hijab, t\u00f4t dans la matin\u00e9e du dimanche 1er octobre 2023. Son \u00e9tat ne s&#8217;est pas am\u00e9lior\u00e9. La famille d&#8217;Armita est [&hellip;]<\/p>\n","protected":false},"author":4,"featured_media":19124,"comment_status":"closed","ping_status":"closed","sticky":false,"template":"","format":"standard","meta":{"jnews-multi-image_gallery":[],"jnews_single_post":{"subtitle":"","format":"standard","video":"","gallery":"","source_name":"","source_url":"","via_name":"","via_url":"","override_template":"0","override":[{"template":"7","single_blog_custom":"","parallax":"1","fullscreen":"1","layout":"right-sidebar","sidebar":"default-sidebar","second_sidebar":"default-sidebar","sticky_sidebar":"1","share_position":"floatbottom","share_float_style":"share-normal","show_share_counter":"1","show_view_counter":"1","show_featured":"1","show_post_meta":"1","show_post_author":"0","show_post_author_image":"1","show_post_date":"1","post_date_format":"default","post_date_format_custom":"Y\/m\/d","show_post_category":"1","show_post_reading_time":"0","post_reading_time_wpm":"300","show_zoom_button":"0","zoom_button_out_step":"2","zoom_button_in_step":"3","show_post_tag":"1","show_prev_next_post":"0","show_popup_post":"1","number_popup_post":"1","show_author_box":"0","show_post_related":"1","show_inline_post_related":"0"}],"override_image_size":"0","image_override":[{"single_post_thumbnail_size":"crop-500","single_post_gallery_size":"crop-500"}],"trending_post":"0","trending_post_position":"meta","trending_post_label":"Trending","sponsored_post":"0","sponsored_post_label":"Sponsored by","sponsored_post_name":"","sponsored_post_url":"","sponsored_post_logo_enable":"0","sponsored_post_logo":"","sponsored_post_desc":"","disable_ad":"0"},"jnews_primary_category":{"id":"","hide":""},"jnews_social_meta":{"fb_title":"","fb_description":"","fb_image":"","twitter_title":"","twitter_description":"","twitter_image":""},"jnews_override_counter":{"override_view_counter":"0","view_counter_number":"0","override_share_counter":"0","share_counter_number":"0","override_like_counter":"0","like_counter_number":"0","override_dislike_counter":"0","dislike_counter_number":"0"},"footnotes":""},"categories":[3],"tags":[376,375],"class_list":["post-19123","post","type-post","status-publish","format-standard","has-post-thumbnail","hentry","category-infos-des-femmes","tag-violence-contre-les-femmes","tag-voile-obligatoire"],"_links":{"self":[{"href":"https:\/\/wncri.org\/fr\/wp-json\/wp\/v2\/posts\/19123","targetHints":{"allow":["GET"]}}],"collection":[{"href":"https:\/\/wncri.org\/fr\/wp-json\/wp\/v2\/posts"}],"about":[{"href":"https:\/\/wncri.org\/fr\/wp-json\/wp\/v2\/types\/post"}],"author":[{"embeddable":true,"href":"https:\/\/wncri.org\/fr\/wp-json\/wp\/v2\/users\/4"}],"replies":[{"embeddable":true,"href":"https:\/\/wncri.org\/fr\/wp-json\/wp\/v2\/comments?post=19123"}],"version-history":[{"count":1,"href":"https:\/\/wncri.org\/fr\/wp-json\/wp\/v2\/posts\/19123\/revisions"}],"predecessor-version":[{"id":19127,"href":"https:\/\/wncri.org\/fr\/wp-json\/wp\/v2\/posts\/19123\/revisions\/19127"}],"wp:featuredmedia":[{"embeddable":true,"href":"https:\/\/wncri.org\/fr\/wp-json\/wp\/v2\/media\/19124"}],"wp:attachment":[{"href":"https:\/\/wncri.org\/fr\/wp-json\/wp\/v2\/media?parent=19123"}],"wp:term":[{"taxonomy":"category","embeddable":true,"href":"https:\/\/wncri.org\/fr\/wp-json\/wp\/v2\/categories?post=19123"},{"taxonomy":"post_tag","embeddable":true,"href":"https:\/\/wncri.org\/fr\/wp-json\/wp\/v2\/tags?post=19123"}],"curies":[{"name":"wp","href":"https:\/\/api.w.org\/{rel}","templated":true}]}}