{"id":19119,"date":"2023-10-04T10:25:57","date_gmt":"2023-10-04T08:25:57","guid":{"rendered":"https:\/\/wncri.org\/fr\/?p=19119"},"modified":"2023-10-07T10:31:24","modified_gmt":"2023-10-07T08:31:24","slug":"zahra-hatami","status":"publish","type":"post","link":"https:\/\/wncri.org\/fr\/2023\/10\/04\/zahra-hatami\/","title":{"rendered":"Zahra Hatami, une \u00e9l\u00e8ve de 8e ann\u00e9e, s&#8217;est suicid\u00e9e apr\u00e8s avoir \u00e9t\u00e9 renvoy\u00e9e pour avoir port\u00e9 du vernis \u00e0 ongles"},"content":{"rendered":"\n<p>Zahra Hatami, une \u00e9l\u00e8ve de 8e ann\u00e9e, s&#8217;est suicid\u00e9e le dimanche 1er octobre 2023, apr\u00e8s que les autorit\u00e9s scolaires l&#8217;ont renvoy\u00e9e de l&#8217;\u00e9cole parce qu&#8217;elle portait du vernis \u00e0 ongles.<\/p>\n\n\n\n<p>Zahra Hatami \u00e9tudiait au lyc\u00e9e Narjes \u00e0 Vahidieh, <a href=\"https:\/\/en.wikipedia.org\/wiki\/Shahriar_County\" target=\"_blank\" rel=\"noreferrer noopener\">Chahriar<\/a>, l&#8217;une des banlieues de T\u00e9h\u00e9ran. Elle a \u00e9t\u00e9 renvoy\u00e9e de l&#8217;\u00e9cole pendant trois jours parce qu&#8217;elle portait du vernis \u00e0 ongles.<\/p>\n\n\n\n<p>Zahra Hatami avait peur de rentrer chez elle pour le dire \u00e0 son p\u00e8re. Certains t\u00e9moignages indiquent qu&#8217;elle craignait d&#8217;\u00eatre mari\u00e9e de force apr\u00e8s avoir \u00e9t\u00e9 renvoy\u00e9e de l&#8217;\u00e9cole. Elle a donc saut\u00e9 du toit d&#8217;un b\u00e2timent \u00e0 moiti\u00e9 construit pr\u00e8s de l&#8217;\u00e9cole.<\/p>\n\n\n<div class=\"wp-block-image\">\n<figure class=\"aligncenter size-large\"><img decoding=\"async\" src=\"data:image\/gif;base64,R0lGODlhAQABAIAAAAAAAP\/\/\/yH5BAEAAAAALAAAAAABAAEAAAIBRAA7\" data-src=\"https:\/\/wncri.org\/fr\/wp-content\/uploads\/2023\/10\/Zahra-Hatmi-funeral-advert-min-1024x512.jpg\" alt=\"Zahra Hatami, une \u00e9l\u00e8ve de 8e ann\u00e9e, s'est suicid\u00e9e apr\u00e8s avoir \u00e9t\u00e9 renvoy\u00e9e pour avoir port\u00e9 du vernis \u00e0 ongles\" class=\"wp-image-19121 lazyload\"\/><noscript><img decoding=\"async\" width=\"1024\" height=\"512\" src=\"https:\/\/wncri.org\/fr\/wp-content\/uploads\/2023\/10\/Zahra-Hatmi-funeral-advert-min-1024x512.jpg\" alt=\"Zahra Hatami, une \u00e9l\u00e8ve de 8e ann\u00e9e, s'est suicid\u00e9e apr\u00e8s avoir \u00e9t\u00e9 renvoy\u00e9e pour avoir port\u00e9 du vernis \u00e0 ongles\" class=\"wp-image-19121 lazyload\" srcset=\"https:\/\/wncri.org\/fr\/wp-content\/uploads\/2023\/10\/Zahra-Hatmi-funeral-advert-min-1024x512.jpg 1024w, https:\/\/wncri.org\/fr\/wp-content\/uploads\/2023\/10\/Zahra-Hatmi-funeral-advert-min-300x150.jpg 300w, https:\/\/wncri.org\/fr\/wp-content\/uploads\/2023\/10\/Zahra-Hatmi-funeral-advert-min-768x384.jpg 768w, https:\/\/wncri.org\/fr\/wp-content\/uploads\/2023\/10\/Zahra-Hatmi-funeral-advert-min-360x180.jpg 360w, https:\/\/wncri.org\/fr\/wp-content\/uploads\/2023\/10\/Zahra-Hatmi-funeral-advert-min-750x375.jpg 750w, https:\/\/wncri.org\/fr\/wp-content\/uploads\/2023\/10\/Zahra-Hatmi-funeral-advert-min.jpg 1140w\" sizes=\"(max-width: 1024px) 100vw, 1024px\" \/><\/noscript><figcaption class=\"wp-element-caption\">L&#8217;annonce des fun\u00e9railles de Zahra Hatami<\/figcaption><\/figure>\n<\/div>\n\n\n<p>Les \u00e9coles et les universit\u00e9s iraniennes appliquent des <a href=\"https:\/\/wncri.org\/fr\/2023\/09\/26\/la-nouvelle-annee-universitaire\/\" target=\"_blank\" rel=\"noreferrer noopener\">r\u00e8gles strictes<\/a> \u00e0 la suite de l&#8217;adoption de la <a href=\"https:\/\/wncri.org\/fr\/2023\/09\/21\/loi-repressif-sur-le-hijab\/\" target=\"_blank\" rel=\"noreferrer noopener\">nouvelle loi sur le hijab et la chastet\u00e9<\/a>.<\/p>\n\n\n\n<p>Par ailleurs, le lundi 2 octobre, une \u00e9tudiante de l&#8217;\u00e9cole d&#8217;agriculture et de ressources naturelles de l&#8217;universit\u00e9 de T\u00e9h\u00e9ran s&#8217;est \u00e9vanouie \u00e0 la suite d&#8217;une altercation verbale avec les forces de s\u00e9curit\u00e9 sur le campus. Elle a \u00e9t\u00e9 transf\u00e9r\u00e9e \u00e0 l&#8217;h\u00f4pital.<\/p>\n\n\n\n<p>Apr\u00e8s l&#8217;adoption de la nouvelle loi sur le hijab et la chastet\u00e9, les \u00e9tudiantes ont \u00e9t\u00e9 victimes d&#8217;insultes de la part des forces de s\u00e9curit\u00e9 qui sillonnent les campus du pays.<\/p>\n","protected":false},"excerpt":{"rendered":"<p>Zahra Hatami, une \u00e9l\u00e8ve de 8e ann\u00e9e, s&#8217;est suicid\u00e9e le dimanche 1er octobre 2023, apr\u00e8s que les autorit\u00e9s scolaires l&#8217;ont renvoy\u00e9e de l&#8217;\u00e9cole parce qu&#8217;elle portait du vernis \u00e0 ongles. Zahra Hatami \u00e9tudiait au lyc\u00e9e Narjes \u00e0 Vahidieh, Chahriar, l&#8217;une des banlieues de T\u00e9h\u00e9ran. Elle a \u00e9t\u00e9 renvoy\u00e9e de l&#8217;\u00e9cole pendant trois jours parce qu&#8217;elle [&hellip;]<\/p>\n","protected":false},"author":4,"featured_media":19120,"comment_status":"closed","ping_status":"closed","sticky":false,"template":"","format":"standard","meta":{"jnews-multi-image_gallery":[],"jnews_single_post":{"subtitle":"","format":"standard","video":"","gallery":"","source_name":"","source_url":"","via_name":"","via_url":"","override_template":"0","override":[{"template":"7","single_blog_custom":"","parallax":"1","fullscreen":"1","layout":"right-sidebar","sidebar":"default-sidebar","second_sidebar":"default-sidebar","sticky_sidebar":"1","share_position":"floatbottom","share_float_style":"share-normal","show_share_counter":"1","show_view_counter":"1","show_featured":"1","show_post_meta":"1","show_post_author":"0","show_post_author_image":"1","show_post_date":"1","post_date_format":"default","post_date_format_custom":"Y\/m\/d","show_post_category":"1","show_post_reading_time":"0","post_reading_time_wpm":"300","show_zoom_button":"0","zoom_button_out_step":"2","zoom_button_in_step":"3","show_post_tag":"1","show_prev_next_post":"0","show_popup_post":"1","number_popup_post":"1","show_author_box":"0","show_post_related":"1","show_inline_post_related":"0"}],"override_image_size":"0","image_override":[{"single_post_thumbnail_size":"crop-500","single_post_gallery_size":"crop-500"}],"trending_post":"0","trending_post_position":"meta","trending_post_label":"Trending","sponsored_post":"0","sponsored_post_label":"Sponsored by","sponsored_post_name":"","sponsored_post_url":"","sponsored_post_logo_enable":"0","sponsored_post_logo":"","sponsored_post_desc":"","disable_ad":"0"},"jnews_primary_category":{"id":"","hide":""},"jnews_social_meta":{"fb_title":"","fb_description":"","fb_image":"","twitter_title":"","twitter_description":"","twitter_image":""},"jnews_override_counter":{"override_view_counter":"0","view_counter_number":"0","override_share_counter":"0","share_counter_number":"0","override_like_counter":"0","like_counter_number":"0","override_dislike_counter":"0","dislike_counter_number":"0"},"footnotes":""},"categories":[3],"tags":[366,375],"class_list":["post-19119","post","type-post","status-publish","format-standard","has-post-thumbnail","hentry","category-infos-des-femmes","tag-la-petite-fille","tag-voile-obligatoire"],"_links":{"self":[{"href":"https:\/\/wncri.org\/fr\/wp-json\/wp\/v2\/posts\/19119","targetHints":{"allow":["GET"]}}],"collection":[{"href":"https:\/\/wncri.org\/fr\/wp-json\/wp\/v2\/posts"}],"about":[{"href":"https:\/\/wncri.org\/fr\/wp-json\/wp\/v2\/types\/post"}],"author":[{"embeddable":true,"href":"https:\/\/wncri.org\/fr\/wp-json\/wp\/v2\/users\/4"}],"replies":[{"embeddable":true,"href":"https:\/\/wncri.org\/fr\/wp-json\/wp\/v2\/comments?post=19119"}],"version-history":[{"count":1,"href":"https:\/\/wncri.org\/fr\/wp-json\/wp\/v2\/posts\/19119\/revisions"}],"predecessor-version":[{"id":19122,"href":"https:\/\/wncri.org\/fr\/wp-json\/wp\/v2\/posts\/19119\/revisions\/19122"}],"wp:featuredmedia":[{"embeddable":true,"href":"https:\/\/wncri.org\/fr\/wp-json\/wp\/v2\/media\/19120"}],"wp:attachment":[{"href":"https:\/\/wncri.org\/fr\/wp-json\/wp\/v2\/media?parent=19119"}],"wp:term":[{"taxonomy":"category","embeddable":true,"href":"https:\/\/wncri.org\/fr\/wp-json\/wp\/v2\/categories?post=19119"},{"taxonomy":"post_tag","embeddable":true,"href":"https:\/\/wncri.org\/fr\/wp-json\/wp\/v2\/tags?post=19119"}],"curies":[{"name":"wp","href":"https:\/\/api.w.org\/{rel}","templated":true}]}}