{"id":19110,"date":"2023-10-05T19:52:07","date_gmt":"2023-10-05T17:52:07","guid":{"rendered":"https:\/\/wncri.org\/fr\/?p=19110"},"modified":"2023-10-05T20:30:02","modified_gmt":"2023-10-05T18:30:02","slug":"la-mere-darmita-geravand","status":"publish","type":"post","link":"https:\/\/wncri.org\/fr\/2023\/10\/05\/la-mere-darmita-geravand\/","title":{"rendered":"La m\u00e8re d&#8217;Armita Geravand a \u00e9t\u00e9 arr\u00eat\u00e9e"},"content":{"rendered":"\n<h2 class=\"wp-block-heading\">La m\u00e8re d&#8217;Armita Geravand a \u00e9t\u00e9 arr\u00eat\u00e9e apr\u00e8s une interview t\u00e9l\u00e9vis\u00e9e forc\u00e9e<\/h2>\n\n\n\n<p>Les services de s\u00e9curit\u00e9 du r\u00e9gime cl\u00e9rical ont violemment arr\u00eat\u00e9 Shahin Ahmadi, la m\u00e8re d&#8217;Armita Geravand, dans la soir\u00e9e du mercredi 4 octobre 2023, \u00e0 l&#8217;h\u00f4pital Fajr, selon les m\u00e9dias sociaux et les groupes de d\u00e9fense des droits de l&#8217;Homme.<\/p>\n\n\n\n<p>L&#8217;agence de presse gouvernementale Tasnim a d\u00e9menti l&#8217;arrestation de la m\u00e8re d&#8217;Amita Geravand.<\/p>\n\n\n\n<p>Armita Geravand, 16 ans, aurait \u00e9t\u00e9 attaqu\u00e9e par des patrouilles de moeurs dans une station de m\u00e9tro de T\u00e9h\u00e9ran le dimanche 1er octobre, la bousculant si violemment qu&#8217;elle a souffert d&#8217;un traumatisme cr\u00e2nien et est tomb\u00e9e dans le coma. Ses amis ont d\u00e9clar\u00e9 que sa t\u00eate saignait lorsqu&#8217;une infirmi\u00e8re ou un m\u00e9decin de la station de m\u00e9tro lui a fait un massage cardiaque avant qu&#8217;elle ne soit transf\u00e9r\u00e9e en ambulance \u00e0 l&#8217;h\u00f4pital Fajr de l&#8217;arm\u00e9e de l&#8217;air.<\/p>\n\n\n\n<p>Armita Geravand est <a href=\"https:\/\/wncri.org\/fr\/2023\/10\/03\/armita-geravand\/\" target=\"_blank\" rel=\"noreferrer noopener\">actuellement dans le coma<\/a> et hospitalis\u00e9e dans l&#8217;unit\u00e9 de soins intensifs de l&#8217;h\u00f4pital Fajr.<\/p>\n\n\n<div class=\"wp-block-image\">\n<figure class=\"aligncenter size-large\"><img decoding=\"async\" src=\"data:image\/gif;base64,R0lGODlhAQABAIAAAAAAAP\/\/\/yH5BAEAAAAALAAAAAABAAEAAAIBRAA7\" data-src=\"https:\/\/wncri.org\/fr\/wp-content\/uploads\/2023\/10\/Armita-Geravand-in-the-ICU-min-1024x576.jpg\" alt=\"La m\u00e8re d'Armita Geravand a \u00e9t\u00e9 arr\u00eat\u00e9e\" class=\"wp-image-19111 lazyload\"\/><noscript><img decoding=\"async\" width=\"1024\" height=\"576\" src=\"https:\/\/wncri.org\/fr\/wp-content\/uploads\/2023\/10\/Armita-Geravand-in-the-ICU-min-1024x576.jpg\" alt=\"La m\u00e8re d'Armita Geravand a \u00e9t\u00e9 arr\u00eat\u00e9e\" class=\"wp-image-19111 lazyload\" srcset=\"https:\/\/wncri.org\/fr\/wp-content\/uploads\/2023\/10\/Armita-Geravand-in-the-ICU-min-1024x576.jpg 1024w, https:\/\/wncri.org\/fr\/wp-content\/uploads\/2023\/10\/Armita-Geravand-in-the-ICU-min-300x169.jpg 300w, https:\/\/wncri.org\/fr\/wp-content\/uploads\/2023\/10\/Armita-Geravand-in-the-ICU-min-768x432.jpg 768w, https:\/\/wncri.org\/fr\/wp-content\/uploads\/2023\/10\/Armita-Geravand-in-the-ICU-min-750x422.jpg 750w, https:\/\/wncri.org\/fr\/wp-content\/uploads\/2023\/10\/Armita-Geravand-in-the-ICU-min-1140x641.jpg 1140w, https:\/\/wncri.org\/fr\/wp-content\/uploads\/2023\/10\/Armita-Geravand-in-the-ICU-min.jpg 1200w\" sizes=\"(max-width: 1024px) 100vw, 1024px\" \/><\/noscript><\/figure>\n<\/div>\n\n\n<p>Un service entier a \u00e9t\u00e9 \u00e9vacu\u00e9 de l&#8217;h\u00f4pital Fajr, qui a \u00e9t\u00e9 encercl\u00e9 par des agents des services des renseignements, des forces de s\u00e9curit\u00e9 et des agents en civil. Personne n&#8217;est autoris\u00e9 \u00e0 voir Armita Geravand, pas m\u00eame ses parents. Ses amis qui l&#8217;ont emmen\u00e9e \u00e0 l&#8217;h\u00f4pital ont \u00e9t\u00e9 arr\u00eat\u00e9s pendant trois jours.<\/p>\n\n\n\n<p>Le 3 octobre, apr\u00e8s 2 jours, ses parents ont \u00e9t\u00e9 interview\u00e9s par IRNA TV, disant qu&#8217;elle s&#8217;\u00e9tait \u00e9vanouie \u00e0 cause d&#8217;une chute de sa tension art\u00e9rielle. L&#8217;interview s&#8217;est d\u00e9roul\u00e9e \u00e0 l&#8217;h\u00f4pital sous la forte pr\u00e9sence de responsables de la s\u00e9curit\u00e9. Une femme inconnue, identifi\u00e9e comme &#8220;une parente&#8221;, a \u00e9t\u00e9 interview\u00e9e par la t\u00e9l\u00e9vision, affirmant que l&#8217;attaque de la jeune femme par une patrouille des moeurs \u00e9tait une rumeur diffus\u00e9e par les ennemis de l&#8217;\u00c9tat.<\/p>\n\n\n\n<p>Les utilisateurs des r\u00e9seaux sociaux mettent en doute l&#8217;identit\u00e9 de cette femme et affirment qu&#8217;il s&#8217;agit tr\u00e8s probablement d&#8217;une agente du gouvernement.<\/p>\n\n\n\n<p>Par ailleurs, il a \u00e9t\u00e9 rapport\u00e9 que les &#8220;<a href=\"https:\/\/wncri.org\/fr\/2023\/08\/07\/la-municipalite-de-teheran\/\" target=\"_blank\" rel=\"noreferrer noopener\">surveillants du voile<\/a>&#8221; dans les stations de m\u00e9tro ont \u00e9t\u00e9 retir\u00e9s depuis dimanche, date de l&#8217;agression d&#8217;Armita Geravand.<\/p>\n\n\n\n<p>En outre, les forces de s\u00e9curit\u00e9 du minist\u00e8re de l&#8217;\u00e9ducation (Herasat) et une \u00e9quipe des services de s\u00e9curit\u00e9 se sont rendues \u00e0 l&#8217;\u00e9cole d&#8217;art Orvat ol-Vosgha, o\u00f9 Armita Geravand a \u00e9tudi\u00e9. Ils auraient menac\u00e9 tous les \u00e9tudiants et les amis d&#8217;Armita de s&#8217;abstenir de publier ou de partager des informations ou des photos d&#8217;elle.<\/p>\n\n\n\n<p>Un journal \u00e9lectronique, FARAZ, a <a href=\"https:\/\/twitter.com\/Tasnimnews_Fa\/status\/1709658376471298064\" target=\"_blank\" rel=\"noreferrer noopener\">interview\u00e9<\/a> le p\u00e8re d&#8217;Amrita, qui a d\u00e9clar\u00e9 qu&#8217;il \u00e9tait au travail et qu&#8217;il n&#8217;avait aucune information sur sa fille, qui \u00e9tait dans le coma. Le commentaire du p\u00e8re a suscit\u00e9 beaucoup d&#8217;interrogations ! Le r\u00e9dacteur en chef du journal a ensuite ni\u00e9 avoir publi\u00e9 l&#8217;interview.<\/p>\n\n\n\n<p>Entre-temps, ses amies, Mahla et Fatemeh, ont \u00e9t\u00e9 interview\u00e9es par l&#8217;IRNA. Dans des commentaires sans \u00e9motion, elles ont r\u00e9p\u00e9t\u00e9 le r\u00e9cit du r\u00e9gime sur ce qui s&#8217;est pass\u00e9 ce matin-l\u00e0, alors qu&#8217;elles se rendaient \u00e0 l&#8217;\u00e9cole.<\/p>\n\n\n\n<p>Entre-temps, les autorit\u00e9s ont diffus\u00e9 une version plus longue et manifestement &#8220;<a href=\"https:\/\/twitter.com\/masoudkazemi81\/status\/1709672510189400205\" target=\"_blank\" rel=\"noreferrer noopener\">\u00e9dit\u00e9e<\/a>&#8221; des images de vid\u00e9osurveillance afin de prouver qu&#8217;aucune confrontation n&#8217;a eu lieu dans la station de m\u00e9tro. Ces images ne contiennent toutefois aucune s\u00e9quence film\u00e9e \u00e0 l&#8217;int\u00e9rieur du wagon, o\u00f9 Armita Geravand s&#8217;est &#8220;\u00e9vanouie&#8221;.<\/p>\n\n\n\n<p>Les t\u00e9l\u00e9phones portables de tous les membres de la famille d&#8217;Armita ont \u00e9t\u00e9 confisqu\u00e9s par les forces de s\u00e9curit\u00e9, qui les soup\u00e7onnent d&#8217;avoir envoy\u00e9 des images enregistr\u00e9es apr\u00e8s la publication des photos d&#8217;Armita dans l&#8217;unit\u00e9 de soins intensifs.<\/p>\n\n\n\n<p>En effet, m\u00eame si l&#8217;on admet qu&#8217;Armita Geravand s&#8217;est \u00e9vanouie en raison d&#8217;une chute soudaine de sa tension art\u00e9rielle, comment a-t-elle pu se cogner la t\u00eate aussi violemment contre une ar\u00eate en fer dans un wagon de m\u00e9tro bond\u00e9, alors qu&#8217;elle \u00e9tait entour\u00e9e d&#8217;amis et du public ?<\/p>\n\n\n\n<p>Les rapports m\u00e9dicaux indiquent qu&#8217;elle a subi une h\u00e9morragie c\u00e9r\u00e9brale \u00e0 la suite d&#8217;un coup \u00e0 la t\u00eate. Ses chances de survie sont malheureusement faibles.<\/p>\n\n\n<div class=\"wp-block-image\">\n<figure class=\"aligncenter size-large\"><img decoding=\"async\" src=\"data:image\/gif;base64,R0lGODlhAQABAIAAAAAAAP\/\/\/yH5BAEAAAAALAAAAAABAAEAAAIBRAA7\" data-src=\"https:\/\/wncri.org\/fr\/wp-content\/uploads\/2023\/10\/Armita-Geravand-Maryam-Rajavi_FR-min-1024x512.jpg\" alt=\"La m\u00e8re d'Armita Geravand a \u00e9t\u00e9 arr\u00eat\u00e9e\" class=\"wp-image-19113 lazyload\"\/><noscript><img decoding=\"async\" width=\"1024\" height=\"512\" src=\"https:\/\/wncri.org\/fr\/wp-content\/uploads\/2023\/10\/Armita-Geravand-Maryam-Rajavi_FR-min-1024x512.jpg\" alt=\"La m\u00e8re d'Armita Geravand a \u00e9t\u00e9 arr\u00eat\u00e9e\" class=\"wp-image-19113 lazyload\" srcset=\"https:\/\/wncri.org\/fr\/wp-content\/uploads\/2023\/10\/Armita-Geravand-Maryam-Rajavi_FR-min-1024x512.jpg 1024w, https:\/\/wncri.org\/fr\/wp-content\/uploads\/2023\/10\/Armita-Geravand-Maryam-Rajavi_FR-min-300x150.jpg 300w, https:\/\/wncri.org\/fr\/wp-content\/uploads\/2023\/10\/Armita-Geravand-Maryam-Rajavi_FR-min-768x384.jpg 768w, https:\/\/wncri.org\/fr\/wp-content\/uploads\/2023\/10\/Armita-Geravand-Maryam-Rajavi_FR-min-360x180.jpg 360w, https:\/\/wncri.org\/fr\/wp-content\/uploads\/2023\/10\/Armita-Geravand-Maryam-Rajavi_FR-min-750x375.jpg 750w, https:\/\/wncri.org\/fr\/wp-content\/uploads\/2023\/10\/Armita-Geravand-Maryam-Rajavi_FR-min.jpg 1140w\" sizes=\"(max-width: 1024px) 100vw, 1024px\" \/><\/noscript><\/figure>\n<\/div>\n\n\n<p>La Commission des femmes du CNRI r\u00e9it\u00e8re l&#8217;appel lanc\u00e9 hier par Mme Maryam Radjavi au <a href=\"https:\/\/twitter.com\/Maryam_Rajavi\/status\/1709499737940840885\" target=\"_blank\" rel=\"noreferrer noopener\">rapporteur sp\u00e9cial des Nations unies<\/a> sur la violence contre les femmes pour qu&#8217;il s&#8217;informe rapidement de l&#8217;\u00e9tat d&#8217;Armita et envoie un repr\u00e9sentant rendre visite \u00e0 la jeune fille innocente avant qu&#8217;il ne soit trop tard.<\/p>\n","protected":false},"excerpt":{"rendered":"<p>La m\u00e8re d&#8217;Armita Geravand a \u00e9t\u00e9 arr\u00eat\u00e9e apr\u00e8s une interview t\u00e9l\u00e9vis\u00e9e forc\u00e9e Les services de s\u00e9curit\u00e9 du r\u00e9gime cl\u00e9rical ont violemment arr\u00eat\u00e9 Shahin Ahmadi, la m\u00e8re d&#8217;Armita Geravand, dans la soir\u00e9e du mercredi 4 octobre 2023, \u00e0 l&#8217;h\u00f4pital Fajr, selon les m\u00e9dias sociaux et les groupes de d\u00e9fense des droits de l&#8217;Homme. L&#8217;agence de presse [&hellip;]<\/p>\n","protected":false},"author":4,"featured_media":19112,"comment_status":"closed","ping_status":"closed","sticky":false,"template":"","format":"standard","meta":{"jnews-multi-image_gallery":[],"jnews_single_post":{"subtitle":"","format":"standard","video":"","gallery":"","source_name":"","source_url":"","via_name":"","via_url":"","override_template":"0","override":[{"template":"7","single_blog_custom":"","parallax":"1","fullscreen":"1","layout":"right-sidebar","sidebar":"default-sidebar","second_sidebar":"default-sidebar","sticky_sidebar":"1","share_position":"floatbottom","share_float_style":"share-normal","show_share_counter":"1","show_view_counter":"1","show_featured":"1","show_post_meta":"1","show_post_author":"0","show_post_author_image":"1","show_post_date":"1","post_date_format":"default","post_date_format_custom":"Y\/m\/d","show_post_category":"1","show_post_reading_time":"0","post_reading_time_wpm":"300","show_zoom_button":"0","zoom_button_out_step":"2","zoom_button_in_step":"3","show_post_tag":"1","show_prev_next_post":"0","show_popup_post":"1","number_popup_post":"1","show_author_box":"0","show_post_related":"1","show_inline_post_related":"0"}],"override_image_size":"0","image_override":[{"single_post_thumbnail_size":"crop-500","single_post_gallery_size":"crop-500"}],"trending_post":"0","trending_post_position":"meta","trending_post_label":"Trending","sponsored_post":"0","sponsored_post_label":"Sponsored by","sponsored_post_name":"","sponsored_post_url":"","sponsored_post_logo_enable":"0","sponsored_post_logo":"","sponsored_post_desc":"","disable_ad":"0"},"jnews_primary_category":{"id":"","hide":""},"jnews_social_meta":{"fb_title":"","fb_description":"","fb_image":"","twitter_title":"","twitter_description":"","twitter_image":""},"jnews_override_counter":{"override_view_counter":"0","view_counter_number":"0","override_share_counter":"0","share_counter_number":"0","override_like_counter":"0","like_counter_number":"0","override_dislike_counter":"0","dislike_counter_number":"0"},"footnotes":""},"categories":[3],"tags":[376,375],"class_list":["post-19110","post","type-post","status-publish","format-standard","has-post-thumbnail","hentry","category-infos-des-femmes","tag-violence-contre-les-femmes","tag-voile-obligatoire"],"_links":{"self":[{"href":"https:\/\/wncri.org\/fr\/wp-json\/wp\/v2\/posts\/19110","targetHints":{"allow":["GET"]}}],"collection":[{"href":"https:\/\/wncri.org\/fr\/wp-json\/wp\/v2\/posts"}],"about":[{"href":"https:\/\/wncri.org\/fr\/wp-json\/wp\/v2\/types\/post"}],"author":[{"embeddable":true,"href":"https:\/\/wncri.org\/fr\/wp-json\/wp\/v2\/users\/4"}],"replies":[{"embeddable":true,"href":"https:\/\/wncri.org\/fr\/wp-json\/wp\/v2\/comments?post=19110"}],"version-history":[{"count":1,"href":"https:\/\/wncri.org\/fr\/wp-json\/wp\/v2\/posts\/19110\/revisions"}],"predecessor-version":[{"id":19114,"href":"https:\/\/wncri.org\/fr\/wp-json\/wp\/v2\/posts\/19110\/revisions\/19114"}],"wp:featuredmedia":[{"embeddable":true,"href":"https:\/\/wncri.org\/fr\/wp-json\/wp\/v2\/media\/19112"}],"wp:attachment":[{"href":"https:\/\/wncri.org\/fr\/wp-json\/wp\/v2\/media?parent=19110"}],"wp:term":[{"taxonomy":"category","embeddable":true,"href":"https:\/\/wncri.org\/fr\/wp-json\/wp\/v2\/categories?post=19110"},{"taxonomy":"post_tag","embeddable":true,"href":"https:\/\/wncri.org\/fr\/wp-json\/wp\/v2\/tags?post=19110"}],"curies":[{"name":"wp","href":"https:\/\/api.w.org\/{rel}","templated":true}]}}