{"id":19102,"date":"2023-10-03T23:08:00","date_gmt":"2023-10-03T21:08:00","guid":{"rendered":"https:\/\/wncri.org\/fr\/?p=19102"},"modified":"2023-10-05T00:15:49","modified_gmt":"2023-10-04T22:15:49","slug":"armita-geravand","status":"publish","type":"post","link":"https:\/\/wncri.org\/fr\/2023\/10\/03\/armita-geravand\/","title":{"rendered":"Armita Geravand, 16 ans, a-t-elle subi le sort de Zhina Mahsa Amini ?"},"content":{"rendered":"\n<h2 class=\"wp-block-heading\">Armita Geravand, 16 ans, a-t-elle subi le sort de Zhina <a href=\"https:\/\/wncri.org\/fr\/2023\/03\/31\/mahsa-amini\/\" target=\"_blank\" rel=\"noreferrer noopener\">Mahsa Amini<\/a> ?<\/h2>\n\n\n\n<p>Selon des informations publi\u00e9es sur les r\u00e9seaux sociaux, une jeune fille de 16 ans a perdu connaissance et est tomb\u00e9e dans le coma \u00e0 la suite des blessures qu&#8217;elle a subies apr\u00e8s avoir \u00e9t\u00e9 bouscul\u00e9e par des agents de la police des moeurs dans un wagon du m\u00e9tro de T\u00e9h\u00e9ran. Cette lyc\u00e9enne, nomm\u00e9e Armita Geravand, aurait \u00e9t\u00e9 agress\u00e9e le dimanche 1er octobre 2023, alors qu&#8217;elle montait dans la rame de m\u00e9tro pour se rendre \u00e0 l&#8217;\u00e9cole avec ses amis \u00e0 la station de m\u00e9tro Shohada de T\u00e9h\u00e9ran.<\/p>\n\n\n<div class=\"wp-block-image\">\n<figure class=\"aligncenter size-full\"><img decoding=\"async\" src=\"data:image\/gif;base64,R0lGODlhAQABAIAAAAAAAP\/\/\/yH5BAEAAAAALAAAAAABAAEAAAIBRAA7\" data-src=\"https:\/\/wncri.org\/fr\/wp-content\/uploads\/2023\/10\/Arimta-Geravand-Fajr-Hospital-min.jpg\" alt=\"Armita Geravand, 16 ans, a-t-elle subi le sort de Zhina Mahsa Amini ?\" class=\"wp-image-19103 lazyload\"\/><noscript><img decoding=\"async\" width=\"480\" height=\"336\" src=\"https:\/\/wncri.org\/fr\/wp-content\/uploads\/2023\/10\/Arimta-Geravand-Fajr-Hospital-min.jpg\" alt=\"Armita Geravand, 16 ans, a-t-elle subi le sort de Zhina Mahsa Amini ?\" class=\"wp-image-19103 lazyload\" srcset=\"https:\/\/wncri.org\/fr\/wp-content\/uploads\/2023\/10\/Arimta-Geravand-Fajr-Hospital-min.jpg 480w, https:\/\/wncri.org\/fr\/wp-content\/uploads\/2023\/10\/Arimta-Geravand-Fajr-Hospital-min-300x210.jpg 300w\" sizes=\"(max-width: 480px) 100vw, 480px\" \/><\/noscript><figcaption class=\"wp-element-caption\">l&#8217;h\u00f4pital Fajr <\/figcaption><\/figure>\n<\/div>\n\n\n<p>Armita Geravand a \u00e9t\u00e9 transf\u00e9r\u00e9e en ambulance \u00e0 l&#8217;h\u00f4pital Fajr situ\u00e9 sur l&#8217;avenue Pirouzi \u00e0 T\u00e9h\u00e9ran. L&#8217;h\u00f4pital, affili\u00e9 \u00e0 l&#8217;arm\u00e9e de l&#8217;air, est encercl\u00e9 par les forces de s\u00e9curit\u00e9 jusqu&#8217;au moment de la r\u00e9daction de ce texte. M\u00eame les parents d&#8217;Armita ne sont pas autoris\u00e9s \u00e0 lui rendre visite.<\/p>\n\n\n<div class=\"wp-block-image\">\n<figure class=\"aligncenter size-full\"><img decoding=\"async\" src=\"data:image\/gif;base64,R0lGODlhAQABAIAAAAAAAP\/\/\/yH5BAEAAAAALAAAAAABAAEAAAIBRAA7\" data-src=\"https:\/\/wncri.org\/fr\/wp-content\/uploads\/2023\/10\/Armita-Geravand-and-Maryam-Lotfi-min.jpg\" alt=\"Armita Geravand, 16 ans, a-t-elle subi le sort de Zhina Mahsa Amini ?\" class=\"wp-image-19106 lazyload\"\/><noscript><img decoding=\"async\" width=\"675\" height=\"675\" src=\"https:\/\/wncri.org\/fr\/wp-content\/uploads\/2023\/10\/Armita-Geravand-and-Maryam-Lotfi-min.jpg\" alt=\"Armita Geravand, 16 ans, a-t-elle subi le sort de Zhina Mahsa Amini ?\" class=\"wp-image-19106 lazyload\" srcset=\"https:\/\/wncri.org\/fr\/wp-content\/uploads\/2023\/10\/Armita-Geravand-and-Maryam-Lotfi-min.jpg 675w, https:\/\/wncri.org\/fr\/wp-content\/uploads\/2023\/10\/Armita-Geravand-and-Maryam-Lotfi-min-300x300.jpg 300w, https:\/\/wncri.org\/fr\/wp-content\/uploads\/2023\/10\/Armita-Geravand-and-Maryam-Lotfi-min-150x150.jpg 150w, https:\/\/wncri.org\/fr\/wp-content\/uploads\/2023\/10\/Armita-Geravand-and-Maryam-Lotfi-min-75x75.jpg 75w, https:\/\/wncri.org\/fr\/wp-content\/uploads\/2023\/10\/Armita-Geravand-and-Maryam-Lotfi-min-350x350.jpg 350w\" sizes=\"(max-width: 675px) 100vw, 675px\" \/><\/noscript><figcaption class=\"wp-element-caption\">Maryam Lotfi<\/figcaption><\/figure>\n<\/div>\n\n\n<p>Maryam Lotfi, une journaliste du Sharq Daily, qui s&#8217;est rendue \u00e0 l&#8217;h\u00f4pital Fajr \u00e0 midi le lundi 2 octobre 2023 pour pr\u00e9parer un article sur la situation d&#8217;Armita Geravand, a \u00e9t\u00e9 arr\u00eat\u00e9e. Elle a \u00e9t\u00e9 rel\u00e2ch\u00e9e quelques heures plus tard. (Rouydad24.ir, 2 octobre 2023)<\/p>\n\n\n<div class=\"wp-block-image\">\n<figure class=\"aligncenter size-large\"><img decoding=\"async\" src=\"data:image\/gif;base64,R0lGODlhAQABAIAAAAAAAP\/\/\/yH5BAEAAAAALAAAAAABAAEAAAIBRAA7\" data-src=\"https:\/\/wncri.org\/fr\/wp-content\/uploads\/2023\/10\/Armita-Geravand-3-min-1024x576.jpg\" alt=\"Armita Geravand, 16 ans, a-t-elle subi le sort de Zhina Mahsa Amini ?\" class=\"wp-image-19105 lazyload\"\/><noscript><img decoding=\"async\" width=\"1024\" height=\"576\" src=\"https:\/\/wncri.org\/fr\/wp-content\/uploads\/2023\/10\/Armita-Geravand-3-min-1024x576.jpg\" alt=\"Armita Geravand, 16 ans, a-t-elle subi le sort de Zhina Mahsa Amini ?\" class=\"wp-image-19105 lazyload\" srcset=\"https:\/\/wncri.org\/fr\/wp-content\/uploads\/2023\/10\/Armita-Geravand-3-min-1024x576.jpg 1024w, https:\/\/wncri.org\/fr\/wp-content\/uploads\/2023\/10\/Armita-Geravand-3-min-300x169.jpg 300w, https:\/\/wncri.org\/fr\/wp-content\/uploads\/2023\/10\/Armita-Geravand-3-min-768x432.jpg 768w, https:\/\/wncri.org\/fr\/wp-content\/uploads\/2023\/10\/Armita-Geravand-3-min-750x422.jpg 750w, https:\/\/wncri.org\/fr\/wp-content\/uploads\/2023\/10\/Armita-Geravand-3-min-1140x641.jpg 1140w, https:\/\/wncri.org\/fr\/wp-content\/uploads\/2023\/10\/Armita-Geravand-3-min.jpg 1200w\" sizes=\"(max-width: 1024px) 100vw, 1024px\" \/><\/noscript><figcaption class=\"wp-element-caption\">Les parents d&#8217;Armita<\/figcaption><\/figure>\n<\/div>\n\n\n<p>Les autorit\u00e9s ont forc\u00e9 les parents d&#8217;Armita, Bahman Geravand et Shahin Ahmadi, \u00e0 appara\u00eetre \u00e0 la t\u00e9l\u00e9vision et \u00e0 r\u00e9p\u00e9ter le r\u00e9cit du gouvernement. Dans la <a href=\"https:\/\/twitter.com\/IRNA_1313\/status\/1709117072167305418?s=20\" target=\"_blank\" rel=\"noreferrer noopener\">courte interview<\/a>, sa m\u00e8re d\u00e9clare qu&#8217;on lui a dit que la pression art\u00e9rielle d&#8217;Armita avait chut\u00e9 et que sa t\u00eate avait heurt\u00e9 le bord du m\u00e9tro (wagon). &#8220;Le matin, elle allait \u00e0 l&#8217;\u00e9cole. Elle devait retrouver ses amis \u00e0 la station de m\u00e9tro Shohada. Quand elles y sont all\u00e9es&#8230; Je pense que la pression de ma fille&#8230; Je pense que sa pression art\u00e9rielle a chut\u00e9, je ne sais pas&#8230; Je pense&#8230; Eh bien, ils ont dit que sa pression (art\u00e9rielle) avait chut\u00e9. D&#8217;ACCORD ? &#8230; Sa pression a chut\u00e9 ou&#8230; Quoi qu&#8217;il en soit, elle est tomb\u00e9e et sa t\u00eate a heurt\u00e9 le bord du m\u00e9tro&#8221;. (T\u00e9l\u00e9vision d&#8217;\u00c9tat IRNA24, 3 octobre 2023)<\/p>\n\n\n<div class=\"wp-block-image\">\n<figure class=\"aligncenter size-large\"><img decoding=\"async\" src=\"data:image\/gif;base64,R0lGODlhAQABAIAAAAAAAP\/\/\/yH5BAEAAAAALAAAAAABAAEAAAIBRAA7\" data-src=\"https:\/\/wncri.org\/fr\/wp-content\/uploads\/2023\/10\/Armita-Geravand-2-min-1024x576.jpg\" alt=\"Armita Geravand, 16 ans, a-t-elle subi le sort de Zhina Mahsa Amini ?\" class=\"wp-image-19104 lazyload\"\/><noscript><img decoding=\"async\" width=\"1024\" height=\"576\" src=\"https:\/\/wncri.org\/fr\/wp-content\/uploads\/2023\/10\/Armita-Geravand-2-min-1024x576.jpg\" alt=\"Armita Geravand, 16 ans, a-t-elle subi le sort de Zhina Mahsa Amini ?\" class=\"wp-image-19104 lazyload\" srcset=\"https:\/\/wncri.org\/fr\/wp-content\/uploads\/2023\/10\/Armita-Geravand-2-min-1024x576.jpg 1024w, https:\/\/wncri.org\/fr\/wp-content\/uploads\/2023\/10\/Armita-Geravand-2-min-300x169.jpg 300w, https:\/\/wncri.org\/fr\/wp-content\/uploads\/2023\/10\/Armita-Geravand-2-min-768x432.jpg 768w, https:\/\/wncri.org\/fr\/wp-content\/uploads\/2023\/10\/Armita-Geravand-2-min-750x422.jpg 750w, https:\/\/wncri.org\/fr\/wp-content\/uploads\/2023\/10\/Armita-Geravand-2-min-1140x641.jpg 1140w, https:\/\/wncri.org\/fr\/wp-content\/uploads\/2023\/10\/Armita-Geravand-2-min.jpg 1200w\" sizes=\"(max-width: 1024px) 100vw, 1024px\" \/><\/noscript><figcaption class=\"wp-element-caption\">des images mont\u00e9es de l&#8217;entr\u00e9e d&#8217;Armita Geravand et de ses amis dans le wagon du m\u00e9tro<\/figcaption><\/figure>\n<\/div>\n\n\n<p>Le r\u00e9gime cl\u00e9rical a diffus\u00e9 des images mont\u00e9es de l&#8217;entr\u00e9e d&#8217;Armita Geravand et de ses amis dans le wagon du m\u00e9tro, suivies brusquement d&#8217;une sc\u00e8ne o\u00f9 ses amis l&#8217;emm\u00e8nent \u00e0 l&#8217;ext\u00e9rieur. Bien que des cam\u00e9ras de vid\u00e9osurveillance soient install\u00e9es dans tous les wagons de m\u00e9tro, aucune image de l&#8217;int\u00e9rieur du wagon n&#8217;a \u00e9t\u00e9 diffus\u00e9e.<\/p>\n\n\n\n<p>Selon un t\u00e9moignage non v\u00e9rifi\u00e9, une source de l&#8217;h\u00f4pital Fajr a d\u00e9clar\u00e9 que le niveau de conscience d&#8217;Armita \u00e9tait de 3, que ses pupilles ne r\u00e9agissaient pas \u00e0 la lumi\u00e8re et qu&#8217;elle se trouvait en \u00e9tat de mort c\u00e9r\u00e9brale. Selon cette source, une section a \u00e9t\u00e9 compl\u00e8tement \u00e9vacu\u00e9e et se trouve sous la protection totale des forces de s\u00e9curit\u00e9.<\/p>\n","protected":false},"excerpt":{"rendered":"<p>Armita Geravand, 16 ans, a-t-elle subi le sort de Zhina Mahsa Amini ? Selon des informations publi\u00e9es sur les r\u00e9seaux sociaux, une jeune fille de 16 ans a perdu connaissance et est tomb\u00e9e dans le coma \u00e0 la suite des blessures qu&#8217;elle a subies apr\u00e8s avoir \u00e9t\u00e9 bouscul\u00e9e par des agents de la police des [&hellip;]<\/p>\n","protected":false},"author":4,"featured_media":19107,"comment_status":"closed","ping_status":"closed","sticky":false,"template":"","format":"standard","meta":{"jnews-multi-image_gallery":[],"jnews_single_post":{"subtitle":"","format":"standard","video":"","gallery":"","source_name":"","source_url":"","via_name":"","via_url":"","override_template":"0","override":[{"template":"7","single_blog_custom":"","parallax":"1","fullscreen":"1","layout":"right-sidebar","sidebar":"default-sidebar","second_sidebar":"default-sidebar","sticky_sidebar":"1","share_position":"floatbottom","share_float_style":"share-normal","show_share_counter":"1","show_view_counter":"1","show_featured":"1","show_post_meta":"1","show_post_author":"0","show_post_author_image":"1","show_post_date":"1","post_date_format":"default","post_date_format_custom":"Y\/m\/d","show_post_category":"1","show_post_reading_time":"0","post_reading_time_wpm":"300","show_zoom_button":"0","zoom_button_out_step":"2","zoom_button_in_step":"3","show_post_tag":"1","show_prev_next_post":"0","show_popup_post":"1","number_popup_post":"1","show_author_box":"0","show_post_related":"1","show_inline_post_related":"0"}],"override_image_size":"0","image_override":[{"single_post_thumbnail_size":"crop-500","single_post_gallery_size":"crop-500"}],"trending_post":"0","trending_post_position":"meta","trending_post_label":"Trending","sponsored_post":"0","sponsored_post_label":"Sponsored by","sponsored_post_name":"","sponsored_post_url":"","sponsored_post_logo_enable":"0","sponsored_post_logo":"","sponsored_post_desc":"","disable_ad":"0"},"jnews_primary_category":{"id":"","hide":""},"jnews_social_meta":{"fb_title":"","fb_description":"","fb_image":"","twitter_title":"","twitter_description":"","twitter_image":""},"jnews_override_counter":{"override_view_counter":"0","view_counter_number":"0","override_share_counter":"0","share_counter_number":"0","override_like_counter":"0","like_counter_number":"0","override_dislike_counter":"0","dislike_counter_number":"0"},"footnotes":""},"categories":[3],"tags":[376,375],"class_list":["post-19102","post","type-post","status-publish","format-standard","has-post-thumbnail","hentry","category-infos-des-femmes","tag-violence-contre-les-femmes","tag-voile-obligatoire"],"_links":{"self":[{"href":"https:\/\/wncri.org\/fr\/wp-json\/wp\/v2\/posts\/19102","targetHints":{"allow":["GET"]}}],"collection":[{"href":"https:\/\/wncri.org\/fr\/wp-json\/wp\/v2\/posts"}],"about":[{"href":"https:\/\/wncri.org\/fr\/wp-json\/wp\/v2\/types\/post"}],"author":[{"embeddable":true,"href":"https:\/\/wncri.org\/fr\/wp-json\/wp\/v2\/users\/4"}],"replies":[{"embeddable":true,"href":"https:\/\/wncri.org\/fr\/wp-json\/wp\/v2\/comments?post=19102"}],"version-history":[{"count":1,"href":"https:\/\/wncri.org\/fr\/wp-json\/wp\/v2\/posts\/19102\/revisions"}],"predecessor-version":[{"id":19108,"href":"https:\/\/wncri.org\/fr\/wp-json\/wp\/v2\/posts\/19102\/revisions\/19108"}],"wp:featuredmedia":[{"embeddable":true,"href":"https:\/\/wncri.org\/fr\/wp-json\/wp\/v2\/media\/19107"}],"wp:attachment":[{"href":"https:\/\/wncri.org\/fr\/wp-json\/wp\/v2\/media?parent=19102"}],"wp:term":[{"taxonomy":"category","embeddable":true,"href":"https:\/\/wncri.org\/fr\/wp-json\/wp\/v2\/categories?post=19102"},{"taxonomy":"post_tag","embeddable":true,"href":"https:\/\/wncri.org\/fr\/wp-json\/wp\/v2\/tags?post=19102"}],"curies":[{"name":"wp","href":"https:\/\/api.w.org\/{rel}","templated":true}]}}