{"id":19087,"date":"2023-09-30T23:43:43","date_gmt":"2023-09-30T21:43:43","guid":{"rendered":"https:\/\/wncri.org\/fr\/?p=19087"},"modified":"2023-10-03T17:36:07","modified_gmt":"2023-10-03T15:36:07","slug":"anniversaire-du-soulevement-iranien","status":"publish","type":"post","link":"https:\/\/wncri.org\/fr\/2023\/09\/30\/anniversaire-du-soulevement-iranien\/","title":{"rendered":"Rapport de septembre 2023 : Anniversaire du soul\u00e8vement iranien"},"content":{"rendered":"\n<h2 class=\"wp-block-heading\">\u00c0 l&#8217;occasion de l&#8217;anniversaire du soul\u00e8vement iranien, 600 femmes ont \u00e9t\u00e9 arr\u00eat\u00e9es dans la seule ville de T\u00e9h\u00e9ran<\/h2>\n\n\n\n<div data-wp-interactive=\"core\/file\" class=\"wp-block-file\"><object data-wp-bind--hidden=\"!state.hasPdfPreview\" hidden class=\"wp-block-file__embed\" data=\"https:\/\/wncri.org\/fr\/wp-content\/uploads\/2023\/10\/Monthly-September-2023_FR.pdf\" type=\"application\/pdf\" style=\"width:100%;height:600px\" aria-label=\"Embed of Monthly-September-2023_FR.\"><\/object><a id=\"wp-block-file--media-1d2d0bf3-6955-4a64-a519-761e2decb567\" href=\"https:\/\/wncri.org\/fr\/wp-content\/uploads\/2023\/10\/Monthly-September-2023_FR.pdf\">Monthly-September-2023_FR<\/a><a href=\"https:\/\/wncri.org\/fr\/wp-content\/uploads\/2023\/10\/Monthly-September-2023_FR.pdf\" class=\"wp-block-file__button wp-element-button\" download aria-describedby=\"wp-block-file--media-1d2d0bf3-6955-4a64-a519-761e2decb567\">Download<\/a><\/div>\n\n\n\n<p><\/p>\n\n\n\n<p>Le mois de septembre a marqu\u00e9 l&#8217;anniversaire du soul\u00e8vement iranien du 16 septembre 2022, d\u00e9clench\u00e9 par la mort de l&#8217;innocente Zhina Mahsa Amini, une jeune femme de 22 ans originaire de Saqqez, brutalis\u00e9e par les patrouilles d&#8217;orientation (ou la police des m\u0153urs) \u00e0 T\u00e9h\u00e9ran pour ne pas avoir respect\u00e9 le code vestimentaire strict du gouvernement.<\/p>\n\n\n\n<p>Le r\u00e9gime cl\u00e9rical, consid\u00e9rablement affaibli par le soul\u00e8vement de l&#8217;ann\u00e9e derni\u00e8re, a commenc\u00e9 quelques mois plus t\u00f4t une vague d&#8217;arrestations et de r\u00e9arrestations de militants des droits de l&#8217;Homme, d&#8217;\u00e9tudiants, d&#8217;anciens prisonniers politiques et de familles des martyrs des manifestations.<\/p>\n\n\n\n<p>Il s&#8217;est \u00e9galement lanc\u00e9 dans une purge nationale des universit\u00e9s et m\u00eame des \u00e9coles en \u00e9liminant les professeurs et les enseignants qui avaient soutenu les manifestations \u00e9tudiantes, purge qui s&#8217;est poursuivie jusqu&#8217;en septembre.<\/p>\n\n\n\n<p>Entre-temps, les \u00e9tudiants militants ont \u00e9t\u00e9 soit temporairement priv\u00e9s de poursuivre leurs \u00e9tudes, soit expuls\u00e9s de l&#8217;universit\u00e9. Nombre d&#8217;entre eux ont \u00e9galement \u00e9t\u00e9 arr\u00eat\u00e9s et emprisonn\u00e9s.<\/p>\n\n\n\n<p>Le r\u00e9gime cl\u00e9rical a mobilis\u00e9 massivement ses forces de r\u00e9pression pour emp\u00eacher toute manifestation le 16 septembre. Cependant, le peuple iranien d\u00e9termin\u00e9, les femmes et les jeunes, ont manifest\u00e9 pour protester et se sont heurt\u00e9s au CGRI dans certaines villes.<\/p>\n\n\n\n<p>Parall\u00e8lement aux mesures r\u00e9pressives qui se sont multipli\u00e9es en septembre, le parlement du r\u00e9gime iranien a adopt\u00e9 son nouveau projet de loi sur le hijab et la chastet\u00e9 pour une p\u00e9riode d&#8217;essai de trois ans. Cette mesure a permis aux forces de s\u00e9curit\u00e9 de s\u00e9vir plus librement, en particulier contre les \u00e9tudiantes qui ont \u00e9t\u00e9 le moteur des manifestations dans les universit\u00e9s et les lyc\u00e9es l&#8217;ann\u00e9e derni\u00e8re.<\/p>\n\n\n\n<p>Enfin, le mois de septembre s&#8217;est achev\u00e9 sur les courageuses manifestations de la minorit\u00e9 baloutche dans le sud-est de l&#8217;Iran, \u00e0 l&#8217;occasion de l&#8217;anniversaire du vendredi sanglant de Zahedan, le 30 septembre 2022.<\/p>\n\n\n\n<p>Le pr\u00e9sent rapport mensuel de la commission des femmes du CNRI passe en revue les \u00e9v\u00e9nements mentionn\u00e9s ci-dessus.<\/p>\n\n\n\n<h3 class=\"wp-block-heading\"><strong>Intimidation des familles des martyrs et arrestation des opposants<\/strong><\/h3>\n\n\n\n<p>Apr\u00e8s des mois de discours d&#8217;intimidation, le commandant des forces de s\u00e9curit\u00e9 de l&#8217;\u00c9tat est venu \u00e0 la t\u00e9l\u00e9vision d&#8217;\u00c9tat le 12 septembre et a menac\u00e9 les jeunes. Ahmadreza Radan a d\u00e9clar\u00e9 : &#8220;Ils vivront des moments difficiles s&#8217;ils osent remettre en question la s\u00e9curit\u00e9 des gens&#8230; Nous ne pouvons fondamentalement pas tol\u00e9rer cela, alors ceux qui re\u00e7oivent ma voix et mon image doivent apprendre que s&#8217;ils commettent des erreurs, ils seront certainement trait\u00e9s conform\u00e9ment \u00e0 la loi, ce qu&#8217;ils n&#8217;oublieront jamais&#8221;.<\/p>\n\n\n\n<p>Parall\u00e8lement, la s\u00e9rie d&#8217;arrestations s&#8217;est poursuivie jusqu&#8217;au jour anniversaire, entra\u00eenant l&#8217;arrestation de nombreux militants politiques et d&#8217;anciens d\u00e9tenus politiques, qui ont \u00e9t\u00e9 de nouveau arr\u00eat\u00e9s ou convoqu\u00e9s. De nombreux partisans de la principale organisation d&#8217;opposition iranienne, l&#8217;Organisation des moudjahidines du peuple (OMP), dont <a href=\"https:\/\/wncri.org\/fr\/2023\/09\/14\/zahra-safaei-et-sa-fille\/\" target=\"_blank\" rel=\"noreferrer noopener\">Zahra Safaei, Parastoo Moini<\/a>, <a href=\"https:\/\/wncri.org\/fr\/2023\/09\/10\/marzieh-farsi\/\" target=\"_blank\" rel=\"noreferrer noopener\">Forough Taghipour, Marzieh Farsi<\/a> et <a href=\"https:\/\/wncri.org\/fr\/2023\/09\/07\/massoumeh-yavari-detenue\/\" target=\"_blank\" rel=\"noreferrer noopener\">Massoumeh Yavari<\/a>, ont \u00e9galement \u00e9t\u00e9 touch\u00e9s par ces arrestations.<\/p>\n\n\n<div class=\"wp-block-image\">\n<figure class=\"aligncenter size-large\"><img decoding=\"async\" src=\"data:image\/gif;base64,R0lGODlhAQABAIAAAAAAAP\/\/\/yH5BAEAAAAALAAAAAABAAEAAAIBRAA7\" data-src=\"https:\/\/wncri.org\/fr\/wp-content\/uploads\/2023\/10\/Political-prisoners-PMOI-supporters-min-1024x576.jpg\" alt=\"\" class=\"wp-image-19089 lazyload\"\/><noscript><img decoding=\"async\" width=\"1024\" height=\"576\" src=\"https:\/\/wncri.org\/fr\/wp-content\/uploads\/2023\/10\/Political-prisoners-PMOI-supporters-min-1024x576.jpg\" alt=\"\" class=\"wp-image-19089 lazyload\" srcset=\"https:\/\/wncri.org\/fr\/wp-content\/uploads\/2023\/10\/Political-prisoners-PMOI-supporters-min-1024x576.jpg 1024w, https:\/\/wncri.org\/fr\/wp-content\/uploads\/2023\/10\/Political-prisoners-PMOI-supporters-min-300x169.jpg 300w, https:\/\/wncri.org\/fr\/wp-content\/uploads\/2023\/10\/Political-prisoners-PMOI-supporters-min-768x432.jpg 768w, https:\/\/wncri.org\/fr\/wp-content\/uploads\/2023\/10\/Political-prisoners-PMOI-supporters-min-750x422.jpg 750w, https:\/\/wncri.org\/fr\/wp-content\/uploads\/2023\/10\/Political-prisoners-PMOI-supporters-min-1140x641.jpg 1140w, https:\/\/wncri.org\/fr\/wp-content\/uploads\/2023\/10\/Political-prisoners-PMOI-supporters-min.jpg 1200w\" sizes=\"(max-width: 1024px) 100vw, 1024px\" \/><\/noscript><figcaption class=\"wp-element-caption\">De gauche \u00e0 droite, Parastoo Moini, Marzieh Farsi, Zahra Safaei, Massoumeh Yavari et Forough Taghipour<\/figcaption><\/figure>\n<\/div>\n\n\n<p>Le r\u00e9gime cl\u00e9rical a poursuivi ses mesures d&#8217;intimidation, de coercition et d&#8217;appr\u00e9hension \u00e0 l&#8217;encontre des familles qui ont perdu leurs proches lors du soul\u00e8vement national de l&#8217;ann\u00e9e pr\u00e9c\u00e9dente. La r\u00e9pression du r\u00e9gime s&#8217;est \u00e9tendue aux cimeti\u00e8res, les chemins menant aux sanctuaires des martyrs, comme Mahsa Amini, \u00e9tant barricad\u00e9s et contr\u00f4l\u00e9s, et son p\u00e8re risquant d&#8217;\u00eatre arr\u00eat\u00e9.<\/p>\n\n\n\n<p>Le jeudi 21 septembre, les forces de s\u00e9curit\u00e9 r\u00e9pressives ont lanc\u00e9 une <a href=\"https:\/\/wncri.org\/fr\/2023\/09\/22\/600-femmes-ont-ete-arretees\/\" target=\"_blank\" rel=\"noreferrer noopener\">attaque contre la r\u00e9sidence de Javad Heydari<\/a> \u00e0 Qazvin, d\u00e9ployant des gaz lacrymog\u00e8nes et soumettant m\u00eame les enfants \u00e0 la brutalit\u00e9. Elles ont \u00e9galement arr\u00eat\u00e9 la s\u0153ur et les deux fr\u00e8res du jeune homme, dipl\u00f4m\u00e9 en agriculture, que les forces de s\u00e9curit\u00e9 avaient abattu le 22 septembre 2022.<\/p>\n\n\n\n<p>Des familles comme <a href=\"https:\/\/wncri.org\/fr\/2023\/08\/19\/nika-chakarami-2\/\" target=\"_blank\" rel=\"noreferrer noopener\">Nika Shakarami<\/a>, Hannaneh Kia, Ghazaleh Chalabi et Erfan Rezaii ont \u00e9galement fait l&#8217;objet d&#8217;intimidations, ce qui les a oblig\u00e9es \u00e0 annuler les c\u00e9r\u00e9monies comm\u00e9moratives pr\u00e9vues en l&#8217;honneur de leurs proches.<\/p>\n\n\n\n<p>Les parents et la fianc\u00e9e de <a href=\"https:\/\/wncri.org\/fr\/2022\/09\/25\/les-manifestations-en-iran-se-sont-etendues\/\" target=\"_blank\" rel=\"noreferrer noopener\">Hannaneh Kia<\/a> sont actuellement en d\u00e9tention.<\/p>\n\n\n<div class=\"wp-block-image\">\n<figure class=\"aligncenter size-large\"><img decoding=\"async\" src=\"data:image\/gif;base64,R0lGODlhAQABAIAAAAAAAP\/\/\/yH5BAEAAAAALAAAAAABAAEAAAIBRAA7\" data-src=\"https:\/\/wncri.org\/fr\/wp-content\/uploads\/2023\/10\/Families-of-martyrs-arrested-min-1024x576.jpg\" alt=\"\" class=\"wp-image-19090 lazyload\"\/><noscript><img decoding=\"async\" width=\"1024\" height=\"576\" src=\"https:\/\/wncri.org\/fr\/wp-content\/uploads\/2023\/10\/Families-of-martyrs-arrested-min-1024x576.jpg\" alt=\"\" class=\"wp-image-19090 lazyload\" srcset=\"https:\/\/wncri.org\/fr\/wp-content\/uploads\/2023\/10\/Families-of-martyrs-arrested-min-1024x576.jpg 1024w, https:\/\/wncri.org\/fr\/wp-content\/uploads\/2023\/10\/Families-of-martyrs-arrested-min-300x169.jpg 300w, https:\/\/wncri.org\/fr\/wp-content\/uploads\/2023\/10\/Families-of-martyrs-arrested-min-768x432.jpg 768w, https:\/\/wncri.org\/fr\/wp-content\/uploads\/2023\/10\/Families-of-martyrs-arrested-min-750x422.jpg 750w, https:\/\/wncri.org\/fr\/wp-content\/uploads\/2023\/10\/Families-of-martyrs-arrested-min-1140x641.jpg 1140w, https:\/\/wncri.org\/fr\/wp-content\/uploads\/2023\/10\/Families-of-martyrs-arrested-min.jpg 1200w\" sizes=\"(max-width: 1024px) 100vw, 1024px\" \/><\/noscript><figcaption class=\"wp-element-caption\">De gauche \u00e0 droite, Farzaneh Barzekar, Fereshteh Mahdavi, et Sulmaz Hassanzadeh<\/figcaption><\/figure>\n<\/div>\n\n\n<p>Par ailleurs, Mme <a href=\"https:\/\/wncri.org\/fr\/2023\/09\/22\/600-femmes-ont-ete-arretees\/\" target=\"_blank\" rel=\"noreferrer noopener\">Farzaneh Barzekar<\/a>, la m\u00e8re d&#8217;Erfan Rezaii, est incarc\u00e9r\u00e9e \u00e0 la prison de Qaemchahr depuis le 3 septembre. Erfan Rezaii, qui avait 21 ans, est mort aux mains des forces de s\u00e9curit\u00e9 \u00e0 Amol, dans le nord de l&#8217;Iran, le 21 septembre 2022.<\/p>\n\n\n\n<p>Le 23 septembre, des informations indiquent que les autorit\u00e9s de la prison de Gorgan, dans le nord de l&#8217;Iran, ont convoqu\u00e9 Mme <a href=\"https:\/\/wncri.org\/fr\/2023\/09\/23\/mahsa-saeedi\/\" target=\"_blank\" rel=\"noreferrer noopener\">Fereshteh Mahdavi<\/a> pour qu&#8217;elle apporte des v\u00eatements \u00e0 son fils de 23 ans, Mohammad Reza Showqi, qui est emprisonn\u00e9. Cependant, \u00e0 son arriv\u00e9e, les forces de s\u00e9curit\u00e9 de l&#8217;\u00c9tat l&#8217;ont arr\u00eat\u00e9e et incarc\u00e9r\u00e9e.<\/p>\n\n\n\n<p>Par ailleurs, les forces de s\u00e9curit\u00e9 ont arr\u00eat\u00e9 <a href=\"https:\/\/wncri.org\/fr\/2023\/09\/23\/mahsa-saeedi\/\" target=\"_blank\" rel=\"noreferrer noopener\">Sulmaz Hassanzadeh<\/a> le mercredi 27 septembre 2023 \u00e0 un poste de contr\u00f4le entre Boukan et Saqqez. Sulmaz Hassanzadeh, 29 ans, est la s\u0153ur de Mohammad Hassanzadeh, 28 ans, de Boukan, qui a \u00e9t\u00e9 tu\u00e9 par les forces r\u00e9pressives du r\u00e9gime cl\u00e9rical lors des manifestations nationales du 16 novembre 2022.<\/p>\n\n\n\n<h3 class=\"wp-block-heading\"><strong>D\u00e9tention d&#8217;\u00e9tudiants activistes<\/strong><\/h3>\n\n\n\n<p>Le 11 septembre, <a href=\"https:\/\/wncri.org\/fr\/2023\/09\/23\/mahsa-saeedi\/\" target=\"_blank\" rel=\"noreferrer noopener\">Mahsa Saeedi<\/a> a \u00e9t\u00e9 arr\u00eat\u00e9e par des agents des services des renseignements du CGRI \u00e0 Yazd et transf\u00e9r\u00e9e dans un lieu non divulgu\u00e9. Aucune information sur son sort n&#8217;a \u00e9t\u00e9 r\u00e9v\u00e9l\u00e9e. Mahsa Saeedi, originaire de Kerman, a poursuivi ses \u00e9tudes \u00e0 l&#8217;universit\u00e9 de Yazd, dans le centre de l&#8217;Iran, et est titulaire d&#8217;un doctorat en \u00e9conomie.<\/p>\n\n\n\n<p>Le 14 septembre 2023, les forces de s\u00e9curit\u00e9 ont appr\u00e9hend\u00e9 <a href=\"https:\/\/wncri.org\/fr\/2023\/09\/28\/samaneh-asghari-2\/\" target=\"_blank\" rel=\"noreferrer noopener\">Samaneh Asghar<\/a>i \u00e0 son domicile de T\u00e9h\u00e9ran et l&#8217;ont ensuite transport\u00e9e au pavillon 209 de la <a href=\"https:\/\/wncri.org\/fr\/2021\/12\/10\/les-conditions-des-femmes-prisons\/\" target=\"_blank\" rel=\"noreferrer noopener\">prison d&#8217;Evin<\/a>, g\u00e9r\u00e9e par le minist\u00e8re des renseignements. <a href=\"https:\/\/wncri.org\/fr\/2023\/09\/28\/samaneh-asghari-2\/\" target=\"_blank\" rel=\"noreferrer noopener\">Samaneh Asghari<\/a>, \u00e9tudiante en g\u00e9nie industriel \u00e0 l&#8217;universit\u00e9 Kharazmi de T\u00e9h\u00e9ran, est \u00e9galement une militante des droits de l&#8217;enfant. Elle a \u00e9t\u00e9 <a href=\"https:\/\/wncri.org\/fr\/2023\/03\/10\/etudiante-en-ingenierie\/\" target=\"_blank\" rel=\"noreferrer noopener\">arr\u00eat\u00e9e pour la premi\u00e8re fois<\/a> en octobre 2022, lors des manifestations de cette ann\u00e9e-l\u00e0. Initialement condamn\u00e9e \u00e0 18 ans et trois mois de prison par la 15e chambre du tribunal r\u00e9volutionnaire de T\u00e9h\u00e9ran, elle a \u00e9t\u00e9 lib\u00e9r\u00e9e en avril de la <a href=\"https:\/\/wncri.org\/fr\/2020\/04\/20\/regard-sur-la-situation-tragique-a-la-prison-pour-femmes-de-qarchak-en-iran\/\" target=\"_blank\" rel=\"noreferrer noopener\">prison de Qarchak<\/a> en vertu d&#8217;une soi-disant amnistie g\u00e9n\u00e9rale d\u00e9cr\u00e9t\u00e9e par Ali Khamenei.<\/p>\n\n\n<div class=\"wp-block-image\">\n<figure class=\"aligncenter size-large\"><img decoding=\"async\" src=\"data:image\/gif;base64,R0lGODlhAQABAIAAAAAAAP\/\/\/yH5BAEAAAAALAAAAAABAAEAAAIBRAA7\" data-src=\"https:\/\/wncri.org\/fr\/wp-content\/uploads\/2023\/10\/Arrested-students-on-the-anniversary-of-the-Iran-uprising-min-1024x576.jpg\" alt=\"\" class=\"wp-image-19091 lazyload\"\/><noscript><img decoding=\"async\" width=\"1024\" height=\"576\" src=\"https:\/\/wncri.org\/fr\/wp-content\/uploads\/2023\/10\/Arrested-students-on-the-anniversary-of-the-Iran-uprising-min-1024x576.jpg\" alt=\"\" class=\"wp-image-19091 lazyload\" srcset=\"https:\/\/wncri.org\/fr\/wp-content\/uploads\/2023\/10\/Arrested-students-on-the-anniversary-of-the-Iran-uprising-min-1024x576.jpg 1024w, https:\/\/wncri.org\/fr\/wp-content\/uploads\/2023\/10\/Arrested-students-on-the-anniversary-of-the-Iran-uprising-min-300x169.jpg 300w, https:\/\/wncri.org\/fr\/wp-content\/uploads\/2023\/10\/Arrested-students-on-the-anniversary-of-the-Iran-uprising-min-768x432.jpg 768w, https:\/\/wncri.org\/fr\/wp-content\/uploads\/2023\/10\/Arrested-students-on-the-anniversary-of-the-Iran-uprising-min-750x422.jpg 750w, https:\/\/wncri.org\/fr\/wp-content\/uploads\/2023\/10\/Arrested-students-on-the-anniversary-of-the-Iran-uprising-min-1140x641.jpg 1140w, https:\/\/wncri.org\/fr\/wp-content\/uploads\/2023\/10\/Arrested-students-on-the-anniversary-of-the-Iran-uprising-min.jpg 1200w\" sizes=\"(max-width: 1024px) 100vw, 1024px\" \/><\/noscript><figcaption class=\"wp-element-caption\">De gauche \u00e0 droite : Mehrnaz Khorrami, Samaneh Asghari, Mahsa Saeedi, Sahar Salehian et Armita Pavir.<\/figcaption><\/figure>\n<\/div>\n\n\n<p>Pendant ce temps, <a href=\"https:\/\/wncri.org\/fr\/2023\/09\/28\/samaneh-asghari-2\/\" target=\"_blank\" rel=\"noreferrer noopener\">Mehrnaz Khorrami<\/a> est toujours d\u00e9tenue dans l&#8217;un des centres de d\u00e9tention des renseignements du CGRI \u00e0 <a href=\"https:\/\/fr.wikipedia.org\/wiki\/Sari_(Iran)\" target=\"_blank\" rel=\"noreferrer noopener\">Sari<\/a>, la capitale de la province de Mazandaran, dans le nord de l&#8217;Iran. Son arrestation a eu lieu le 22 septembre 2023 dans la r\u00e9sidence de sa famille \u00e0 Nowchahr.<\/p>\n\n\n\n<p>Les arrestations d&#8217;\u00e9tudiants militants iraniens par le r\u00e9gime cl\u00e9rical se sont poursuivies, m\u00eame au d\u00e9but de la nouvelle ann\u00e9e scolaire. Le premier jour d&#8217;\u00e9cole, les forces de s\u00e9curit\u00e9 ont arr\u00eat\u00e9 <a href=\"https:\/\/wncri.org\/fr\/2023\/09\/25\/sahar-salehian\/\" target=\"_blank\" rel=\"noreferrer noopener\">Sahar Salehian<\/a>, une \u00e9tudiante militante \u00e0 Saqqez, au Kurdistan iranien. Sahar Salehian est inscrite \u00e0 un programme de soins infirmiers \u00e0 l&#8217;Universit\u00e9 des sciences m\u00e9dicales du Kurdistan. Son arrestation a eu lieu le samedi 23 septembre 2023 \u00e0 son domicile de Saqqez, apr\u00e8s quoi elle a \u00e9t\u00e9 transf\u00e9r\u00e9e dans un lieu non divulgu\u00e9.<\/p>\n\n\n\n<p>Enfin, <a href=\"https:\/\/wncri.org\/fr\/2023\/09\/23\/mahsa-saeedi\/\" target=\"_blank\" rel=\"noreferrer noopener\">Armita Pavir<\/a>, \u00e9tudiante activiste sp\u00e9cialis\u00e9e en biologie cellulaire et mol\u00e9culaire \u00e0 l&#8217;Universit\u00e9 Madani d&#8217;Azerba\u00efdjan, a \u00e9t\u00e9 appr\u00e9hend\u00e9e par les forces de s\u00e9curit\u00e9 le 21 septembre. Elle a ensuite \u00e9t\u00e9 transf\u00e9r\u00e9e dans le quartier des femmes de la prison centrale de Tabriz. Malheureusement, aucun d\u00e9tail concernant les charges retenues contre elle n&#8217;est disponible. Armita Pavir a \u00e9t\u00e9 arr\u00eat\u00e9e le 31 octobre 2022, lors des manifestations de 2022 en Iran, mais a \u00e9t\u00e9 lib\u00e9r\u00e9e sous caution le 8 d\u00e9cembre 2022.<\/p>\n\n\n\n<h3 class=\"wp-block-heading\"><strong>Pr\u00eat \u00e0 r\u00e9primer toute dissidence<\/strong><\/h3>\n\n\n\n<p>Terrifi\u00e9 par le ressentiment d&#8217;une population pr\u00eate \u00e0 entrer en \u00e9ruption comme un volcan, le r\u00e9gime a <a href=\"https:\/\/wncri.org\/fr\/2023\/09\/19\/yekta-dodangeh\/\">mobilis\u00e9 quelque 44 000<\/a> agents des renseignements, gardes du CGRI, militants du Basij, agents en civil et forces de s\u00e9curit\u00e9 de l&#8217;\u00c9tat dans la seule ville de T\u00e9h\u00e9ran, afin d&#8217;\u00e9touffer d&#8217;embl\u00e9e toute contestation.<\/p>\n\n\n\n<p>Dans certains quartiers de T\u00e9h\u00e9ran, les forces de s\u00e9curit\u00e9 ne tol\u00e9reraient m\u00eame pas un rassemblement de trois personnes.<\/p>\n\n\n\n<p>Les forces de s\u00e9curit\u00e9 ont bloqu\u00e9 les rues menant \u00e0 la place Enghelab, dans le centre de T\u00e9h\u00e9ran. Des h\u00e9licopt\u00e8res survolaient la ville et les forces de s\u00e9curit\u00e9 tiraient sur les gens avec des fusils \u00e0 plomb.<\/p>\n\n\n\n<p>Malgr\u00e9 les mesures de s\u00e9curit\u00e9 renforc\u00e9es du r\u00e9gime et les restrictions impos\u00e9es \u00e0 l&#8217;acc\u00e8s \u00e0 l&#8217;internet, les Iraniens ont une fois de plus montr\u00e9 leur d\u00e9termination \u00e0 renverser le r\u00e9gime. Des manifestations et des escarmouches nocturnes avec les forces de s\u00e9curit\u00e9 ont eu lieu dans plusieurs villes, dont T\u00e9h\u00e9ran, Kermanchah, Machad, Sanandaj, Junaqan, Arak, Hamedan, Racht, Karaj, Sabzevar, Lahijan et Dehdacht, le samedi 16 septembre. Cela s&#8217;est produit alors que les forces militaires et paramilitaires du r\u00e9gime \u00e9taient en \u00e9tat d&#8217;alerte depuis plusieurs semaines.<\/p>\n\n\n\n<h3 class=\"wp-block-heading\"><strong>Au moins 600 femmes ont \u00e9t\u00e9 arr\u00eat\u00e9es dans la seule ville de T\u00e9h\u00e9ran<\/strong><\/h3>\n\n\n\n<p>Au moins 600 femmes ont \u00e9t\u00e9 arr\u00eat\u00e9es \u00e0 T\u00e9h\u00e9ran \u00e0 l&#8217;occasion de l&#8217;anniversaire du meurtre de Zhina Mahsa Amini et du d\u00e9but du soul\u00e8vement national de 2022 en Iran.<\/p>\n\n\n\n<p>Selon ce document, 130 femmes sont d\u00e9tenues dans le quartier de quarantaine de la prison de Qarchak. Les autorit\u00e9s ont d\u00e9pos\u00e9 des plaintes contre ces femmes aupr\u00e8s du pouvoir judiciaire.&nbsp; (Baharnews.ir, 21 septembre 2023)<\/p>\n\n\n\n<p>Des <a href=\"https:\/\/iranhrs.org\/%d8%b4%d9%88%d8%b1%d8%b4-%d8%af%d8%b1-%d8%b2%d9%86%d8%af%d8%a7%d9%86-%d9%82%d8%b1%da%86%da%a9-%d9%88%d8%b1%d8%a7%d9%85%db%8c%d9%86%d8%8c-%d9%82%d8%a7%d8%b6%db%8c-%d8%b9%d9%85%d9%88%d8%b2%d8%a7%d8%af\/\" target=\"_blank\" rel=\"noreferrer noopener\">informations ant\u00e9rieures<\/a> indiquaient que 360 femmes arr\u00eat\u00e9es lors des manifestations du 16 septembre 2023 \u00e0 T\u00e9h\u00e9ran avaient \u00e9t\u00e9 transf\u00e9r\u00e9es \u00e0 la prison de Qarchak.<\/p>\n\n\n\n<p>Parmi les personnes arr\u00eat\u00e9es se trouvait <a href=\"https:\/\/wncri.org\/fr\/2023\/09\/19\/yekta-dodangeh\/\" target=\"_blank\" rel=\"noreferrer noopener\">Yekta Dodangeh<\/a>, \u00e2g\u00e9e de 14 ans.<\/p>\n\n\n<div class=\"wp-block-image\">\n<figure class=\"aligncenter size-large\"><img decoding=\"async\" src=\"data:image\/gif;base64,R0lGODlhAQABAIAAAAAAAP\/\/\/yH5BAEAAAAALAAAAAABAAEAAAIBRAA7\" data-src=\"https:\/\/wncri.org\/fr\/wp-content\/uploads\/2023\/09\/Yekta-Dodangeh-min-1024x576.jpg\" alt=\"Yekta Dodangeh, 14 ans, parmi les centaines de personnes arr\u00eat\u00e9es lors des manifestations \u00e0 T\u00e9h\u00e9ran\" class=\"wp-image-18990 lazyload\"\/><noscript><img decoding=\"async\" width=\"1024\" height=\"576\" src=\"https:\/\/wncri.org\/fr\/wp-content\/uploads\/2023\/09\/Yekta-Dodangeh-min-1024x576.jpg\" alt=\"Yekta Dodangeh, 14 ans, parmi les centaines de personnes arr\u00eat\u00e9es lors des manifestations \u00e0 T\u00e9h\u00e9ran\" class=\"wp-image-18990 lazyload\" srcset=\"https:\/\/wncri.org\/fr\/wp-content\/uploads\/2023\/09\/Yekta-Dodangeh-min-1024x576.jpg 1024w, https:\/\/wncri.org\/fr\/wp-content\/uploads\/2023\/09\/Yekta-Dodangeh-min-300x169.jpg 300w, https:\/\/wncri.org\/fr\/wp-content\/uploads\/2023\/09\/Yekta-Dodangeh-min-768x432.jpg 768w, https:\/\/wncri.org\/fr\/wp-content\/uploads\/2023\/09\/Yekta-Dodangeh-min-750x422.jpg 750w, https:\/\/wncri.org\/fr\/wp-content\/uploads\/2023\/09\/Yekta-Dodangeh-min-1140x641.jpg 1140w, https:\/\/wncri.org\/fr\/wp-content\/uploads\/2023\/09\/Yekta-Dodangeh-min.jpg 1200w\" sizes=\"(max-width: 1024px) 100vw, 1024px\" \/><\/noscript><figcaption class=\"wp-element-caption\">Yekta Dodangeh, 14 ans, parmi les centaines de personnes arr\u00eat\u00e9es lors des manifestations \u00e0 T\u00e9h\u00e9ran <\/figcaption><\/figure>\n<\/div>\n\n\n<p>Dans des dizaines de villes du Kurdistan iranien, les propri\u00e9taires d&#8217;entreprises et de magasins ont ferm\u00e9 leurs boutiques et leurs march\u00e9s. Ils se sont mis en gr\u00e8ve pour marquer l&#8217;anniversaire du soul\u00e8vement iranien et du meurtre de Mahsa Amini.<\/p>\n\n\n\n<p>\u00c0 Machad, des v\u00e9hicules anti-\u00e9meutes ont \u00e9t\u00e9 post\u00e9s en grand nombre le long des rues. Des mercenaires bassidjis et des agents en civil parcouraient les rues \u00e0 moto pour cr\u00e9er une atmosph\u00e8re de terreur. N\u00e9anmoins, de nombreuses femmes et de nombreux jeunes sont descendus dans la rue et ont scand\u00e9 des slogans hostiles au r\u00e9gime.<\/p>\n\n\n\n<p>De violents affrontements ont \u00e9galement \u00e9t\u00e9 signal\u00e9s \u00e0 Kermanchah entre les jeunes manifestants et les forces de s\u00e9curit\u00e9, qui ont commenc\u00e9 au cr\u00e9puscule et se sont poursuivis toute la nuit, obligeant les forces de r\u00e9pression \u00e0 battre en retraite.<\/p>\n\n\n\n<p>L&#8217;agence de presse officielle IRNA a rapport\u00e9 le 16 septembre que certains contrevenants aux normes, qui avaient masqu\u00e9 leur visage, avaient tent\u00e9 de provoquer des \u00e9meutes dans certains quartiers de T\u00e9h\u00e9ran, des avenues Enghelab \u00e0 Ferdowsi. Organis\u00e9s en groupes de trois \u00e0 sept personnes, ils ont tent\u00e9 de scander des slogans dans le centre-ville, pr\u00e8s de l&#8217;universit\u00e9 de T\u00e9h\u00e9ran, au carrefour Valiasr et sur la place Enghelab. D&#8217;autres groupes ont tent\u00e9 de se rassembler sur l&#8217;avenue Chariati, \u00e0 Sattarkhan, \u00e0 Sadeghieh et dans certaines parties de l&#8217;est et du nord de T\u00e9h\u00e9ran. Selon l&#8217;IRNA, les forces de s\u00e9curit\u00e9 ont utilis\u00e9 des gaz lacrymog\u00e8nes pour disperser les foules de manifestants. (IRNA, 16 septembre 2023)<\/p>\n\n\n\n<p>Les photos suivantes montrent la brutalit\u00e9 des forces de s\u00e9curit\u00e9 envers ceux qui ont os\u00e9 descendre dans la rue.<\/p>\n\n\n<div class=\"wp-block-image\">\n<figure class=\"aligncenter size-large\"><img decoding=\"async\" src=\"data:image\/gif;base64,R0lGODlhAQABAIAAAAAAAP\/\/\/yH5BAEAAAAALAAAAAABAAEAAAIBRAA7\" data-src=\"https:\/\/wncri.org\/fr\/wp-content\/uploads\/2023\/09\/Beating-of-protesters-min-1024x576.jpg\" alt=\"Yekta Dodangeh, 14 ans, parmi les centaines de personnes arr\u00eat\u00e9es lors des manifestations \u00e0 T\u00e9h\u00e9ran\" class=\"wp-image-18988 lazyload\"\/><noscript><img decoding=\"async\" width=\"1024\" height=\"576\" src=\"https:\/\/wncri.org\/fr\/wp-content\/uploads\/2023\/09\/Beating-of-protesters-min-1024x576.jpg\" alt=\"Yekta Dodangeh, 14 ans, parmi les centaines de personnes arr\u00eat\u00e9es lors des manifestations \u00e0 T\u00e9h\u00e9ran\" class=\"wp-image-18988 lazyload\" srcset=\"https:\/\/wncri.org\/fr\/wp-content\/uploads\/2023\/09\/Beating-of-protesters-min-1024x576.jpg 1024w, https:\/\/wncri.org\/fr\/wp-content\/uploads\/2023\/09\/Beating-of-protesters-min-300x169.jpg 300w, https:\/\/wncri.org\/fr\/wp-content\/uploads\/2023\/09\/Beating-of-protesters-min-768x432.jpg 768w, https:\/\/wncri.org\/fr\/wp-content\/uploads\/2023\/09\/Beating-of-protesters-min-750x422.jpg 750w, https:\/\/wncri.org\/fr\/wp-content\/uploads\/2023\/09\/Beating-of-protesters-min-1140x641.jpg 1140w, https:\/\/wncri.org\/fr\/wp-content\/uploads\/2023\/09\/Beating-of-protesters-min.jpg 1200w\" sizes=\"(max-width: 1024px) 100vw, 1024px\" \/><\/noscript><\/figure>\n<\/div>\n\n\n<p><\/p>\n\n\n\n<h3 class=\"wp-block-heading\"><strong>Violente attaque contre des femmes d\u00e9tenues \u00e0 la prison de Qarchak<\/strong><\/h3>\n\n\n\n<p>Le samedi 16 septembre 2023 \u00e0 midi, les mercenaires de Khamenei ont lanc\u00e9 une violente attaque, ouvrant le feu sur des femmes sans d\u00e9fense d\u00e9tenues \u00e0 la prison de Qarchak. Cet incident \u00e9prouvant a fait au moins 20 bless\u00e9s parmi les d\u00e9tenues.<\/p>\n\n\n\n<p>Ces femmes incarc\u00e9r\u00e9es s&#8217;\u00e9taient r\u00e9unies pour comm\u00e9morer le premier anniversaire de la mort tragique de Mahsa Amini et pour protester contre les conditions inhumaines qui r\u00e8gnent dans la prison. Tragiquement, leurs revendications pacifiques ont \u00e9t\u00e9 accueillies par une attaque brutale et non provoqu\u00e9e des gardiens de prison. Les gardiens ont impitoyablement tir\u00e9 avec des fusils \u00e0 plomb sur les femmes qui manifestaient, blessant au moins 20 personnes. Dans le m\u00eame temps, de nombreuses prisonni\u00e8res ont \u00e9t\u00e9 bless\u00e9es par les coups inflig\u00e9s par les gardiens.<\/p>\n\n\n\n<p>\u00c0 la suite de cette horrible attaque, de nombreuses d\u00e9tenues ont \u00e9t\u00e9 battues, retir\u00e9es de force du quartier g\u00e9n\u00e9ral et plac\u00e9es \u00e0 l&#8217;isolement. La situation s&#8217;est aggrav\u00e9e au point que certaines parties de la prison ont pris feu, se propageant \u00e0 plusieurs autres quartiers.<\/p>\n\n\n\n<p>Des t\u00e9moins oculaires ont rapport\u00e9 que de la fum\u00e9e s&#8217;\u00e9chappait de l&#8217;enceinte de la prison, accompagn\u00e9e des \u00e9chos inqui\u00e9tants de coups de feu dans l&#8217;enceinte. La coupure des lignes t\u00e9l\u00e9phoniques a aggrav\u00e9 la situation, laissant le public mal inform\u00e9 et dans l&#8217;ignorance des d\u00e9tails de ces incidents alarmants.<\/p>\n\n\n\n<p>Les d\u00e9tenues de Qarchak ont \u00e9t\u00e9 priv\u00e9es d&#8217;eau bouillante, de nourriture et de m\u00e9dicaments. De nombreuses personnes incarc\u00e9r\u00e9es font face \u00e0 de nouvelles affaires. Un juge notoire, Mohammad Reza Amouzad, a \u00e9t\u00e9 post\u00e9 \u00e0 Qarchak pour acc\u00e9l\u00e9rer l&#8217;\u00e9mission de sentences pour les femmes d\u00e9tenues dans cette prison.<\/p>\n\n\n\n<p>Le dimanche 17 septembre 2023, des affrontements g\u00e9n\u00e9ralis\u00e9s ont eu lieu entre les femmes et les jeunes de Hamedan, d&#8217;une part, et les forces de s\u00e9curit\u00e9 et le Corps des gardiens de la r\u00e9volution du r\u00e9gime, d&#8217;autre part, aux cris de &#8220;A bas Khamenei&#8221; et &#8220;A bas la R\u00e9publique des ex\u00e9cutions&#8221;.<\/p>\n\n\n\n<p>\u00c0 Hamedan, des jeunes femmes et des jeunes ont scand\u00e9 : &#8220;<a href=\"https:\/\/twitter.com\/PMOIRAN\/status\/1703442437761613996\" target=\"_blank\" rel=\"noreferrer noopener\">Nous tuerons celui qui a tu\u00e9 ma s\u0153ur<\/a>&#8220;, face aux forces de s\u00e9curit\u00e9. Les manifestations ont eu lieu dans le district 13 de la ville.<\/p>\n\n\n<div class=\"wp-block-image\">\n<figure class=\"aligncenter size-full\"><img decoding=\"async\" src=\"data:image\/gif;base64,R0lGODlhAQABAIAAAAAAAP\/\/\/yH5BAEAAAAALAAAAAABAAEAAAIBRAA7\" data-src=\"https:\/\/wncri.org\/fr\/wp-content\/uploads\/2023\/09\/Protests-in-Hamedan-min.jpg\" alt=\"Les femmes et les jeunes de Hamedan affrontent les forces de r\u00e9pression du CGRI\" class=\"wp-image-18970 lazyload\"\/><noscript><img decoding=\"async\" width=\"750\" height=\"375\" src=\"https:\/\/wncri.org\/fr\/wp-content\/uploads\/2023\/09\/Protests-in-Hamedan-min.jpg\" alt=\"Les femmes et les jeunes de Hamedan affrontent les forces de r\u00e9pression du CGRI\" class=\"wp-image-18970 lazyload\" srcset=\"https:\/\/wncri.org\/fr\/wp-content\/uploads\/2023\/09\/Protests-in-Hamedan-min.jpg 750w, https:\/\/wncri.org\/fr\/wp-content\/uploads\/2023\/09\/Protests-in-Hamedan-min-300x150.jpg 300w, https:\/\/wncri.org\/fr\/wp-content\/uploads\/2023\/09\/Protests-in-Hamedan-min-360x180.jpg 360w\" sizes=\"(max-width: 750px) 100vw, 750px\" \/><\/noscript><figcaption class=\"wp-element-caption\">Une jeune femme pi\u00e9g\u00e9e et encercl\u00e9e par les forces de s\u00e9curit\u00e9 de l&#8217;\u00c9tat \u00e0 Hamedan<\/figcaption><\/figure>\n<\/div>\n\n\n<p>Dans une <a href=\"https:\/\/twitter.com\/mojahedin_plus\/status\/1703502535623954881\" target=\"_blank\" rel=\"noreferrer noopener\">sc\u00e8ne choquante,<\/a> des dizaines de membres des forces de s\u00e9curit\u00e9 ont encercl\u00e9 une jeune femme seule dans la rue pour l&#8217;arr\u00eater.<\/p>\n\n\n\n<p>Des vid\u00e9os de la ville montrent des affrontements individuels entre des jeunes et les forces de s\u00e9curit\u00e9, ainsi que des bruits de tirs.<\/p>\n\n\n\n<p>Des femmes courageuses sont sorties dans les <a href=\"https:\/\/twitter.com\/PMOIRAN\/status\/1703125348127584619\" target=\"_blank\" rel=\"noreferrer noopener\">rues de Racht<\/a> (nord de l&#8217;Iran) et de Machad (nord-est de l&#8217;Iran) et ont scand\u00e9 des slogans contre le r\u00e9gime en plein jour.<\/p>\n\n\n\n<p>Des jeunes se sont courageusement rassembl\u00e9s \u00e0 Lahijan, dans la province de Gilan (nord de l&#8217;Iran), le samedi 16 septembre.<\/p>\n\n\n\n<p>Le dimanche 17 septembre, dans plusieurs quartiers de T\u00e9h\u00e9ran, Ourmia, Karaj et d&#8217;autres villes, des gens ont scand\u00e9 des slogans anti-r\u00e9gime appelant au renversement du r\u00e9gime &#8220;tueur d&#8217;enfants&#8221; et du &#8220;sanguinaire Khamenei&#8221; depuis leurs toits.<\/p>\n\n\n\n<h3 class=\"wp-block-heading\"><strong>Un pays occup\u00e9<\/strong><\/h3>\n\n\n\n<p>Les mesures de s\u00e9curit\u00e9 rigoureuses et l&#8217;atmosph\u00e8re de terreur ont atteint un niveau tel que m\u00eame les anciens membres et les initi\u00e9s du r\u00e9gime se sont sentis oblig\u00e9s de s&#8217;exprimer.<\/p>\n\n\n\n<p>Le 17 septembre, un article de Rahim Ghomeyshi, membre du CGRI \u00e0 la retraite et ancien prisonnier de guerre pendant la guerre Iran-Irak, a \u00e9t\u00e9 publi\u00e9 sur divers r\u00e9seaux sociaux.<\/p>\n\n\n\n<p>&#8220;Ce dont j&#8217;ai \u00e9t\u00e9 t\u00e9moin aujourd&#8217;hui dans les rues de T\u00e9h\u00e9ran, et je n&#8217;exag\u00e8re en rien, c&#8217;est que si une nation \u00e9trang\u00e8re envahissait et prenait le contr\u00f4le de T\u00e9h\u00e9ran et de l&#8217;Iran, elle n&#8217;aurait pas pu rassembler autant de forces dans les rues pour convaincre le peuple que son pays est occup\u00e9, en affirmant que la r\u00e9sistance est futile. Le nombre de motos noires et brunes conduites par les forces d&#8217;occupation dans toute la ville est stup\u00e9fiant&#8230;.<\/p>\n\n\n\n<p>&#8220;Les v\u00e9hicules de transport de prisonniers qu&#8217;ils ont amen\u00e9s pouvaient transporter des dizaines de milliers de personnes. Les ressources et la d\u00e9monstration de force dont j&#8217;ai \u00e9t\u00e9 t\u00e9moin aujourd&#8217;hui pourraient repr\u00e9senter une part importante de la consommation des revenus p\u00e9troliers du pays&#8221;.<\/p>\n\n\n\n<p>Le membre de l&#8217;IRGC \u00e0 la retraite a conclu : &#8220;J&#8217;ai oubli\u00e9 de mentionner les courageuses jeunes filles qui d\u00e9filaient en groupe. Certaines voil\u00e9es, d&#8217;autres non voil\u00e9es, certaines avec leurs m\u00e8res, certaines avec leurs p\u00e8res, et certaines avec leurs amis. Elles \u00e9taient si pleines d&#8217;entrain, si insouciantes. Je tremblais de peur, mais elles souriaient hardiment devant les forces de s\u00e9curit\u00e9. J&#8217;aurais aim\u00e9 prendre une photo ou une vid\u00e9o&#8221;.<\/p>\n\n\n\n<h3 class=\"wp-block-heading\"><strong>Les unit\u00e9s de r\u00e9sistance maintiennent la flamme malgr\u00e9 les risques \u00e9lev\u00e9s<\/strong><\/h3>\n\n\n\n<p>Les services des renseignements du CGRI, le minist\u00e8re des renseignements et les forces de s\u00e9curit\u00e9 de l&#8217;\u00c9tat ont annonc\u00e9 l&#8217;arrestation de 357 personnes \u00e0 T\u00e9h\u00e9ran, \u00e0 Karaj, \u00e0 Marvdacht, \u00e0 Boein Zahra, en Azerba\u00efdjan occidental, \u00e0 Kohgilouyeh et \u00e0 Boyer Ahmad, ainsi qu&#8217;au Kurdistan, comme l&#8217;ont annonc\u00e9 divers m\u00e9dias le 17 septembre.<\/p>\n\n\n\n<p>Ils ont \u00e9galement rapport\u00e9 l&#8217;arrestation de dizaines de personnes affili\u00e9es <a href=\"https:\/\/wncri.org\/fr\/2023\/09\/19\/yekta-dodangeh\/\" target=\"_blank\" rel=\"noreferrer noopener\">\u00e0 l&#8217;opposition de l&#8217;OMPI<\/a>.<\/p>\n\n\n\n<p>N\u00e9anmoins, les unit\u00e9s de r\u00e9sistance de l&#8217;OMPI ont men\u00e9 414 op\u00e9rations anti-r\u00e9pression \u00e0 T\u00e9h\u00e9ran et dans 40 autres villes au plus fort de la r\u00e9pression en seulement deux jours.<\/p>\n\n\n\n<h3 class=\"wp-block-heading\"><strong>Approbation de la nouvelle loi sur le hijab pour r\u00e9primer les \u00e9tudiantes<\/strong><\/h3>\n\n\n\n<p>\u00c0 la veille de la rentr\u00e9e universitaire, le parlement du r\u00e9gime cl\u00e9rical a adopt\u00e9 le projet de loi controvers\u00e9 et r\u00e9pressif sur le hijab et la chastet\u00e9 lors d&#8217;une s\u00e9ance publique le mercredi 20 septembre 2023.<\/p>\n\n\n\n<p>Le lundi 25 septembre, les m\u00e9dias sociaux ont diffus\u00e9 des images de v\u00e9hicules camoufl\u00e9s d\u00e9filant \u00e0 l&#8217;int\u00e9rieur de l&#8217;universit\u00e9 de T\u00e9h\u00e9ran et jouant des hymnes de la guerre Iran-Irak.<\/p>\n\n\n<div class=\"wp-block-image\">\n<figure class=\"aligncenter size-large\"><img decoding=\"async\" src=\"data:image\/gif;base64,R0lGODlhAQABAIAAAAAAAP\/\/\/yH5BAEAAAAALAAAAAABAAEAAAIBRAA7\" data-src=\"https:\/\/wncri.org\/fr\/wp-content\/uploads\/2023\/09\/New-academic-year-Wartime-vehicles-at-Tehran-University-min-1024x576.jpg\" alt=\"La nouvelle ann\u00e9e universitaire en Iran est marqu\u00e9e par des restrictions vestimentaires\" class=\"wp-image-19049 lazyload\"\/><noscript><img decoding=\"async\" width=\"1024\" height=\"576\" src=\"https:\/\/wncri.org\/fr\/wp-content\/uploads\/2023\/09\/New-academic-year-Wartime-vehicles-at-Tehran-University-min-1024x576.jpg\" alt=\"La nouvelle ann\u00e9e universitaire en Iran est marqu\u00e9e par des restrictions vestimentaires\" class=\"wp-image-19049 lazyload\" srcset=\"https:\/\/wncri.org\/fr\/wp-content\/uploads\/2023\/09\/New-academic-year-Wartime-vehicles-at-Tehran-University-min-1024x576.jpg 1024w, https:\/\/wncri.org\/fr\/wp-content\/uploads\/2023\/09\/New-academic-year-Wartime-vehicles-at-Tehran-University-min-300x169.jpg 300w, https:\/\/wncri.org\/fr\/wp-content\/uploads\/2023\/09\/New-academic-year-Wartime-vehicles-at-Tehran-University-min-768x432.jpg 768w, https:\/\/wncri.org\/fr\/wp-content\/uploads\/2023\/09\/New-academic-year-Wartime-vehicles-at-Tehran-University-min-750x422.jpg 750w, https:\/\/wncri.org\/fr\/wp-content\/uploads\/2023\/09\/New-academic-year-Wartime-vehicles-at-Tehran-University-min-1140x641.jpg 1140w, https:\/\/wncri.org\/fr\/wp-content\/uploads\/2023\/09\/New-academic-year-Wartime-vehicles-at-Tehran-University-min.jpg 1200w\" sizes=\"(max-width: 1024px) 100vw, 1024px\" \/><\/noscript><figcaption class=\"wp-element-caption\">les m\u00e9dias sociaux ont diffus\u00e9 des images de v\u00e9hicules camoufl\u00e9s d\u00e9filant \u00e0 l&#8217;int\u00e9rieur de l&#8217;universit\u00e9 de T\u00e9h\u00e9ran et diffusant des hymnes de la guerre Iran-Irak. <\/figcaption><\/figure>\n<\/div>\n\n\n<p>Certains conseils d&#8217;\u00e9tudiants soutenus par l&#8217;\u00c9tat ont \u00e9galement affich\u00e9 des banni\u00e8res indiquant les nouvelles r\u00e8gles vestimentaires pour les \u00e9tudiants. Les conseils ont \u00e9galement envoy\u00e9 des messages textuels aux \u00e9tudiantes pour les informer de ces nouvelles r\u00e8gles.<\/p>\n\n\n<div class=\"wp-block-image\">\n<figure class=\"aligncenter size-large\"><img decoding=\"async\" src=\"data:image\/gif;base64,R0lGODlhAQABAIAAAAAAAP\/\/\/yH5BAEAAAAALAAAAAABAAEAAAIBRAA7\" data-src=\"https:\/\/wncri.org\/fr\/wp-content\/uploads\/2023\/09\/New-academic-year-Moral-regulations-of-Tehran-University-min-1024x576.jpg\" alt=\"La nouvelle ann\u00e9e universitaire en Iran est marqu\u00e9e par des restrictions vestimentaires\" class=\"wp-image-19048 lazyload\"\/><noscript><img decoding=\"async\" width=\"1024\" height=\"576\" src=\"https:\/\/wncri.org\/fr\/wp-content\/uploads\/2023\/09\/New-academic-year-Moral-regulations-of-Tehran-University-min-1024x576.jpg\" alt=\"La nouvelle ann\u00e9e universitaire en Iran est marqu\u00e9e par des restrictions vestimentaires\" class=\"wp-image-19048 lazyload\" srcset=\"https:\/\/wncri.org\/fr\/wp-content\/uploads\/2023\/09\/New-academic-year-Moral-regulations-of-Tehran-University-min-1024x576.jpg 1024w, https:\/\/wncri.org\/fr\/wp-content\/uploads\/2023\/09\/New-academic-year-Moral-regulations-of-Tehran-University-min-300x169.jpg 300w, https:\/\/wncri.org\/fr\/wp-content\/uploads\/2023\/09\/New-academic-year-Moral-regulations-of-Tehran-University-min-768x432.jpg 768w, https:\/\/wncri.org\/fr\/wp-content\/uploads\/2023\/09\/New-academic-year-Moral-regulations-of-Tehran-University-min-750x422.jpg 750w, https:\/\/wncri.org\/fr\/wp-content\/uploads\/2023\/09\/New-academic-year-Moral-regulations-of-Tehran-University-min-1140x641.jpg 1140w, https:\/\/wncri.org\/fr\/wp-content\/uploads\/2023\/09\/New-academic-year-Moral-regulations-of-Tehran-University-min.jpg 1200w\" sizes=\"(max-width: 1024px) 100vw, 1024px\" \/><\/noscript><figcaption class=\"wp-element-caption\">Les nouvelles r\u00e8gles vestimentaires pour l&#8217;universit\u00e9 de T\u00e9h\u00e9ran <\/figcaption><\/figure>\n<\/div>\n\n\n<p>Des femmes agents v\u00e9rifient les v\u00eatements des \u00e9tudiantes \u00e0 l&#8217;entr\u00e9e. Elles avertissent les \u00e9tudiantes et ne les autorisent \u00e0 entrer que si elles portent le Maghnaeh, un couvre-chef qui couvre les \u00e9paules et la poitrine. Les \u00e9tudiantes doivent \u00e9galement porter un treillis qui leur descend jusqu&#8217;aux genoux.<\/p>\n\n\n\n<p>Les patrouilles du hijab se d\u00e9placent \u00e9galement sur le campus central et donnent des avertissements aux \u00e9tudiantes.<\/p>\n\n\n<div class=\"wp-block-image\">\n<figure class=\"aligncenter size-large\"><img decoding=\"async\" src=\"data:image\/gif;base64,R0lGODlhAQABAIAAAAAAAP\/\/\/yH5BAEAAAAALAAAAAABAAEAAAIBRAA7\" data-src=\"https:\/\/wncri.org\/fr\/wp-content\/uploads\/2023\/09\/New-academic-year-Amir-Kabir-regulations-min-1024x576.jpg\" alt=\"La nouvelle ann\u00e9e universitaire en Iran est marqu\u00e9e par des restrictions vestimentaires\" class=\"wp-image-19046 lazyload\"\/><noscript><img decoding=\"async\" width=\"1024\" height=\"576\" src=\"https:\/\/wncri.org\/fr\/wp-content\/uploads\/2023\/09\/New-academic-year-Amir-Kabir-regulations-min-1024x576.jpg\" alt=\"La nouvelle ann\u00e9e universitaire en Iran est marqu\u00e9e par des restrictions vestimentaires\" class=\"wp-image-19046 lazyload\" srcset=\"https:\/\/wncri.org\/fr\/wp-content\/uploads\/2023\/09\/New-academic-year-Amir-Kabir-regulations-min-1024x576.jpg 1024w, https:\/\/wncri.org\/fr\/wp-content\/uploads\/2023\/09\/New-academic-year-Amir-Kabir-regulations-min-300x169.jpg 300w, https:\/\/wncri.org\/fr\/wp-content\/uploads\/2023\/09\/New-academic-year-Amir-Kabir-regulations-min-768x432.jpg 768w, https:\/\/wncri.org\/fr\/wp-content\/uploads\/2023\/09\/New-academic-year-Amir-Kabir-regulations-min-750x422.jpg 750w, https:\/\/wncri.org\/fr\/wp-content\/uploads\/2023\/09\/New-academic-year-Amir-Kabir-regulations-min-1140x641.jpg 1140w, https:\/\/wncri.org\/fr\/wp-content\/uploads\/2023\/09\/New-academic-year-Amir-Kabir-regulations-min.jpg 1200w\" sizes=\"(max-width: 1024px) 100vw, 1024px\" \/><\/noscript><figcaption class=\"wp-element-caption\">Banni\u00e8re indiquant les r\u00e8gles vestimentaires \u00e0 l&#8217;universit\u00e9 Amir Kabir de T\u00e9h\u00e9ran.<\/figcaption><\/figure>\n<\/div>\n\n\n<p>Des informations similaires ont \u00e9t\u00e9 communiqu\u00e9es par les universit\u00e9s Amir Kabir, Al-Zahra, Allameh Tabatabaii et Kharazmi \u00e0 T\u00e9h\u00e9ran, ainsi que par l&#8217;universit\u00e9 d&#8217;art d&#8217;<a href=\"https:\/\/fr.wikipedia.org\/wiki\/Ispahan\" target=\"_blank\" rel=\"noreferrer noopener\">Ispahan<\/a>.<\/p>\n\n\n\n<p>L&#8217;\u00e9cole de m\u00e9decine de Kerman a \u00e9galement affich\u00e9 une banni\u00e8re sur les r\u00e8gles vestimentaires de ses \u00e9tudiantes.<\/p>\n\n\n<div class=\"wp-block-image\">\n<figure class=\"aligncenter size-large\"><img decoding=\"async\" src=\"data:image\/gif;base64,R0lGODlhAQABAIAAAAAAAP\/\/\/yH5BAEAAAAALAAAAAABAAEAAAIBRAA7\" data-src=\"https:\/\/wncri.org\/fr\/wp-content\/uploads\/2023\/09\/New-academic-year-Medical-School-of-Kerman-min-1024x576.jpg\" alt=\"La nouvelle ann\u00e9e universitaire en Iran est marqu\u00e9e par des restrictions vestimentaires\" class=\"wp-image-19047 lazyload\"\/><noscript><img decoding=\"async\" width=\"1024\" height=\"576\" src=\"https:\/\/wncri.org\/fr\/wp-content\/uploads\/2023\/09\/New-academic-year-Medical-School-of-Kerman-min-1024x576.jpg\" alt=\"La nouvelle ann\u00e9e universitaire en Iran est marqu\u00e9e par des restrictions vestimentaires\" class=\"wp-image-19047 lazyload\" srcset=\"https:\/\/wncri.org\/fr\/wp-content\/uploads\/2023\/09\/New-academic-year-Medical-School-of-Kerman-min-1024x576.jpg 1024w, https:\/\/wncri.org\/fr\/wp-content\/uploads\/2023\/09\/New-academic-year-Medical-School-of-Kerman-min-300x169.jpg 300w, https:\/\/wncri.org\/fr\/wp-content\/uploads\/2023\/09\/New-academic-year-Medical-School-of-Kerman-min-768x432.jpg 768w, https:\/\/wncri.org\/fr\/wp-content\/uploads\/2023\/09\/New-academic-year-Medical-School-of-Kerman-min-750x422.jpg 750w, https:\/\/wncri.org\/fr\/wp-content\/uploads\/2023\/09\/New-academic-year-Medical-School-of-Kerman-min-1140x641.jpg 1140w, https:\/\/wncri.org\/fr\/wp-content\/uploads\/2023\/09\/New-academic-year-Medical-School-of-Kerman-min.jpg 1200w\" sizes=\"(max-width: 1024px) 100vw, 1024px\" \/><\/noscript><figcaption class=\"wp-element-caption\">L&#8217;\u00e9cole de m\u00e9decine de Kerman a \u00e9galement affich\u00e9 une banni\u00e8re sur le r\u00e8glement concernant l&#8217;habillement de ses \u00e9tudiantes. <\/figcaption><\/figure>\n<\/div>\n\n\n<p>\u00c0 l&#8217;universit\u00e9 de Chiraz, on a install\u00e9 une technologie de reconnaissance faciale dans les restaurants universitaires afin d&#8217;imposer davantage de restrictions aux \u00e9tudiants. La direction de l&#8217;universit\u00e9 de Chiraz a d\u00e9pens\u00e9 700 millions de tomans pour installer cette technologie et identifier les \u00e9tudiantes qui enfreignent le r\u00e8glement.<\/p>\n\n\n\n<p>M\u00eame les &#8220;caf\u00e9s&#8221; entourant les universit\u00e9s ne sont pas \u00e9pargn\u00e9s par ces mesures de s\u00e9curit\u00e9 \u00e9tendues.<\/p>\n\n\n\n<p>Le pr\u00e9sident de l&#8217;universit\u00e9 de T\u00e9h\u00e9ran a ordonn\u00e9 la fermeture des caf\u00e9s autour de l&#8217;universit\u00e9. Selon Ali Mobini Dehkordi, directeur de la Cit\u00e9 du savoir de l&#8217;universit\u00e9 de T\u00e9h\u00e9ran et de l&#8217;\u00e9cole des sciences m\u00e9dicales, cette mesure s&#8217;inscrit dans le cadre de l&#8217;organisation du campus central de l&#8217;universit\u00e9 de T\u00e9h\u00e9ran et de l&#8217;\u00e9cole des sciences m\u00e9dicales le 29 septembre 2023.<\/p>\n\n\n\n<p>Il y avait 150 caf\u00e9s autour de l&#8217;universit\u00e9 de T\u00e9h\u00e9ran en septembre 2022. L&#8217;un des sites web affili\u00e9s au quartier g\u00e9n\u00e9ral des forces arm\u00e9es a d\u00e9clar\u00e9 le 29 septembre que les caf\u00e9s poussent comme des champignons et ne sont pas surveill\u00e9s ou le sont faiblement. Ils se sont donc transform\u00e9s en centres d&#8217;actions contre la s\u00e9curit\u00e9 et la religion. Il a ajout\u00e9 que dans ces caf\u00e9s, les gens mettent en place des r\u00e9seaux contre la s\u00e9curit\u00e9 nationale et la R\u00e9publique islamique.<\/p>\n\n\n\n<p>Tout porte \u00e0 croire que Khamenei est pr\u00e9occup\u00e9 par d&#8217;\u00e9ventuelles manifestations dans les \u00e9coles. Cependant, l&#8217;extension du projet de purification dans les universit\u00e9s et son application aux \u00e9coles sous le couvert de la &#8220;transformation&#8221; indiquent simplement que le r\u00e9gime craint un soul\u00e8vement imminent.<\/p>\n\n\n\n<h3 class=\"wp-block-heading\"><strong>Le soul\u00e8vement \u00e0 Zahedan &#8211; plus de 50 personnes arr\u00eat\u00e9es<\/strong><\/h3>\n\n\n\n<p>Le vendredi 29 septembre 2023, premier anniversaire du massacre du vendredi sanglant de Zahedan, les Baloutches de plusieurs villes de la province du Sistan-et-Baloutchistan ont organis\u00e9 des manifestations contre le r\u00e9gime. Ces rassemblements ont eu lieu en d\u00e9pit des mesures de s\u00e9curit\u00e9 \u00e9tendues prises par le r\u00e9gime et de la forte pr\u00e9sence des forces de s\u00e9curit\u00e9 dans les villes, en particulier \u00e0 <a href=\"https:\/\/fr.wikipedia.org\/wiki\/Zahedan\" target=\"_blank\" rel=\"noreferrer noopener\">Zahedan<\/a>. Le r\u00e9gime avait envoy\u00e9 des forces anti-\u00e9meutes et des armes lourdes pour emp\u00eacher toute manifestation.<\/p>\n\n\n<div class=\"wp-block-image\">\n<figure class=\"aligncenter size-large\"><img decoding=\"async\" src=\"data:image\/gif;base64,R0lGODlhAQABAIAAAAAAAP\/\/\/yH5BAEAAAAALAAAAAABAAEAAAIBRAA7\" data-src=\"https:\/\/wncri.org\/fr\/wp-content\/uploads\/2023\/10\/Massive-Security-Presence-in-Zahedan-min-1024x576.jpg\" alt=\"\" class=\"wp-image-19092 lazyload\"\/><noscript><img decoding=\"async\" width=\"1024\" height=\"576\" src=\"https:\/\/wncri.org\/fr\/wp-content\/uploads\/2023\/10\/Massive-Security-Presence-in-Zahedan-min-1024x576.jpg\" alt=\"\" class=\"wp-image-19092 lazyload\" srcset=\"https:\/\/wncri.org\/fr\/wp-content\/uploads\/2023\/10\/Massive-Security-Presence-in-Zahedan-min-1024x576.jpg 1024w, https:\/\/wncri.org\/fr\/wp-content\/uploads\/2023\/10\/Massive-Security-Presence-in-Zahedan-min-300x169.jpg 300w, https:\/\/wncri.org\/fr\/wp-content\/uploads\/2023\/10\/Massive-Security-Presence-in-Zahedan-min-768x432.jpg 768w, https:\/\/wncri.org\/fr\/wp-content\/uploads\/2023\/10\/Massive-Security-Presence-in-Zahedan-min-750x422.jpg 750w, https:\/\/wncri.org\/fr\/wp-content\/uploads\/2023\/10\/Massive-Security-Presence-in-Zahedan-min-1140x641.jpg 1140w, https:\/\/wncri.org\/fr\/wp-content\/uploads\/2023\/10\/Massive-Security-Presence-in-Zahedan-min.jpg 1200w\" sizes=\"(max-width: 1024px) 100vw, 1024px\" \/><\/noscript><figcaption class=\"wp-element-caption\">Pr\u00e9sence massive des forces de s\u00e9curit\u00e9 \u00e0 Zahedan<\/figcaption><\/figure>\n<\/div>\n\n\n<p>\u00c0 Zahedan, un grand groupe s&#8217;est rassembl\u00e9 autour de la mosqu\u00e9e Makki pour comm\u00e9morer les victimes du sinistre massacre, en scandant des slogans hostiles au r\u00e9gime.<\/p>\n\n\n\n<p>Des femmes baloutches courageuses ont particip\u00e9 au soul\u00e8vement de Zahedan, se rassemblant avec des slogans tels que &#8220;A bas l&#8217;oppresseur Khamenei&#8221; et &#8220;A bas le dictateur&#8221;.<\/p>\n\n\n\n<p>Dans le m\u00eame temps, des manifestations ont eu lieu dans d&#8217;autres villes, notamment \u00e0 Khach, Souran et Taftan. \u00c0 Khach, de nombreuses personnes se sont rassembl\u00e9es et ont scand\u00e9 &#8220;A bas Khamenei !&#8221; et &#8220;Le CGRI et les bassidjis sont nos assassins !&#8221;.<\/p>\n\n\n\n<p>Le r\u00e9gime a r\u00e9pondu par la r\u00e9pression. Selon NetBlocks, une organisation qui surveille la connectivit\u00e9 Internet dans le monde entier, le r\u00e9gime a restreint l&#8217;acc\u00e8s \u00e0 Internet \u00e0 Zahedan et dans d&#8217;autres parties du Sistan et du Balouchestan.<\/p>\n\n\n\n<p>\u00c0 Zahedan, les forces de s\u00e9curit\u00e9 ont attaqu\u00e9 les manifestants, ouvrant le feu et lan\u00e7ant des gaz lacrymog\u00e8nes. Plusieurs vid\u00e9os de Zahedan montrent les forces de s\u00e9curit\u00e9 tirant sur les manifestants.<\/p>\n\n\n\n<p>Mais les courageux habitants de Zahedan ont r\u00e9sist\u00e9 \u00e0 mains nues et ont forc\u00e9 les forces de s\u00e9curit\u00e9 \u00e0 battre en retraite. Selon les premi\u00e8res informations, des dizaines de personnes ont \u00e9t\u00e9 bless\u00e9es par les forces de s\u00e9curit\u00e9, dont plusieurs enfants. Plus de 50 personnes ont \u00e9t\u00e9 arr\u00eat\u00e9es au cours du soul\u00e8vement.<\/p>\n\n\n\n<p>Le samedi 30 septembre, \u00e0 l&#8217;occasion de l&#8217;anniversaire du vendredi sanglant de Zahedan, les marchands et les n\u00e9gociants de Zahedan, Chabahar, Saravan, Dachtiari, Sefidab-e Nimrouz et d&#8217;autres villes ont entam\u00e9 une gr\u00e8ve. Le march\u00e9 commun de Zahedan est rest\u00e9 enti\u00e8rement ferm\u00e9. Simultan\u00e9ment, de courageux jeunes Baloutches ont, pendant la nuit et aujourd&#8217;hui, illumin\u00e9 les rues avec du feu et barricad\u00e9 les routes dans divers quartiers de Zahedan, rendant ainsi hommage aux martyrs du 30 septembre de l&#8217;ann\u00e9e derni\u00e8re.<\/p>\n\n\n\n<p>Un groupe de jeunes femmes iraniennes dans un lyc\u00e9e de Tabriz a marqu\u00e9 l&#8217;anniversaire de la r\u00e9pression sanglante des fid\u00e8les \u00e0 Zahedan le 30 septembre 2022 et a comm\u00e9mor\u00e9 leurs martyrs.<\/p>\n\n\n<div class=\"wp-block-image\">\n<figure class=\"aligncenter size-full\"><img decoding=\"async\" src=\"data:image\/gif;base64,R0lGODlhAQABAIAAAAAAAP\/\/\/yH5BAEAAAAALAAAAAABAAEAAAIBRAA7\" data-src=\"https:\/\/wncri.org\/fr\/wp-content\/uploads\/2023\/09\/Young-Iranian-women2-min.jpg\" alt=\"Des jeunes femmes iraniennes comm\u00e9morentl'anniversaire de la r\u00e9pression sanglante \u00e0 Zahedan\" class=\"wp-image-19074 lazyload\"\/><noscript><img decoding=\"async\" width=\"696\" height=\"675\" src=\"https:\/\/wncri.org\/fr\/wp-content\/uploads\/2023\/09\/Young-Iranian-women2-min.jpg\" alt=\"Des jeunes femmes iraniennes comm\u00e9morentl'anniversaire de la r\u00e9pression sanglante \u00e0 Zahedan\" class=\"wp-image-19074 lazyload\" srcset=\"https:\/\/wncri.org\/fr\/wp-content\/uploads\/2023\/09\/Young-Iranian-women2-min.jpg 696w, https:\/\/wncri.org\/fr\/wp-content\/uploads\/2023\/09\/Young-Iranian-women2-min-300x291.jpg 300w\" sizes=\"(max-width: 696px) 100vw, 696px\" \/><\/noscript><\/figure>\n<\/div>\n\n\n<p><\/p>\n\n\n\n<p>Elles se sont assises par terre dans un geste symbolique rappelant le c\u00e9l\u00e8bre martyr des manifestations de Zahedan, Khodanoor Lojeii. D&#8217;autres femmes ont fait des gestes similaires dans d&#8217;autres villes.<\/p>\n\n\n<div class=\"wp-block-image\">\n<figure class=\"aligncenter size-full\"><img decoding=\"async\" src=\"data:image\/gif;base64,R0lGODlhAQABAIAAAAAAAP\/\/\/yH5BAEAAAAALAAAAAABAAEAAAIBRAA7\" data-src=\"https:\/\/wncri.org\/fr\/wp-content\/uploads\/2023\/09\/Young-Iranian-women-2-min.jpg\" alt=\"Des jeunes femmes iraniennes l'anniversaire de la r\u00e9pression sanglante \u00e0 Zahedan\" class=\"wp-image-19073 lazyload\"\/><noscript><img decoding=\"async\" width=\"696\" height=\"675\" src=\"https:\/\/wncri.org\/fr\/wp-content\/uploads\/2023\/09\/Young-Iranian-women-2-min.jpg\" alt=\"Des jeunes femmes iraniennes l'anniversaire de la r\u00e9pression sanglante \u00e0 Zahedan\" class=\"wp-image-19073 lazyload\" srcset=\"https:\/\/wncri.org\/fr\/wp-content\/uploads\/2023\/09\/Young-Iranian-women-2-min.jpg 696w, https:\/\/wncri.org\/fr\/wp-content\/uploads\/2023\/09\/Young-Iranian-women-2-min-300x291.jpg 300w\" sizes=\"(max-width: 696px) 100vw, 696px\" \/><\/noscript><\/figure>\n<\/div>\n\n\n<p><\/p>\n\n\n<div class=\"wp-block-image\">\n<figure class=\"aligncenter size-large\"><img decoding=\"async\" src=\"data:image\/gif;base64,R0lGODlhAQABAIAAAAAAAP\/\/\/yH5BAEAAAAALAAAAAABAAEAAAIBRAA7\" data-src=\"https:\/\/wncri.org\/fr\/wp-content\/uploads\/2023\/09\/Khodanour-Lojeii-min-1024x576.jpg\" alt=\"Des jeunes femmes iraniennes comm\u00e9morentl'anniversaire de la r\u00e9pression sanglante \u00e0 Zahedan\" class=\"wp-image-19072 lazyload\"\/><noscript><img decoding=\"async\" width=\"1024\" height=\"576\" src=\"https:\/\/wncri.org\/fr\/wp-content\/uploads\/2023\/09\/Khodanour-Lojeii-min-1024x576.jpg\" alt=\"Des jeunes femmes iraniennes comm\u00e9morentl'anniversaire de la r\u00e9pression sanglante \u00e0 Zahedan\" class=\"wp-image-19072 lazyload\" srcset=\"https:\/\/wncri.org\/fr\/wp-content\/uploads\/2023\/09\/Khodanour-Lojeii-min-1024x576.jpg 1024w, https:\/\/wncri.org\/fr\/wp-content\/uploads\/2023\/09\/Khodanour-Lojeii-min-300x169.jpg 300w, https:\/\/wncri.org\/fr\/wp-content\/uploads\/2023\/09\/Khodanour-Lojeii-min-768x432.jpg 768w, https:\/\/wncri.org\/fr\/wp-content\/uploads\/2023\/09\/Khodanour-Lojeii-min-750x422.jpg 750w, https:\/\/wncri.org\/fr\/wp-content\/uploads\/2023\/09\/Khodanour-Lojeii-min-1140x641.jpg 1140w, https:\/\/wncri.org\/fr\/wp-content\/uploads\/2023\/09\/Khodanour-Lojeii-min.jpg 1200w\" sizes=\"(max-width: 1024px) 100vw, 1024px\" \/><\/noscript><figcaption class=\"wp-element-caption\">Khodanoor Lojeii d\u00e9tenue par les forces de s\u00e9curit\u00e9 de l&#8217;\u00c9tat \u00e0 Zahedan (\u00e0 gauche). Ce geste est devenu un acte symbolique de protestation contre le massacre des manifestants.<\/figcaption><\/figure>\n<\/div>\n\n\n<p>Au moins 113 personnes, dont des dizaines de mineurs et deux <a href=\"https:\/\/wncri.org\/2023\/02\/23\/samaneh-asghari\/\">femmes \u00e2g\u00e9es<\/a>, ont \u00e9t\u00e9 tu\u00e9es lors du vendredi sanglant de Zahedan.<\/p>\n\n\n<div class=\"wp-block-image\">\n<figure class=\"aligncenter size-large\"><img decoding=\"async\" src=\"data:image\/gif;base64,R0lGODlhAQABAIAAAAAAAP\/\/\/yH5BAEAAAAALAAAAAABAAEAAAIBRAA7\" data-src=\"https:\/\/wncri.org\/fr\/wp-content\/uploads\/2023\/09\/Zoleikha-Terzi-88-and-Zarbib-Esmail-Zehi-60-min-1024x576.jpg\" alt=\"Des jeunes femmes iraniennes l'anniversaire de la r\u00e9pression sanglante \u00e0 Zahedan\" class=\"wp-image-19076 lazyload\"\/><noscript><img decoding=\"async\" width=\"1024\" height=\"576\" src=\"https:\/\/wncri.org\/fr\/wp-content\/uploads\/2023\/09\/Zoleikha-Terzi-88-and-Zarbib-Esmail-Zehi-60-min-1024x576.jpg\" alt=\"Des jeunes femmes iraniennes l'anniversaire de la r\u00e9pression sanglante \u00e0 Zahedan\" class=\"wp-image-19076 lazyload\" srcset=\"https:\/\/wncri.org\/fr\/wp-content\/uploads\/2023\/09\/Zoleikha-Terzi-88-and-Zarbib-Esmail-Zehi-60-min-1024x576.jpg 1024w, https:\/\/wncri.org\/fr\/wp-content\/uploads\/2023\/09\/Zoleikha-Terzi-88-and-Zarbib-Esmail-Zehi-60-min-300x169.jpg 300w, https:\/\/wncri.org\/fr\/wp-content\/uploads\/2023\/09\/Zoleikha-Terzi-88-and-Zarbib-Esmail-Zehi-60-min-768x432.jpg 768w, https:\/\/wncri.org\/fr\/wp-content\/uploads\/2023\/09\/Zoleikha-Terzi-88-and-Zarbib-Esmail-Zehi-60-min-750x422.jpg 750w, https:\/\/wncri.org\/fr\/wp-content\/uploads\/2023\/09\/Zoleikha-Terzi-88-and-Zarbib-Esmail-Zehi-60-min-1140x641.jpg 1140w, https:\/\/wncri.org\/fr\/wp-content\/uploads\/2023\/09\/Zoleikha-Terzi-88-and-Zarbib-Esmail-Zehi-60-min.jpg 1200w\" sizes=\"(max-width: 1024px) 100vw, 1024px\" \/><\/noscript><figcaption class=\"wp-element-caption\">\u00c0 gauche, Zoleikha Terzi, 88 ans, et \u00e0 droite, Zarbib Esmail Zehi, 60 ans, ont perdu la vie lors de la r\u00e9pression impitoyable des fid\u00e8les de Zahedan le vendredi 30 septembre 2023<\/figcaption><\/figure>\n<\/div>\n\n\n<p><a href=\"https:\/\/twitter.com\/AmnestyIran\/status\/1707983616565817750?ref_src=twsrc%5Etfw%7Ctwcamp%5Etweetembed%7Ctwterm%5E1707983616565817750%7Ctwgr%5E1b0d1d9336bd7440984631ba57bc0f110a89f7ed%7Ctwcon%5Es1_&amp;ref_url=https%3A%2F%2Fnews.mojahedin.org%2Fid%2F80f433a4-afff-4338-a822-4feb80d98fd1\" target=\"_blank\" rel=\"noopener\">Amnesty Iran<\/a> a post\u00e9 des tweets dans lesquels on pouvait lire : &#8220;Aucun responsable n&#8217;a \u00e9t\u00e9 tenu de rendre des comptes pour les homicides ill\u00e9gaux de dizaines d&#8217;hommes, de femmes et d&#8217;enfants de la minorit\u00e9 baloutche opprim\u00e9e d&#8217;Iran le 30 septembre 2022. \u00c0 l&#8217;occasion de l&#8217;anniversaire solennel du #vendredi sanglant, nous nous souvenons des victimes et nous nous unissons pour que justice soit faite.<\/p>\n\n\n\n<p>&#8220;Les \u00c9tats du monde entier doivent poursuivre les voies de la justice au niveau international pour rem\u00e9dier \u00e0 l&#8217;impunit\u00e9 syst\u00e9mique pour une litanie de crimes relevant du droit international commis par les responsables iraniens pour r\u00e9primer le soul\u00e8vement #WomanLifeFreedom.&#8221;<\/p>\n\n\n<div class=\"wp-block-image\">\n<figure class=\"aligncenter size-large\"><img decoding=\"async\" src=\"data:image\/gif;base64,R0lGODlhAQABAIAAAAAAAP\/\/\/yH5BAEAAAAALAAAAAABAAEAAAIBRAA7\" data-src=\"https:\/\/wncri.org\/fr\/wp-content\/uploads\/2023\/10\/amnesty-International-min-1024x725.jpg\" alt=\"\" class=\"wp-image-19093 lazyload\"\/><noscript><img decoding=\"async\" width=\"1024\" height=\"725\" src=\"https:\/\/wncri.org\/fr\/wp-content\/uploads\/2023\/10\/amnesty-International-min-1024x725.jpg\" alt=\"\" class=\"wp-image-19093 lazyload\" srcset=\"https:\/\/wncri.org\/fr\/wp-content\/uploads\/2023\/10\/amnesty-International-min-1024x725.jpg 1024w, https:\/\/wncri.org\/fr\/wp-content\/uploads\/2023\/10\/amnesty-International-min-300x213.jpg 300w, https:\/\/wncri.org\/fr\/wp-content\/uploads\/2023\/10\/amnesty-International-min-768x544.jpg 768w, https:\/\/wncri.org\/fr\/wp-content\/uploads\/2023\/10\/amnesty-International-min-120x86.jpg 120w, https:\/\/wncri.org\/fr\/wp-content\/uploads\/2023\/10\/amnesty-International-min-750x531.jpg 750w, https:\/\/wncri.org\/fr\/wp-content\/uploads\/2023\/10\/amnesty-International-min-1140x808.jpg 1140w, https:\/\/wncri.org\/fr\/wp-content\/uploads\/2023\/10\/amnesty-International-min.jpg 1200w\" sizes=\"(max-width: 1024px) 100vw, 1024px\" \/><\/noscript><\/figure>\n<\/div>\n\n\n<p>Ce n&#8217;est qu&#8217;une question de temps avant qu&#8217;un autre soul\u00e8vement n&#8217;\u00e9clate en Iran. Et les mesures prises par le r\u00e9gime pour l&#8217;emp\u00eacher se r\u00e9v\u00e8lent chaque jour plus futiles.<\/p>\n","protected":false},"excerpt":{"rendered":"<p>\u00c0 l&#8217;occasion de l&#8217;anniversaire du soul\u00e8vement iranien, 600 femmes ont \u00e9t\u00e9 arr\u00eat\u00e9es dans la seule ville de T\u00e9h\u00e9ran Le mois de septembre a marqu\u00e9 l&#8217;anniversaire du soul\u00e8vement iranien du 16 septembre 2022, d\u00e9clench\u00e9 par la mort de l&#8217;innocente Zhina Mahsa Amini, une jeune femme de 22 ans originaire de Saqqez, brutalis\u00e9e par les patrouilles d&#8217;orientation [&hellip;]<\/p>\n","protected":false},"author":4,"featured_media":19094,"comment_status":"closed","ping_status":"closed","sticky":false,"template":"","format":"standard","meta":{"jnews-multi-image_gallery":[],"jnews_single_post":{"subtitle":"","format":"standard","video":"","gallery":"","source_name":"","source_url":"","via_name":"","via_url":"","override_template":"0","override":[{"template":"7","single_blog_custom":"","parallax":"1","fullscreen":"1","layout":"right-sidebar","sidebar":"default-sidebar","second_sidebar":"default-sidebar","sticky_sidebar":"1","share_position":"floatbottom","share_float_style":"share-normal","show_share_counter":"1","show_view_counter":"1","show_featured":"1","show_post_meta":"1","show_post_author":"0","show_post_author_image":"1","show_post_date":"1","post_date_format":"default","post_date_format_custom":"Y\/m\/d","show_post_category":"1","show_post_reading_time":"0","post_reading_time_wpm":"300","show_zoom_button":"0","zoom_button_out_step":"2","zoom_button_in_step":"3","show_post_tag":"1","show_prev_next_post":"0","show_popup_post":"1","number_popup_post":"1","show_author_box":"0","show_post_related":"1","show_inline_post_related":"0"}],"override_image_size":"0","image_override":[{"single_post_thumbnail_size":"crop-500","single_post_gallery_size":"crop-500"}],"trending_post":"0","trending_post_position":"meta","trending_post_label":"Trending","sponsored_post":"0","sponsored_post_label":"Sponsored by","sponsored_post_name":"","sponsored_post_url":"","sponsored_post_logo_enable":"0","sponsored_post_logo":"","sponsored_post_desc":"","disable_ad":"0"},"jnews_primary_category":{"id":"","hide":""},"jnews_social_meta":{"fb_title":"","fb_description":"","fb_image":"","twitter_title":"","twitter_description":"","twitter_image":""},"jnews_override_counter":{"override_view_counter":"0","view_counter_number":"0","override_share_counter":"0","share_counter_number":"0","override_like_counter":"0","like_counter_number":"0","override_dislike_counter":"0","dislike_counter_number":"0"},"footnotes":""},"categories":[7],"tags":[369,376],"class_list":["post-19087","post","type-post","status-publish","format-standard","has-post-thumbnail","hentry","category-les-regles","tag-manifestations","tag-violence-contre-les-femmes"],"_links":{"self":[{"href":"https:\/\/wncri.org\/fr\/wp-json\/wp\/v2\/posts\/19087","targetHints":{"allow":["GET"]}}],"collection":[{"href":"https:\/\/wncri.org\/fr\/wp-json\/wp\/v2\/posts"}],"about":[{"href":"https:\/\/wncri.org\/fr\/wp-json\/wp\/v2\/types\/post"}],"author":[{"embeddable":true,"href":"https:\/\/wncri.org\/fr\/wp-json\/wp\/v2\/users\/4"}],"replies":[{"embeddable":true,"href":"https:\/\/wncri.org\/fr\/wp-json\/wp\/v2\/comments?post=19087"}],"version-history":[{"count":1,"href":"https:\/\/wncri.org\/fr\/wp-json\/wp\/v2\/posts\/19087\/revisions"}],"predecessor-version":[{"id":19095,"href":"https:\/\/wncri.org\/fr\/wp-json\/wp\/v2\/posts\/19087\/revisions\/19095"}],"wp:featuredmedia":[{"embeddable":true,"href":"https:\/\/wncri.org\/fr\/wp-json\/wp\/v2\/media\/19094"}],"wp:attachment":[{"href":"https:\/\/wncri.org\/fr\/wp-json\/wp\/v2\/media?parent=19087"}],"wp:term":[{"taxonomy":"category","embeddable":true,"href":"https:\/\/wncri.org\/fr\/wp-json\/wp\/v2\/categories?post=19087"},{"taxonomy":"post_tag","embeddable":true,"href":"https:\/\/wncri.org\/fr\/wp-json\/wp\/v2\/tags?post=19087"}],"curies":[{"name":"wp","href":"https:\/\/api.w.org\/{rel}","templated":true}]}}