{"id":1903,"date":"2016-12-31T22:14:51","date_gmt":"2016-12-31T22:14:51","guid":{"rendered":"https:\/\/wncri.org\/frdev\/2016\/12\/31\/message-de-maryam-radjavi-a-la-conference-des-femmes-juristes-en-argentine\/"},"modified":"2016-12-31T22:14:51","modified_gmt":"2016-12-31T22:14:51","slug":"message-de-maryam-radjavi-a-la-conference-des-femmes-juristes-en-argentine","status":"publish","type":"post","link":"https:\/\/wncri.org\/fr\/2016\/12\/31\/message-de-maryam-radjavi-a-la-conference-des-femmes-juristes-en-argentine\/","title":{"rendered":"Message de Maryam Radjavi \u00e0 la conf\u00e9rence des femmes juristes en Argentine"},"content":{"rendered":"<p>Les 14 et 17 novembre 2016, Buenos Aires en Argentine a re\u00e7u la conf\u00e9rence de la F\u00e9d\u00e9ration internationale des femmes jurists.<\/p>\n<p>Des juristes \u00e9minentes d\u2019Am\u00e9rique du nord et d\u2019Am\u00e9rique latine, d\u2019Afrique et d\u2019Europe y participaient.<\/p>\n<p>  <!--more-->  <\/p>\n<p>Une d\u00e9l\u00e9gation de la commission des Femmes du CNRI y \u00e9tait invit\u00e9e. Les d\u00e9bats ont port\u00e9 sur les raisons de l\u2019in\u00e9galit\u00e9 hommes\/femmes \u00e0 travers le monde dans la loi et la pratique dans le domaine des droits fondamentaux. Des solutions juridiques et l\u00e9gales diverses y ont \u00e9t\u00e9 proposes.<\/p>\n<p><a href=\"http:\/\/www.maryam-rajavi.com\/fr\/declarations\/messages\/item\/message-de-maryam-radjavi-a-la-conference-des-femmes-juristes-en-argentine\" target=\"_blank\" rel=\"noopener\">Maryam Radjavi a adress\u00e9 \u00e0 la conf\u00e9rence<\/a> un message saluant l\u2019initiative de la federation.<\/p>\n<p>\u00a0<\/p>\n<p>Madame la Pr\u00e9sidente<\/p>\n<p>Mes ch\u00e8res s\u0153urs,<\/p>\n<p>Je vous salue de la part des femmes iraniennes qui combattent pour se d\u00e9barrasser d\u2019une dictature int\u00e9grisme.<\/p>\n<p>Je voudrais exprimer ma gratitude \u00e0 Madame Elena Alverdine, Pr\u00e9sidente de la conf\u00e9rence de la F\u00e9d\u00e9ration internationale des femmes juristes ainsi que l\u2019Association des femmes juristes d\u2019Argentine pour cette belle initiative. Vos efforts sont des sources d\u2019encouragement pour toutes les femmes d\u00e9sireuses d\u2019\u00e9tablir un monde respectueux d\u2019\u00e9galit\u00e9.<\/p>\n<p>Le sujet central de cette conf\u00e9rence, le droit des femmes sur leur corps, est un droit naturel et absolu visant \u00e0 lib\u00e9rer les \u00eatres humains. C\u2019est pourquoi la privation de ce droit constitue la base d\u2019une id\u00e9ologie r\u00e9trograde qui enchaine les femmes et au-del\u00e0, toute l\u2019humanit\u00e9.<\/p>\n<p>A notre \u00e9poque, c\u2019est d\u2019abord l\u2019int\u00e9grisme islamiste qui vise les femmes. De Boko Haram aux Talibans en Afghanistan en passant par Daech. Mais le foyer majeur de propagation de l\u2019int\u00e9grisme au Moyen-Orient reste le r\u00e9gime des mollahs en Iran.<\/p>\n<p>Ce r\u00e9gime est connu pour son terrorisme et son programme de fabrication de la bombe atomique. Mais son \u00e9l\u00e9ment fondamental est la contrainte religieuse qui consiste \u00e0 priver les femmes de leurs droits fondamentaux.<\/p>\n<p>Les lois les plus importantes de ce r\u00e9gime, y compris dans le code civil et le code p\u00e9nal, l\u00e9galise la violence faite aux femmes. Par exemple en diminuant l\u2019\u00e2ge l\u00e9gal du mariage des filles \u00e0 13 ans, le droit unilat\u00e9ral des hommes au divorce, le droit des hommes d\u2019emp\u00eacher les femmes de travailler, de contr\u00f4ler leur d\u00e9placement, de fixer le prix du sang (indemnisation d\u2019un dommage physique) pour une femme \u00e0 la moiti\u00e9 de celui d\u2019un homme et l\u2019exemption de la peine du Talion pour un p\u00e8re ou un grand-p\u00e8re qui tue sa fille ou sa petite-fille.<\/p>\n<p>Ces lois ont ouvert la voie aux violences brutales contre les femmes, comme les crimes d\u2019honneur o\u00f9 les filles sont victimes de la col\u00e8re ou du soup\u00e7on des hommes de leur propre famille.<\/p>\n<p>Ce n\u2019est pas \u00e9tonnant si jusqu\u2019\u00e0 pr\u00e9sent les mollahs se sont abstenus de signer le CEDAW.<\/p>\n<p>Il y a deux ans, la jeune Reyhaneh Jabari a \u00e9t\u00e9 pendue par le r\u00e9gime des mollahs. Son crime \u00e9tait d\u2019avoir r\u00e9sist\u00e9 \u00e0 une agression sexuelle d\u2019un agent des services de renseignement, le tuant en \u00e9tat de l\u00e9gitime defense.<\/p>\n<p>Vous avez peut \u00eatre entendu parler de l\u2019effroyable lapidation des femmes. Ce ch\u00e2timent qui remonte \u00e0 des milliers d\u2019ann\u00e9es a \u00e9t\u00e9 remis \u00e0 l\u2019ordre du jour par les mollahs au XX\u00e8me si\u00e8cle et a contamin\u00e9 d\u2019autres pays musulmans.<\/p>\n<p>Le voile est obligatoire pour les femmes et elles doivent le porter sur les lieux de travail, dans les cours, les h\u00f4pitaux, dans la rue et m\u00eame en voiture, sinon elles sont punies d\u2019amendes, de coups de fouet et de prison. Pour imposer le voile, il y a deux ans, des agents du pouvoir ont agress\u00e9 \u00e0 l\u2019acide plusieurs femmes \u00e0 Ispahan, une grande ville du centre de l\u2019Iran.<\/p>\n<p>Les mollahs posent beaucoup d\u2019obstacles aux femmes pour acc\u00e9der au march\u00e9 du travail. Ils veulent diminuer leur nombre dans les universit\u00e9s en intensifiant la politique de s\u00e9gr\u00e9gation sexuelle.<\/p>\n<p>Cette misogynie syst\u00e9matique et ce machisme en production constante, sont un m\u00e9canisme de contr\u00f4le de la soci\u00e9t\u00e9 et de maintien au pouvoir.<\/p>\n<p>Mais les Iraniennes n\u2019ont jamais pli\u00e9. Depuis l\u2019instauration de la dictature des mollahs, les femmes ont jou\u00e9 un r\u00f4le cl\u00e9 dans l\u2019opposition \u00e0 ce r\u00e9gime.<\/p>\n<p>Leur r\u00f4le d\u2019avant-garde dans le mouvement de la R\u00e9sistance a d\u00e9velopp\u00e9 le concept d\u2019\u00e9galit\u00e9 dans toute la soci\u00e9t\u00e9. Nous voulons la participation \u00e9gale des femmes \u00e0 la direction politique de la soci\u00e9t\u00e9 dans un Iran libre.<\/p>\n<p>C\u2019est en raison de leur participation \u00e0 la lutte contre cette tyrannie religieuse que des dizaines de milliers de femmes ont \u00e9t\u00e9 ex\u00e9cut\u00e9es ou tortur\u00e9es, comme dans le massacre de 30.000 prisonniers politique de l\u2019\u00e9t\u00e9 1988.<\/p>\n<p>Aujourd\u2019hui, un mouvement pour la justice s\u2019est lev\u00e9 en Iran ; il r\u00e9clame que les dirigeants du r\u00e9gime iranien soient traduits en justice pour cet immense crime.<\/p>\n<p>J\u2019appelle la conf\u00e9rence de la F\u00e9d\u00e9ration internationale des femmes juristes de Buenos-Aires \u00e0 soutenir ce mouvement pour la justice ainsi que la lutte des femmes iraniennes contre la barbarie au pouvoir en Iran.<\/p>\n<p>Je vous remercie.<\/p>\n","protected":false},"excerpt":{"rendered":"<p>Les 14 et 17 novembre 2016, Buenos Aires en Argentine a re\u00e7u la conf\u00e9rence de la F\u00e9d\u00e9ration internationale des femmes jurists. Des juristes \u00e9minentes d\u2019Am\u00e9rique du nord et d\u2019Am\u00e9rique latine, d\u2019Afrique et d\u2019Europe y participaient.<\/p>\n","protected":false},"author":1,"featured_media":4468,"comment_status":"open","ping_status":"open","sticky":false,"template":"","format":"standard","meta":{"jnews-multi-image_gallery":[],"jnews_single_post":[],"jnews_primary_category":[],"jnews_social_meta":[],"jnews_override_counter":[],"footnotes":""},"categories":[19],"tags":[],"class_list":["post-1903","post","type-post","status-publish","format-standard","has-post-thumbnail","hentry","category-discours-de-maryam-radjavi"],"_links":{"self":[{"href":"https:\/\/wncri.org\/fr\/wp-json\/wp\/v2\/posts\/1903","targetHints":{"allow":["GET"]}}],"collection":[{"href":"https:\/\/wncri.org\/fr\/wp-json\/wp\/v2\/posts"}],"about":[{"href":"https:\/\/wncri.org\/fr\/wp-json\/wp\/v2\/types\/post"}],"author":[{"embeddable":true,"href":"https:\/\/wncri.org\/fr\/wp-json\/wp\/v2\/users\/1"}],"replies":[{"embeddable":true,"href":"https:\/\/wncri.org\/fr\/wp-json\/wp\/v2\/comments?post=1903"}],"version-history":[{"count":0,"href":"https:\/\/wncri.org\/fr\/wp-json\/wp\/v2\/posts\/1903\/revisions"}],"wp:featuredmedia":[{"embeddable":true,"href":"https:\/\/wncri.org\/fr\/wp-json\/wp\/v2\/media\/4468"}],"wp:attachment":[{"href":"https:\/\/wncri.org\/fr\/wp-json\/wp\/v2\/media?parent=1903"}],"wp:term":[{"taxonomy":"category","embeddable":true,"href":"https:\/\/wncri.org\/fr\/wp-json\/wp\/v2\/categories?post=1903"},{"taxonomy":"post_tag","embeddable":true,"href":"https:\/\/wncri.org\/fr\/wp-json\/wp\/v2\/tags?post=1903"}],"curies":[{"name":"wp","href":"https:\/\/api.w.org\/{rel}","templated":true}]}}