{"id":19014,"date":"2023-09-24T21:43:49","date_gmt":"2023-09-24T19:43:49","guid":{"rendered":"https:\/\/wncri.org\/fr\/?p=19014"},"modified":"2023-09-24T21:59:28","modified_gmt":"2023-09-24T19:59:28","slug":"la-conference-de-bruxelles","status":"publish","type":"post","link":"https:\/\/wncri.org\/fr\/2023\/09\/24\/la-conference-de-bruxelles\/","title":{"rendered":"Ingrid Betancourt &#8211; La conf\u00e9rence de Bruxelles marque l&#8217;anniversaire du soul\u00e8vement iranien en 2022"},"content":{"rendered":"\n<p>Ingrid Betancourt, ancienne s\u00e9natrice colombienne et candidate \u00e0 l&#8217;\u00e9lection pr\u00e9sidentielle, s&#8217;est exprim\u00e9e lors d&#8217;une conf\u00e9rence \u00e0 Bruxelles le 15 septembre.<\/p>\n\n\n\n<p>&nbsp;Bruxelles le 15 septembre. Intitul\u00e9e &#8220;R\u00e9volte iranienne, r\u00f4le des femmes et des jeunes et perspectives d&#8217;une R\u00e9publique d\u00e9mocratique&#8221;, la conf\u00e9rence a marqu\u00e9 l&#8217;anniversaire de la r\u00e9volte iranienne qui a d\u00e9but\u00e9 le 16 septembre 2022 avec la mort de Zhina (Mahsa) Amini, d\u00e9tenue par la police de la moralit\u00e9.<\/p>\n","protected":false},"excerpt":{"rendered":"<p>Ingrid Betancourt, ancienne s\u00e9natrice colombienne et candidate \u00e0 l&#8217;\u00e9lection pr\u00e9sidentielle, s&#8217;est exprim\u00e9e lors d&#8217;une conf\u00e9rence \u00e0 Bruxelles le 15 septembre. &nbsp;Bruxelles le 15 septembre. Intitul\u00e9e &#8220;R\u00e9volte iranienne, r\u00f4le des femmes et des jeunes et perspectives d&#8217;une R\u00e9publique d\u00e9mocratique&#8221;, la conf\u00e9rence a marqu\u00e9 l&#8217;anniversaire de la r\u00e9volte iranienne qui a d\u00e9but\u00e9 le 16 septembre 2022 avec [&hellip;]<\/p>\n","protected":false},"author":4,"featured_media":19015,"comment_status":"closed","ping_status":"closed","sticky":false,"template":"","format":"video","meta":{"jnews-multi-image_gallery":[],"jnews_single_post":{"subtitle":"","format":"video","video":"https:\/\/youtu.be\/EOeUij4STc0","gallery":"","source_name":"","source_url":"","via_name":"","via_url":"","override_template":"0","override":[{"template":"7","single_blog_custom":"","parallax":"1","fullscreen":"1","layout":"right-sidebar","sidebar":"default-sidebar","second_sidebar":"default-sidebar","sticky_sidebar":"1","share_position":"floatbottom","share_float_style":"share-normal","show_share_counter":"1","show_view_counter":"1","show_featured":"1","show_post_meta":"1","show_post_author":"0","show_post_author_image":"1","show_post_date":"1","post_date_format":"default","post_date_format_custom":"Y\/m\/d","show_post_category":"1","show_post_reading_time":"0","post_reading_time_wpm":"300","show_zoom_button":"0","zoom_button_out_step":"2","zoom_button_in_step":"3","show_post_tag":"1","show_prev_next_post":"0","show_popup_post":"1","number_popup_post":"1","show_author_box":"0","show_post_related":"1","show_inline_post_related":"0"}],"override_image_size":"0","image_override":[{"single_post_thumbnail_size":"crop-500","single_post_gallery_size":"crop-500"}],"trending_post":"0","trending_post_position":"meta","trending_post_label":"Trending","sponsored_post":"0","sponsored_post_label":"Sponsored by","sponsored_post_name":"","sponsored_post_url":"","sponsored_post_logo_enable":"0","sponsored_post_logo":"","sponsored_post_desc":"","disable_ad":"0"},"jnews_primary_category":{"id":"","hide":""},"jnews_social_meta":{"fb_title":"","fb_description":"","fb_image":"","twitter_title":"","twitter_description":"","twitter_image":""},"jnews_override_counter":{"override_view_counter":"0","view_counter_number":"0","override_share_counter":"0","share_counter_number":"0","override_like_counter":"0","like_counter_number":"0","override_dislike_counter":"0","dislike_counter_number":"0"},"footnotes":""},"categories":[18],"tags":[373],"class_list":["post-19014","post","type-post","status-publish","format-video","has-post-thumbnail","hentry","category-video","tag-le-leadership-des-femmes","post_format-post-format-video"],"_links":{"self":[{"href":"https:\/\/wncri.org\/fr\/wp-json\/wp\/v2\/posts\/19014","targetHints":{"allow":["GET"]}}],"collection":[{"href":"https:\/\/wncri.org\/fr\/wp-json\/wp\/v2\/posts"}],"about":[{"href":"https:\/\/wncri.org\/fr\/wp-json\/wp\/v2\/types\/post"}],"author":[{"embeddable":true,"href":"https:\/\/wncri.org\/fr\/wp-json\/wp\/v2\/users\/4"}],"replies":[{"embeddable":true,"href":"https:\/\/wncri.org\/fr\/wp-json\/wp\/v2\/comments?post=19014"}],"version-history":[{"count":1,"href":"https:\/\/wncri.org\/fr\/wp-json\/wp\/v2\/posts\/19014\/revisions"}],"predecessor-version":[{"id":19017,"href":"https:\/\/wncri.org\/fr\/wp-json\/wp\/v2\/posts\/19014\/revisions\/19017"}],"wp:featuredmedia":[{"embeddable":true,"href":"https:\/\/wncri.org\/fr\/wp-json\/wp\/v2\/media\/19015"}],"wp:attachment":[{"href":"https:\/\/wncri.org\/fr\/wp-json\/wp\/v2\/media?parent=19014"}],"wp:term":[{"taxonomy":"category","embeddable":true,"href":"https:\/\/wncri.org\/fr\/wp-json\/wp\/v2\/categories?post=19014"},{"taxonomy":"post_tag","embeddable":true,"href":"https:\/\/wncri.org\/fr\/wp-json\/wp\/v2\/tags?post=19014"}],"curies":[{"name":"wp","href":"https:\/\/api.w.org\/{rel}","templated":true}]}}