{"id":19009,"date":"2023-09-23T19:56:57","date_gmt":"2023-09-23T17:56:57","guid":{"rendered":"https:\/\/wncri.org\/fr\/?p=19009"},"modified":"2024-08-25T15:36:44","modified_gmt":"2024-08-25T13:36:44","slug":"mahsa-saeedi","status":"publish","type":"post","link":"https:\/\/wncri.org\/fr\/2023\/09\/23\/mahsa-saeedi\/","title":{"rendered":"Mahsa Saeedi et 5 autres femmes parmi les personnes arr\u00eat\u00e9es pour emp\u00eacher un nouveau soul\u00e8vement"},"content":{"rendered":"\n<h2 class=\"wp-block-heading\">Mahsa Saeedi et 5 autres femmes parmi les personnes arr\u00eat\u00e9es pour emp\u00eacher un autre soul\u00e8vement<\/h2>\n\n\n\n<p><strong>Mahsa Saeedi<\/strong> est toujours en d\u00e9tention, 11 jours apr\u00e8s son arrestation. Mahsa Saeedi est n\u00e9e \u00e0 Kerman mais a \u00e9tudi\u00e9 \u00e0 l&#8217;universit\u00e9 de Yazd (centre de l&#8217;Iran) et est titulaire d&#8217;un doctorat en \u00e9conomie.<\/p>\n\n\n\n<p>Des agents des services des renseignements du CGRI \u00e0 Yazd ont arr\u00eat\u00e9 Mahsa Saeedi le 11 septembre et l&#8217;ont transf\u00e9r\u00e9 dans un lieu non divulgu\u00e9. Aucune nouvelle n&#8217;est disponible sur son sort et sa famille est tr\u00e8s inqui\u00e8te.<\/p>\n\n\n\n<p>Le r\u00e9gime cl\u00e9rical a proc\u00e9d\u00e9 \u00e0 de nombreuses arrestations au cours des derniers mois, intensifiant les d\u00e9tentions \u00e0 l&#8217;occasion de l&#8217;anniversaire du soul\u00e8vement iranien de 2022, le 16 septembre. Les services de s\u00e9curit\u00e9 et des renseignements du r\u00e9gime arr\u00eatent des \u00e9tudiants, des enseignants, des professeurs, des militants des droits de l&#8217;homme, d&#8217;anciens prisonniers politiques et des parents de martyrs du soul\u00e8vement.<\/p>\n\n\n\n<p>Selon certaines informations, le 23 septembre, les autorit\u00e9s de la prison de Gorgan (nord de l&#8217;Iran) ont appel\u00e9 Mme <strong>Fereshteh Mahdavi <\/strong>pour qu&#8217;elle apporte des v\u00eatements \u00e0 son fils emprisonn\u00e9, Mohammad Reza Showqi, \u00e2g\u00e9 de 23 ans. Lorsque Mme Mahdavi est all\u00e9e porter des v\u00eatements \u00e0 son fils, les forces de s\u00e9curit\u00e9 de l&#8217;\u00c9tat l&#8217;ont arr\u00eat\u00e9e et mise en prison.<\/p>\n\n\n<div class=\"wp-block-image\">\n<figure class=\"aligncenter size-large\"><img decoding=\"async\" src=\"data:image\/gif;base64,R0lGODlhAQABAIAAAAAAAP\/\/\/yH5BAEAAAAALAAAAAABAAEAAAIBRAA7\" data-src=\"https:\/\/wncri.org\/fr\/wp-content\/uploads\/2023\/09\/Armita-Pavir-Atefeh-Rangriz-min-1024x576.jpg\" alt=\"Mahsa Saeedi et 5 autres femmes parmi les personnes arr\u00eat\u00e9es pour emp\u00eacher un autre soul\u00e8vement\" class=\"wp-image-19010 lazyload\"\/><noscript><img decoding=\"async\" width=\"1024\" height=\"576\" src=\"https:\/\/wncri.org\/fr\/wp-content\/uploads\/2023\/09\/Armita-Pavir-Atefeh-Rangriz-min-1024x576.jpg\" alt=\"Mahsa Saeedi et 5 autres femmes parmi les personnes arr\u00eat\u00e9es pour emp\u00eacher un autre soul\u00e8vement\" class=\"wp-image-19010 lazyload\" srcset=\"https:\/\/wncri.org\/fr\/wp-content\/uploads\/2023\/09\/Armita-Pavir-Atefeh-Rangriz-min-1024x576.jpg 1024w, https:\/\/wncri.org\/fr\/wp-content\/uploads\/2023\/09\/Armita-Pavir-Atefeh-Rangriz-min-300x169.jpg 300w, https:\/\/wncri.org\/fr\/wp-content\/uploads\/2023\/09\/Armita-Pavir-Atefeh-Rangriz-min-768x432.jpg 768w, https:\/\/wncri.org\/fr\/wp-content\/uploads\/2023\/09\/Armita-Pavir-Atefeh-Rangriz-min-750x422.jpg 750w, https:\/\/wncri.org\/fr\/wp-content\/uploads\/2023\/09\/Armita-Pavir-Atefeh-Rangriz-min-1140x641.jpg 1140w, https:\/\/wncri.org\/fr\/wp-content\/uploads\/2023\/09\/Armita-Pavir-Atefeh-Rangriz-min.jpg 1200w\" sizes=\"(max-width: 1024px) 100vw, 1024px\" \/><\/noscript><figcaption class=\"wp-element-caption\">Armita Pavir (a gauche) et Atefeh Rangriz<\/figcaption><\/figure>\n<\/div>\n\n\n<p><strong>Armita Paveer<\/strong>, une \u00e9tudiante activiste, a \u00e9t\u00e9 arr\u00eat\u00e9e par les forces de s\u00e9curit\u00e9 le 21 septembre et transf\u00e9r\u00e9e au quartier des femmes de la prison centrale de Tabriz. Aucune information n&#8217;est disponible sur les charges retenues contre elle.<\/p>\n\n\n\n<p>Armita Paveer est \u00e9tudiante en biologie cellulaire et mol\u00e9culaire \u00e0 l&#8217;Universit\u00e9 Madani d&#8217;Azerba\u00efdjan. Elle a \u00e9t\u00e9 arr\u00eat\u00e9e le 31 octobre 2022, lors des manifestations de 2022 en Iran, puis lib\u00e9r\u00e9e sous caution le 8 d\u00e9cembre 2022.<\/p>\n\n\n<div class=\"wp-block-image\">\n<figure class=\"aligncenter size-full\"><img decoding=\"async\" src=\"data:image\/gif;base64,R0lGODlhAQABAIAAAAAAAP\/\/\/yH5BAEAAAAALAAAAAABAAEAAAIBRAA7\" data-src=\"https:\/\/wncri.org\/fr\/wp-content\/uploads\/2023\/09\/Zeinab-Kazemi-min.jpg\" alt=\"Mahsa Saeedi et 5 autres femmes parmi les personnes arr\u00eat\u00e9es pour emp\u00eacher un autre soul\u00e8vement\" class=\"wp-image-19012 lazyload\"\/><noscript><img decoding=\"async\" width=\"545\" height=\"675\" src=\"https:\/\/wncri.org\/fr\/wp-content\/uploads\/2023\/09\/Zeinab-Kazemi-min.jpg\" alt=\"Mahsa Saeedi et 5 autres femmes parmi les personnes arr\u00eat\u00e9es pour emp\u00eacher un autre soul\u00e8vement\" class=\"wp-image-19012 lazyload\" srcset=\"https:\/\/wncri.org\/fr\/wp-content\/uploads\/2023\/09\/Zeinab-Kazemi-min.jpg 545w, https:\/\/wncri.org\/fr\/wp-content\/uploads\/2023\/09\/Zeinab-Kazemi-min-242x300.jpg 242w\" sizes=\"(max-width: 545px) 100vw, 545px\" \/><\/noscript><figcaption class=\"wp-element-caption\">Zeinab Kazemi<\/figcaption><\/figure>\n<\/div>\n\n\n<p>Une autre femme a \u00e9t\u00e9 arr\u00eat\u00e9e et emprisonn\u00e9e pour avoir protest\u00e9 contre le port obligatoire du voile. Les forces de s\u00e9curit\u00e9 ont arr\u00eat\u00e9 Zeinab Kazemi, 38 ans, ing\u00e9nieur en construction, le lundi 18 septembre 2023. Elle a \u00e9t\u00e9 exclue du conseil d&#8217;administration de l&#8217;Organisation des ing\u00e9nieurs pour avoir retir\u00e9 son voile.<\/p>\n\n\n<div class=\"wp-block-image\">\n<figure class=\"aligncenter size-full\"><img decoding=\"async\" src=\"data:image\/gif;base64,R0lGODlhAQABAIAAAAAAAP\/\/\/yH5BAEAAAAALAAAAAABAAEAAAIBRAA7\" data-src=\"https:\/\/wncri.org\/fr\/wp-content\/uploads\/2023\/07\/Reyhaneh-Ansarinejad-1-min.jpg\" alt=\"Reyhaneh Ansarinejad, militante syndicale, condamn\u00e9e \u00e0 4 ans de prison\" class=\"wp-image-18747 lazyload\"\/><noscript><img decoding=\"async\" width=\"750\" height=\"375\" src=\"https:\/\/wncri.org\/fr\/wp-content\/uploads\/2023\/07\/Reyhaneh-Ansarinejad-1-min.jpg\" alt=\"Reyhaneh Ansarinejad, militante syndicale, condamn\u00e9e \u00e0 4 ans de prison\" class=\"wp-image-18747 lazyload\" srcset=\"https:\/\/wncri.org\/fr\/wp-content\/uploads\/2023\/07\/Reyhaneh-Ansarinejad-1-min.jpg 750w, https:\/\/wncri.org\/fr\/wp-content\/uploads\/2023\/07\/Reyhaneh-Ansarinejad-1-min-300x150.jpg 300w, https:\/\/wncri.org\/fr\/wp-content\/uploads\/2023\/07\/Reyhaneh-Ansarinejad-1-min-360x180.jpg 360w\" sizes=\"(max-width: 750px) 100vw, 750px\" \/><\/noscript><figcaption class=\"wp-element-caption\">Reyhaneh Ansarinejad, militante syndicale, condamn\u00e9e \u00e0 4 ans de prison<\/figcaption><\/figure>\n<\/div>\n\n\n<p>Dans le m\u00eame temps, la militante syndicale <a href=\"https:\/\/wncri.org\/fr\/2023\/07\/29\/reyhaneh-ansarinejad\/\" target=\"_blank\" rel=\"noreferrer noopener\">Reyhaneh Ansari Nejad<\/a> a \u00e9t\u00e9 convoqu\u00e9e le 20 septembre 2023 par le Bureau de l&#8217;application des verdicts pour purger une peine de quatre ans d&#8217;emprisonnement. Mme Ansari Nejad a \u00e9t\u00e9 arr\u00eat\u00e9e le 28 avril, \u00e0 la veille de la Journ\u00e9e internationale du travail. Elle avait \u00e9t\u00e9 temporairement lib\u00e9r\u00e9e sous caution le 6 ao\u00fbt 2023.<\/p>\n\n\n\n<p>Une autre militante syndicale, <a href=\"https:\/\/wncri.org\/fr\/2019\/08\/31\/la-syndicaliste-atefeh-rangriz-condamnee-a-une-lourde-peine-et-au-fouet-en-iran\/\" target=\"_blank\" rel=\"noreferrer noopener\">Atefeh Rangriz<\/a>, a \u00e9t\u00e9 transf\u00e9r\u00e9e \u00e0 la prison de <a href=\"https:\/\/fr.wikipedia.org\/wiki\/Shahroud\" target=\"_blank\" data-type=\"link\" data-id=\"https:\/\/fr.wikipedia.org\/wiki\/Shahroud\" rel=\"noreferrer noopener\">Chahroud <\/a>le 21 septembre 2023.<\/p>\n\n\n\n<p>Des agents des services des renseignements l&#8217;ont arr\u00eat\u00e9e le 10 septembre et l&#8217;ont interrog\u00e9e au centre de d\u00e9tention du d\u00e9partement des renseignements de Semnan. Elle a \u00e9t\u00e9 transf\u00e9r\u00e9e \u00e0 la prison de Chahroud apr\u00e8s la fin de ses interrogatoires.<\/p>\n","protected":false},"excerpt":{"rendered":"<p>Mahsa Saeedi et 5 autres femmes parmi les personnes arr\u00eat\u00e9es pour emp\u00eacher un autre soul\u00e8vement Mahsa Saeedi est toujours en d\u00e9tention, 11 jours apr\u00e8s son arrestation. Mahsa Saeedi est n\u00e9e \u00e0 Kerman mais a \u00e9tudi\u00e9 \u00e0 l&#8217;universit\u00e9 de Yazd (centre de l&#8217;Iran) et est titulaire d&#8217;un doctorat en \u00e9conomie. Des agents des services des renseignements [&hellip;]<\/p>\n","protected":false},"author":4,"featured_media":19011,"comment_status":"closed","ping_status":"closed","sticky":false,"template":"","format":"standard","meta":{"jnews-multi-image_gallery":[],"jnews_single_post":{"subtitle":"","format":"standard","video":"","gallery":"","source_name":"","source_url":"","via_name":"","via_url":"","override_template":"0","override":[{"template":"7","single_blog_custom":"","parallax":"1","fullscreen":"1","layout":"right-sidebar","sidebar":"default-sidebar","second_sidebar":"default-sidebar","sticky_sidebar":"1","share_position":"floatbottom","share_float_style":"share-normal","show_share_counter":"1","show_view_counter":"1","show_featured":"1","show_post_meta":"1","show_post_author":"0","show_post_author_image":"1","show_post_date":"1","post_date_format":"default","post_date_format_custom":"Y\/m\/d","show_post_category":"1","show_post_reading_time":"0","post_reading_time_wpm":"300","post_calculate_word_method":"str_word_count","show_zoom_button":"0","zoom_button_out_step":"2","zoom_button_in_step":"3","show_post_tag":"1","show_prev_next_post":"0","show_popup_post":"1","number_popup_post":"1","show_author_box":"0","show_post_related":"1","show_inline_post_related":"0"}],"override_image_size":"0","image_override":[{"single_post_thumbnail_size":"crop-500","single_post_gallery_size":"crop-500"}],"trending_post":"0","trending_post_position":"meta","trending_post_label":"Trending","sponsored_post":"0","sponsored_post_label":"Sponsored by","sponsored_post_name":"","sponsored_post_url":"","sponsored_post_logo_enable":"0","sponsored_post_logo":"","sponsored_post_desc":"","disable_ad":"0"},"jnews_primary_category":{"id":"","hide":""},"jnews_social_meta":{"fb_title":"","fb_description":"","fb_image":"","twitter_title":"","twitter_description":"","twitter_image":""},"jnews_override_counter":{"override_view_counter":"0","view_counter_number":"0","override_share_counter":"0","share_counter_number":"0","override_like_counter":"0","like_counter_number":"0","override_dislike_counter":"0","dislike_counter_number":"0"},"footnotes":""},"categories":[3],"tags":[370],"class_list":["post-19009","post","type-post","status-publish","format-standard","has-post-thumbnail","hentry","category-infos-des-femmes","tag-prisonnieres"],"_links":{"self":[{"href":"https:\/\/wncri.org\/fr\/wp-json\/wp\/v2\/posts\/19009","targetHints":{"allow":["GET"]}}],"collection":[{"href":"https:\/\/wncri.org\/fr\/wp-json\/wp\/v2\/posts"}],"about":[{"href":"https:\/\/wncri.org\/fr\/wp-json\/wp\/v2\/types\/post"}],"author":[{"embeddable":true,"href":"https:\/\/wncri.org\/fr\/wp-json\/wp\/v2\/users\/4"}],"replies":[{"embeddable":true,"href":"https:\/\/wncri.org\/fr\/wp-json\/wp\/v2\/comments?post=19009"}],"version-history":[{"count":2,"href":"https:\/\/wncri.org\/fr\/wp-json\/wp\/v2\/posts\/19009\/revisions"}],"predecessor-version":[{"id":20714,"href":"https:\/\/wncri.org\/fr\/wp-json\/wp\/v2\/posts\/19009\/revisions\/20714"}],"wp:featuredmedia":[{"embeddable":true,"href":"https:\/\/wncri.org\/fr\/wp-json\/wp\/v2\/media\/19011"}],"wp:attachment":[{"href":"https:\/\/wncri.org\/fr\/wp-json\/wp\/v2\/media?parent=19009"}],"wp:term":[{"taxonomy":"category","embeddable":true,"href":"https:\/\/wncri.org\/fr\/wp-json\/wp\/v2\/categories?post=19009"},{"taxonomy":"post_tag","embeddable":true,"href":"https:\/\/wncri.org\/fr\/wp-json\/wp\/v2\/tags?post=19009"}],"curies":[{"name":"wp","href":"https:\/\/api.w.org\/{rel}","templated":true}]}}