{"id":18995,"date":"2024-12-10T23:16:45","date_gmt":"2024-12-10T22:16:45","guid":{"rendered":"https:\/\/wncri.org\/fr\/?p=18995"},"modified":"2024-12-10T23:16:48","modified_gmt":"2024-12-10T22:16:48","slug":"ayda-rostami-2","status":"publish","type":"post","link":"https:\/\/wncri.org\/fr\/2024\/12\/10\/ayda-rostami-2\/","title":{"rendered":"Ayda Rostami"},"content":{"rendered":"\n<h2 class=\"wp-block-heading\">Ayda Rostami s&#8217;est engag\u00e9e \u00e0 respecter le serment d&#8217;\u00e9thique m\u00e9dicale jusqu&#8217;\u00e0 sa mort<\/h2>\n\n\n\n<p>Ayda Rostami est n\u00e9e le 16 juillet 1986 \u00e0 <a href=\"https:\/\/fr.wikipedia.org\/wiki\/Gorgan\" target=\"_blank\" rel=\"noreferrer noopener\">Gorgan<\/a>, dans le nord de l&#8217;Iran. Elle a perdu son p\u00e8re \u00e0 l&#8217;\u00e2ge de dix ans, mais en travaillant dur et en surmontant les probl\u00e8mes de la vie, elle a pu \u00eatre accept\u00e9e \u00e0 l&#8217;\u00e9cole de m\u00e9decine et devenir m\u00e9decin.<\/p>\n\n\n\n<p>Elle s&#8217;est port\u00e9e volontaire pour soigner les bless\u00e9s et les personnes dans le besoin \u00e0 de nombreuses reprises, notamment \u00e0 la suite du tremblement de terre qui a d\u00e9vast\u00e9 la province occidentale de Kermanchah.<\/p>\n\n\n\n<p>Lors des manifestations de 2022 en Iran, Ayda Rostami, m\u00e9decin de 36 ans, s&#8217;est rendue dans les quartiers ouest de T\u00e9h\u00e9ran et dans la <a href=\"https:\/\/wncri.org\/fr\/2022\/12\/27\/ekbatan\/\" target=\"_blank\" rel=\"noreferrer noopener\">commune d&#8217;Ekbatan<\/a> pour soigner b\u00e9n\u00e9volement les personnes bless\u00e9es par les forces de s\u00e9curit\u00e9.<\/p>\n\n\n\n<p>Dans la nuit du 12 d\u00e9cembre, elle a rendu visite \u00e0 des patients dans le quartier d&#8217;Ekbatan, mais n&#8217;est jamais rentr\u00e9e chez elle apr\u00e8s \u00eatre all\u00e9e chercher des pansements \u00e0 la pharmacie. Le lendemain midi, alors que la licence m\u00e9dicale d&#8217;Ayda \u00e9tait envoy\u00e9e par courrier \u00e0 son domicile, le poste de police local a inform\u00e9 sa famille qu&#8217;Ayda avait \u00e9t\u00e9 tu\u00e9e dans un accident de voiture et qu&#8217;ils devaient venir chercher son corps.<\/p>\n\n\n\n<p>La famille de Rostami a \u00e9t\u00e9 choqu\u00e9e de voir le corps d&#8217;Ayda. La moiti\u00e9 droite de son visage et son nez \u00e9taient \u00e9cras\u00e9s. Ses bras \u00e9taient gravement cass\u00e9s et son \u0153il gauche avait plusieurs points de suture et \u00e9tait compl\u00e8tement ferm\u00e9, ce qui signifie que l&#8217;\u0153il gauche \u00e9tait \u00e9nucl\u00e9\u00e9. La partie inf\u00e9rieure de son corps pr\u00e9sentait \u00e9galement des ecchymoses et des blessures indiquant une agression sexuelle.<\/p>\n\n\n\n<p>Toutes les preuves indiquent que les agents de s\u00e9curit\u00e9 ont <a href=\"https:\/\/wncri.org\/fr\/2022\/12\/16\/ayda-rostami\/\" target=\"_blank\" rel=\"noreferrer noopener\">tu\u00e9 et tortur\u00e9 Ayda Rostami<\/a>. <\/p>\n\n\n<div class=\"wp-block-image\">\n<figure class=\"aligncenter size-full is-resized\"><img decoding=\"async\" src=\"data:image\/gif;base64,R0lGODlhAQABAIAAAAAAAP\/\/\/yH5BAEAAAAALAAAAAABAAEAAAIBRAA7\" data-src=\"https:\/\/wncri.org\/fr\/wp-content\/uploads\/2023\/09\/Ayda-Rostami-4-min.jpg\" alt=\"Ayda Rostami s'est engag\u00e9e \u00e0 respecter le serment d'\u00e9thique m\u00e9dicale jusqu'\u00e0 sa mort\" class=\"wp-image-18997 lazyload\" style=\"width:750px;height:375px\" width=\"750\" height=\"375\"\/><noscript><img decoding=\"async\" src=\"https:\/\/wncri.org\/fr\/wp-content\/uploads\/2023\/09\/Ayda-Rostami-4-min.jpg\" alt=\"Ayda Rostami s'est engag\u00e9e \u00e0 respecter le serment d'\u00e9thique m\u00e9dicale jusqu'\u00e0 sa mort\" class=\"wp-image-18997 lazyload\" style=\"width:750px;height:375px\" width=\"750\" height=\"375\" srcset=\"https:\/\/wncri.org\/fr\/wp-content\/uploads\/2023\/09\/Ayda-Rostami-4-min.jpg 750w, https:\/\/wncri.org\/fr\/wp-content\/uploads\/2023\/09\/Ayda-Rostami-4-min-300x150.jpg 300w, https:\/\/wncri.org\/fr\/wp-content\/uploads\/2023\/09\/Ayda-Rostami-4-min-360x180.jpg 360w\" sizes=\"(max-width: 750px) 100vw, 750px\" \/><\/noscript><\/figure>\n<\/div>\n\n\n<p><\/p>\n\n\n\n<p><a href=\"https:\/\/wncri.org\/fr\/2023\/01\/04\/diffuser-de-faux-recits\/\">Le l\u00e9giste avai<\/a><a href=\"https:\/\/wncri.org\/fr\/2023\/01\/04\/diffuser-de-faux-recits\/\" target=\"_blank\" rel=\"noreferrer noopener\">t<\/a><a href=\"https:\/\/wncri.org\/fr\/2023\/01\/04\/diffuser-de-faux-recits\/\"> re\u00e7u l&#8217;ordre<\/a> d&#8217;indiquer dans le certificat de d\u00e9c\u00e8s la cause de la mort, \u00e0 savoir &#8220;avoir \u00e9t\u00e9 frapp\u00e9e par un objet dur&#8221; dans le cadre d&#8217;un &#8220;accident&#8221;. Mais face \u00e0 l&#8217;indignation de l&#8217;opinion publique, le r\u00e9gime a de nouveau annonc\u00e9 \u00e0 tort qu&#8217;Ayda avait \u00e9t\u00e9 jet\u00e9e d&#8217;un pont apr\u00e8s une dispute avec un homme.<\/p>\n\n\n\n<p>Les fun\u00e9railles d&#8217;Ayda Rostami ont \u00e9t\u00e9 une <a href=\"https:\/\/wncri.org\/fr\/2023\/01\/23\/dr-ayda-rostami\/\" target=\"_blank\" rel=\"noreferrer noopener\">nouvelle \u00e9preuve douloureuse<\/a> pour sa famille.<\/p>\n\n\n\n<p>Le r\u00e9gime cl\u00e9rical les a d&#8217;abord oblig\u00e9s \u00e0 enterrer Ayda \u00e0 la h\u00e2te dans le cimeti\u00e8re Behesht Zahra de T\u00e9h\u00e9ran. Mais conform\u00e9ment \u00e0 la volont\u00e9 d&#8217;Ayda, son corps a \u00e9t\u00e9 transf\u00e9r\u00e9 dans sa ville natale de Gorgan et enterr\u00e9 \u00e0 Imamzadeh Abdullah le 14 d\u00e9cembre.<\/p>\n\n\n\n<p>Ayda Rostami \u00e9tait un m\u00e9decin engag\u00e9 qui a \u00e9t\u00e9 tu\u00e9e sous la torture pour avoir respect\u00e9 son serment m\u00e9dical et soign\u00e9 les bless\u00e9s du soul\u00e8vement.<\/p>\n\n\n<div class=\"wp-block-image\">\n<figure class=\"aligncenter size-full\"><img decoding=\"async\" src=\"data:image\/gif;base64,R0lGODlhAQABAIAAAAAAAP\/\/\/yH5BAEAAAAALAAAAAABAAEAAAIBRAA7\" data-src=\"https:\/\/wncri.org\/fr\/wp-content\/uploads\/2023\/09\/Ayda-Rostami-5-min.jpg\" alt=\"Ayda Rostami s'est engag\u00e9e \u00e0 respecter le serment d'\u00e9thique m\u00e9dicale jusqu'\u00e0 sa mort\" class=\"wp-image-18998 lazyload\"\/><noscript><img decoding=\"async\" width=\"750\" height=\"375\" src=\"https:\/\/wncri.org\/fr\/wp-content\/uploads\/2023\/09\/Ayda-Rostami-5-min.jpg\" alt=\"Ayda Rostami s'est engag\u00e9e \u00e0 respecter le serment d'\u00e9thique m\u00e9dicale jusqu'\u00e0 sa mort\" class=\"wp-image-18998 lazyload\" srcset=\"https:\/\/wncri.org\/fr\/wp-content\/uploads\/2023\/09\/Ayda-Rostami-5-min.jpg 750w, https:\/\/wncri.org\/fr\/wp-content\/uploads\/2023\/09\/Ayda-Rostami-5-min-300x150.jpg 300w, https:\/\/wncri.org\/fr\/wp-content\/uploads\/2023\/09\/Ayda-Rostami-5-min-360x180.jpg 360w\" sizes=\"(max-width: 750px) 100vw, 750px\" \/><\/noscript><\/figure>\n<\/div>\n\n\n<p>Mais le souvenir du courage d&#8217;Ayda restera \u00e0 jamais dans le c\u0153ur et l&#8217;esprit des Iraniens, inspirant d&#8217;autres femmes et jeunes filles iraniennes courageuses jusqu&#8217;au jour o\u00f9 Khamenei et son r\u00e9gime brutal seront renvers\u00e9s par le peuple et les femmes audacieuses d&#8217;Iran.<\/p>\n","protected":false},"excerpt":{"rendered":"<p>Ayda Rostami s&#8217;est engag\u00e9e \u00e0 respecter le serment d&#8217;\u00e9thique m\u00e9dicale jusqu&#8217;\u00e0 sa mort Ayda Rostami est n\u00e9e le 16 juillet 1986 \u00e0 Gorgan, dans le nord de l&#8217;Iran. Elle a perdu son p\u00e8re \u00e0 l&#8217;\u00e2ge de dix ans, mais en travaillant dur et en surmontant les probl\u00e8mes de la vie, elle a pu \u00eatre accept\u00e9e [&hellip;]<\/p>\n","protected":false},"author":4,"featured_media":21536,"comment_status":"closed","ping_status":"closed","sticky":false,"template":"","format":"standard","meta":{"jnews-multi-image_gallery":[],"jnews_single_post":{"subtitle":"","format":"standard","video":"","gallery":"","source_name":"","source_url":"","via_name":"","via_url":"","override_template":"0","override":[{"template":"7","single_blog_custom":"","parallax":"1","fullscreen":"1","layout":"right-sidebar","sidebar":"default-sidebar","second_sidebar":"default-sidebar","sticky_sidebar":"1","share_position":"floatbottom","share_float_style":"share-normal","show_share_counter":"1","show_view_counter":"1","show_featured":"1","show_post_meta":"1","show_post_author":"0","show_post_author_image":"1","show_post_date":"1","post_date_format":"default","post_date_format_custom":"Y\/m\/d","show_post_category":"1","show_post_reading_time":"0","post_reading_time_wpm":"300","show_zoom_button":"0","zoom_button_out_step":"2","zoom_button_in_step":"3","show_post_tag":"1","show_prev_next_post":"0","show_popup_post":"1","number_popup_post":"1","show_author_box":"0","show_post_related":"1","show_inline_post_related":"0"}],"override_image_size":"0","image_override":[{"single_post_thumbnail_size":"crop-500","single_post_gallery_size":"crop-500"}],"trending_post":"0","trending_post_position":"meta","trending_post_label":"Trending","sponsored_post":"0","sponsored_post_label":"Sponsored by","sponsored_post_name":"","sponsored_post_url":"","sponsored_post_logo_enable":"0","sponsored_post_logo":"","sponsored_post_desc":"","disable_ad":"0"},"jnews_primary_category":{"id":"","hide":""},"jnews_social_meta":{"fb_title":"","fb_description":"","fb_image":"","twitter_title":"","twitter_description":"","twitter_image":""},"jnews_override_counter":{"override_view_counter":"0","view_counter_number":"0","override_share_counter":"0","share_counter_number":"0","override_like_counter":"0","like_counter_number":"0","override_dislike_counter":"0","dislike_counter_number":"0"},"footnotes":""},"categories":[25],"tags":[382,376],"class_list":["post-18995","post","type-post","status-publish","format-standard","has-post-thumbnail","hentry","category-tombees-pour-la-liberte","tag-generation-egalite","tag-violence-contre-les-femmes"],"_links":{"self":[{"href":"https:\/\/wncri.org\/fr\/wp-json\/wp\/v2\/posts\/18995","targetHints":{"allow":["GET"]}}],"collection":[{"href":"https:\/\/wncri.org\/fr\/wp-json\/wp\/v2\/posts"}],"about":[{"href":"https:\/\/wncri.org\/fr\/wp-json\/wp\/v2\/types\/post"}],"author":[{"embeddable":true,"href":"https:\/\/wncri.org\/fr\/wp-json\/wp\/v2\/users\/4"}],"replies":[{"embeddable":true,"href":"https:\/\/wncri.org\/fr\/wp-json\/wp\/v2\/comments?post=18995"}],"version-history":[{"count":1,"href":"https:\/\/wncri.org\/fr\/wp-json\/wp\/v2\/posts\/18995\/revisions"}],"predecessor-version":[{"id":18999,"href":"https:\/\/wncri.org\/fr\/wp-json\/wp\/v2\/posts\/18995\/revisions\/18999"}],"wp:featuredmedia":[{"embeddable":true,"href":"https:\/\/wncri.org\/fr\/wp-json\/wp\/v2\/media\/21536"}],"wp:attachment":[{"href":"https:\/\/wncri.org\/fr\/wp-json\/wp\/v2\/media?parent=18995"}],"wp:term":[{"taxonomy":"category","embeddable":true,"href":"https:\/\/wncri.org\/fr\/wp-json\/wp\/v2\/categories?post=18995"},{"taxonomy":"post_tag","embeddable":true,"href":"https:\/\/wncri.org\/fr\/wp-json\/wp\/v2\/tags?post=18995"}],"curies":[{"name":"wp","href":"https:\/\/api.w.org\/{rel}","templated":true}]}}