{"id":18987,"date":"2023-09-19T22:35:00","date_gmt":"2023-09-19T20:35:00","guid":{"rendered":"https:\/\/wncri.org\/fr\/?p=18987"},"modified":"2023-09-21T17:41:46","modified_gmt":"2023-09-21T15:41:46","slug":"yekta-dodangeh","status":"publish","type":"post","link":"https:\/\/wncri.org\/fr\/2023\/09\/19\/yekta-dodangeh\/","title":{"rendered":"Yekta Dodangeh, 14 ans, parmi les centaines de personnes arr\u00eat\u00e9es lors des manifestations \u00e0 T\u00e9h\u00e9ran"},"content":{"rendered":"\n<p>Le r\u00e9gime cl\u00e9rical a r\u00e9cemment pris des mesures s\u00e9v\u00e8res \u00e0 l&#8217;encontre de la soci\u00e9t\u00e9 iranienne afin de r\u00e9primer le soul\u00e8vement en cours. Les services de s\u00e9curit\u00e9 ont arr\u00eat\u00e9 des centaines de personnes, dont Yekta Dodangeh, une jeune fille de 14 ans.<\/p>\n\n\n\n<p>Cependant, le peuple iranien comm\u00e9more sans rel\u00e2che <a href=\"https:\/\/wncri.org\/fr\/2023\/09\/15\/les-femmes-iraniennes-2\/\" target=\"_blank\" rel=\"noreferrer noopener\">l&#8217;anniversaire<\/a> du soul\u00e8vement de 2022, qui a d\u00e9but\u00e9 le 16 septembre avec la mort tragique de Mahsa Amini.<\/p>\n\n\n\n<p>Des femmes courageuses sont sorties dans les <a href=\"https:\/\/twitter.com\/PMOIRAN\/status\/1703125348127584619\" target=\"_blank\" rel=\"noreferrer noopener\">rues de Racht<\/a> (au nord de l&#8217;Iran) et de Machad (au nord-est de l&#8217;Iran) et ont scand\u00e9 des slogans contre le r\u00e9gime en plein jour.<\/p>\n\n\n\n<p>Des jeunes se sont courageusement rassembl\u00e9s \u00e0 Lahijan, dans la province de Gilan (nord de l&#8217;Iran), le samedi 16 septembre.<\/p>\n\n\n\n<p>Dimanche 17 septembre, dans plusieurs quartiers de T\u00e9h\u00e9ran, Ourmia, Karaj et d&#8217;autres villes, des gens ont scand\u00e9 des slogans anti-r\u00e9gime appelant au renversement du r\u00e9gime &#8220;tueur d&#8217;enfants&#8221; et du &#8220;sanguinaire Khamenei&#8221; depuis leurs toits.<\/p>\n\n\n\n<h3 class=\"wp-block-heading\"><strong>Les habitants de T\u00e9h\u00e9ran sont descendus dans la rue malgr\u00e9 la r\u00e9pression massive<\/strong><\/h3>\n\n\n\n<p>Depuis le 11 septembre, les forces de s\u00e9curit\u00e9 sont en \u00e9tat d&#8217;alerte \u00e0 T\u00e9h\u00e9ran. Le r\u00e9gime a mobilis\u00e9 environ 23 000 membres du Corps des gardiens de la r\u00e9volution et des bassidjis et 21 000 membres des forces de s\u00e9curit\u00e9 de l&#8217;\u00c9tat \u00e0 T\u00e9h\u00e9ran. Ils ont impos\u00e9 des restrictions strictes dans de nombreux quartiers de la ville, emp\u00eachant plus de trois personnes de se rassembler. Ces actions soulignent la vuln\u00e9rabilit\u00e9 du r\u00e9gime dans une situation sociale instable.<\/p>\n\n\n\n<p>Le 16 septembre, l&#8217;agence de presse officielle IRNA a rapport\u00e9 que certains contrevenants aux normes, qui avaient masqu\u00e9 leur visage, avaient tent\u00e9 de provoquer des \u00e9meutes dans certains quartiers de T\u00e9h\u00e9ran, des avenues Enghelab \u00e0 Ferdowsi. Organis\u00e9s en groupes de trois \u00e0 sept personnes, ils ont tent\u00e9 de scander des slogans dans le centre-ville, pr\u00e8s de l&#8217;universit\u00e9 de T\u00e9h\u00e9ran, au carrefour Valiasr et sur la place Enghelab. D&#8217;autres groupes ont tent\u00e9 de se rassembler sur l&#8217;avenue Chariati, \u00e0 Sattarkhan, \u00e0 Sadeghieh et dans certaines parties de l&#8217;est et du nord de T\u00e9h\u00e9ran. Selon l&#8217;IRNA, les forces de s\u00e9curit\u00e9 ont utilis\u00e9 des gaz lacrymog\u00e8nes pour disperser les foules de manifestants. (IRNA, 16 septembre 2023)<\/p>\n\n\n\n<p>Les photos suivantes montrent la brutalit\u00e9 des forces de s\u00e9curit\u00e9 \u00e0 l&#8217;\u00e9gard de ceux qui osent descendre dans la rue.<\/p>\n\n\n<div class=\"wp-block-image\">\n<figure class=\"aligncenter size-large\"><img decoding=\"async\" src=\"data:image\/gif;base64,R0lGODlhAQABAIAAAAAAAP\/\/\/yH5BAEAAAAALAAAAAABAAEAAAIBRAA7\" data-src=\"https:\/\/wncri.org\/fr\/wp-content\/uploads\/2023\/09\/Beating-of-protesters-min-1024x576.jpg\" alt=\"Yekta Dodangeh, 14 ans, parmi les centaines de personnes arr\u00eat\u00e9es lors des manifestations \u00e0 T\u00e9h\u00e9ran \" class=\"wp-image-18988 lazyload\"\/><noscript><img decoding=\"async\" width=\"1024\" height=\"576\" src=\"https:\/\/wncri.org\/fr\/wp-content\/uploads\/2023\/09\/Beating-of-protesters-min-1024x576.jpg\" alt=\"Yekta Dodangeh, 14 ans, parmi les centaines de personnes arr\u00eat\u00e9es lors des manifestations \u00e0 T\u00e9h\u00e9ran \" class=\"wp-image-18988 lazyload\" srcset=\"https:\/\/wncri.org\/fr\/wp-content\/uploads\/2023\/09\/Beating-of-protesters-min-1024x576.jpg 1024w, https:\/\/wncri.org\/fr\/wp-content\/uploads\/2023\/09\/Beating-of-protesters-min-300x169.jpg 300w, https:\/\/wncri.org\/fr\/wp-content\/uploads\/2023\/09\/Beating-of-protesters-min-768x432.jpg 768w, https:\/\/wncri.org\/fr\/wp-content\/uploads\/2023\/09\/Beating-of-protesters-min-750x422.jpg 750w, https:\/\/wncri.org\/fr\/wp-content\/uploads\/2023\/09\/Beating-of-protesters-min-1140x641.jpg 1140w, https:\/\/wncri.org\/fr\/wp-content\/uploads\/2023\/09\/Beating-of-protesters-min.jpg 1200w\" sizes=\"(max-width: 1024px) 100vw, 1024px\" \/><\/noscript><\/figure>\n<\/div>\n\n\n<h3 class=\"wp-block-heading\"><strong>Yekta Dodangeh, 14 ans, arr\u00eat\u00e9e \u00e0 T\u00e9h\u00e9ran<\/strong><\/h3>\n\n\n\n<p>Yekta Dodangeh, 14 ans, figure parmi les personnes arr\u00eat\u00e9es \u00e0 T\u00e9h\u00e9ran le 16 septembre 2023. La derni\u00e8re fois qu&#8217;elle a appel\u00e9 sa famille, elle a d\u00e9clar\u00e9 que les forces de s\u00e9curit\u00e9 la poursuivaient. Aucune information n&#8217;est disponible sur les conditions de vie et le lieu o\u00f9 se trouve Yekta Dodangeh au moment de la publication de cette information.<\/p>\n\n\n\n<p>Entre-temps, le r\u00e9gime a continu\u00e9 \u00e0 r\u00e9primer les activistes civils. Sheida Saberi a \u00e9t\u00e9 appr\u00e9hend\u00e9e le 16 septembre \u00e0 Yassouj, puis transf\u00e9r\u00e9e dans le quartier des femmes de la prison locale.<\/p>\n\n\n\n<p>Le m\u00eame jour, Parisa Mohammadi, une athl\u00e8te, est tomb\u00e9e entre les mains des forces de s\u00e9curit\u00e9 \u00e0 Kermanchah le samedi soir.<\/p>\n\n\n\n<p>Gelavizh Tahmasbi, militante civil et alpiniste, a \u00e9t\u00e9 arr\u00eat\u00e9e par le d\u00e9partement des renseignements \u00e0 Sanandaj.<\/p>\n\n\n\n<p>Les forces de s\u00e9curit\u00e9 ont fait preuve de brutalit\u00e9 \u00e0 l&#8217;\u00e9gard des familles des manifestants d\u00e9tenus qui cherchaient \u00e0 obtenir des informations sur leurs enfants dans divers centres de d\u00e9tention.&nbsp;<\/p>\n\n\n<div class=\"wp-block-image\">\n<figure class=\"aligncenter size-large\"><img decoding=\"async\" src=\"data:image\/gif;base64,R0lGODlhAQABAIAAAAAAAP\/\/\/yH5BAEAAAAALAAAAAABAAEAAAIBRAA7\" data-src=\"https:\/\/wncri.org\/fr\/wp-content\/uploads\/2023\/09\/Gelavizh-Sheida-and-Parisa-min-1024x576.jpg\" alt=\"Yekta Dodangeh, 14 ans, parmi les centaines de personnes arr\u00eat\u00e9es lors des manifestations \u00e0 T\u00e9h\u00e9ran \" class=\"wp-image-18989 lazyload\"\/><noscript><img decoding=\"async\" width=\"1024\" height=\"576\" src=\"https:\/\/wncri.org\/fr\/wp-content\/uploads\/2023\/09\/Gelavizh-Sheida-and-Parisa-min-1024x576.jpg\" alt=\"Yekta Dodangeh, 14 ans, parmi les centaines de personnes arr\u00eat\u00e9es lors des manifestations \u00e0 T\u00e9h\u00e9ran \" class=\"wp-image-18989 lazyload\" srcset=\"https:\/\/wncri.org\/fr\/wp-content\/uploads\/2023\/09\/Gelavizh-Sheida-and-Parisa-min-1024x576.jpg 1024w, https:\/\/wncri.org\/fr\/wp-content\/uploads\/2023\/09\/Gelavizh-Sheida-and-Parisa-min-300x169.jpg 300w, https:\/\/wncri.org\/fr\/wp-content\/uploads\/2023\/09\/Gelavizh-Sheida-and-Parisa-min-768x432.jpg 768w, https:\/\/wncri.org\/fr\/wp-content\/uploads\/2023\/09\/Gelavizh-Sheida-and-Parisa-min-750x422.jpg 750w, https:\/\/wncri.org\/fr\/wp-content\/uploads\/2023\/09\/Gelavizh-Sheida-and-Parisa-min-1140x641.jpg 1140w, https:\/\/wncri.org\/fr\/wp-content\/uploads\/2023\/09\/Gelavizh-Sheida-and-Parisa-min.jpg 1200w\" sizes=\"(max-width: 1024px) 100vw, 1024px\" \/><\/noscript><figcaption class=\"wp-element-caption\">De gauche \u00e0 droite, Gelavizh Tahmasebi, Sheida Saberi et Parisa Mohammadi.<\/figcaption><\/figure>\n<\/div>\n\n\n<h3 class=\"wp-block-heading\"><strong>Rapports officiels sur les arrestations, y compris les r\u00e9seaux organis\u00e9s de l&#8217;opposition de l&#8217;OMPI<\/strong><\/h3>\n\n\n\n<p>Les services des renseignements du CGRI, le minist\u00e8re des renseignements et les forces de s\u00e9curit\u00e9 de l&#8217;\u00c9tat ont annonc\u00e9 l&#8217;arrestation de 357 personnes \u00e0 T\u00e9h\u00e9ran, Karaj, Marvdasht, Boein Zahra, Azerba\u00efdjan occidental, Kohgiluyeh et Boyer Ahmad, ainsi qu&#8217;au Kurdistan, comme l&#8217;ont annonc\u00e9 divers m\u00e9dias le 17 septembre.<\/p>\n\n\n\n<p>Le commandant des SSF de l&#8217;Azerba\u00efdjan occidental a annonc\u00e9 l&#8217;arrestation de 137 personnes. (Tasnim, 17 septembre 2023)<\/p>\n\n\n\n<p>L&#8217;agence de presse \u00e9tatique Mehr a \u00e9galement signal\u00e9 l&#8217;arrestation de neuf chefs de r\u00e9seau et d&#8217;\u00e9l\u00e9ments critiques \u00e0 l&#8217;origine des \u00e9meutes d&#8217;Ispahan. (Mehr, 17 septembre 2023)<\/p>\n\n\n\n<p>Les agences de presse du r\u00e9gime ont rapport\u00e9 l&#8217;arrestation de dizaines de personnes affili\u00e9es \u00e0 l&#8217;OMPI.<\/p>\n\n\n\n<p>Le quotidien Mashreq News, soutenu par le CGRI, a rapport\u00e9 l&#8217;arrestation de 160 personnes \u00e0 T\u00e9h\u00e9ran, de 5 membres de l&#8217;OMPI \u00e0 Goghardacht (Karaj) et de 13 personnes \u00e0 Marvdacht. (17 septembre 2023)<\/p>\n\n\n\n<p>Deux chefs de r\u00e9seaux affili\u00e9s \u00e0 l&#8217;OMPI ont \u00e9t\u00e9 arr\u00eat\u00e9s dans le canton de Quds, \u00e0 l&#8217;ext\u00e9rieur de T\u00e9h\u00e9ran, comme l&#8217;a rapport\u00e9 l&#8217;agence de presse gouvernementale Quds le 18 septembre.<\/p>\n\n\n\n<p>L&#8217;agence de presse Tasnim a \u00e9galement rapport\u00e9 l&#8217;arrestation d&#8217;une personne identifi\u00e9e comme \u00e9tant en contact avec l&#8217;opposition de l&#8217;OMPI le 18 septembre.<\/p>\n\n\n\n<p>Le d\u00e9partement des renseignements de Boein Zahra a d\u00e9clar\u00e9 avoir arr\u00eat\u00e9 six personnes ayant des liens avec l&#8217;OMPI. (Mizan, 18 septembre 2023)<\/p>\n\n\n\n<p>Les services des renseignements du CGRI ont signal\u00e9 l&#8217;arrestation de 15 \u00e9l\u00e9ments de r\u00e9seaux organis\u00e9s dans les provinces de Kohgiluyeh et de Boyer Ahmad (sud-ouest de l&#8217;Iran).<\/p>\n\n\n\n<h3 class=\"wp-block-heading\"><strong>Les unit\u00e9s de r\u00e9sistance de l&#8217;OMPI m\u00e8nent 414 op\u00e9rations anti-r\u00e9pression dans 40 villes<\/strong><\/h3>\n\n\n\n<p>Les unit\u00e9s de la r\u00e9sistance de l&#8217;OMPI ont men\u00e9 414 op\u00e9rations anti-r\u00e9pression \u00e0 T\u00e9h\u00e9ran et dans 40 autres villes au plus fort de la r\u00e9pression en seulement deux jours.<\/p>\n","protected":false},"excerpt":{"rendered":"<p>Le r\u00e9gime cl\u00e9rical a r\u00e9cemment pris des mesures s\u00e9v\u00e8res \u00e0 l&#8217;encontre de la soci\u00e9t\u00e9 iranienne afin de r\u00e9primer le soul\u00e8vement en cours. Les services de s\u00e9curit\u00e9 ont arr\u00eat\u00e9 des centaines de personnes, dont Yekta Dodangeh, une jeune fille de 14 ans. Cependant, le peuple iranien comm\u00e9more sans rel\u00e2che l&#8217;anniversaire du soul\u00e8vement de 2022, qui a [&hellip;]<\/p>\n","protected":false},"author":4,"featured_media":18990,"comment_status":"closed","ping_status":"closed","sticky":false,"template":"","format":"standard","meta":{"jnews-multi-image_gallery":[],"jnews_single_post":{"subtitle":"","format":"standard","video":"","gallery":"","source_name":"","source_url":"","via_name":"","via_url":"","override_template":"0","override":[{"template":"7","single_blog_custom":"","parallax":"1","fullscreen":"1","layout":"right-sidebar","sidebar":"default-sidebar","second_sidebar":"default-sidebar","sticky_sidebar":"1","share_position":"floatbottom","share_float_style":"share-normal","show_share_counter":"1","show_view_counter":"1","show_featured":"1","show_post_meta":"1","show_post_author":"0","show_post_author_image":"1","show_post_date":"1","post_date_format":"default","post_date_format_custom":"Y\/m\/d","show_post_category":"1","show_post_reading_time":"0","post_reading_time_wpm":"300","show_zoom_button":"0","zoom_button_out_step":"2","zoom_button_in_step":"3","show_post_tag":"1","show_prev_next_post":"0","show_popup_post":"1","number_popup_post":"1","show_author_box":"0","show_post_related":"1","show_inline_post_related":"0"}],"override_image_size":"0","image_override":[{"single_post_thumbnail_size":"crop-500","single_post_gallery_size":"crop-500"}],"trending_post":"0","trending_post_position":"meta","trending_post_label":"Trending","sponsored_post":"0","sponsored_post_label":"Sponsored by","sponsored_post_name":"","sponsored_post_url":"","sponsored_post_logo_enable":"0","sponsored_post_logo":"","sponsored_post_desc":"","disable_ad":"0"},"jnews_primary_category":{"id":"","hide":""},"jnews_social_meta":{"fb_title":"","fb_description":"","fb_image":"","twitter_title":"","twitter_description":"","twitter_image":""},"jnews_override_counter":{"override_view_counter":"0","view_counter_number":"0","override_share_counter":"0","share_counter_number":"0","override_like_counter":"0","like_counter_number":"0","override_dislike_counter":"0","dislike_counter_number":"0"},"footnotes":""},"categories":[3],"tags":[369,376],"class_list":["post-18987","post","type-post","status-publish","format-standard","has-post-thumbnail","hentry","category-infos-des-femmes","tag-manifestations","tag-violence-contre-les-femmes"],"_links":{"self":[{"href":"https:\/\/wncri.org\/fr\/wp-json\/wp\/v2\/posts\/18987","targetHints":{"allow":["GET"]}}],"collection":[{"href":"https:\/\/wncri.org\/fr\/wp-json\/wp\/v2\/posts"}],"about":[{"href":"https:\/\/wncri.org\/fr\/wp-json\/wp\/v2\/types\/post"}],"author":[{"embeddable":true,"href":"https:\/\/wncri.org\/fr\/wp-json\/wp\/v2\/users\/4"}],"replies":[{"embeddable":true,"href":"https:\/\/wncri.org\/fr\/wp-json\/wp\/v2\/comments?post=18987"}],"version-history":[{"count":1,"href":"https:\/\/wncri.org\/fr\/wp-json\/wp\/v2\/posts\/18987\/revisions"}],"predecessor-version":[{"id":18991,"href":"https:\/\/wncri.org\/fr\/wp-json\/wp\/v2\/posts\/18987\/revisions\/18991"}],"wp:featuredmedia":[{"embeddable":true,"href":"https:\/\/wncri.org\/fr\/wp-json\/wp\/v2\/media\/18990"}],"wp:attachment":[{"href":"https:\/\/wncri.org\/fr\/wp-json\/wp\/v2\/media?parent=18987"}],"wp:term":[{"taxonomy":"category","embeddable":true,"href":"https:\/\/wncri.org\/fr\/wp-json\/wp\/v2\/categories?post=18987"},{"taxonomy":"post_tag","embeddable":true,"href":"https:\/\/wncri.org\/fr\/wp-json\/wp\/v2\/tags?post=18987"}],"curies":[{"name":"wp","href":"https:\/\/api.w.org\/{rel}","templated":true}]}}