{"id":18980,"date":"2023-09-15T23:19:00","date_gmt":"2023-09-15T21:19:00","guid":{"rendered":"https:\/\/wncri.org\/fr\/?p=18980"},"modified":"2023-09-19T11:42:54","modified_gmt":"2023-09-19T09:42:54","slug":"les-femmes-iraniennes-2","status":"publish","type":"post","link":"https:\/\/wncri.org\/fr\/2023\/09\/15\/les-femmes-iraniennes-2\/","title":{"rendered":"Les femmes iraniennes lient leurs libert\u00e9s \u00e0 la lutte nationale pour le renversement du r\u00e9gime"},"content":{"rendered":"\n<h2 class=\"wp-block-heading\">Fortes de 44 ans de r\u00e9sistance, les femmes iraniennes sont pr\u00eates \u00e0 mener \u00e0 bien leur mission inachev\u00e9e<\/h2>\n\n\n\n<p>Il y a un an, la <a href=\"https:\/\/wncri.org\/fr\/2022\/09\/16\/mahsa-zhina-amini\/\" target=\"_blank\" rel=\"noreferrer noopener\">mort d&#8217;une jeune femme<\/a> d\u00e9tenue par les patrouilles du r\u00e9gime iranien a enflamm\u00e9 la col\u00e8re longtemps refoul\u00e9e de la population iranienne, en particulier des jeunes g\u00e9n\u00e9rations.<\/p>\n\n\n\n<p>Le remarquable soul\u00e8vement men\u00e9 par les femmes qui a suivi a atteint son apog\u00e9e et s&#8217;est maintenu pendant une p\u00e9riode impressionnante de 6 mois. Il a symbolis\u00e9 l&#8217;\u00e9volution du pr\u00e9c\u00e9dent soul\u00e8vement national de novembre 2019 et a repr\u00e9sent\u00e9 l&#8217;aboutissement de la <a href=\"https:\/\/wncri.org\/fr\/2023\/06\/19\/resistance-pour-la-liberte\/\" target=\"_blank\" rel=\"noreferrer noopener\">r\u00e9sistance de la nation<\/a> pendant <a href=\"https:\/\/wncri.org\/fr\/2023\/07\/02\/femmes-de-la-resistance-iranienne\/\" target=\"_blank\" rel=\"noreferrer noopener\">44 ans<\/a>.<\/p>\n\n\n\n<p>Depuis mars, ces protestations ont pris diverses formes, notamment des manifestations organis\u00e9es \u00e0 l&#8217;occasion de l&#8217;anniversaire des victimes, des condamnations vocales de l&#8217;ex\u00e9cution des manifestants, des protestations quotidiennes orchestr\u00e9es par divers groupes sociaux, des actes d&#8217;agression contre les forces du CGRI et des tentatives d\u00e9lib\u00e9r\u00e9es de mettre le feu aux \u00e9tablissements oppressifs du r\u00e9gime.<\/p>\n\n\n\n<p>Il est \u00e9vident que les femmes et les jeunes iraniennes sont aujourd&#8217;hui plus passionn\u00e9es que jamais, attendant avec impatience une nouvelle occasion d&#8217;entrer en \u00e9ruption comme un volcan et de mettre un terme \u00e0 leur mission inachev\u00e9e.<\/p>\n\n\n\n<h3 class=\"wp-block-heading\"><strong>Les femmes iraniennes m\u00e8nent la charge pour le changement<\/strong><\/h3>\n\n\n\n<p>L&#8217;annonce de la <a href=\"https:\/\/wncri.org\/fr\/2023\/03\/07\/recapitulation-de-la-mort-de-mahsa\/\" target=\"_blank\" rel=\"noreferrer noopener\">mort de Zhina Amini<\/a>, d\u00e9tenue par la soi-disant police des m\u0153urs, a provoqu\u00e9 une onde de choc dans la soci\u00e9t\u00e9 iranienne. La pr\u00e9sidente \u00e9lue du CNRI, Maryam Radjavi, a imm\u00e9diatement d\u00e9cr\u00e9t\u00e9 <a href=\"https:\/\/www.maryam-rajavi.com\/en\/young-kurdish-girl-mahsa-amini-regime-iran\/\" target=\"_blank\" rel=\"noreferrer noopener\">3 jours de deuil<\/a> en l&#8217;honneur de Zhina Amini (Mahsa). Elle a <a href=\"https:\/\/www.maryam-rajavi.com\/en\/young-kurdish-girl-mahsa-amini-regime-iran\/\" target=\"_blank\" rel=\"noreferrer noopener\">\u00e9galement appel\u00e9 les femmes iraniennes<\/a> \u00e0 <a href=\"https:\/\/wncri.org\/fr\/2023\/03\/13\/lutte-pour-la-liberte\/\" target=\"_blank\" rel=\"noreferrer noopener\">mener des manifestations nationales<\/a> et \u00e0 r\u00e9sister, affirmant fermement que les patrouilles d&#8217;orientation des mollahs devaient \u00eatre d\u00e9mantel\u00e9es.<\/p>\n\n\n\n<p>Cette nuit-l\u00e0, des <a href=\"https:\/\/wncri.org\/fr\/2022\/09\/16\/mahsa-zhina-amini\/\" target=\"_blank\" rel=\"noreferrer noopener\">femmes iraniennes courageuses ont organis\u00e9 des manifestations<\/a> devant l&#8217;h\u00f4pital de Kasra, o\u00f9 Zhina \u00e9tait tragiquement d\u00e9c\u00e9d\u00e9e. Lors de son <a href=\"https:\/\/wncri.org\/fr\/2022\/09\/17\/mahsa\/\" target=\"_blank\" rel=\"noreferrer noopener\">enterrement \u00e0 Saqqez<\/a>, de nombreuses femmes ont \u00f4t\u00e9 leur voile en signe de protestation contre le meurtre de Zhina, li\u00e9 \u00e0 ce que l&#8217;on appelle le port incorrect du voile. Cet acte a envoy\u00e9 un message retentissant au r\u00e9gime : &#8220;Trop c&#8217;est trop ! Nous ne tol\u00e9rerons plus une telle brutalit\u00e9. Khamenei doit d\u00e9missionner !&#8221;<\/p>\n\n\n\n<p>Ces manifestations se sont poursuivies avec un <a href=\"https:\/\/wncri.org\/fr\/2022\/09\/18\/meurtre-de-mahsa-amini\/\" target=\"_blank\" rel=\"noreferrer noopener\">courage et une intensit\u00e9 in\u00e9branlables<\/a> pendant six mois dans tout le pays, malgr\u00e9 la r\u00e9pression brutale des forces de s\u00e9curit\u00e9 et des services des renseignements du r\u00e9gime. Les manifestants ne demandaient rien de moins que le renversement complet du r\u00e9gime.<\/p>\n\n\n\n<h3 class=\"wp-block-heading\"><strong>Une r\u00e9pression impitoyable qui n&#8217;\u00e9pargne pas les femmes et les enfants<\/strong><\/h3>\n\n\n\n<p>Dans sa tentative impitoyable de r\u00e9primer les manifestations, le r\u00e9gime cl\u00e9rical n&#8217;a pas m\u00e9nag\u00e9 ses efforts. Il est choquant de constater qu&#8217;environ 750 personnes courageuses, hommes et femmes, ont pay\u00e9 le prix ultime en perdant la vie au cours des manifestations aux mains des forces de s\u00e9curit\u00e9. Ce bilan d\u00e9chirant comprend au moins 70 enfants et <a href=\"https:\/\/wncri.org\/fr\/2022\/11\/25\/femmes-et-jeunes-filles-tuees\/\" target=\"_blank\" rel=\"noreferrer noopener\">pr\u00e8s de 100 femmes<\/a>. En outre, des centaines de personnes ont \u00e9t\u00e9 gravement bless\u00e9es, beaucoup d&#8217;entre elles ayant tragiquement <a href=\"https:\/\/wncri.org\/fr\/2023\/01\/17\/femmes-iraniennes-courageuses\/\" target=\"_blank\" rel=\"noreferrer noopener\">perdu leurs yeux<\/a> \u00e0 la suite de tirs de balles au visage.<\/p>\n\n\n\n<p>M\u00eame ceux qui ont courageusement rapport\u00e9 la mort et l&#8217;enterrement de Zhina n&#8217;ont pas \u00e9t\u00e9 \u00e9pargn\u00e9s par la r\u00e9pression du r\u00e9gime<a href=\"https:\/\/wncri.org\/fr\/2023\/08\/01\/niloufar-hamedi-et-elaheh-mohammadi\/\" target=\"_blank\" rel=\"noreferrer noopener\">. Niloufar Hamedi et Elaheh Mohammadi,<\/a> <a href=\"https:\/\/wncri.org\/fr\/2023\/02\/02\/femmes-journalistes\/\" target=\"_blank\" rel=\"noreferrer noopener\">2 journalistes d\u00e9vou\u00e9es<\/a>, continuent de croupir dans la prison d&#8217;Evin.<\/p>\n\n\n\n<p>La r\u00e9pression implacable du r\u00e9gime s&#8217;est \u00e9tendue \u00e0 l&#8217;arrestation et \u00e0 la d\u00e9tention g\u00e9n\u00e9ralis\u00e9es de pas moins de 30 000 manifestants. Ces personnes ont \u00e9t\u00e9 soumises \u00e0 d&#8217;horribles tortures et <a href=\"https:\/\/wncri.org\/fr\/2022\/12\/11\/elaheh-jabbari\/\" target=\"_blank\" rel=\"noreferrer noopener\">agressions sexuelles<\/a> dans une tentative cruelle de briser leur d\u00e9termination et de leur arracher de faux aveux.<\/p>\n\n\n\n<p>La brutalit\u00e9 de la r\u00e9ponse du r\u00e9gime aux manifestations n&#8217;a connu aucune limite. Certains manifestants sont <a href=\"https:\/\/wncri.org\/2023\/01\/02\/sepideh-ghalandari\/\">morts pr\u00e9matur\u00e9ment sous la torture<\/a>, tandis que d&#8217;autres sont <a href=\"https:\/\/wncri.org\/fr\/2022\/11\/14\/60eme-jour-du-soulevement-en-iran\/\">d\u00e9c\u00e9d\u00e9s tragiquement peu apr\u00e8s leur lib\u00e9ration<\/a>, apparemment \u00e0 la suite d&#8217;injections l\u00e9tales administr\u00e9es \u00e0 l&#8217;int\u00e9rieur des murs de la prison.<\/p>\n\n\n\n<p>Les forces de s\u00e9curit\u00e9 ont lanc\u00e9 une attaque choquante contre la prestigieuse institution du pays, l&#8217;universit\u00e9 de technologie Charif, o\u00f9 elles ont appr\u00e9hend\u00e9 60 \u00e9tudiants.<\/p>\n\n\n\n<p>Pour r\u00e9primer les protestations des d\u00e9tenus, elles ont mis le feu \u00e0 la prison d&#8217;Evin, ce qui a entra\u00een\u00e9 le d\u00e9placement des prisonniers.<\/p>\n\n\n\n<p>En outre, les autorit\u00e9s ont proc\u00e9d\u00e9 \u00e0 de <a href=\"https:\/\/wncri.org\/fr\/2022\/12\/05\/violence\/\" target=\"_blank\" rel=\"noreferrer noopener\">nombreuses attaques poignantes<\/a>, impliquant m\u00eame des v\u00e9hicules blind\u00e9s, contre des lyc\u00e9es dans le but d&#8217;arr\u00eater des \u00e9tudiantes activistes. <a href=\"https:\/\/wncri.org\/fr\/2022\/10\/18\/asra-panahi-15-ans\/\">Plusieurs \u00e9t<\/a><a href=\"https:\/\/wncri.org\/fr\/2022\/10\/18\/asra-panahi-15-ans\/\" target=\"_blank\" rel=\"noreferrer noopener\">u<\/a><a href=\"https:\/\/wncri.org\/fr\/2022\/10\/18\/asra-panahi-15-ans\/\">diantes ont perdu la vie<\/a> au cours de ces raids violents.<\/p>\n\n\n\n<p>Pour tenter de d\u00e9tourner l&#8217;attention des manifestations, le r\u00e9gime a orchestr\u00e9 des <a href=\"https:\/\/wncri.org\/2023\/05\/05\/chemical-attacks-on-iranian-schoolgirls-2\/\" target=\"_blank\" rel=\"noreferrer noopener\">attaques chimiques coordonn\u00e9es<\/a>, visant principalement des lyc\u00e9es de jeunes filles, en guise de vengeance contre les jeunes femmes qui avaient os\u00e9 exprimer leur opposition au r\u00e9gime et participer aux manifestations. Il est choquant de constater que l&#8217;empoisonnement des \u00e9coli\u00e8res s&#8217;est poursuivi pendant 5 mois, sans que les autorit\u00e9s ne prennent de mesures efficaces pour mettre fin aux attaques ou pour fournir des explications aux familles touch\u00e9es.<\/p>\n\n\n\n<p>Les actions oppressives du r\u00e9gime se sont poursuivies avec le r\u00e9tablissement des <a href=\"https:\/\/wncri.org\/fr\/2023\/04\/14\/loi-sur-le-hijab\/\" target=\"_blank\" rel=\"noreferrer noopener\">restrictions impos\u00e9es aux femmes<\/a>, officiellement le 15 avril 2023, en d\u00e9ployant une technologie de reconnaissance faciale et en imposant de lourdes amendes aux femmes qui retirent leur voile. Ils ont \u00e9galement tent\u00e9 de r\u00e9introduire <a href=\"https:\/\/wncri.org\/fr\/2023\/04\/05\/repression-opposants-au-hijab\/\" target=\"_blank\" rel=\"noreferrer noopener\">les patrouilles des moeurs<\/a> dans les rues, ce qui a suscit\u00e9 des protestations imm\u00e9diates et g\u00e9n\u00e9ralis\u00e9es.<\/p>\n\n\n\n<p>En outre, les 3 branches du gouvernement ont pr\u00e9sent\u00e9 un autre <a href=\"https:\/\/wncri.org\/2023\/07\/21\/morality-police\/\" target=\"_blank\" rel=\"noreferrer noopener\">projet de loi sur le hijab<\/a> et la chastet\u00e9 qui, s&#8217;il est approuv\u00e9, aura un impact consid\u00e9rable sur tous les aspects de la vie sociale, limitant encore davantage les droits d\u00e9j\u00e0 restreints de la population.<\/p>\n\n\n\n<h3 class=\"wp-block-heading\"><strong>La crainte profonde du r\u00e9gime d&#8217;une nouvelle r\u00e9volte<\/strong><\/h3>\n\n\n\n<p>Contrairement aux affirmations du r\u00e9gime cl\u00e9rical, les manifestations ne se sont pas calm\u00e9es ; au contraire, elles ont pris diff\u00e9rentes formes depuis le mois de mars. Les manifestations en cours comprennent la comm\u00e9moration des martyrs \u00e0 l&#8217;occasion de leur anniversaire et <a href=\"https:\/\/wncri.org\/fr\/2023\/05\/29\/3-prisonniers-politiques\/\" target=\"_blank\" rel=\"noreferrer noopener\">la protestation contre l&#8217;ex\u00e9cution d&#8217;autres manifestants<\/a>.<\/p>\n\n\n\n<p>Des manifestations et des <a href=\"https:\/\/wncri.org\/fr\/2023\/05\/22\/femmes-eprises-de-liberte\/\" target=\"_blank\" rel=\"noreferrer noopener\">gr\u00e8ves quotidiennes<\/a> sont organis\u00e9es par <a href=\"https:\/\/wncri.org\/2023\/05\/21\/activists\/\" target=\"_blank\" rel=\"noreferrer noopener\">divers secteurs sociaux<\/a>, notamment les <a href=\"https:\/\/wncri.org\/fr\/2023\/05\/21\/retraites-organisent\/\" target=\"_blank\" rel=\"noreferrer noopener\">enseignants<\/a>, les <a href=\"https:\/\/wncri.org\/fr\/2023\/08\/26\/les-avocats-iraniens-se-rassemblent\/\" target=\"_blank\" rel=\"noreferrer noopener\">avocats<\/a>, les <a href=\"https:\/\/wncri.org\/fr\/2023\/07\/12\/des-retraites-se-rassemblent\/\" target=\"_blank\" rel=\"noreferrer noopener\">retrait\u00e9s<\/a>, les travailleurs, les infirmi\u00e8res, les <a href=\"https:\/\/wncri.org\/fr\/2019\/05\/20\/les-manifestations-etudiantes-continuent-dans-les-universites-de-teheran-et-de-guilan\/\" target=\"_blank\" rel=\"noreferrer noopener\">\u00e9tudiants<\/a> et les investisseurs victimes d&#8217;escroquerie. En particulier, <a href=\"https:\/\/wncri.org\/fr\/2023\/02\/18\/mort-a-loppresseur\/\" target=\"_blank\" rel=\"noreferrer noopener\">les habitants de Zahedan et du Baloutchistan<\/a> ont organis\u00e9 des marches de protestation pratiquement tous les vendredis.<\/p>\n\n\n\n<p>Les mesures pr\u00e9ventives prises par le r\u00e9gime r\u00e9v\u00e8lent sa profonde crainte d&#8217;un nouveau soul\u00e8vement. Pour tenter d&#8217;emp\u00eacher la reprise des manifestations, les services des renseignements du r\u00e9gime ont proc\u00e9d\u00e9 \u00e0 une vague d&#8217;arrestations dans tout le pays, et ont m\u00eame r\u00e9arr\u00eat\u00e9 un grand nombre des prisonniers qu&#8217;ils avaient lib\u00e9r\u00e9s en f\u00e9vrier sous le couvert d&#8217;une &#8220;gr\u00e2ce g\u00e9n\u00e9rale&#8221; destin\u00e9e \u00e0 apaiser la col\u00e8re de la population.<\/p>\n\n\n\n<p>Les autorit\u00e9s ont \u00e9galement intensifi\u00e9 leur r\u00e9pression dans les universit\u00e9s, dans le but d&#8217;\u00e9touffer ces foyers de protestation. Des comit\u00e9s disciplinaires ont convoqu\u00e9 des <a href=\"https:\/\/wncri.org\/fr\/2023\/04\/18\/etudiantes-iraniennes-privees\/\">milliers d&#8217;\u00e9tudiants<\/a>, suspendant leurs \u00e9tudes et leur refusant l&#8217;acc\u00e8s \u00e0 leurs dortoirs. De nombreux \u00e9tudiants ont \u00e9t\u00e9 injustement arr\u00eat\u00e9s et emprisonn\u00e9s. En outre, le r\u00e9gime a <a href=\"https:\/\/wncri.org\/fr\/2023\/09\/06\/licenciement-des-professeurs\/\" target=\"_blank\" rel=\"noreferrer noopener\">purg\u00e9 les professeurs d&#8217;universit\u00e9<\/a> qui soutenaient les \u00e9tudiants et leurs manifestations, et il a <a href=\"https:\/\/wncri.org\/2023\/05\/19\/human-rights-lawyers-iran\/\" target=\"_blank\" rel=\"noreferrer noopener\">arr\u00eat\u00e9 et emprisonn\u00e9 les avocats<\/a> qui <a href=\"https:\/\/wncri.org\/fr\/2023\/05\/12\/la-cour-convoque-des-avocats\/\" target=\"_blank\" rel=\"noreferrer noopener\">d\u00e9fendaient les manifestants<\/a>.<\/p>\n\n\n\n<p>En outre, des <a href=\"https:\/\/wncri.org\/fr\/2023\/05\/10\/fatemeh-tadrisi\/\">enseignants militants<\/a> qui ont refus\u00e9 de faire des rapports sur leurs \u00e9tudiants ou qui ont particip\u00e9 aux manifestations ont \u00e9t\u00e9 <a href=\"https:\/\/wncri.org\/fr\/2023\/06\/19\/enseignants-de-chiraz\/\">arr\u00eat\u00e9s et emprisonn\u00e9s<\/a>. Ces derni\u00e8res semaines, les services des renseignements sont all\u00e9s jusqu&#8217;\u00e0 <a href=\"https:\/\/wncri.org\/fr\/2023\/07\/23\/mahsa-mogouii\/\">d\u00e9tenir les parents des victimes<\/a> tu\u00e9es lors du soul\u00e8vement iranien pour les <a href=\"https:\/\/wncri.org\/fr\/2023\/06\/17\/dabolfazl-adinehzadeh\/\">emp\u00eacher de comm\u00e9morer leurs enfants<\/a> \u00e0 la date anniversaire de leur mort. Ils ont \u00e9galement <a href=\"https:\/\/wncri.org\/fr\/2023\/09\/14\/zahra-safaei-et-sa-fille\/\">arr\u00eat\u00e9 \u00e0 nouveau<\/a> d&#8217;anciens prisonniers politiques qui <a href=\"https:\/\/wncri.org\/fr\/2023\/09\/10\/marzieh-farsi\/https:\/women.ncr-iran.org\/fr\/2023\/09\/10\/marzieh-farsi\/\">soutiennent l&#8217;Organisation<\/a> des moudjahidines du peuple iranien (OMPI).<\/p>\n\n\n\n<p>Il est choquant de constater que le r\u00e9gime cl\u00e9rical a <a href=\"https:\/\/wncri.org\/fr\/2023\/09\/07\/executions-de-femmes\/\">ex\u00e9cut\u00e9 plus de 500 personnes<\/a> depuis janvier, d\u00e9passant ainsi son propre record en tant que premier ex\u00e9cuteur mondial par habitant.<\/p>\n\n\n\n<h3 class=\"wp-block-heading\"><strong>La d\u00e9termination in\u00e9branlable du peuple iranien<\/strong><\/h3>\n\n\n\n<p>Le r\u00e9gime cl\u00e9rical est saisi par le spectre d&#8217;un nouveau soul\u00e8vement, sachant que lorsqu&#8217;il \u00e9clatera, il sera impuissant \u00e0 l&#8217;arr\u00eater. Il est submerg\u00e9 par la peur, alors que le peuple iranien, qui n&#8217;a plus peur, n&#8217;a plus rien \u00e0 perdre. La peur a chang\u00e9 d&#8217;objectif.<\/p>\n\n\n\n<p>Plus de 44 ans de pressions, de restrictions, de discrimination, d&#8217;exploitation, de privations, de r\u00e9pression, d&#8217;injustice et de pauvret\u00e9 ont transform\u00e9 la soci\u00e9t\u00e9 iranienne en une poudri\u00e8re pr\u00eate \u00e0 exploser \u00e0 tout moment. Non seulement la volont\u00e9 de renverser le r\u00e9gime s&#8217;est accrue, mais la position de confrontation de la jeune g\u00e9n\u00e9ration \u00e0 l&#8217;\u00e9gard des gardiens de la r\u00e9volution s&#8217;est \u00e9galement renforc\u00e9e.<\/p>\n\n\n\n<p>Le soul\u00e8vement de 2022-2023 a \u00e9t\u00e9 le troisi\u00e8me soul\u00e8vement majeur en cinq ans. \u00c0 chaque fois, le peuple tire de nouvelles le\u00e7ons et en ressort plus fort et plus r\u00e9sistant.<\/p>\n\n\n\n<p>Les jeunes rejoignent de plus en plus les <a href=\"https:\/\/wncri.org\/fr\/2023\/03\/13\/lutte-pour-la-liberte\/\" target=\"_blank\" rel=\"noreferrer noopener\">unit\u00e9s de r\u00e9sistance de l&#8217;OMPI<\/a>, \u00e9largissant ainsi le r\u00e9seau organis\u00e9 de la R\u00e9sistance iranienne en Iran. Le temps joue contre les mollahs et en faveur du peuple iranien.<\/p>\n\n\n\n<p>Les gouvernements du monde entier doivent reconna\u00eetre le droit du peuple iranien \u00e0 r\u00e9sister et \u00e0 renverser la dictature au pouvoir en Iran. Il a \u00e9galement le droit de se d\u00e9fendre contre le CGRI et les forces mercenaires. Il est imp\u00e9ratif que ces gouvernements condamnent avec v\u00e9h\u00e9mence les violations flagrantes des droits de l&#8217;Homme commises par les mollahs en Iran et qu&#8217;ils poursuivent les dirigeants du r\u00e9gime pour g\u00e9nocide et crimes contre l&#8217;humanit\u00e9.<\/p>\n\n\n\n<p>En outre, ils devraient rejoindre les rangs des <a href=\"https:\/\/wncri.org\/fr\/2023\/09\/13\/1-000-femmes-dignitaires\/\" target=\"_blank\" rel=\"noreferrer noopener\">1 000 femmes \u00e9minentes<\/a>, des 3 600 parlementaires du monde entier, des <a href=\"https:\/\/wncri.org\/fr\/2023\/05\/27\/100-anciens-dirigeants-mondiaux\/\" target=\"_blank\" rel=\"noreferrer noopener\">124 anciens pr\u00e9sidents et premiers ministres<\/a> et des 75 laur\u00e9ats du prix Nobel qui soutiennent le peuple iranien, en particulier les <a href=\"https:\/\/wncri.org\/fr\/2023\/03\/13\/lutte-pour-la-liberte\/\" target=\"_blank\" rel=\"noreferrer noopener\">femmes courageuses d&#8217;Iran<\/a>, dans leur qu\u00eate de libert\u00e9 et de d\u00e9mocratie.<\/p>\n\n\n\n<p><br><br><br><br><\/p>\n","protected":false},"excerpt":{"rendered":"<p>Fortes de 44 ans de r\u00e9sistance, les femmes iraniennes sont pr\u00eates \u00e0 mener \u00e0 bien leur mission inachev\u00e9e Il y a un an, la mort d&#8217;une jeune femme d\u00e9tenue par les patrouilles du r\u00e9gime iranien a enflamm\u00e9 la col\u00e8re longtemps refoul\u00e9e de la population iranienne, en particulier des jeunes g\u00e9n\u00e9rations. Le remarquable soul\u00e8vement men\u00e9 par [&hellip;]<\/p>\n","protected":false},"author":4,"featured_media":18981,"comment_status":"closed","ping_status":"closed","sticky":false,"template":"","format":"standard","meta":{"jnews-multi-image_gallery":[],"jnews_single_post":{"subtitle":"","format":"standard","video":"","gallery":"","source_name":"","source_url":"","via_name":"","via_url":"","override_template":"0","override":[{"template":"7","single_blog_custom":"","parallax":"1","fullscreen":"1","layout":"right-sidebar","sidebar":"default-sidebar","second_sidebar":"default-sidebar","sticky_sidebar":"1","share_position":"floatbottom","share_float_style":"share-normal","show_share_counter":"1","show_view_counter":"1","show_featured":"1","show_post_meta":"1","show_post_author":"0","show_post_author_image":"1","show_post_date":"1","post_date_format":"default","post_date_format_custom":"Y\/m\/d","show_post_category":"1","show_post_reading_time":"0","post_reading_time_wpm":"300","show_zoom_button":"0","zoom_button_out_step":"2","zoom_button_in_step":"3","show_post_tag":"1","show_prev_next_post":"0","show_popup_post":"1","number_popup_post":"1","show_author_box":"0","show_post_related":"1","show_inline_post_related":"0"}],"override_image_size":"0","image_override":[{"single_post_thumbnail_size":"crop-500","single_post_gallery_size":"crop-500"}],"trending_post":"0","trending_post_position":"meta","trending_post_label":"Trending","sponsored_post":"0","sponsored_post_label":"Sponsored by","sponsored_post_name":"","sponsored_post_url":"","sponsored_post_logo_enable":"0","sponsored_post_logo":"","sponsored_post_desc":"","disable_ad":"0"},"jnews_primary_category":{"id":"","hide":""},"jnews_social_meta":{"fb_title":"","fb_description":"","fb_image":"","twitter_title":"","twitter_description":"","twitter_image":""},"jnews_override_counter":{"override_view_counter":"0","view_counter_number":"0","override_share_counter":"0","share_counter_number":"0","override_like_counter":"0","like_counter_number":"0","override_dislike_counter":"0","dislike_counter_number":"0"},"footnotes":""},"categories":[8],"tags":[382,373],"class_list":["post-18980","post","type-post","status-publish","format-standard","has-post-thumbnail","hentry","category-articles","tag-generation-egalite","tag-le-leadership-des-femmes"],"_links":{"self":[{"href":"https:\/\/wncri.org\/fr\/wp-json\/wp\/v2\/posts\/18980","targetHints":{"allow":["GET"]}}],"collection":[{"href":"https:\/\/wncri.org\/fr\/wp-json\/wp\/v2\/posts"}],"about":[{"href":"https:\/\/wncri.org\/fr\/wp-json\/wp\/v2\/types\/post"}],"author":[{"embeddable":true,"href":"https:\/\/wncri.org\/fr\/wp-json\/wp\/v2\/users\/4"}],"replies":[{"embeddable":true,"href":"https:\/\/wncri.org\/fr\/wp-json\/wp\/v2\/comments?post=18980"}],"version-history":[{"count":1,"href":"https:\/\/wncri.org\/fr\/wp-json\/wp\/v2\/posts\/18980\/revisions"}],"predecessor-version":[{"id":18982,"href":"https:\/\/wncri.org\/fr\/wp-json\/wp\/v2\/posts\/18980\/revisions\/18982"}],"wp:featuredmedia":[{"embeddable":true,"href":"https:\/\/wncri.org\/fr\/wp-json\/wp\/v2\/media\/18981"}],"wp:attachment":[{"href":"https:\/\/wncri.org\/fr\/wp-json\/wp\/v2\/media?parent=18980"}],"wp:term":[{"taxonomy":"category","embeddable":true,"href":"https:\/\/wncri.org\/fr\/wp-json\/wp\/v2\/categories?post=18980"},{"taxonomy":"post_tag","embeddable":true,"href":"https:\/\/wncri.org\/fr\/wp-json\/wp\/v2\/tags?post=18980"}],"curies":[{"name":"wp","href":"https:\/\/api.w.org\/{rel}","templated":true}]}}