{"id":18956,"date":"2023-09-14T23:42:01","date_gmt":"2023-09-14T21:42:01","guid":{"rendered":"https:\/\/wncri.org\/fr\/?p=18956"},"modified":"2023-09-14T23:43:31","modified_gmt":"2023-09-14T21:43:31","slug":"zahra-safaei-et-sa-fille","status":"publish","type":"post","link":"https:\/\/wncri.org\/fr\/2023\/09\/14\/zahra-safaei-et-sa-fille\/","title":{"rendered":"Zahra Safaei et sa fille, Parastoo Moini, \u00e0 nouveau arr\u00eat\u00e9es"},"content":{"rendered":"\n<h2 class=\"wp-block-heading\">Les arrestations font partie de la r\u00e9pression du r\u00e9gime contre les opposants \u00e0 l&#8217;occasion de l&#8217;anniversaire des manifestations de 2022 en Iran<\/h2>\n\n\n\n<p>Les anciennes prisonni\u00e8res politiques Zahra Safaei et sa fille, <a href=\"https:\/\/wncri.org\/fr\/2020\/05\/06\/la-resistance-iranienne-publie-les-noms-de-20-personnes-dont-six-femmes-sous-la-torture\/\" target=\"_blank\" rel=\"noreferrer noopener\">Parastoo Moini<\/a>, ont \u00e9t\u00e9 de nouveau arr\u00eat\u00e9es aujourd&#8217;hui, mercredi 13 septembre 2023, par des agents du minist\u00e8re des renseignements \u00e0 T\u00e9h\u00e9ran. Le fils de Mme Safaei, Mohammad Massoud Moini, a \u00e9galement \u00e9t\u00e9 arr\u00eat\u00e9 avec eux.<\/p>\n\n\n\n<p>Elles ont \u00e9t\u00e9 transf\u00e9r\u00e9es au quartier 209 de la prison d&#8217;Evin. Aucune information n&#8217;est disponible sur la raison de l&#8217;arrestation des anciennes prisonni\u00e8res politiques soutenant l&#8217;Organisation des Moudjahidines du Peuple d&#8217;Iran.<\/p>\n\n\n\n<p>Le r\u00e9gime cl\u00e9rical s&#8217;est lanc\u00e9 dans une vague d&#8217;arrestations et de r\u00e9pression \u00e0 l&#8217;encontre des prisonniers politiques et des militants \u00e0 l&#8217;approche de l&#8217;anniversaire du soul\u00e8vement de l&#8217;ann\u00e9e derni\u00e8re.<\/p>\n\n\n<div class=\"wp-block-image\">\n<figure class=\"aligncenter size-full\"><img decoding=\"async\" src=\"data:image\/gif;base64,R0lGODlhAQABAIAAAAAAAP\/\/\/yH5BAEAAAAALAAAAAABAAEAAAIBRAA7\" data-src=\"https:\/\/wncri.org\/fr\/wp-content\/uploads\/2021\/09\/Zahra-Safaei-et-Parastou-Moini-a-la-prison-de-Qarchak-min.jpg\" alt=\"Zahra Safaei et sa fille\" class=\"wp-image-14016 lazyload\"\/><noscript><img decoding=\"async\" width=\"750\" height=\"375\" src=\"https:\/\/wncri.org\/fr\/wp-content\/uploads\/2021\/09\/Zahra-Safaei-et-Parastou-Moini-a-la-prison-de-Qarchak-min.jpg\" alt=\"Zahra Safaei et sa fille\" class=\"wp-image-14016 lazyload\" srcset=\"https:\/\/wncri.org\/fr\/wp-content\/uploads\/2021\/09\/Zahra-Safaei-et-Parastou-Moini-a-la-prison-de-Qarchak-min.jpg 750w, https:\/\/wncri.org\/fr\/wp-content\/uploads\/2021\/09\/Zahra-Safaei-et-Parastou-Moini-a-la-prison-de-Qarchak-min-300x150.jpg 300w, https:\/\/wncri.org\/fr\/wp-content\/uploads\/2021\/09\/Zahra-Safaei-et-Parastou-Moini-a-la-prison-de-Qarchak-min-360x180.jpg 360w\" sizes=\"(max-width: 750px) 100vw, 750px\" \/><\/noscript><figcaption class=\"wp-element-caption\">La prison de Qarchak, en m\u00e9daillon, Parastou Mo&#8217;ini (\u00e0 gauche) et sa m\u00e8re, Zahra Safa\u2019i.<\/figcaption><\/figure>\n<\/div>\n\n\n<h3 class=\"wp-block-heading\"><strong>Qui est Zahra Safaei ?<\/strong><\/h3>\n\n\n\n<p>Les forces de s\u00e9curit\u00e9 ont arr\u00eat\u00e9 Zahra Safaei et sa fille, Parastoo Moini, \u00e0 T\u00e9h\u00e9ran le 24 f\u00e9vrier 2020. Elles ont ensuite \u00e9t\u00e9 transf\u00e9r\u00e9es au centre de d\u00e9tention du minist\u00e8re des renseignements (quartier 209 de la prison d&#8217;Evin). Zahra Safaei et Parastoo Mo&#8217;ini ont \u00e9t\u00e9 transf\u00e9r\u00e9es \u00e0 la <a href=\"https:\/\/iran-hrm.com\/2019\/06\/08\/qarchak-prison-irans-worst-for-women\/\" target=\"_blank\" rel=\"noopener\">prison de Qarchak<\/a> au d\u00e9but du mois de mars 2020.<\/p>\n\n\n\n<p>Le 28 juin 2020, Mme Safaei a \u00e9t\u00e9 temporairement lib\u00e9r\u00e9e de la <a href=\"https:\/\/wncri.org\/fr\/2021\/12\/10\/les-conditions-des-femmes-prisons\/\">prison de Qarchak<\/a>, jusqu&#8217;\u00e0 la fin de son proc\u00e8s, moyennant une caution de 300 millions de tomans. Mais elle a \u00e9t\u00e9 de nouveau arr\u00eat\u00e9e le 26 juillet 2020, lorsqu&#8217;elle s&#8217;est rendue au bureau du procureur de la prison d&#8217;Evin pour r\u00e9examiner son cas et celui de sa fille. Le 27 juillet 2020, elle a \u00e9t\u00e9 transf\u00e9r\u00e9e \u00e0 <a href=\"https:\/\/wncri.org\/fr\/2020\/04\/23\/des-detenues-politiques-envoyees-a-la-prison-de-qarchak-en-pleine-crise-de-coronavirus\/\">la prison de Qarchak<\/a>.<\/p>\n\n\n\n<p>La prisonni\u00e8re politique Zahra Safaei, 60 ans, a \u00e9t\u00e9 victime d&#8217;une attaque cardiaque le 27 octobre 2020, apr\u00e8s avoir \u00e9t\u00e9 harcel\u00e9e et malmen\u00e9e par les autorit\u00e9s p\u00e9nitentiaires.<\/p>\n\n\n\n<p>Zahra Safaei, n\u00e9e en 1962, est la fille de Hassan Ali Safaei, l&#8217;un des marchands les plus connus du bazar de T\u00e9h\u00e9ran. M. Safaei \u00e9tait l&#8217;un des prisonniers politiques de l&#8217;\u00e9poque du chah d\u00e9chu, qui a \u00e9t\u00e9 ex\u00e9cut\u00e9 \u00e0 <a href=\"https:\/\/wncri.org\/fr\/2021\/02\/08\/une-mere-et-ses-enfants\/\">la prison d&#8217;Evin<\/a> par le r\u00e9gime des mollahs en 1981 parce qu&#8217;il soutenait l&#8217;OMPI.<\/p>\n\n\n\n<p>Zahra Safaei a \u00e9t\u00e9 une prisonni\u00e8re politique dans les ann\u00e9es 1960 pendant 8 ans dans les prisons d&#8217;Evin et de Qezel Hesar pour avoir soutenu l&#8217;Organisation des moudjahidines du peuple iranien (OMPI).<\/p>\n\n\n<div class=\"wp-block-image\">\n<figure class=\"aligncenter size-full\"><img decoding=\"async\" src=\"data:image\/gif;base64,R0lGODlhAQABAIAAAAAAAP\/\/\/yH5BAEAAAAALAAAAAABAAEAAAIBRAA7\" data-src=\"https:\/\/wncri.org\/fr\/wp-content\/uploads\/2023\/06\/Parastoo-Moini-and-her-mother-Zahra-Safaei-upon-release-from-Evin-min.jpg\" alt=\"Zahra Safaei et sa fille Parastoo Moini, \u00e9tudiante en g\u00e9nie \u00e9lectrique\" class=\"wp-image-18537 lazyload\"\/><noscript><img decoding=\"async\" width=\"750\" height=\"375\" src=\"https:\/\/wncri.org\/fr\/wp-content\/uploads\/2023\/06\/Parastoo-Moini-and-her-mother-Zahra-Safaei-upon-release-from-Evin-min.jpg\" alt=\"Zahra Safaei et sa fille Parastoo Moini, \u00e9tudiante en g\u00e9nie \u00e9lectrique\" class=\"wp-image-18537 lazyload\" srcset=\"https:\/\/wncri.org\/fr\/wp-content\/uploads\/2023\/06\/Parastoo-Moini-and-her-mother-Zahra-Safaei-upon-release-from-Evin-min.jpg 750w, https:\/\/wncri.org\/fr\/wp-content\/uploads\/2023\/06\/Parastoo-Moini-and-her-mother-Zahra-Safaei-upon-release-from-Evin-min-300x150.jpg 300w, https:\/\/wncri.org\/fr\/wp-content\/uploads\/2023\/06\/Parastoo-Moini-and-her-mother-Zahra-Safaei-upon-release-from-Evin-min-360x180.jpg 360w\" sizes=\"(max-width: 750px) 100vw, 750px\" \/><\/noscript><\/figure>\n<\/div>\n\n\n<h3 class=\"wp-block-heading\"><strong>Qui est Parastoo Moini ?<\/strong><\/h3>\n\n\n\n<p>Parastoo Moini, \u00e9tudiante en g\u00e9nie \u00e9lectrique \u00e0 l&#8217;universit\u00e9 internationale de Qazvin, a \u00e9t\u00e9 arr\u00eat\u00e9e le 24 f\u00e9vrier 2020. Les forces de s\u00e9curit\u00e9 ont fait irruption dans leur maison, les ont brutalis\u00e9es, elle et sa m\u00e8re, Zahra Safaei, et les ont arr\u00eat\u00e9es.<\/p>\n\n\n\n<p>Apr\u00e8s avoir pass\u00e9 1 an en <a href=\"https:\/\/wncri.org\/fr\/2020\/04\/20\/regard-sur-la-situation-tragique-a-la-prison-pour-femmes-de-qarchak-en-iran\/\">d\u00e9tention provisoire<\/a>, elle a \u00e9t\u00e9 condamn\u00e9e \u00e0 <a href=\"https:\/\/wncri.org\/fr\/2020\/12\/19\/plus-de-details-sur-lattaque\/\">5 ans de prison<\/a> pour &#8220;rassemblement et collusion&#8221;.<\/p>\n\n\n\n<p>En mai 2020, Mme Moini, apr\u00e8s avoir \u00e9t\u00e9 lib\u00e9r\u00e9e de l&#8217;isolement cellulaire, a tent\u00e9 de poursuivre ses \u00e9tudes \u00e0 la <a href=\"https:\/\/wncri.org\/fr\/2020\/09\/15\/les-prisonnieres-politiques-de-la-prison-de-qarchak-attaquees-a-leau-bouillante\/\">prison de Qarchak<\/a>. Cependant, les responsables de l&#8217;universit\u00e9 ont d\u00e9clar\u00e9 qu&#8217;elle ne pouvait pas \u00e9tudier en prison. Elle a donc demand\u00e9 \u00e0 \u00eatre retir\u00e9e des examens finaux par l&#8217;interm\u00e9diaire du d\u00e9partement judiciaire de la prison.<\/p>\n\n\n\n<p>Apr\u00e8s 3 ans de d\u00e9tention, de torture et de mauvais traitements dans les prisons de Qarchak et d&#8217;Evin, Parastoo Moini a \u00e9t\u00e9 lib\u00e9r\u00e9e le 9 f\u00e9vrier 2023.<\/p>\n\n\n\n<p>\u00c0 la veille du d\u00e9but du nouveau semestre scolaire, elle a demand\u00e9 \u00e0 reprendre ses \u00e9tudes \u00e0 <a href=\"https:\/\/en.wikipedia.org\/wiki\/Imam_Khomeini_International_University\" target=\"_blank\" rel=\"noopener\">l&#8217;universit\u00e9 internationale de Qazvin<\/a> par l&#8217;interm\u00e9diaire de la commission des affaires sp\u00e9ciales. Au cours de la derni\u00e8re semaine de mai, elle a \u00e9t\u00e9 inform\u00e9e qu&#8217;elle avait \u00e9t\u00e9 expuls\u00e9e et qu&#8217;il lui \u00e9tait interdit d&#8217;entrer dans le dortoir et dans les locaux de l&#8217;universit\u00e9.<\/p>\n","protected":false},"excerpt":{"rendered":"<p>Les arrestations font partie de la r\u00e9pression du r\u00e9gime contre les opposants \u00e0 l&#8217;occasion de l&#8217;anniversaire des manifestations de 2022 en Iran Les anciennes prisonni\u00e8res politiques Zahra Safaei et sa fille, Parastoo Moini, ont \u00e9t\u00e9 de nouveau arr\u00eat\u00e9es aujourd&#8217;hui, mercredi 13 septembre 2023, par des agents du minist\u00e8re des renseignements \u00e0 T\u00e9h\u00e9ran. Le fils de [&hellip;]<\/p>\n","protected":false},"author":4,"featured_media":18957,"comment_status":"closed","ping_status":"closed","sticky":false,"template":"","format":"standard","meta":{"jnews-multi-image_gallery":[],"jnews_single_post":{"subtitle":"","format":"standard","video":"","gallery":"","source_name":"","source_url":"","via_name":"","via_url":"","override_template":"0","override":[{"template":"7","single_blog_custom":"","parallax":"1","fullscreen":"1","layout":"right-sidebar","sidebar":"default-sidebar","second_sidebar":"default-sidebar","sticky_sidebar":"1","share_position":"floatbottom","share_float_style":"share-normal","show_share_counter":"1","show_view_counter":"1","show_featured":"1","show_post_meta":"1","show_post_author":"0","show_post_author_image":"1","show_post_date":"1","post_date_format":"default","post_date_format_custom":"Y\/m\/d","show_post_category":"1","show_post_reading_time":"0","post_reading_time_wpm":"300","show_zoom_button":"0","zoom_button_out_step":"2","zoom_button_in_step":"3","show_post_tag":"1","show_prev_next_post":"0","show_popup_post":"1","number_popup_post":"1","show_author_box":"0","show_post_related":"1","show_inline_post_related":"0"}],"override_image_size":"0","image_override":[{"single_post_thumbnail_size":"crop-500","single_post_gallery_size":"crop-500"}],"trending_post":"0","trending_post_position":"meta","trending_post_label":"Trending","sponsored_post":"0","sponsored_post_label":"Sponsored by","sponsored_post_name":"","sponsored_post_url":"","sponsored_post_logo_enable":"0","sponsored_post_logo":"","sponsored_post_desc":"","disable_ad":"0"},"jnews_primary_category":{"id":"","hide":""},"jnews_social_meta":{"fb_title":"","fb_description":"","fb_image":"","twitter_title":"","twitter_description":"","twitter_image":""},"jnews_override_counter":{"override_view_counter":"0","view_counter_number":"0","override_share_counter":"0","share_counter_number":"0","override_like_counter":"0","like_counter_number":"0","override_dislike_counter":"0","dislike_counter_number":"0"},"footnotes":""},"categories":[3],"tags":[370],"class_list":["post-18956","post","type-post","status-publish","format-standard","has-post-thumbnail","hentry","category-infos-des-femmes","tag-prisonnieres"],"_links":{"self":[{"href":"https:\/\/wncri.org\/fr\/wp-json\/wp\/v2\/posts\/18956","targetHints":{"allow":["GET"]}}],"collection":[{"href":"https:\/\/wncri.org\/fr\/wp-json\/wp\/v2\/posts"}],"about":[{"href":"https:\/\/wncri.org\/fr\/wp-json\/wp\/v2\/types\/post"}],"author":[{"embeddable":true,"href":"https:\/\/wncri.org\/fr\/wp-json\/wp\/v2\/users\/4"}],"replies":[{"embeddable":true,"href":"https:\/\/wncri.org\/fr\/wp-json\/wp\/v2\/comments?post=18956"}],"version-history":[{"count":2,"href":"https:\/\/wncri.org\/fr\/wp-json\/wp\/v2\/posts\/18956\/revisions"}],"predecessor-version":[{"id":18960,"href":"https:\/\/wncri.org\/fr\/wp-json\/wp\/v2\/posts\/18956\/revisions\/18960"}],"wp:featuredmedia":[{"embeddable":true,"href":"https:\/\/wncri.org\/fr\/wp-json\/wp\/v2\/media\/18957"}],"wp:attachment":[{"href":"https:\/\/wncri.org\/fr\/wp-json\/wp\/v2\/media?parent=18956"}],"wp:term":[{"taxonomy":"category","embeddable":true,"href":"https:\/\/wncri.org\/fr\/wp-json\/wp\/v2\/categories?post=18956"},{"taxonomy":"post_tag","embeddable":true,"href":"https:\/\/wncri.org\/fr\/wp-json\/wp\/v2\/tags?post=18956"}],"curies":[{"name":"wp","href":"https:\/\/api.w.org\/{rel}","templated":true}]}}