{"id":18941,"date":"2023-09-10T23:55:00","date_gmt":"2023-09-10T21:55:00","guid":{"rendered":"https:\/\/wncri.org\/fr\/?p=18941"},"modified":"2023-09-11T17:47:40","modified_gmt":"2023-09-11T15:47:40","slug":"marzieh-farsi","status":"publish","type":"post","link":"https:\/\/wncri.org\/fr\/2023\/09\/10\/marzieh-farsi\/","title":{"rendered":"Marzieh Farsi et Forough Taghipour restent dans les limbes de la prison d&#8217;Evin"},"content":{"rendered":"\n<p>Dix-neuf jours apr\u00e8s leur arrestation, Forough Taghipour et Marzieh Farsi, anciennes prisonni\u00e8res politiques, sont toujours d\u00e9tenues dans le <a href=\"https:\/\/wncri.org\/fr\/2022\/08\/15\/conditions-deplorables\/\" target=\"_blank\" rel=\"noreferrer noopener\">quartier 209 de la prison d&#8217;Evin<\/a> sans avoir \u00e9t\u00e9 jug\u00e9es.<\/p>\n\n\n\n<p>Pendant cette p\u00e9riode, elles n&#8217;ont eu que deux brefs appels avec leurs familles. Marzieh Farsi a \u00e9t\u00e9 emmen\u00e9e une fois hors du quartier pour \u00eatre interrog\u00e9e.<\/p>\n\n\n\n<p>Les anciennes prisonni\u00e8res politiques <a href=\"https:\/\/wncri.org\/fr\/2023\/09\/10\/marzieh-farsi\/\" target=\"_blank\" rel=\"noreferrer noopener\">Forough Taghipour <\/a>et Marzieh Farsi ont \u00e9t\u00e9 arr\u00eat\u00e9s \u00e0 T\u00e9h\u00e9ran le lundi 21 ao\u00fbt 2023, au milieu de la vague d&#8217;arrestations que le r\u00e9gime effectue \u00e0 la veille de l&#8217;anniversaire du soul\u00e8vement iranien, le 16 septembre 2022.<\/p>\n\n\n\n<p>Elles ont \u00e9t\u00e9 imm\u00e9diatement transf\u00e9r\u00e9es \u00e0 la <a href=\"https:\/\/wncri.org\/fr\/2021\/12\/10\/les-conditions-des-femmes-prisons\/\" target=\"_blank\" rel=\"noreferrer noopener\">prison d&#8217;Evin<\/a>. Marzieh Farsi souffre d&#8217;un cancer et n&#8217;a pas acc\u00e8s \u00e0 ses m\u00e9dicaments pendant sa d\u00e9tention.<\/p>\n\n\n<div class=\"wp-block-image\">\n<figure class=\"aligncenter size-large is-resized\"><img decoding=\"async\" src=\"data:image\/gif;base64,R0lGODlhAQABAIAAAAAAAP\/\/\/yH5BAEAAAAALAAAAAABAAEAAAIBRAA7\" data-src=\"https:\/\/wncri.org\/fr\/wp-content\/uploads\/2023\/08\/replicate-prediction-6o6mkozbk73audft3tvkwp7xay-min-1024x512.jpg\" alt=\"Forough Taghipour et Marzieh Farsi de nouveau arr\u00eat\u00e9es \u00e0 T\u00e9h\u00e9ran\" class=\"wp-image-18869 lazyload\" width=\"681\" height=\"340\"\/><noscript><img decoding=\"async\" src=\"https:\/\/wncri.org\/fr\/wp-content\/uploads\/2023\/08\/replicate-prediction-6o6mkozbk73audft3tvkwp7xay-min-1024x512.jpg\" alt=\"Forough Taghipour et Marzieh Farsi de nouveau arr\u00eat\u00e9es \u00e0 T\u00e9h\u00e9ran\" class=\"wp-image-18869 lazyload\" width=\"681\" height=\"340\" srcset=\"https:\/\/wncri.org\/fr\/wp-content\/uploads\/2023\/08\/replicate-prediction-6o6mkozbk73audft3tvkwp7xay-min-1024x512.jpg 1024w, https:\/\/wncri.org\/fr\/wp-content\/uploads\/2023\/08\/replicate-prediction-6o6mkozbk73audft3tvkwp7xay-min-300x150.jpg 300w, https:\/\/wncri.org\/fr\/wp-content\/uploads\/2023\/08\/replicate-prediction-6o6mkozbk73audft3tvkwp7xay-min-768x384.jpg 768w, https:\/\/wncri.org\/fr\/wp-content\/uploads\/2023\/08\/replicate-prediction-6o6mkozbk73audft3tvkwp7xay-min-360x180.jpg 360w, https:\/\/wncri.org\/fr\/wp-content\/uploads\/2023\/08\/replicate-prediction-6o6mkozbk73audft3tvkwp7xay-min-750x375.jpg 750w, https:\/\/wncri.org\/fr\/wp-content\/uploads\/2023\/08\/replicate-prediction-6o6mkozbk73audft3tvkwp7xay-min-1140x570.jpg 1140w, https:\/\/wncri.org\/fr\/wp-content\/uploads\/2023\/08\/replicate-prediction-6o6mkozbk73audft3tvkwp7xay-min.jpg 1500w\" sizes=\"(max-width: 681px) 100vw, 681px\" \/><\/noscript><figcaption class=\"wp-element-caption\">Forough Taghipour<\/figcaption><\/figure>\n<\/div>\n\n\n<h3 class=\"wp-block-heading\"><strong>Qui est la prisonni\u00e8re politique Forough Taghipour ?<\/strong><\/h3>\n\n\n\n<p>N\u00e9e le 10 mai 1994, Forough Taghipour a obtenu une licence en comptabilit\u00e9.<\/p>\n\n\n\n<p>Forough Taghipour et sa m\u00e8re ont \u00e9t\u00e9 arr\u00eat\u00e9es le 24 f\u00e9vrier 2020.<\/p>\n\n\n\n<p>Elle a \u00e9t\u00e9 d\u00e9tenue dans le quartier 209 de&nbsp;<a href=\"https:\/\/wncri.org\/fr\/2022\/08\/15\/conditions-deplorables\/\" target=\"_blank\" rel=\"noreferrer noopener\">la prison d\u2019Evine<\/a>&nbsp;o\u00f9 elle a subi des interrogatoires sous la torture.<\/p>\n\n\n\n<p>Le 5 janvier 2021, le tribunal r\u00e9volutionnaire de T\u00e9h\u00e9ran&nbsp;<a href=\"https:\/\/wncri.org\/fr\/2021\/01\/06\/forough-taghipour\/\" target=\"_blank\" rel=\"noreferrer noopener\">a jug\u00e9<\/a>&nbsp;Forough Taghipour et sa m\u00e8re pour \u201cpropagande contre l\u2019\u00c9tat\u201d et \u201crassemblement et collusion\u201d en raison de leur appartenance \u00e0 l\u2019Organisation des Moudjahidine du peuple d\u2019Iran (OMPI\/MEK).<\/p>\n\n\n\n<p>Le juge qui pr\u00e9sidait son affaire a menac\u00e9 Forough Taghipour de prononcer un verdict pour guerre contre Dieu. Elle a rejet\u00e9 cette accusation et a plaid\u00e9 non coupable. Elle a finalement \u00e9t\u00e9 condamn\u00e9e \u00e0 cinq ans de prison.<\/p>\n\n\n\n<p class=\"has-text-align-left\">La&nbsp;<a href=\"https:\/\/fr.wikipedia.org\/wiki\/Prisonnier_politique\" target=\"_blank\" rel=\"noreferrer noopener\">prisonni\u00e8re politique<\/a>&nbsp;Forough Taghipour faisait partie des prisonni\u00e8res politiques transf\u00e9r\u00e9es de la prison de&nbsp;<a href=\"https:\/\/wncri.org\/fr\/2022\/07\/05\/prison-de-qarchak\/\" target=\"_blank\" rel=\"noreferrer noopener\">Qarchak<\/a>&nbsp;\u00e0 la prison d\u2019Evine. Elle a contract\u00e9 le Covid-19 apr\u00e8s la nouvelle \u00e9pid\u00e9mie dans le quartier des femmes de la prison d\u2019Evine.<\/p>\n\n\n\n<p>Forough Taghipour a \u00e9t\u00e9 emprisonn\u00e9e dans le quartier des femmes d&#8217;Evin avant d&#8217;\u00eatre lib\u00e9r\u00e9e en f\u00e9vrier 2023.<\/p>\n\n\n<div class=\"wp-block-image\">\n<figure class=\"aligncenter size-full\"><img decoding=\"async\" src=\"data:image\/gif;base64,R0lGODlhAQABAIAAAAAAAP\/\/\/yH5BAEAAAAALAAAAAABAAEAAAIBRAA7\" data-src=\"https:\/\/wncri.org\/fr\/wp-content\/uploads\/2023\/08\/Marzieh-Farsi-min.jpg\" alt=\"Forough Taghipour et Marzieh Farsi de nouveau arr\u00eat\u00e9es \u00e0 T\u00e9h\u00e9ran\" class=\"wp-image-18867 lazyload\"\/><noscript><img decoding=\"async\" width=\"750\" height=\"375\" src=\"https:\/\/wncri.org\/fr\/wp-content\/uploads\/2023\/08\/Marzieh-Farsi-min.jpg\" alt=\"Forough Taghipour et Marzieh Farsi de nouveau arr\u00eat\u00e9es \u00e0 T\u00e9h\u00e9ran\" class=\"wp-image-18867 lazyload\" srcset=\"https:\/\/wncri.org\/fr\/wp-content\/uploads\/2023\/08\/Marzieh-Farsi-min.jpg 750w, https:\/\/wncri.org\/fr\/wp-content\/uploads\/2023\/08\/Marzieh-Farsi-min-300x150.jpg 300w, https:\/\/wncri.org\/fr\/wp-content\/uploads\/2023\/08\/Marzieh-Farsi-min-360x180.jpg 360w\" sizes=\"(max-width: 750px) 100vw, 750px\" \/><\/noscript><figcaption class=\"wp-element-caption\">Marzieh Farsi<\/figcaption><\/figure>\n<\/div>\n\n\n<h3 class=\"wp-block-heading\"><strong>Qui est Marzieh Farsi ?<\/strong><\/h3>\n\n\n\n<p>Marzieh Farsi, n\u00e9e en 1965, est une femme au foyer avec deux enfants.<\/p>\n\n\n\n<p>Elle a \u00e9t\u00e9 arr\u00eat\u00e9e le 18 f\u00e9vrier 2020 \u00e0 <a href=\"https:\/\/fr.wikipedia.org\/wiki\/Ray_(T%C3%A9h%C3%A9ran)\" target=\"_blank\" rel=\"noreferrer noopener\">Shahr-e Rey<\/a> et emmen\u00e9e pour \u00eatre interrog\u00e9e sous la torture. Elle a \u00e9t\u00e9 lib\u00e9r\u00e9e le 22 f\u00e9vrier 2023 du quartier des femmes de la prison d&#8217;Evin.<\/p>\n","protected":false},"excerpt":{"rendered":"<p>Dix-neuf jours apr\u00e8s leur arrestation, Forough Taghipour et Marzieh Farsi, anciennes prisonni\u00e8res politiques, sont toujours d\u00e9tenues dans le quartier 209 de la prison d&#8217;Evin sans avoir \u00e9t\u00e9 jug\u00e9es. Pendant cette p\u00e9riode, elles n&#8217;ont eu que deux brefs appels avec leurs familles. Marzieh Farsi a \u00e9t\u00e9 emmen\u00e9e une fois hors du quartier pour \u00eatre interrog\u00e9e. Les [&hellip;]<\/p>\n","protected":false},"author":4,"featured_media":18868,"comment_status":"closed","ping_status":"closed","sticky":false,"template":"","format":"standard","meta":{"jnews-multi-image_gallery":[],"jnews_single_post":{"subtitle":"","format":"standard","video":"","gallery":"","source_name":"","source_url":"","via_name":"","via_url":"","override_template":"0","override":[{"template":"7","single_blog_custom":"","parallax":"1","fullscreen":"1","layout":"right-sidebar","sidebar":"default-sidebar","second_sidebar":"default-sidebar","sticky_sidebar":"1","share_position":"floatbottom","share_float_style":"share-normal","show_share_counter":"1","show_view_counter":"1","show_featured":"1","show_post_meta":"1","show_post_author":"0","show_post_author_image":"1","show_post_date":"1","post_date_format":"default","post_date_format_custom":"Y\/m\/d","show_post_category":"1","show_post_reading_time":"0","post_reading_time_wpm":"300","show_zoom_button":"0","zoom_button_out_step":"2","zoom_button_in_step":"3","show_post_tag":"1","show_prev_next_post":"0","show_popup_post":"1","number_popup_post":"1","show_author_box":"0","show_post_related":"1","show_inline_post_related":"0"}],"override_image_size":"0","image_override":[{"single_post_thumbnail_size":"crop-500","single_post_gallery_size":"crop-500"}],"trending_post":"0","trending_post_position":"meta","trending_post_label":"Trending","sponsored_post":"0","sponsored_post_label":"Sponsored by","sponsored_post_name":"","sponsored_post_url":"","sponsored_post_logo_enable":"0","sponsored_post_logo":"","sponsored_post_desc":"","disable_ad":"0"},"jnews_primary_category":{"id":"","hide":""},"jnews_social_meta":{"fb_title":"","fb_description":"","fb_image":"","twitter_title":"","twitter_description":"","twitter_image":""},"jnews_override_counter":{"override_view_counter":"0","view_counter_number":"0","override_share_counter":"0","share_counter_number":"0","override_like_counter":"0","like_counter_number":"0","override_dislike_counter":"0","dislike_counter_number":"0"},"footnotes":""},"categories":[3],"tags":[370],"class_list":["post-18941","post","type-post","status-publish","format-standard","has-post-thumbnail","hentry","category-infos-des-femmes","tag-prisonnieres"],"_links":{"self":[{"href":"https:\/\/wncri.org\/fr\/wp-json\/wp\/v2\/posts\/18941","targetHints":{"allow":["GET"]}}],"collection":[{"href":"https:\/\/wncri.org\/fr\/wp-json\/wp\/v2\/posts"}],"about":[{"href":"https:\/\/wncri.org\/fr\/wp-json\/wp\/v2\/types\/post"}],"author":[{"embeddable":true,"href":"https:\/\/wncri.org\/fr\/wp-json\/wp\/v2\/users\/4"}],"replies":[{"embeddable":true,"href":"https:\/\/wncri.org\/fr\/wp-json\/wp\/v2\/comments?post=18941"}],"version-history":[{"count":2,"href":"https:\/\/wncri.org\/fr\/wp-json\/wp\/v2\/posts\/18941\/revisions"}],"predecessor-version":[{"id":18944,"href":"https:\/\/wncri.org\/fr\/wp-json\/wp\/v2\/posts\/18941\/revisions\/18944"}],"wp:featuredmedia":[{"embeddable":true,"href":"https:\/\/wncri.org\/fr\/wp-json\/wp\/v2\/media\/18868"}],"wp:attachment":[{"href":"https:\/\/wncri.org\/fr\/wp-json\/wp\/v2\/media?parent=18941"}],"wp:term":[{"taxonomy":"category","embeddable":true,"href":"https:\/\/wncri.org\/fr\/wp-json\/wp\/v2\/categories?post=18941"},{"taxonomy":"post_tag","embeddable":true,"href":"https:\/\/wncri.org\/fr\/wp-json\/wp\/v2\/tags?post=18941"}],"curies":[{"name":"wp","href":"https:\/\/api.w.org\/{rel}","templated":true}]}}