{"id":18888,"date":"2023-08-26T23:20:00","date_gmt":"2023-08-26T21:20:00","guid":{"rendered":"https:\/\/wncri.org\/fr\/?p=18888"},"modified":"2023-08-27T02:27:07","modified_gmt":"2023-08-27T00:27:07","slug":"les-avocats-iraniens-se-rassemblent","status":"publish","type":"post","link":"https:\/\/wncri.org\/fr\/2023\/08\/26\/les-avocats-iraniens-se-rassemblent\/","title":{"rendered":"Les avocats iraniens se rassemblent pour pr\u00e9server l&#8217;ind\u00e9pendance et s&#8217;opposer au projet de loi parlementaire"},"content":{"rendered":"\n<p>Simultan\u00e9ment \u00e0 la conf\u00e9rence de presse du porte-parole du Conseil des Gardiens, le conseil ex\u00e9cutif de SKODA et les pr\u00e9sidents et membres du conseil ex\u00e9cutif des barreaux iraniens, ainsi qu&#8217;un groupe d&#8217;avocats iraniens de tout le pays, ont tenu un rassemblement pacifique devant le <a href=\"https:\/\/fr.wikipedia.org\/wiki\/Conseil_des_gardiens_de_la_Constitution\" target=\"_blank\" rel=\"noreferrer noopener\">Conseil des Gardiens<\/a> \u00e0 T\u00e9h\u00e9ran, le samedi 26 ao\u00fbt 2023 au matin.<\/p>\n\n\n\n<p>Les manifestants estiment que le projet de loi adopt\u00e9 par le Parlement entra\u00eenera la d\u00e9pendance de l&#8217;ordre des <a href=\"https:\/\/wncri.org\/fr\/2023\/05\/12\/la-cour-convoque-des-avocats\/\" target=\"_blank\" rel=\"noreferrer noopener\">avocats<\/a> vis-\u00e0-vis du gouvernement et portera atteinte \u00e0 l&#8217;ind\u00e9pendance de l&#8217;ordre des avocats.<\/p>\n\n\n\n<p>Les manifestants ont demand\u00e9 au Conseil des gardiens de rejeter le projet de loi ratifi\u00e9.<\/p>\n\n\n\n<p>L&#8217;Union nationale des associations du barreau d&#8217;Iran (SKODA) est une organisation non gouvernementale qui a \u00e9t\u00e9 cr\u00e9\u00e9e pour s\u00e9lectionner et accepter les stagiaires juridiques et coordonner les associations du barreau.<\/p>\n\n\n\n<p>Ce rassemblement a eu lieu en r\u00e9ponse \u00e0 un r\u00e9cent projet de loi adopt\u00e9 par le parlement des mollahs (Majlis) en violation de l&#8217;ind\u00e9pendance de la profession juridique. <a href=\"https:\/\/wncri.org\/fr\/2023\/05\/19\/avocats-des-droits-de-lhomme\/\" target=\"_blank\" rel=\"noreferrer noopener\">Les avocats<\/a> ont protest\u00e9 contre ce projet de loi et ont demand\u00e9 au Conseil des gardiens de le rejeter.<\/p>\n\n\n\n<p>Dans leur rassemblement pacifique, les avocats iraniens ont tent\u00e9 d&#8217;attirer l&#8217;attention des autorit\u00e9s sur l&#8217;importance de l&#8217;ind\u00e9pendance de l&#8217;association des avocats dans une proc\u00e9dure juste et \u00e9quitable.<\/p>\n\n\n\n<p>Le projet de loi adopt\u00e9 par le parlement des mollahs le dimanche 20 ao\u00fbt 2023 oblige le barreau iranien \u00e0 se conformer aux d\u00e9cisions d&#8217;une d\u00e9l\u00e9gation charg\u00e9e de la r\u00e9glementation. D&#8217;autre part, le parlement a accord\u00e9 le pouvoir de r\u00e9voquer les d\u00e9cisions de cette d\u00e9l\u00e9gation au minist\u00e8re de l&#8217;\u00e9conomie. Alors qu&#8217;auparavant, ce pouvoir appartenait \u00e0 la Cour supr\u00eame administrative de justice.<\/p>\n\n\n\n<p>Si le Conseil des gardiens confirme le projet de loi, l&#8217;Ordre des avocats deviendra l&#8217;une des institutions d\u00e9pendant du minist\u00e8re de l&#8217;\u00e9conomie. (Aftabnews.com, 26 ao\u00fbt 2023)<\/p>\n","protected":false},"excerpt":{"rendered":"<p>Simultan\u00e9ment \u00e0 la conf\u00e9rence de presse du porte-parole du Conseil des Gardiens, le conseil ex\u00e9cutif de SKODA et les pr\u00e9sidents et membres du conseil ex\u00e9cutif des barreaux iraniens, ainsi qu&#8217;un groupe d&#8217;avocats iraniens de tout le pays, ont tenu un rassemblement pacifique devant le Conseil des Gardiens \u00e0 T\u00e9h\u00e9ran, le samedi 26 ao\u00fbt 2023 au [&hellip;]<\/p>\n","protected":false},"author":4,"featured_media":18890,"comment_status":"closed","ping_status":"closed","sticky":false,"template":"","format":"standard","meta":{"jnews-multi-image_gallery":[],"jnews_single_post":{"subtitle":"","format":"standard","video":"","gallery":"","source_name":"","source_url":"","via_name":"","via_url":"","override_template":"0","override":[{"template":"7","single_blog_custom":"","parallax":"1","fullscreen":"1","layout":"right-sidebar","sidebar":"default-sidebar","second_sidebar":"default-sidebar","sticky_sidebar":"1","share_position":"floatbottom","share_float_style":"share-normal","show_share_counter":"1","show_view_counter":"1","show_featured":"1","show_post_meta":"1","show_post_author":"0","show_post_author_image":"1","show_post_date":"1","post_date_format":"default","post_date_format_custom":"Y\/m\/d","show_post_category":"1","show_post_reading_time":"0","post_reading_time_wpm":"300","show_zoom_button":"0","zoom_button_out_step":"2","zoom_button_in_step":"3","show_post_tag":"1","show_prev_next_post":"0","show_popup_post":"1","number_popup_post":"1","show_author_box":"0","show_post_related":"1","show_inline_post_related":"0"}],"override_image_size":"0","image_override":[{"single_post_thumbnail_size":"crop-500","single_post_gallery_size":"crop-500"}],"trending_post":"0","trending_post_position":"meta","trending_post_label":"Trending","sponsored_post":"0","sponsored_post_label":"Sponsored by","sponsored_post_name":"","sponsored_post_url":"","sponsored_post_logo_enable":"0","sponsored_post_logo":"","sponsored_post_desc":"","disable_ad":"0"},"jnews_primary_category":{"id":"","hide":""},"jnews_social_meta":{"fb_title":"","fb_description":"","fb_image":"","twitter_title":"","twitter_description":"","twitter_image":""},"jnews_override_counter":{"override_view_counter":"0","view_counter_number":"0","override_share_counter":"0","share_counter_number":"0","override_like_counter":"0","like_counter_number":"0","override_dislike_counter":"0","dislike_counter_number":"0"},"footnotes":""},"categories":[3],"tags":[369],"class_list":["post-18888","post","type-post","status-publish","format-standard","has-post-thumbnail","hentry","category-infos-des-femmes","tag-manifestations"],"_links":{"self":[{"href":"https:\/\/wncri.org\/fr\/wp-json\/wp\/v2\/posts\/18888","targetHints":{"allow":["GET"]}}],"collection":[{"href":"https:\/\/wncri.org\/fr\/wp-json\/wp\/v2\/posts"}],"about":[{"href":"https:\/\/wncri.org\/fr\/wp-json\/wp\/v2\/types\/post"}],"author":[{"embeddable":true,"href":"https:\/\/wncri.org\/fr\/wp-json\/wp\/v2\/users\/4"}],"replies":[{"embeddable":true,"href":"https:\/\/wncri.org\/fr\/wp-json\/wp\/v2\/comments?post=18888"}],"version-history":[{"count":1,"href":"https:\/\/wncri.org\/fr\/wp-json\/wp\/v2\/posts\/18888\/revisions"}],"predecessor-version":[{"id":18891,"href":"https:\/\/wncri.org\/fr\/wp-json\/wp\/v2\/posts\/18888\/revisions\/18891"}],"wp:featuredmedia":[{"embeddable":true,"href":"https:\/\/wncri.org\/fr\/wp-json\/wp\/v2\/media\/18890"}],"wp:attachment":[{"href":"https:\/\/wncri.org\/fr\/wp-json\/wp\/v2\/media?parent=18888"}],"wp:term":[{"taxonomy":"category","embeddable":true,"href":"https:\/\/wncri.org\/fr\/wp-json\/wp\/v2\/categories?post=18888"},{"taxonomy":"post_tag","embeddable":true,"href":"https:\/\/wncri.org\/fr\/wp-json\/wp\/v2\/tags?post=18888"}],"curies":[{"name":"wp","href":"https:\/\/api.w.org\/{rel}","templated":true}]}}