{"id":18844,"date":"2023-08-16T23:28:04","date_gmt":"2023-08-16T21:28:04","guid":{"rendered":"https:\/\/wncri.org\/fr\/?p=18844"},"modified":"2023-08-16T23:29:12","modified_gmt":"2023-08-16T21:29:12","slug":"les-arrestations-de-militants","status":"publish","type":"post","link":"https:\/\/wncri.org\/fr\/2023\/08\/16\/les-arrestations-de-militants\/","title":{"rendered":"Les arrestations de militants et les condamnations injustes soulignent les pers\u00e9cutions en cours en Iran"},"content":{"rendered":"\n<h2 class=\"wp-block-heading\">Le r\u00e9gime cl\u00e9rical continue d&#8217;arr\u00eater et de d\u00e9tenir des militants et de les condamner \u00e0 des peines de prison.<\/h2>\n\n\n\n<p>Alors que les voix dissidentes persistent en Iran, les tactiques d&#8217;oppression du r\u00e9gime cl\u00e9rical continuent de cibler les militants, \u00e9touffant leur plaidoyer en faveur du changement. Les \u00e9v\u00e9nements r\u00e9cents mettent en lumi\u00e8re la r\u00e9pression qui s&#8217;abat sur les personnes qui luttent pour les droits de l&#8217;homme, la libert\u00e9 d&#8217;expression et l&#8217;\u00e9galit\u00e9 entre les hommes et les femmes.<\/p>\n\n\n\n<p>La branche 26 du tribunal r\u00e9volutionnaire de T\u00e9h\u00e9ran a condamn\u00e9 <a href=\"https:\/\/wncri.org\/fr\/2023\/04\/28\/journalistes-detenues\/\" target=\"_blank\" rel=\"noreferrer noopener\">Tahereh Naghiee<\/a>, la secr\u00e9taire g\u00e9n\u00e9rale de l&#8217;Organisation des enseignants iraniens, \u00e0 six mois de prison, au paiement d&#8217;amendes, \u00e0 l&#8217;interdiction de quitter le pays et \u00e0 d&#8217;autres privations sociales, selon des rapports publi\u00e9s le 15 ao\u00fbt 2023.<\/p>\n\n\n\n<p>Sa peine de six mois de prison est suspendue pendant cinq ans. Mme Naghiee est accus\u00e9e de &#8220;propagande contre l&#8217;\u00c9tat&#8221;. Son proc\u00e8s a eu lieu le 11 juin 2023.<\/p>\n\n\n\n<p>Tahereh Naghiee est une enseignante militante, qui a enseign\u00e9 dans les lyc\u00e9es du 5e district de T\u00e9h\u00e9ran.<\/p>\n\n\n<div class=\"wp-block-image\">\n<figure class=\"aligncenter size-full\"><img decoding=\"async\" src=\"data:image\/gif;base64,R0lGODlhAQABAIAAAAAAAP\/\/\/yH5BAEAAAAALAAAAAABAAEAAAIBRAA7\" data-src=\"https:\/\/wncri.org\/fr\/wp-content\/uploads\/2023\/08\/Nazila-Maroofian-min.jpg\" alt=\"Les arrestations de militants\" class=\"wp-image-18845 lazyload\"\/><noscript><img decoding=\"async\" width=\"750\" height=\"375\" src=\"https:\/\/wncri.org\/fr\/wp-content\/uploads\/2023\/08\/Nazila-Maroofian-min.jpg\" alt=\"Les arrestations de militants\" class=\"wp-image-18845 lazyload\" srcset=\"https:\/\/wncri.org\/fr\/wp-content\/uploads\/2023\/08\/Nazila-Maroofian-min.jpg 750w, https:\/\/wncri.org\/fr\/wp-content\/uploads\/2023\/08\/Nazila-Maroofian-min-300x150.jpg 300w, https:\/\/wncri.org\/fr\/wp-content\/uploads\/2023\/08\/Nazila-Maroofian-min-360x180.jpg 360w\" sizes=\"(max-width: 750px) 100vw, 750px\" \/><\/noscript><figcaption class=\"wp-element-caption\">Nazila Maroofian apr\u00e8s sa lib\u00e9ration de la prison d&#8217;Evin<\/figcaption><\/figure>\n<\/div>\n\n\n<p>La journaliste kurde <a href=\"https:\/\/wncri.org\/fr\/2023\/07\/09\/une-jeune-journaliste-emprisonnee\/\" target=\"_blank\" rel=\"noreferrer noopener\">Nazila Maroofian<\/a> a \u00e9t\u00e9 violemment arr\u00eat\u00e9e le lundi 14 ao\u00fbt et transf\u00e9r\u00e9e \u00e0 la prison de <a href=\"https:\/\/wncri.org\/fr\/2021\/12\/10\/les-conditions-des-femmes-prisons\/\" target=\"_blank\" rel=\"noreferrer noopener\">Qarchak<\/a>, o\u00f9 elle a entam\u00e9 une gr\u00e8ve de la faim s\u00e8che.<\/p>\n\n\n\n<p>Elle s&#8217;\u00e9tait rendue au poste de police pour recevoir son t\u00e9l\u00e9phone portable, lorsqu&#8217;un des officiers lui a donn\u00e9 un coup de poing \u00e0 l&#8217;arri\u00e8re de la t\u00eate. Sa m\u00e8re, qui l&#8217;accompagnait, s&#8217;est oppos\u00e9e \u00e0 l&#8217;action de la police, mais il a d\u00e9clar\u00e9 : &#8220;Nous voulons la tuer comme nous avons tu\u00e9 Mahsa Amini&#8221;.<\/p>\n\n\n\n<p>Elle avait \u00e9t\u00e9 temporairement lib\u00e9r\u00e9e de la prison d&#8217;Evin la veille, le dimanche 13 ao\u00fbt, moyennant une caution de 300 millions de tomans.<\/p>\n\n\n\n<p>Le samedi 5 ao\u00fbt 2023, Nazila Maroufian a \u00e9t\u00e9 transf\u00e9r\u00e9e de la prison d&#8217;Evin \u00e0 l&#8217;h\u00f4pital Taleghani de T\u00e9h\u00e9ran en raison d&#8217;un &#8220;stress nerveux et psychologique et d&#8217;un rythme cardiaque rapide&#8221;. Apr\u00e8s quelques heures d&#8217;hospitalisation, elle a \u00e9t\u00e9 renvoy\u00e9e \u00e0 la <a href=\"https:\/\/wncri.org\/fr\/2021\/12\/10\/les-conditions-des-femmes-prisons\/\" target=\"_blank\" rel=\"noreferrer noopener\">prison d&#8217;Evin<\/a>.<\/p>\n\n\n\n<p>Nazila Maroofian a \u00e9t\u00e9 lib\u00e9r\u00e9e le mercredi 16 ao\u00fbt de la prison de Qarchak.<\/p>\n\n\n\n<p>Neuf militantes des droits des femmes ont \u00e9t\u00e9 arr\u00eat\u00e9es \u00e0 Rasht, Bandar Anzali, Lahijan et Fouman, dans la province septentrionale de Gilan. Les personnes arr\u00eat\u00e9es sont Zahra Dadras, Zohreh Dadras, Negin Rezaii, Matin Yazdani, Forough Saminia, Jelveh Javaheri, Vahedeh Khosh-sirat, Shiva Shah-Siah et Yasamin Hashdari. Ils ont \u00e9t\u00e9 transf\u00e9r\u00e9s dans un lieu tenu secret.<\/p>\n\n\n<div class=\"wp-block-image\">\n<figure class=\"aligncenter size-full\"><img decoding=\"async\" src=\"data:image\/gif;base64,R0lGODlhAQABAIAAAAAAAP\/\/\/yH5BAEAAAAALAAAAAABAAEAAAIBRAA7\" data-src=\"https:\/\/wncri.org\/fr\/wp-content\/uploads\/2023\/08\/Zarian-and-Zilan-Malaii-min.jpg\" alt=\"Les arrestations de militants\" class=\"wp-image-18846 lazyload\"\/><noscript><img decoding=\"async\" width=\"750\" height=\"375\" src=\"https:\/\/wncri.org\/fr\/wp-content\/uploads\/2023\/08\/Zarian-and-Zilan-Malaii-min.jpg\" alt=\"Les arrestations de militants\" class=\"wp-image-18846 lazyload\" srcset=\"https:\/\/wncri.org\/fr\/wp-content\/uploads\/2023\/08\/Zarian-and-Zilan-Malaii-min.jpg 750w, https:\/\/wncri.org\/fr\/wp-content\/uploads\/2023\/08\/Zarian-and-Zilan-Malaii-min-300x150.jpg 300w, https:\/\/wncri.org\/fr\/wp-content\/uploads\/2023\/08\/Zarian-and-Zilan-Malaii-min-360x180.jpg 360w\" sizes=\"(max-width: 750px) 100vw, 750px\" \/><\/noscript><figcaption class=\"wp-element-caption\">Zarian and Zilan Malaii<\/figcaption><\/figure>\n<\/div>\n\n\n<p>Deux \u00e9tudiantes en ing\u00e9nierie architecturale, deux soeurs, Zarian et Zilan Malaii, ont \u00e9t\u00e9 arr\u00eat\u00e9es \u00e0 leur domicile de Sanandaj par les forces de s\u00e9curit\u00e9, le dimanche 13 ao\u00fbt.<\/p>\n\n\n\n<p>Pendant ce temps, Donya Hosseini a appel\u00e9 sa famille le mardi 15 ao\u00fbt et les a inform\u00e9s qu&#8217;elle avait \u00e9t\u00e9 transf\u00e9r\u00e9e \u00e0 la prison d&#8217;Evin.<\/p>\n\n\n\n<p>Mme Hosseini a \u00e9t\u00e9 arr\u00eat\u00e9e par les forces de s\u00e9curit\u00e9 de T\u00e9h\u00e9ran le samedi 12 ao\u00fbt 2023.<\/p>\n\n\n\n<p>Donya Hosseini, 35 ans, r\u00e9side \u00e0 T\u00e9h\u00e9ran. Elle a \u00e9t\u00e9 arr\u00eat\u00e9e en novembre 2022 pour avoir particip\u00e9 aux manifestations, mais a \u00e9t\u00e9 lib\u00e9r\u00e9e apr\u00e8s un certain temps. Elle est accus\u00e9e de &#8220;propagande contre l&#8217;\u00c9tat et en faveur des groupes et organisations d&#8217;opposition&#8221;.<\/p>\n\n\n<div class=\"wp-block-image\">\n<figure class=\"aligncenter size-full\"><img decoding=\"async\" src=\"data:image\/gif;base64,R0lGODlhAQABAIAAAAAAAP\/\/\/yH5BAEAAAAALAAAAAABAAEAAAIBRAA7\" data-src=\"https:\/\/wncri.org\/fr\/wp-content\/uploads\/2023\/08\/Donya-Hosseini-Bahar-Ahmadi-min.jpg\" alt=\"Les arrestations de militants\" class=\"wp-image-18848 lazyload\"\/><noscript><img decoding=\"async\" width=\"750\" height=\"375\" src=\"https:\/\/wncri.org\/fr\/wp-content\/uploads\/2023\/08\/Donya-Hosseini-Bahar-Ahmadi-min.jpg\" alt=\"Les arrestations de militants\" class=\"wp-image-18848 lazyload\" srcset=\"https:\/\/wncri.org\/fr\/wp-content\/uploads\/2023\/08\/Donya-Hosseini-Bahar-Ahmadi-min.jpg 750w, https:\/\/wncri.org\/fr\/wp-content\/uploads\/2023\/08\/Donya-Hosseini-Bahar-Ahmadi-min-300x150.jpg 300w, https:\/\/wncri.org\/fr\/wp-content\/uploads\/2023\/08\/Donya-Hosseini-Bahar-Ahmadi-min-360x180.jpg 360w\" sizes=\"(max-width: 750px) 100vw, 750px\" \/><\/noscript><figcaption class=\"wp-element-caption\">Donya Hossein (\u00e0 droite), Bahar Ahmadi et son mari, As&#8217;ad Mohammadi.<\/figcaption><\/figure>\n<\/div>\n\n\n<p>Bahar Ahmadi a \u00e9t\u00e9 arr\u00eat\u00e9e \u00e0 Sanandaj le samedi 12 ao\u00fbt. Les forces de s\u00e9curit\u00e9 ont fait une descente dans sa r\u00e9sidence et l&#8217;ont arr\u00eat\u00e9e sans fournir de mandat l\u00e9gal. Mme Ahmadi est d\u00e9tenue par le d\u00e9partement des renseignements de Sanandaj et n&#8217;a pas acc\u00e8s \u00e0 ses m\u00e9dicaments<\/p>\n\n\n\n<p>Son mari, As&#8217;ad Mohammadi, a \u00e9t\u00e9 arr\u00eat\u00e9 il y a trois semaines, le 24 juillet 2023, et aucune information pr\u00e9cise n&#8217;est disponible sur son sort. Il n&#8217;a pas acc\u00e8s \u00e0 un avocat et ne peut pas rendre visite \u00e0 sa famille.<\/p>\n\n\n\n<p>La section 107 du tribunal p\u00e9nal 2 de <a href=\"https:\/\/fr.wikipedia.org\/wiki\/Khorramabad\" target=\"_blank\" rel=\"noreferrer noopener\">Khorramabad<\/a> a condamn\u00e9 un entra\u00eeneur de lutte et un arbitre \u00e0 un an de prison. Massoumeh Soleimani, 36 ans, a \u00e9t\u00e9 arr\u00eat\u00e9e \u00e0 Khorramabad le 10 mai 2023 pour &#8220;incitation \u00e0 la violence sur le cyberespace&#8221;. Elle a \u00e9t\u00e9 lib\u00e9r\u00e9e sous caution le 14 mai du centre de d\u00e9tention du d\u00e9partement des renseignements.<\/p>\n\n\n\n<p>Massoumeh Soleimani est une entra\u00eeneuse et une arbitre de lutte f\u00e9minine qui avait d\u00e9j\u00e0 \u00e9t\u00e9 arr\u00eat\u00e9e.<\/p>\n\n\n<div class=\"wp-block-image\">\n<figure class=\"aligncenter size-full\"><img decoding=\"async\" src=\"data:image\/gif;base64,R0lGODlhAQABAIAAAAAAAP\/\/\/yH5BAEAAAAALAAAAAABAAEAAAIBRAA7\" data-src=\"https:\/\/wncri.org\/fr\/wp-content\/uploads\/2023\/08\/Hanieh-Daemi-Yalda-Dehghani-Massoumeh-Soleimani-min.jpg\" alt=\"Les arrestations de militants\" class=\"wp-image-18847 lazyload\"\/><noscript><img decoding=\"async\" width=\"750\" height=\"375\" src=\"https:\/\/wncri.org\/fr\/wp-content\/uploads\/2023\/08\/Hanieh-Daemi-Yalda-Dehghani-Massoumeh-Soleimani-min.jpg\" alt=\"Les arrestations de militants\" class=\"wp-image-18847 lazyload\" srcset=\"https:\/\/wncri.org\/fr\/wp-content\/uploads\/2023\/08\/Hanieh-Daemi-Yalda-Dehghani-Massoumeh-Soleimani-min.jpg 750w, https:\/\/wncri.org\/fr\/wp-content\/uploads\/2023\/08\/Hanieh-Daemi-Yalda-Dehghani-Massoumeh-Soleimani-min-300x150.jpg 300w, https:\/\/wncri.org\/fr\/wp-content\/uploads\/2023\/08\/Hanieh-Daemi-Yalda-Dehghani-Massoumeh-Soleimani-min-360x180.jpg 360w\" sizes=\"(max-width: 750px) 100vw, 750px\" \/><\/noscript><figcaption class=\"wp-element-caption\">De gauche \u00e0 droite : Hanieh Daemi, Yalda Dehghani et Massoumeh Soleimani.<\/figcaption><\/figure>\n<\/div>\n\n\n<p>Yalda Dehghani est d\u00e9tenue \u00e0 la prison de Lakan, \u00e0 Rasht, depuis plus d&#8217;un mois, sans avoir \u00e9t\u00e9 jug\u00e9e. Les autorit\u00e9s p\u00e9nitentiaires refusent de la lib\u00e9rer sous caution et ont prolong\u00e9 sa d\u00e9tention.<\/p>\n\n\n\n<p>Mme Dehghani a \u00e9t\u00e9 arr\u00eat\u00e9e par les forces de s\u00e9curit\u00e9 \u00e0 son domicile de <a href=\"https:\/\/fr.wikipedia.org\/wiki\/Bandar-e_Anzali\" target=\"_blank\" rel=\"noreferrer noopener\">Bandar Anzali<\/a> au d\u00e9but du mois de juillet. Aucune information n&#8217;est disponible sur les charges retenues contre elle et les raisons de son arrestation.<\/p>\n\n\n\n<p>Hanieh Daemi, la s\u0153ur de l&#8217;ancienne prisonni\u00e8re politique Atena Daemi, a \u00e9galement \u00e9t\u00e9 convoqu\u00e9e par un appel t\u00e9l\u00e9phonique le 14 ao\u00fbt \u00e0 la police de renseignement. Les raisons de cette convocation ne sont pas claires. Hanieh Daemi avait \u00e9t\u00e9 arr\u00eat\u00e9e temporairement lors des manifestations de l&#8217;ann\u00e9e derni\u00e8re.<\/p>\n\n\n\n<p>Ces cas illustrent les difficult\u00e9s \u00e9prouvantes auxquelles sont confront\u00e9s les militants en Iran, qui \u00e9voluent dans un paysage de r\u00e9pression et de r\u00e9sistance. Ils brossent le sombre tableau d&#8217;une nation aux prises avec la dissidence et d&#8217;un r\u00e9gime d\u00e9termin\u00e9 \u00e0 l&#8217;\u00e9touffer.<\/p>\n","protected":false},"excerpt":{"rendered":"<p>Le r\u00e9gime cl\u00e9rical continue d&#8217;arr\u00eater et de d\u00e9tenir des militants et de les condamner \u00e0 des peines de prison. Alors que les voix dissidentes persistent en Iran, les tactiques d&#8217;oppression du r\u00e9gime cl\u00e9rical continuent de cibler les militants, \u00e9touffant leur plaidoyer en faveur du changement. Les \u00e9v\u00e9nements r\u00e9cents mettent en lumi\u00e8re la r\u00e9pression qui s&#8217;abat [&hellip;]<\/p>\n","protected":false},"author":4,"featured_media":18166,"comment_status":"closed","ping_status":"closed","sticky":false,"template":"","format":"standard","meta":{"jnews-multi-image_gallery":[],"jnews_single_post":{"subtitle":"","format":"standard","video":"","gallery":"","source_name":"","source_url":"","via_name":"","via_url":"","override_template":"0","override":[{"template":"7","single_blog_custom":"","parallax":"1","fullscreen":"1","layout":"right-sidebar","sidebar":"default-sidebar","second_sidebar":"default-sidebar","sticky_sidebar":"1","share_position":"floatbottom","share_float_style":"share-normal","show_share_counter":"1","show_view_counter":"1","show_featured":"1","show_post_meta":"1","show_post_author":"0","show_post_author_image":"1","show_post_date":"1","post_date_format":"default","post_date_format_custom":"Y\/m\/d","show_post_category":"1","show_post_reading_time":"0","post_reading_time_wpm":"300","show_zoom_button":"0","zoom_button_out_step":"2","zoom_button_in_step":"3","show_post_tag":"1","show_prev_next_post":"0","show_popup_post":"1","number_popup_post":"1","show_author_box":"0","show_post_related":"1","show_inline_post_related":"0"}],"override_image_size":"0","image_override":[{"single_post_thumbnail_size":"crop-500","single_post_gallery_size":"crop-500"}],"trending_post":"0","trending_post_position":"meta","trending_post_label":"Trending","sponsored_post":"0","sponsored_post_label":"Sponsored by","sponsored_post_name":"","sponsored_post_url":"","sponsored_post_logo_enable":"0","sponsored_post_logo":"","sponsored_post_desc":"","disable_ad":"0"},"jnews_primary_category":{"id":"","hide":""},"jnews_social_meta":{"fb_title":"","fb_description":"","fb_image":"","twitter_title":"","twitter_description":"","twitter_image":""},"jnews_override_counter":{"override_view_counter":"0","view_counter_number":"0","override_share_counter":"0","share_counter_number":"0","override_like_counter":"0","like_counter_number":"0","override_dislike_counter":"0","dislike_counter_number":"0"},"footnotes":""},"categories":[3],"tags":[370],"class_list":["post-18844","post","type-post","status-publish","format-standard","has-post-thumbnail","hentry","category-infos-des-femmes","tag-prisonnieres"],"_links":{"self":[{"href":"https:\/\/wncri.org\/fr\/wp-json\/wp\/v2\/posts\/18844","targetHints":{"allow":["GET"]}}],"collection":[{"href":"https:\/\/wncri.org\/fr\/wp-json\/wp\/v2\/posts"}],"about":[{"href":"https:\/\/wncri.org\/fr\/wp-json\/wp\/v2\/types\/post"}],"author":[{"embeddable":true,"href":"https:\/\/wncri.org\/fr\/wp-json\/wp\/v2\/users\/4"}],"replies":[{"embeddable":true,"href":"https:\/\/wncri.org\/fr\/wp-json\/wp\/v2\/comments?post=18844"}],"version-history":[{"count":1,"href":"https:\/\/wncri.org\/fr\/wp-json\/wp\/v2\/posts\/18844\/revisions"}],"predecessor-version":[{"id":18849,"href":"https:\/\/wncri.org\/fr\/wp-json\/wp\/v2\/posts\/18844\/revisions\/18849"}],"wp:featuredmedia":[{"embeddable":true,"href":"https:\/\/wncri.org\/fr\/wp-json\/wp\/v2\/media\/18166"}],"wp:attachment":[{"href":"https:\/\/wncri.org\/fr\/wp-json\/wp\/v2\/media?parent=18844"}],"wp:term":[{"taxonomy":"category","embeddable":true,"href":"https:\/\/wncri.org\/fr\/wp-json\/wp\/v2\/categories?post=18844"},{"taxonomy":"post_tag","embeddable":true,"href":"https:\/\/wncri.org\/fr\/wp-json\/wp\/v2\/tags?post=18844"}],"curies":[{"name":"wp","href":"https:\/\/api.w.org\/{rel}","templated":true}]}}