{"id":18836,"date":"2023-08-15T23:03:00","date_gmt":"2023-08-15T21:03:00","guid":{"rendered":"https:\/\/wncri.org\/fr\/?p=18836"},"modified":"2023-08-16T10:56:51","modified_gmt":"2023-08-16T08:56:51","slug":"loi-sur-le-hijab-et-la-chastete","status":"publish","type":"post","link":"https:\/\/wncri.org\/fr\/2023\/08\/15\/loi-sur-le-hijab-et-la-chastete\/","title":{"rendered":"Projet de loi sur le hijab et la chastet\u00e9 : La Commission parlementaire approuve 39 articles"},"content":{"rendered":"\n<p>La commission juridique du parlement des mollahs a jusqu&#8217;\u00e0 pr\u00e9sent examin\u00e9 et adopt\u00e9 39 des 70 articles du projet de loi sur le hijab et la chastet\u00e9, officiellement rebaptis\u00e9 &#8220;<a href=\"https:\/\/wncri.org\/fr\/2023\/08\/08\/voile-obligatoire-juillet-2023\/\" target=\"_blank\" rel=\"noreferrer noopener\">Soutien \u00e0 la famille<\/a> par la promotion de la culture de la chastet\u00e9 et du hijab&#8221;.<\/p>\n\n\n\n<p>Le mollah Naghdali, membre de la commission juridique, a d\u00e9clar\u00e9 \u00e0 l&#8217;agence de presse semi-officielle Tasnim que la commission avait examin\u00e9 et adopt\u00e9 39 articles au cours des deux derniers jours, qui traitent principalement des obligations des diff\u00e9rents minist\u00e8res et institutions en mati\u00e8re d&#8217;application du projet de loi sur le hijab et la chastet\u00e9. (Agence de presse Tasnim, 15 ao\u00fbt 2023)<\/p>\n\n\n\n<p>Naghdali a d\u00e9clar\u00e9 que les articles restants, apr\u00e8s l&#8217;article 38, sont plus controvers\u00e9s et prendront plus de temps \u00e0 examiner.<\/p>\n\n\n\n<h3 class=\"wp-block-heading\"><strong>P\u00e9nalit\u00e9s pour les filles de moins de 18 ans<\/strong><\/h3>\n\n\n\n<p>Entre-temps, un autre d\u00e9put\u00e9, Hossein Jalali de Rafsanjan, a d\u00e9clar\u00e9 lors de la s\u00e9ance publique du parlement des mollahs le 15 ao\u00fbt : &#8220;Il est dit que les personnes de moins de 18 ans ne seront pas emprisonn\u00e9es. C&#8217;est exact, mais cela ne signifie pas qu&#8217;ils ne seront pas punis d&#8217;autres mani\u00e8res. Le projet de loi pr\u00e9voit des sanctions financi\u00e8res, la privation de droits sociaux, etc.<\/p>\n\n\n\n<p>M. Jalali ajoute : &#8220;Une personne de moins de 18 ans n&#8217;a peut-\u00eatre pas de permis de conduire, mais elle a un passeport, un emploi, une \u00e9ducation, un compte en banque, un acc\u00e8s \u00e0 Internet et un t\u00e9l\u00e9phone portable. Par cons\u00e9quent, la privation de services sociaux et les sanctions financi\u00e8res seront toujours applicables&#8221;. (Hamshahrionline.ir, 15 ao\u00fbt 2023)<\/p>\n\n\n<div class=\"wp-block-image\">\n<figure class=\"aligncenter size-full\"><img decoding=\"async\" src=\"data:image\/gif;base64,R0lGODlhAQABAIAAAAAAAP\/\/\/yH5BAEAAAAALAAAAAABAAEAAAIBRAA7\" data-src=\"https:\/\/wncri.org\/fr\/wp-content\/uploads\/2023\/08\/Reuters-Gisha-min.jpg\" alt=\"femmes d\u00e9fiant le voile obligatoire loi sur le hijab et la chastet\u00e9\" class=\"wp-image-18802 lazyload\"\/><noscript><img decoding=\"async\" src=\"https:\/\/wncri.org\/fr\/wp-content\/uploads\/2023\/08\/Reuters-Gisha-min.jpg\" alt=\"femmes d\u00e9fiant le voile obligatoire loi sur le hijab et la chastet\u00e9\" class=\"wp-image-18802 lazyload\"\/><\/noscript><figcaption class=\"wp-element-caption\">Une image tir\u00e9e de la vid\u00e9o de Reuters<\/figcaption><\/figure>\n<\/div>\n\n\n<h3 class=\"wp-block-heading\"><strong>Le projet de loi sur le hijab et la chastet\u00e9 examin\u00e9 conform\u00e9ment \u00e0 l&#8217;article 85<\/strong><\/h3>\n\n\n\n<p>Le parlement du r\u00e9gime cl\u00e9rical a vot\u00e9 dimanche 13 ao\u00fbt pour que le projet de loi sur le hijab et la chastet\u00e9 soit <a href=\"https:\/\/twitter.com\/Maryam_Rajavi_F\/status\/1691048807323095040\" target=\"_blank\" rel=\"noreferrer noopener\">examin\u00e9 par la commission juridique<\/a> au lieu d&#8217;\u00eatre d\u00e9battu en s\u00e9ance publique, conform\u00e9ment \u00e0 l&#8217;article 85 de la Constitution. Les d\u00e9put\u00e9s ont expliqu\u00e9 que, compte tenu du fait que 59 repr\u00e9sentants ont enregistr\u00e9 plus de 1 600 amendements, la discussion du projet de loi en s\u00e9ance publique \u00e9quivaut \u00e0 sa &#8220;non-approbation&#8221;, car elle prendrait beaucoup de temps. Alors qu&#8217;ils avaient besoin d&#8217;adopter le projet de loi le plus rapidement possible.<\/p>\n\n\n\n<p>Le parlement des mollahs a vot\u00e9 175 voix pour, 49 contre et 5 abstentions pour que <a href=\"https:\/\/wncri.org\/fr\/2023\/05\/30\/chastete-et-le-hijab\/\" target=\"_blank\" rel=\"noreferrer noopener\">le projet de loi<\/a> soit finalis\u00e9 par la Commission juridique et transmis au Conseil des gardiens pour approbation finale et mise en application.<\/p>\n\n\n\n<p>Les lois adopt\u00e9es en vertu de l&#8217;article 85 seront mises en \u0153uvre \u00e0 titre exp\u00e9rimental pendant une p\u00e9riode d\u00e9termin\u00e9e par le parlement et leur approbation finale sera soumise \u00e0 la d\u00e9cision du parlement.<\/p>\n\n\n\n<p>Mme Maryam Radjavi, pr\u00e9sidente \u00e9lue du Conseil national de la R\u00e9sistance iranienne, a d\u00e9clar\u00e9 dans <a href=\"https:\/\/twitter.com\/Maryam_Rajavi_F\/status\/1691048807323095040\" target=\"_blank\" rel=\"noreferrer noopener\">son tweet<\/a> : &#8221; Ecarter le d\u00e9bat sur la loi inhumaine du Hijab de son parlement malfaisant, montre que ce parlement godillot redoute lui aussi les cons\u00e9quences de la r\u00e9pression et de la col\u00e8re croissante des gens.<\/p>\n\n\n\n<p>Les femmes et les filles avec les jeunes insurg\u00e9s s\u2019opposent partout aux pasdarans corrompus et r\u00e9pressifs et sont d\u00e9termin\u00e9s \u00e0 renverser ce r\u00e9gime criminel.&#8221;<\/p>\n\n\n<div class=\"wp-block-image\">\n<figure class=\"aligncenter size-full\"><img decoding=\"async\" src=\"data:image\/gif;base64,R0lGODlhAQABAIAAAAAAAP\/\/\/yH5BAEAAAAALAAAAAABAAEAAAIBRAA7\" data-src=\"https:\/\/wncri.org\/fr\/wp-content\/uploads\/2023\/07\/Resilient-Iranians-defy-Guidance-Patrols-2-min.jpg\" alt=\"Les Iraniennes r\u00e9silientes d\u00e9fient le retour des patrouilles d'orientation  loi sur le hijab et la chastet\u00e9\" class=\"wp-image-18691 lazyload\"\/><noscript><img decoding=\"async\" width=\"750\" height=\"375\" src=\"https:\/\/wncri.org\/fr\/wp-content\/uploads\/2023\/07\/Resilient-Iranians-defy-Guidance-Patrols-2-min.jpg\" alt=\"Les Iraniennes r\u00e9silientes d\u00e9fient le retour des patrouilles d'orientation  loi sur le hijab et la chastet\u00e9\" class=\"wp-image-18691 lazyload\" srcset=\"https:\/\/wncri.org\/fr\/wp-content\/uploads\/2023\/07\/Resilient-Iranians-defy-Guidance-Patrols-2-min.jpg 750w, https:\/\/wncri.org\/fr\/wp-content\/uploads\/2023\/07\/Resilient-Iranians-defy-Guidance-Patrols-2-min-300x150.jpg 300w, https:\/\/wncri.org\/fr\/wp-content\/uploads\/2023\/07\/Resilient-Iranians-defy-Guidance-Patrols-2-min-360x180.jpg 360w\" sizes=\"(max-width: 750px) 100vw, 750px\" \/><\/noscript><\/figure>\n<\/div>\n\n\n<p><\/p>\n\n\n\n<p>Amanollah Gharaii Moghadam, sociologue affili\u00e9 \u00e0 l&#8217;\u00c9tat, a reconnu l&#8217;\u00e9tat explosif de la soci\u00e9t\u00e9 iranienne et a averti que le projet de loi \u00e9chouerait et entra\u00eenerait des bouleversements.<\/p>\n\n\n\n<p>Moghadam a d\u00e9clar\u00e9 : &#8220;Aujourd&#8217;hui, le niveau d&#8217;insatisfaction de la population est \u00e9lev\u00e9. Outre le co\u00fbt \u00e9lev\u00e9 de la vie, la soci\u00e9t\u00e9 a \u00e9galement subi d&#8217;importants changements intellectuels. Cette soci\u00e9t\u00e9 ne reviendra jamais \u00e0 l&#8217;\u00e9poque qui a pr\u00e9c\u00e9d\u00e9 la disparition de Mahsa Amini&#8221;. (Site web du quotidien d&#8217;\u00c9tat Faraz Daily, 14 ao\u00fbt 2023)<\/p>\n","protected":false},"excerpt":{"rendered":"<p>La commission juridique du parlement des mollahs a jusqu&#8217;\u00e0 pr\u00e9sent examin\u00e9 et adopt\u00e9 39 des 70 articles du projet de loi sur le hijab et la chastet\u00e9, officiellement rebaptis\u00e9 &#8220;Soutien \u00e0 la famille par la promotion de la culture de la chastet\u00e9 et du hijab&#8221;. Le mollah Naghdali, membre de la commission juridique, a d\u00e9clar\u00e9 [&hellip;]<\/p>\n","protected":false},"author":4,"featured_media":18804,"comment_status":"closed","ping_status":"closed","sticky":false,"template":"","format":"standard","meta":{"jnews-multi-image_gallery":[],"jnews_single_post":{"subtitle":"","format":"standard","video":"","gallery":"","source_name":"","source_url":"","via_name":"","via_url":"","override_template":"0","override":[{"template":"7","single_blog_custom":"","parallax":"1","fullscreen":"1","layout":"right-sidebar","sidebar":"default-sidebar","second_sidebar":"default-sidebar","sticky_sidebar":"1","share_position":"floatbottom","share_float_style":"share-normal","show_share_counter":"1","show_view_counter":"1","show_featured":"1","show_post_meta":"1","show_post_author":"0","show_post_author_image":"1","show_post_date":"1","post_date_format":"default","post_date_format_custom":"Y\/m\/d","show_post_category":"1","show_post_reading_time":"0","post_reading_time_wpm":"300","show_zoom_button":"0","zoom_button_out_step":"2","zoom_button_in_step":"3","show_post_tag":"1","show_prev_next_post":"0","show_popup_post":"1","number_popup_post":"1","show_author_box":"0","show_post_related":"1","show_inline_post_related":"0"}],"override_image_size":"0","image_override":[{"single_post_thumbnail_size":"crop-500","single_post_gallery_size":"crop-500"}],"trending_post":"0","trending_post_position":"meta","trending_post_label":"Trending","sponsored_post":"0","sponsored_post_label":"Sponsored by","sponsored_post_name":"","sponsored_post_url":"","sponsored_post_logo_enable":"0","sponsored_post_logo":"","sponsored_post_desc":"","disable_ad":"0"},"jnews_primary_category":{"id":"","hide":""},"jnews_social_meta":{"fb_title":"","fb_description":"","fb_image":"","twitter_title":"","twitter_description":"","twitter_image":""},"jnews_override_counter":{"override_view_counter":"0","view_counter_number":"0","override_share_counter":"0","share_counter_number":"0","override_like_counter":"0","like_counter_number":"0","override_dislike_counter":"0","dislike_counter_number":"0"},"footnotes":""},"categories":[3],"tags":[375],"class_list":["post-18836","post","type-post","status-publish","format-standard","has-post-thumbnail","hentry","category-infos-des-femmes","tag-voile-obligatoire"],"_links":{"self":[{"href":"https:\/\/wncri.org\/fr\/wp-json\/wp\/v2\/posts\/18836","targetHints":{"allow":["GET"]}}],"collection":[{"href":"https:\/\/wncri.org\/fr\/wp-json\/wp\/v2\/posts"}],"about":[{"href":"https:\/\/wncri.org\/fr\/wp-json\/wp\/v2\/types\/post"}],"author":[{"embeddable":true,"href":"https:\/\/wncri.org\/fr\/wp-json\/wp\/v2\/users\/4"}],"replies":[{"embeddable":true,"href":"https:\/\/wncri.org\/fr\/wp-json\/wp\/v2\/comments?post=18836"}],"version-history":[{"count":3,"href":"https:\/\/wncri.org\/fr\/wp-json\/wp\/v2\/posts\/18836\/revisions"}],"predecessor-version":[{"id":18840,"href":"https:\/\/wncri.org\/fr\/wp-json\/wp\/v2\/posts\/18836\/revisions\/18840"}],"wp:featuredmedia":[{"embeddable":true,"href":"https:\/\/wncri.org\/fr\/wp-json\/wp\/v2\/media\/18804"}],"wp:attachment":[{"href":"https:\/\/wncri.org\/fr\/wp-json\/wp\/v2\/media?parent=18836"}],"wp:term":[{"taxonomy":"category","embeddable":true,"href":"https:\/\/wncri.org\/fr\/wp-json\/wp\/v2\/categories?post=18836"},{"taxonomy":"post_tag","embeddable":true,"href":"https:\/\/wncri.org\/fr\/wp-json\/wp\/v2\/tags?post=18836"}],"curies":[{"name":"wp","href":"https:\/\/api.w.org\/{rel}","templated":true}]}}