{"id":18783,"date":"2023-08-09T11:19:32","date_gmt":"2023-08-09T09:19:32","guid":{"rendered":"https:\/\/wncri.org\/fr\/?p=18783"},"modified":"2023-08-09T11:20:01","modified_gmt":"2023-08-09T09:20:01","slug":"massoumeh-senobari-2","status":"publish","type":"post","link":"https:\/\/wncri.org\/fr\/2023\/08\/09\/massoumeh-senobari-2\/","title":{"rendered":"Isol\u00e9e depuis 8 mois, la prisonni\u00e8re politique Massoumeh Senobari est confront\u00e9e \u00e0 des conditions intol\u00e9rables"},"content":{"rendered":"\n<h2 class=\"wp-block-heading\">Sauvez Massoumeh Senobari, sauvez les prisonniers politiques en Iran<\/h2>\n\n\n\n<p>La prisonni\u00e8re politique Massoumeh Sanobari est isol\u00e9e dans une cellule de la prison Fardis de Karaj (alias prison Kachouii) depuis environ huit mois. Elle est d\u00e9tenue dans des conditions restrictives, isol\u00e9e des autres d\u00e9tenues, priv\u00e9e d&#8217;air frais sur ordre du juge qui pr\u00e9side son affaire.<\/p>\n\n\n\n<p>Selon une source fiable, Massoumeh Sanobari a d\u00e9pos\u00e9 pr\u00e8s d&#8217;un million de tomans sur le compte de la prison il y a quelques mois pour soigner son bras. Mais bien qu&#8217;elle ait pay\u00e9 les frais de son traitement, les autorit\u00e9s p\u00e9nitentiaires l&#8217;emp\u00eachent d&#8217;\u00eatre envoy\u00e9e \u00e0 l&#8217;h\u00f4pital pour soigner son bras bless\u00e9.<\/p>\n\n\n\n<p>Actuellement&nbsp;<a href=\"https:\/\/wncri.org\/fr\/2023\/01\/31\/militante-etudiante-niloufar-mirzaii\/\" target=\"_blank\" rel=\"noreferrer noopener\">d\u00e9tenue \u00e0 l\u2019isolement<\/a>&nbsp;dans le quartier des femmes, Massoumeh Senobari est isol\u00e9e de ses cod\u00e9tenues. Le juge charg\u00e9 de son dossier lui a impos\u00e9 cette mesure restrictive. En outre, des restrictions sont impos\u00e9es \u00e0 sa capacit\u00e9 \u00e0 contacter sa famille, les autorit\u00e9s l\u2019emp\u00eachant m\u00eame de recharger sa carte t\u00e9l\u00e9phonique. Ces atteintes se produisent alors que le droit fondamental de tout d\u00e9tenu \u00e0 rester en contact avec sa famille est reconnu.<\/p>\n\n\n\n<p>Selon le verdict de la Cour, Massoumeh Senobari, prisonni\u00e8re politique, n\u2019a pas le droit d\u2019interagir avec les autres d\u00e9tenues et est confin\u00e9e entre les murs d\u2019une prison \u201c\u00e0 portes ferm\u00e9es\u201d. Son acc\u00e8s \u00e0 l\u2019air frais est limit\u00e9 \u00e0 une heure tous les deux jours, pendant laquelle les autres d\u00e9tenues sont temporairement \u00e9loign\u00e9es de la cour pour emp\u00eacher toute communication.<\/p>\n\n\n\n<p>Massoumeh Senobari est originaire de Tabriz. Elle a \u00e9t\u00e9 arr\u00eat\u00e9e \u00e0 Karaj le 13 d\u00e9cembre 2022 et transf\u00e9r\u00e9e au d\u00e9partement des renseignements de la ville. Apr\u00e8s 40 jours d\u2019interrogatoire, elle a \u00e9t\u00e9 transf\u00e9r\u00e9e au quartier des femmes de la prison de Kachouii le 4 janvier 2023.<\/p>\n\n\n\n<p>Massoumeh Senobari est accus\u00e9e d\u2019avoir men\u00e9 des manifestations, ce qui a conduit \u00e0 son proc\u00e8s devant la premi\u00e8re section du tribunal r\u00e9volutionnaire de Karaj le 5 mars 2023. Le tribunal l\u2019a condamn\u00e9e \u00e0 une longue peine de prison de 7,5 ans, citant les accusations de \u201cparticipation \u00e0 des actes contre l\u2019\u00c9tat en tant que membre de l\u2019OMPI\u201d et de \u201cpropagande contre l\u2019\u00c9tat en participant \u00e0 des rassemblements ill\u00e9gaux, \u00e0 des campagnes de publicit\u00e9, en \u00e9crivant des graffitis sur les murs et en distribuant des photos de dirigeants de l\u2019OMPI\u201d.<\/p>\n\n\n<div class=\"wp-block-image\">\n<figure class=\"aligncenter size-full\"><img decoding=\"async\" src=\"data:image\/gif;base64,R0lGODlhAQABAIAAAAAAAP\/\/\/yH5BAEAAAAALAAAAAABAAEAAAIBRAA7\" data-src=\"https:\/\/wncri.org\/fr\/wp-content\/uploads\/2021\/02\/Political-Prisoner-Massoumeh-Senobari.jpg\" alt=\"La prisonni\u00e8re politique Massoumeh Senobari priv\u00e9e de soins malgr\u00e9 un cancer\" class=\"wp-image-12810 lazyload\"\/><noscript><img decoding=\"async\" width=\"750\" height=\"375\" src=\"https:\/\/wncri.org\/fr\/wp-content\/uploads\/2021\/02\/Political-Prisoner-Massoumeh-Senobari.jpg\" alt=\"La prisonni\u00e8re politique Massoumeh Senobari priv\u00e9e de soins malgr\u00e9 un cancer\" class=\"wp-image-12810 lazyload\" srcset=\"https:\/\/wncri.org\/fr\/wp-content\/uploads\/2021\/02\/Political-Prisoner-Massoumeh-Senobari.jpg 750w, https:\/\/wncri.org\/fr\/wp-content\/uploads\/2021\/02\/Political-Prisoner-Massoumeh-Senobari-300x150.jpg 300w, https:\/\/wncri.org\/fr\/wp-content\/uploads\/2021\/02\/Political-Prisoner-Massoumeh-Senobari-360x180.jpg 360w\" sizes=\"(max-width: 750px) 100vw, 750px\" \/><\/noscript><\/figure>\n<\/div>\n\n\n<p>Il est important de noter que la famille de Massoumeh Senobari n\u2019est pas au courant de son \u00e9tat de sant\u00e9 et exprime sa profonde inqui\u00e9tude quant \u00e0 son bien-\u00eatre. Elle est la fille de Mohammad Ali, n\u00e9e en 1988 \u00e0 Tabriz, et a elle-m\u00eame une fille. Elle a d\u00e9j\u00e0 \u00e9t\u00e9 condamn\u00e9e \u00e0 huit ans de prison pour \u201cpropagande contre l\u2019\u00c9tat\u201d et \u201cinsulte\u201d au guide supr\u00eame des mollahs, ce qui lui a valu d\u2019\u00eatre incarc\u00e9r\u00e9e dans le quartier des femmes de la prison centrale de Tabriz.<\/p>\n\n\n\n<p>Des arrestations ant\u00e9rieures et des cas de mauvais traitements graves ont marqu\u00e9 le parcours de Massoumeh Senobari. Le 24 f\u00e9vrier 2019, elle a \u00e9t\u00e9&nbsp;<a href=\"https:\/\/iranhrs.org\/%d9%85%d8%b9%d8%b5%d9%88%d9%85%d9%87-%d8%b5%d9%86%d9%88%d8%a8%d8%b1%db%8c-%d8%a8%d8%a7%d8%b2%d8%af%d8%a7%d8%b4%d8%aa-%d8%af%d8%b1-%da%a9%d8%b1%d8%ac\/\" target=\"_blank\" rel=\"noreferrer noopener\">arr\u00eat\u00e9e<\/a>&nbsp;et soumise \u00e0 des tortures brutales lors d\u2019un interrogatoire au d\u00e9partement des renseignements de Tabriz. Le traitement inhumain qu\u2019elle a subi l\u2019a rendue incapable de marcher \u00e0 cause des coups de fouet vicieux, ce qui lui a caus\u00e9 des fractures et des troubles de la vue. Malgr\u00e9 ses souffrances, elle a \u00e9t\u00e9 lib\u00e9r\u00e9e contre une caution de 600 millions de tomans jusqu\u2019\u00e0 son proc\u00e8s en ao\u00fbt 2019.<\/p>\n\n\n\n<p>Cependant, son calvaire s\u2019est poursuivi puisqu\u2019elle a \u00e9t\u00e9 de nouveau arr\u00eat\u00e9e sans avertissement le 5 f\u00e9vrier 2020, au domicile de sa s\u0153ur, et soumise \u00e0 de nouvelles tortures graves. En octobre 2020, elle a&nbsp;<a href=\"https:\/\/wncri.org\/fr\/2020\/10\/03\/prisonniere-politique-massoumeh-senobari\/\" target=\"_blank\" rel=\"noreferrer noopener\">contract\u00e9 la maladie de Covid-19<\/a>&nbsp;lors de l\u2019\u00e9pid\u00e9mie de coronavirus \u00e0 la prison centrale de Tabriz, ce qui a aggrav\u00e9 sa situation pr\u00e9caire.<\/p>\n\n\n\n<p>De plus, Massoumeh Senobari souffre de probl\u00e8mes cardiaques. Les autorit\u00e9s de la prison de Tabriz l\u2019ont emp\u00each\u00e9e de recevoir les m\u00e9dicaments n\u00e9cessaires fournis par sa famille. Elle a finalement \u00e9t\u00e9 lib\u00e9r\u00e9e en 2021, apr\u00e8s avoir endur\u00e9 des \u00e9preuves inimaginables.<\/p>\n\n\n\n<p>Le sort de Massoumeh Senobari est un&nbsp;<a href=\"https:\/\/wncri.org\/fr\/2021\/02\/11\/malgre-un-cancer\/\" target=\"_blank\" rel=\"noreferrer noopener\">rappel<\/a>&nbsp;poignant des luttes permanentes des prisonniers politiques et de la n\u00e9cessit\u00e9 urgente de faire pr\u00e9valoir la justice et les droits de l\u2019Homme.<\/p>\n","protected":false},"excerpt":{"rendered":"<p>Sauvez Massoumeh Senobari, sauvez les prisonniers politiques en Iran La prisonni\u00e8re politique Massoumeh Sanobari est isol\u00e9e dans une cellule de la prison Fardis de Karaj (alias prison Kachouii) depuis environ huit mois. Elle est d\u00e9tenue dans des conditions restrictives, isol\u00e9e des autres d\u00e9tenues, priv\u00e9e d&#8217;air frais sur ordre du juge qui pr\u00e9side son affaire. Selon [&hellip;]<\/p>\n","protected":false},"author":4,"featured_media":18784,"comment_status":"closed","ping_status":"closed","sticky":false,"template":"","format":"standard","meta":{"jnews-multi-image_gallery":[],"jnews_single_post":{"subtitle":"","format":"standard","video":"","gallery":"","source_name":"","source_url":"","via_name":"","via_url":"","override_template":"0","override":[{"template":"7","single_blog_custom":"","parallax":"1","fullscreen":"1","layout":"right-sidebar","sidebar":"default-sidebar","second_sidebar":"default-sidebar","sticky_sidebar":"1","share_position":"floatbottom","share_float_style":"share-normal","show_share_counter":"1","show_view_counter":"1","show_featured":"1","show_post_meta":"1","show_post_author":"0","show_post_author_image":"1","show_post_date":"1","post_date_format":"default","post_date_format_custom":"Y\/m\/d","show_post_category":"1","show_post_reading_time":"0","post_reading_time_wpm":"300","show_zoom_button":"0","zoom_button_out_step":"2","zoom_button_in_step":"3","show_post_tag":"1","show_prev_next_post":"0","show_popup_post":"1","number_popup_post":"1","show_author_box":"0","show_post_related":"1","show_inline_post_related":"0"}],"override_image_size":"0","image_override":[{"single_post_thumbnail_size":"crop-500","single_post_gallery_size":"crop-500"}],"trending_post":"0","trending_post_position":"meta","trending_post_label":"Trending","sponsored_post":"0","sponsored_post_label":"Sponsored by","sponsored_post_name":"","sponsored_post_url":"","sponsored_post_logo_enable":"0","sponsored_post_logo":"","sponsored_post_desc":"","disable_ad":"0"},"jnews_primary_category":{"id":"","hide":""},"jnews_social_meta":{"fb_title":"","fb_description":"","fb_image":"","twitter_title":"","twitter_description":"","twitter_image":""},"jnews_override_counter":{"override_view_counter":"0","view_counter_number":"0","override_share_counter":"0","share_counter_number":"0","override_like_counter":"0","like_counter_number":"0","override_dislike_counter":"0","dislike_counter_number":"0"},"footnotes":""},"categories":[3],"tags":[370,376],"class_list":["post-18783","post","type-post","status-publish","format-standard","has-post-thumbnail","hentry","category-infos-des-femmes","tag-prisonnieres","tag-violence-contre-les-femmes"],"_links":{"self":[{"href":"https:\/\/wncri.org\/fr\/wp-json\/wp\/v2\/posts\/18783","targetHints":{"allow":["GET"]}}],"collection":[{"href":"https:\/\/wncri.org\/fr\/wp-json\/wp\/v2\/posts"}],"about":[{"href":"https:\/\/wncri.org\/fr\/wp-json\/wp\/v2\/types\/post"}],"author":[{"embeddable":true,"href":"https:\/\/wncri.org\/fr\/wp-json\/wp\/v2\/users\/4"}],"replies":[{"embeddable":true,"href":"https:\/\/wncri.org\/fr\/wp-json\/wp\/v2\/comments?post=18783"}],"version-history":[{"count":1,"href":"https:\/\/wncri.org\/fr\/wp-json\/wp\/v2\/posts\/18783\/revisions"}],"predecessor-version":[{"id":18785,"href":"https:\/\/wncri.org\/fr\/wp-json\/wp\/v2\/posts\/18783\/revisions\/18785"}],"wp:featuredmedia":[{"embeddable":true,"href":"https:\/\/wncri.org\/fr\/wp-json\/wp\/v2\/media\/18784"}],"wp:attachment":[{"href":"https:\/\/wncri.org\/fr\/wp-json\/wp\/v2\/media?parent=18783"}],"wp:term":[{"taxonomy":"category","embeddable":true,"href":"https:\/\/wncri.org\/fr\/wp-json\/wp\/v2\/categories?post=18783"},{"taxonomy":"post_tag","embeddable":true,"href":"https:\/\/wncri.org\/fr\/wp-json\/wp\/v2\/tags?post=18783"}],"curies":[{"name":"wp","href":"https:\/\/api.w.org\/{rel}","templated":true}]}}