{"id":18746,"date":"2023-07-29T22:53:05","date_gmt":"2023-07-29T20:53:05","guid":{"rendered":"https:\/\/wncri.org\/fr\/?p=18746"},"modified":"2023-07-29T22:54:07","modified_gmt":"2023-07-29T20:54:07","slug":"reyhaneh-ansarinejad","status":"publish","type":"post","link":"https:\/\/wncri.org\/fr\/2023\/07\/29\/reyhaneh-ansarinejad\/","title":{"rendered":"Reyhaneh Ansarinejad, militante syndicale, condamn\u00e9e \u00e0 4 ans de prison"},"content":{"rendered":"\n<p>Le tribunal r\u00e9volutionnaire de T\u00e9h\u00e9ran a condamn\u00e9 Reyhaneh Ansarinejad, une militante syndicale, \u00e0 4 ans d&#8217;emprisonnement et de privation sociale.<\/p>\n\n\n\n<p>Selon Razieh Zaidi, l&#8217;avocat de Mme Ansarinejad, la 15\u00e8me branche du Tribunal r\u00e9volutionnaire de T\u00e9h\u00e9ran a r\u00e9cemment rendu un verdict condamnant Mme Reyhaneh Ansarinejad \u00e0 4 ans de prison pour &#8220;rassemblement et collusion en vue d&#8217;agir contre la s\u00e9curit\u00e9 de l&#8217;Etat&#8221;. Le tribunal a inform\u00e9 Reyhaneh Anasarinejad du verdict et des peines suppl\u00e9mentaires, lui interdisant d&#8217;adh\u00e9rer \u00e0 des partis, groupes et organisations politiques, d&#8217;exercer des activit\u00e9s dans le cyberespace, les m\u00e9dias et la presse, et de quitter le pays pendant deux ans.<\/p>\n\n\n\n<p>Le proc\u00e8s de Reyhaneh Ansarinejad a eu lieu le 17 juillet 2023, \u00e0 la branche 15 du tribunal r\u00e9volutionnaire de T\u00e9h\u00e9ran.<\/p>\n\n\n<div class=\"wp-block-image\">\n<figure class=\"aligncenter size-full\"><img decoding=\"async\" src=\"data:image\/gif;base64,R0lGODlhAQABAIAAAAAAAP\/\/\/yH5BAEAAAAALAAAAAABAAEAAAIBRAA7\" data-src=\"https:\/\/wncri.org\/fr\/wp-content\/uploads\/2023\/07\/Reyhaneh-Ansarinejad-2-min.jpg\" alt=\"Reyhaneh Ansarinejad, militante syndicale, condamn\u00e9e \u00e0 4 ans de prison\" class=\"wp-image-18748 lazyload\"\/><noscript><img decoding=\"async\" width=\"750\" height=\"375\" src=\"https:\/\/wncri.org\/fr\/wp-content\/uploads\/2023\/07\/Reyhaneh-Ansarinejad-2-min.jpg\" alt=\"Reyhaneh Ansarinejad, militante syndicale, condamn\u00e9e \u00e0 4 ans de prison\" class=\"wp-image-18748 lazyload\" srcset=\"https:\/\/wncri.org\/fr\/wp-content\/uploads\/2023\/07\/Reyhaneh-Ansarinejad-2-min.jpg 750w, https:\/\/wncri.org\/fr\/wp-content\/uploads\/2023\/07\/Reyhaneh-Ansarinejad-2-min-300x150.jpg 300w, https:\/\/wncri.org\/fr\/wp-content\/uploads\/2023\/07\/Reyhaneh-Ansarinejad-2-min-360x180.jpg 360w\" sizes=\"(max-width: 750px) 100vw, 750px\" \/><\/noscript><figcaption class=\"wp-element-caption\">Reyhaneh Ansarinejad<\/figcaption><\/figure>\n<\/div>\n\n\n<p>Le vendredi 28 avril 2023, \u00e0 la veille de <a href=\"https:\/\/fr.wikipedia.org\/wiki\/Journ%C3%A9e_internationale_des_travailleurs\" target=\"_blank\" rel=\"noreferrer noopener\">la Journ\u00e9e internationale du travail<\/a>, les forces de s\u00e9curit\u00e9 ont fait une descente dans la r\u00e9sidence de l&#8217;enseignant emprisonn\u00e9 Mohammad Habibi. Elles ont violemment arr\u00eat\u00e9 plusieurs enseignants et militants syndicaux qui se trouvaient dans la maison. Mme Ansarinejad faisait partie des personnes <a href=\"https:\/\/wncri.org\/fr\/2023\/04\/30\/syndicales\/\" target=\"_blank\" rel=\"noreferrer noopener\">arr\u00eat\u00e9es lors de ce raid<\/a> et emmen\u00e9es \u00e0 la <a href=\"https:\/\/wncri.org\/fr\/2021\/12\/10\/les-conditions-des-femmes-prisons\/\" target=\"_blank\" rel=\"noreferrer noopener\">prison d&#8217;Evin<\/a>. Dix jours plus tard, elle a \u00e9t\u00e9 lib\u00e9r\u00e9e apr\u00e8s avoir vers\u00e9 une caution d&#8217;un milliard de tomans.<\/p>\n\n\n\n<p>L&#8217;ann\u00e9e pr\u00e9c\u00e9dente, Reyhaneh Ansarinejad avait <a href=\"https:\/\/wncri.org\/fr\/2022\/08\/02\/militante-des-droits-des-femmes\/\" target=\"_blank\" rel=\"noreferrer noopener\">\u00e9t\u00e9 violemment arr\u00eat\u00e9e<\/a> le 12 mai 2022 par des agents du minist\u00e8re du renseignement. Les agents ont fait irruption chez elle apr\u00e8s minuit et l&#8217;ont fouill\u00e9e pendant plusieurs heures. Elle a pass\u00e9 plusieurs mois en prison dans des conditions ind\u00e9termin\u00e9es.<\/p>\n\n\n\n<p>Mme Ansarinejad est l&#8217;unique tutrice de sa petite fille.<\/p>\n","protected":false},"excerpt":{"rendered":"<p>Le tribunal r\u00e9volutionnaire de T\u00e9h\u00e9ran a condamn\u00e9 Reyhaneh Ansarinejad, une militante syndicale, \u00e0 4 ans d&#8217;emprisonnement et de privation sociale. Selon Razieh Zaidi, l&#8217;avocat de Mme Ansarinejad, la 15\u00e8me branche du Tribunal r\u00e9volutionnaire de T\u00e9h\u00e9ran a r\u00e9cemment rendu un verdict condamnant Mme Reyhaneh Ansarinejad \u00e0 4 ans de prison pour &#8220;rassemblement et collusion en vue [&hellip;]<\/p>\n","protected":false},"author":4,"featured_media":18747,"comment_status":"closed","ping_status":"closed","sticky":false,"template":"","format":"standard","meta":{"jnews-multi-image_gallery":[],"jnews_single_post":{"subtitle":"","format":"standard","video":"","gallery":"","source_name":"","source_url":"","via_name":"","via_url":"","override_template":"0","override":[{"template":"7","single_blog_custom":"","parallax":"1","fullscreen":"1","layout":"right-sidebar","sidebar":"default-sidebar","second_sidebar":"default-sidebar","sticky_sidebar":"1","share_position":"floatbottom","share_float_style":"share-normal","show_share_counter":"1","show_view_counter":"1","show_featured":"1","show_post_meta":"1","show_post_author":"0","show_post_author_image":"1","show_post_date":"1","post_date_format":"default","post_date_format_custom":"Y\/m\/d","show_post_category":"1","show_post_reading_time":"0","post_reading_time_wpm":"300","show_zoom_button":"0","zoom_button_out_step":"2","zoom_button_in_step":"3","show_post_tag":"1","show_prev_next_post":"0","show_popup_post":"1","number_popup_post":"1","show_author_box":"0","show_post_related":"1","show_inline_post_related":"0"}],"override_image_size":"0","image_override":[{"single_post_thumbnail_size":"crop-500","single_post_gallery_size":"crop-500"}],"trending_post":"0","trending_post_position":"meta","trending_post_label":"Trending","sponsored_post":"0","sponsored_post_label":"Sponsored by","sponsored_post_name":"","sponsored_post_url":"","sponsored_post_logo_enable":"0","sponsored_post_logo":"","sponsored_post_desc":"","disable_ad":"0"},"jnews_primary_category":{"id":"","hide":""},"jnews_social_meta":{"fb_title":"","fb_description":"","fb_image":"","twitter_title":"","twitter_description":"","twitter_image":""},"jnews_override_counter":{"override_view_counter":"0","view_counter_number":"0","override_share_counter":"0","share_counter_number":"0","override_like_counter":"0","like_counter_number":"0","override_dislike_counter":"0","dislike_counter_number":"0"},"footnotes":""},"categories":[3],"tags":[370,376],"class_list":["post-18746","post","type-post","status-publish","format-standard","has-post-thumbnail","hentry","category-infos-des-femmes","tag-prisonnieres","tag-violence-contre-les-femmes"],"_links":{"self":[{"href":"https:\/\/wncri.org\/fr\/wp-json\/wp\/v2\/posts\/18746","targetHints":{"allow":["GET"]}}],"collection":[{"href":"https:\/\/wncri.org\/fr\/wp-json\/wp\/v2\/posts"}],"about":[{"href":"https:\/\/wncri.org\/fr\/wp-json\/wp\/v2\/types\/post"}],"author":[{"embeddable":true,"href":"https:\/\/wncri.org\/fr\/wp-json\/wp\/v2\/users\/4"}],"replies":[{"embeddable":true,"href":"https:\/\/wncri.org\/fr\/wp-json\/wp\/v2\/comments?post=18746"}],"version-history":[{"count":1,"href":"https:\/\/wncri.org\/fr\/wp-json\/wp\/v2\/posts\/18746\/revisions"}],"predecessor-version":[{"id":18749,"href":"https:\/\/wncri.org\/fr\/wp-json\/wp\/v2\/posts\/18746\/revisions\/18749"}],"wp:featuredmedia":[{"embeddable":true,"href":"https:\/\/wncri.org\/fr\/wp-json\/wp\/v2\/media\/18747"}],"wp:attachment":[{"href":"https:\/\/wncri.org\/fr\/wp-json\/wp\/v2\/media?parent=18746"}],"wp:term":[{"taxonomy":"category","embeddable":true,"href":"https:\/\/wncri.org\/fr\/wp-json\/wp\/v2\/categories?post=18746"},{"taxonomy":"post_tag","embeddable":true,"href":"https:\/\/wncri.org\/fr\/wp-json\/wp\/v2\/tags?post=18746"}],"curies":[{"name":"wp","href":"https:\/\/api.w.org\/{rel}","templated":true}]}}