{"id":18735,"date":"2023-07-28T22:50:00","date_gmt":"2023-07-28T20:50:00","guid":{"rendered":"https:\/\/wncri.org\/fr\/?p=18735"},"modified":"2023-07-29T14:00:36","modified_gmt":"2023-07-29T12:00:36","slug":"victimes-des-manifestations","status":"publish","type":"post","link":"https:\/\/wncri.org\/fr\/2023\/07\/28\/victimes-des-manifestations\/","title":{"rendered":"Les Iraniens comm\u00e9morent les victimes des manifestations en Iran \u00e0 l&#8217;occasion d&#8217;un \u00e9v\u00e9nement religieux"},"content":{"rendered":"\n<h2 class=\"wp-block-heading\">Comm\u00e9moration des victimes des manifestations de 2022-2023 en Iran<\/h2>\n\n\n\n<p>Le peuple iranien a profit\u00e9 de l&#8217;une des occasions religieuses les plus importantes en Iran et au Moyen-Orient pour rendre hommage aux victimes des manifestations de 2022-2023 en Iran.<\/p>\n\n\n\n<p>Le vendredi 28 juillet 2023 a marqu\u00e9 le jour du martyre du troisi\u00e8me imam chiite, Hussain (AS), le petit-fils bien-aim\u00e9 du proph\u00e8te Mohammad. Cet incident symbolise le sacrifice dans la lutte contre l&#8217;oppression et l&#8217;injustice.<\/p>\n\n\n<div class=\"wp-block-image\">\n<figure class=\"aligncenter size-full\"><img decoding=\"async\" src=\"data:image\/gif;base64,R0lGODlhAQABAIAAAAAAAP\/\/\/yH5BAEAAAAALAAAAAABAAEAAAIBRAA7\" data-src=\"https:\/\/wncri.org\/fr\/wp-content\/uploads\/2023\/07\/music-group-goes-to-Ghazaleh-Chalabi-tomb-min.jpg\" alt=\"Les Iraniens comm\u00e9morent les victimes des manifestations\" class=\"wp-image-18736 lazyload\"\/><noscript><img decoding=\"async\" width=\"750\" height=\"375\" src=\"https:\/\/wncri.org\/fr\/wp-content\/uploads\/2023\/07\/music-group-goes-to-Ghazaleh-Chalabi-tomb-min.jpg\" alt=\"Les Iraniens comm\u00e9morent les victimes des manifestations\" class=\"wp-image-18736 lazyload\" srcset=\"https:\/\/wncri.org\/fr\/wp-content\/uploads\/2023\/07\/music-group-goes-to-Ghazaleh-Chalabi-tomb-min.jpg 750w, https:\/\/wncri.org\/fr\/wp-content\/uploads\/2023\/07\/music-group-goes-to-Ghazaleh-Chalabi-tomb-min-300x150.jpg 300w, https:\/\/wncri.org\/fr\/wp-content\/uploads\/2023\/07\/music-group-goes-to-Ghazaleh-Chalabi-tomb-min-360x180.jpg 360w\" sizes=\"(max-width: 750px) 100vw, 750px\" \/><\/noscript><figcaption class=\"wp-element-caption\">Un groupe de musiciens d&#8217;Amol rend hommage \u00e0 Ghazaleh Chalabi, tu\u00e9 lors des manifestations en Iran en 2022.<\/figcaption><\/figure>\n<\/div>\n\n\n<p>Un groupe de musiciens s&#8217;est rendu sur la tombe de <a href=\"https:\/\/wncri.org\/fr\/2023\/04\/01\/ghazaleh-chelabi\/\" target=\"_blank\" rel=\"noreferrer noopener\">Ghazaleh Chalabi<\/a> \u00e0 Amol. Ils ont jou\u00e9 un morceau m\u00e9morable en hommage \u00e0 ceux qui meurent dans la lutte pour la libert\u00e9.<\/p>\n\n\n\n<p>Pour voir le clip vid\u00e9o, <a href=\"https:\/\/twitter.com\/i\/status\/1684929770138554368\" target=\"_blank\" rel=\"noreferrer noopener\">cliquez ici<\/a>.<\/p>\n\n\n<div class=\"wp-block-image\">\n<figure class=\"aligncenter size-full\"><img decoding=\"async\" src=\"data:image\/gif;base64,R0lGODlhAQABAIAAAAAAAP\/\/\/yH5BAEAAAAALAAAAAABAAEAAAIBRAA7\" data-src=\"https:\/\/wncri.org\/fr\/wp-content\/uploads\/2023\/07\/Paying-tribute-to-Mehrshad-Shahidi-min.jpg\" alt=\"Les Iraniens comm\u00e9morent les victimes des manifestations\" class=\"wp-image-18737 lazyload\"\/><noscript><img decoding=\"async\" width=\"750\" height=\"375\" src=\"https:\/\/wncri.org\/fr\/wp-content\/uploads\/2023\/07\/Paying-tribute-to-Mehrshad-Shahidi-min.jpg\" alt=\"Les Iraniens comm\u00e9morent les victimes des manifestations\" class=\"wp-image-18737 lazyload\" srcset=\"https:\/\/wncri.org\/fr\/wp-content\/uploads\/2023\/07\/Paying-tribute-to-Mehrshad-Shahidi-min.jpg 750w, https:\/\/wncri.org\/fr\/wp-content\/uploads\/2023\/07\/Paying-tribute-to-Mehrshad-Shahidi-min-300x150.jpg 300w, https:\/\/wncri.org\/fr\/wp-content\/uploads\/2023\/07\/Paying-tribute-to-Mehrshad-Shahidi-min-360x180.jpg 360w\" sizes=\"(max-width: 750px) 100vw, 750px\" \/><\/noscript><figcaption class=\"wp-element-caption\">Les habitants d&#8217;Arak se sont rassembl\u00e9s sur la tombe de Mehrshad Shahidi et l&#8217;ont comm\u00e9mor\u00e9.<\/figcaption><\/figure>\n<\/div>\n\n\n<p>\u00c0 Arak, les gens se sont rassembl\u00e9s sur la tombe de <a href=\"https:\/\/wncri.org\/fr\/2022\/11\/03\/des-milliers\/\" target=\"_blank\" rel=\"noreferrer noopener\">Mehrshad Shahidi<\/a>, le jeune boulanger qui est mort lors des manifestations de l&#8217;ann\u00e9e derni\u00e8re dans cette ville.<\/p>\n\n\n\n<p>Pour voir le clip vid\u00e9o, <a href=\"https:\/\/twitter.com\/i\/status\/1684896783774654464\" target=\"_blank\" rel=\"noreferrer noopener\">cliquez ici<\/a>.<\/p>\n\n\n\n<p>Les gens ont fait de m\u00eame \u00e0 Saqqez, <a href=\"https:\/\/fr.wikipedia.org\/wiki\/Karadj\" target=\"_blank\" rel=\"noreferrer noopener\">Karadj<\/a>, Izeh et dans d&#8217;autres villes, profitant de l&#8217;occasion religieuse pour rendre hommage aux jeunes qui ont donn\u00e9 leur vie pour leur pays.<\/p>\n","protected":false},"excerpt":{"rendered":"<p>Comm\u00e9moration des victimes des manifestations de 2022-2023 en Iran Le peuple iranien a profit\u00e9 de l&#8217;une des occasions religieuses les plus importantes en Iran et au Moyen-Orient pour rendre hommage aux victimes des manifestations de 2022-2023 en Iran. Le vendredi 28 juillet 2023 a marqu\u00e9 le jour du martyre du troisi\u00e8me imam chiite, Hussain (AS), [&hellip;]<\/p>\n","protected":false},"author":4,"featured_media":18738,"comment_status":"closed","ping_status":"closed","sticky":false,"template":"","format":"standard","meta":{"jnews-multi-image_gallery":[],"jnews_single_post":{"subtitle":"","format":"standard","video":"","gallery":"","source_name":"","source_url":"","via_name":"","via_url":"","override_template":"0","override":[{"template":"7","single_blog_custom":"","parallax":"1","fullscreen":"1","layout":"right-sidebar","sidebar":"default-sidebar","second_sidebar":"default-sidebar","sticky_sidebar":"1","share_position":"floatbottom","share_float_style":"share-normal","show_share_counter":"1","show_view_counter":"1","show_featured":"1","show_post_meta":"1","show_post_author":"0","show_post_author_image":"1","show_post_date":"1","post_date_format":"default","post_date_format_custom":"Y\/m\/d","show_post_category":"1","show_post_reading_time":"0","post_reading_time_wpm":"300","show_zoom_button":"0","zoom_button_out_step":"2","zoom_button_in_step":"3","show_post_tag":"1","show_prev_next_post":"0","show_popup_post":"1","number_popup_post":"1","show_author_box":"0","show_post_related":"1","show_inline_post_related":"0"}],"override_image_size":"0","image_override":[{"single_post_thumbnail_size":"crop-500","single_post_gallery_size":"crop-500"}],"trending_post":"0","trending_post_position":"meta","trending_post_label":"Trending","sponsored_post":"0","sponsored_post_label":"Sponsored by","sponsored_post_name":"","sponsored_post_url":"","sponsored_post_logo_enable":"0","sponsored_post_logo":"","sponsored_post_desc":"","disable_ad":"0"},"jnews_primary_category":{"id":"","hide":""},"jnews_social_meta":{"fb_title":"","fb_description":"","fb_image":"","twitter_title":"","twitter_description":"","twitter_image":""},"jnews_override_counter":{"override_view_counter":"0","view_counter_number":"0","override_share_counter":"0","share_counter_number":"0","override_like_counter":"0","like_counter_number":"0","override_dislike_counter":"0","dislike_counter_number":"0"},"footnotes":""},"categories":[3],"tags":[382,369],"class_list":["post-18735","post","type-post","status-publish","format-standard","has-post-thumbnail","hentry","category-infos-des-femmes","tag-generation-egalite","tag-manifestations"],"_links":{"self":[{"href":"https:\/\/wncri.org\/fr\/wp-json\/wp\/v2\/posts\/18735","targetHints":{"allow":["GET"]}}],"collection":[{"href":"https:\/\/wncri.org\/fr\/wp-json\/wp\/v2\/posts"}],"about":[{"href":"https:\/\/wncri.org\/fr\/wp-json\/wp\/v2\/types\/post"}],"author":[{"embeddable":true,"href":"https:\/\/wncri.org\/fr\/wp-json\/wp\/v2\/users\/4"}],"replies":[{"embeddable":true,"href":"https:\/\/wncri.org\/fr\/wp-json\/wp\/v2\/comments?post=18735"}],"version-history":[{"count":1,"href":"https:\/\/wncri.org\/fr\/wp-json\/wp\/v2\/posts\/18735\/revisions"}],"predecessor-version":[{"id":18739,"href":"https:\/\/wncri.org\/fr\/wp-json\/wp\/v2\/posts\/18735\/revisions\/18739"}],"wp:featuredmedia":[{"embeddable":true,"href":"https:\/\/wncri.org\/fr\/wp-json\/wp\/v2\/media\/18738"}],"wp:attachment":[{"href":"https:\/\/wncri.org\/fr\/wp-json\/wp\/v2\/media?parent=18735"}],"wp:term":[{"taxonomy":"category","embeddable":true,"href":"https:\/\/wncri.org\/fr\/wp-json\/wp\/v2\/categories?post=18735"},{"taxonomy":"post_tag","embeddable":true,"href":"https:\/\/wncri.org\/fr\/wp-json\/wp\/v2\/tags?post=18735"}],"curies":[{"name":"wp","href":"https:\/\/api.w.org\/{rel}","templated":true}]}}