{"id":18665,"date":"2023-07-14T16:42:51","date_gmt":"2023-07-14T14:42:51","guid":{"rendered":"https:\/\/wncri.org\/fr\/?p=18665"},"modified":"2023-07-15T16:47:42","modified_gmt":"2023-07-15T14:47:42","slug":"la-prisonniere-kurde-resistante","status":"publish","type":"post","link":"https:\/\/wncri.org\/fr\/2023\/07\/14\/la-prisonniere-kurde-resistante\/","title":{"rendered":"Sakineh Parvaneh, prisonni\u00e8re kurde r\u00e9sistante, d\u00e9tenue depuis 4 mois sans proc\u00e8s"},"content":{"rendered":"\n<p>La prisonni\u00e8re kurde r\u00e9sistante Sakineh Parvaneh est d\u00e9tenue \u00e0 la prison centrale de Mashhad depuis quatre mois sans avoir \u00e9t\u00e9 jug\u00e9e. Le juge qui pr\u00e9side son affaire <a href=\"https:\/\/iranhrs.org\/%d8%b3%da%a9%db%8c%d9%86%d9%87-%d9%be%d8%b1%d9%88%d8%a7%d9%86%d9%87-%d8%a8%d9%84%d8%a7%d8%aa%da%a9%d9%84%db%8c%d9%81%db%8c-%d8%af%d8%b1-%d8%b2%d9%86%d8%af%d8%a7%d9%86-%d9%85%d8%b4%d9%87%d8%af\/\" target=\"_blank\" rel=\"noreferrer noopener\">n&#8217;autorise pas sa lib\u00e9ration<\/a> sous caution.<\/p>\n\n\n\n<p>Sakineh Parvaneh, citoyenne kurde originaire de Machad, a \u00e9t\u00e9 arr\u00eat\u00e9e, pour la deuxi\u00e8me fois d\u2019un mois, le mardi 4 avril 2023, apr\u00e8s avoir \u00e9t\u00e9 convoqu\u00e9e au bureau du procureur g\u00e9n\u00e9ral et r\u00e9volutionnaire de Machad.<\/p>\n\n\n\n<p>Elle avait \u00e9t\u00e9 arr\u00eat\u00e9e le 7 mars 2023 et lib\u00e9r\u00e9e au bout de quatre jours.<\/p>\n\n\n\n<h3 class=\"wp-block-heading\"><strong>Informations sur la prisonni\u00e8re kurde r\u00e9sistante Sakineh Parvaneh<\/strong><\/h3>\n\n\n\n<p>Sakineh Parvaneh est n\u00e9e en 1988. Au d\u00e9but de l\u2019automne 2019, des agents de s\u00e9curit\u00e9 l\u2019ont arr\u00eat\u00e9e parce qu\u2019elle avait rendu visite \u00e0 sa famille \u00e0 Soleimaniya, au Kurdistan d\u2019Irak. Ils l\u2019ont emmen\u00e9e \u00e0 la fronti\u00e8re entre l\u2019Iran et l\u2019Irak. Elle a \u00e9t\u00e9 d\u00e9tenue pendant dix jours dans les centres de d\u00e9tention de Marivan et de Sanandaj. Elle a ensuite \u00e9t\u00e9 transf\u00e9r\u00e9e \u00e0 la prison d\u2019Evine \u00e0 T\u00e9h\u00e9ran.<\/p>\n\n\n\n<p>Elle a subi des interrogatoires muscl\u00e9s sous la torture psychologique et physique dans le pavillon 2A, le pavillon 209 et le pavillon des femmes de la prison d\u2019Evine. Pendant cette p\u00e9riode, elle a \u00e9t\u00e9 priv\u00e9e de visites.<\/p>\n\n\n\n<p>En mars 2020, apr\u00e8s avoir \u00e9crit des graffitis sur les murs d\u2019Evine, elle a \u00e9t\u00e9 envoy\u00e9e \u00e0 la sinistre c\u00e9l\u00e8bre&nbsp;<a href=\"https:\/\/wncri.org\/fr\/2020\/04\/20\/regard-sur-la-situation-tragique-a-la-prison-pour-femmes-de-qarchak-en-iran\/\" target=\"_blank\" rel=\"noreferrer noopener\">prison de Qarchak<\/a>, o\u00f9 elle a \u00e9t\u00e9 d\u00e9tenue \u00e0 l\u2019isolement pendant quatre jours avec des menottes et des menottes aux pieds. Les gardiens de prison l\u2019ont ensuite emmen\u00e9e \u00e0 l\u2019h\u00f4pital psychiatrique d\u2019Aminabad, \u00e0 Chahre Rey.<\/p>\n\n\n<div class=\"wp-block-image\">\n<figure class=\"aligncenter size-full\"><img decoding=\"async\" src=\"data:image\/gif;base64,R0lGODlhAQABAIAAAAAAAP\/\/\/yH5BAEAAAAALAAAAAABAAEAAAIBRAA7\" data-src=\"https:\/\/wncri.org\/fr\/wp-content\/uploads\/2021\/05\/La-greve-de-la-faim-de-la-prisonniere-politique-kurde-Sakineh-Parvaneh.jpg\" alt=\"prisonni\u00e8re kurde r\u00e9sistante L'\u00e9tudiante en ing\u00e9nierie Samaneh Asghari\" class=\"wp-image-13344 lazyload\"\/><noscript><img decoding=\"async\" width=\"750\" height=\"375\" src=\"https:\/\/wncri.org\/fr\/wp-content\/uploads\/2021\/05\/La-greve-de-la-faim-de-la-prisonniere-politique-kurde-Sakineh-Parvaneh.jpg\" alt=\"prisonni\u00e8re kurde r\u00e9sistante L'\u00e9tudiante en ing\u00e9nierie Samaneh Asghari\" class=\"wp-image-13344 lazyload\" srcset=\"https:\/\/wncri.org\/fr\/wp-content\/uploads\/2021\/05\/La-greve-de-la-faim-de-la-prisonniere-politique-kurde-Sakineh-Parvaneh.jpg 750w, https:\/\/wncri.org\/fr\/wp-content\/uploads\/2021\/05\/La-greve-de-la-faim-de-la-prisonniere-politique-kurde-Sakineh-Parvaneh-300x150.jpg 300w, https:\/\/wncri.org\/fr\/wp-content\/uploads\/2021\/05\/La-greve-de-la-faim-de-la-prisonniere-politique-kurde-Sakineh-Parvaneh-360x180.jpg 360w\" sizes=\"(max-width: 750px) 100vw, 750px\" \/><\/noscript><figcaption class=\"wp-element-caption\">Sakineh Parvaneh <\/figcaption><\/figure>\n<\/div>\n\n\n<p>Apr\u00e8s&nbsp;<a href=\"https:\/\/wncri.org\/2020\/04\/13\/qarchak-prison-political-prisoner-transferred-to-psychiatric-hospital\/\" target=\"_blank\" rel=\"noreferrer noopener\">25 jours \u00e0 Aminabad<\/a>, la prisonni\u00e8re kurde r\u00e9sistante Sakineh Parvaneh a \u00e9t\u00e9 renvoy\u00e9e au quartier de quarantaine de la&nbsp;<a href=\"https:\/\/wncri.org\/fr\/2020\/04\/20\/regard-sur-la-situation-tragique-a-la-prison-pour-femmes-de-qarchak-en-iran\/\" target=\"_blank\" rel=\"noreferrer noopener\">prison de Qarchak.<\/a><\/p>\n\n\n\n<p>Le 25 mai 2020, elle a entam\u00e9 une&nbsp;<a href=\"https:\/\/wncri.org\/fr\/2021\/05\/26\/la-greve-de-la-faim-de-la-prisonniere-politique-kurde-sakineh-parvaneh\/\">gr\u00e8ve de la faim<\/a>&nbsp;pour protester contre sa condamnation \u00e0 cinq ans de prison, l\u2019interdiction pendant deux ans d\u2019appartenir \u00e0 des groupes politiques et sa d\u00e9tention dans des conditions o\u00f9 la cat\u00e9gorie de leurs d\u00e9lits ne s\u00e9parait pas les prisonni\u00e8res.<\/p>\n\n\n\n<p>Le 4 juillet 2020, elle est renvoy\u00e9e \u00e0 la prison d\u2019Evine alors qu\u2019elle porte des cicatrices et des ecchymoses dues aux coups re\u00e7us. En ao\u00fbt, elle a \u00e9t\u00e9 condamn\u00e9e \u00e0 deux ann\u00e9es suppl\u00e9mentaires pour \u201c\u00e9meute en prison\u201d.<\/p>\n\n\n\n<p>La prisonni\u00e8re kurde r\u00e9sistante Sakineh Parvaneh a entam\u00e9 plusieurs fois une&nbsp;<a href=\"https:\/\/wncri.org\/fr\/2021\/05\/26\/la-greve-de-la-faim-de-la-prisonniere-politique-kurde-sakineh-parvaneh\/\" target=\"_blank\" rel=\"noreferrer noopener\">gr\u00e8ve de la fai<\/a>m \u00e0 Evine.<\/p>\n\n\n\n<p>Le 27 octobre 2020, elle a \u00e9t\u00e9 transf\u00e9r\u00e9e du quartier des femmes d\u2019Evine \u00e0 la prison de Qouchan. Elle a \u00e9t\u00e9 envoy\u00e9e en cellule d\u2019isolement le lundi 9 novembre 2020, en r\u00e9ponse \u00e0 sa&nbsp;<a href=\"https:\/\/wncri.org\/2020\/09\/03\/two-kurdish-women-start-hunger-strikes-in-womens-ward-of-evin-prison\/\" target=\"_blank\" rel=\"noreferrer noopener\">gr\u00e8ve de la faim<\/a>&nbsp;depuis le 31 octobre pour protester contre sa possible relocalisation \u00e0 nouveau \u00e0 la Prison d\u2019Ispahan. Au huiti\u00e8me jour de sa gr\u00e8ve de la faim, elle s\u2019est cousu les l\u00e8vres. Mais dans ces m\u00eames conditions, elle a \u00e9t\u00e9&nbsp;<a href=\"https:\/\/wncri.org\/fr\/2020\/05\/28\/la-greve-de-la-faim-de-sakineh-parvaneh-un-plaidoyer-pour-les-droits-fondamentaux\/\" target=\"_blank\" rel=\"noreferrer noopener\">brutalis\u00e9e&nbsp;<\/a><a href=\"https:\/\/wncri.org\/fr\/2020\/05\/28\/la-greve-de-la-faim-de-sakineh-parvaneh-un-plaidoyer-pour-les-droits-fondamentaux\/\">et battue<\/a>&nbsp;par les gardiens.<\/p>\n\n\n\n<p>Le 13 d\u00e9cembre 2020, Sakineh Parvaneh a \u00e9t\u00e9&nbsp;<a href=\"https:\/\/wncri.org\/fr\/2022\/07\/30\/visite-familiale\/\" target=\"_blank\" rel=\"noreferrer noopener\">emmen\u00e9e de la prison de Qouchan<\/a>&nbsp;\u00e0 la&nbsp;<a href=\"https:\/\/wncri.org\/fr\/2021\/05\/26\/la-greve-de-la-faim-de-la-prisonniere-politique-kurde-sakineh-parvaneh\/\" target=\"_blank\" rel=\"noreferrer noopener\">prison centrale de Machad<\/a>, o\u00f9 elle a \u00e9t\u00e9 priv\u00e9e de visites familiales et o\u00f9 il lui a \u00e9t\u00e9 interdit d\u2019appeler chez elle.<\/p>\n\n\n\n<p>La prisonni\u00e8re politique kurde Sakineh Parvaneh a subi des pressions de la part du Corps des gardiens de la r\u00e9volution islamique pour qu\u2019elle fasse des aveux forc\u00e9s contre elle-m\u00eame.<\/p>\n\n\n\n<p>La prisonni\u00e8re kurde r\u00e9sistante kurde Sakineh Parvaneh purgeait la quatri\u00e8me ann\u00e9e de sa peine lorsqu\u2019elle a \u00e9t\u00e9 lib\u00e9r\u00e9e de la&nbsp;<a href=\"https:\/\/wncri.org\/fr\/2021\/12\/10\/les-conditions-des-femmes-prisons\/\" target=\"_blank\" rel=\"noreferrer noopener\">prison de Vakilabad<\/a>&nbsp;\u00e0&nbsp;<a href=\"https:\/\/fr.wikipedia.org\/wiki\/Machhad\" target=\"_blank\" rel=\"noreferrer noopener\">Machad<\/a>&nbsp;le 15 f\u00e9vrier 2023.<\/p>\n\n\n\n<p>Selon des informations diffus\u00e9es sur les m\u00e9dias sociaux, le CGRI a confisqu\u00e9 tous les documents d\u2019enregistrement de Sakineh Parvaneh il y a environ quatre ans.<\/p>\n\n\n\n<p>Bien qu\u2019elle ait \u00e9t\u00e9 lib\u00e9r\u00e9e de prison, ses documents ne lui ont pas \u00e9t\u00e9 rendus. Par cons\u00e9quent, Mme Parvaneh rencontre des difficult\u00e9s dans les aspects fondamentaux de sa vie tels que la location d\u2019une maison, la recherche d\u2019un emploi, l\u2019achat d\u2019une carte SIM pour t\u00e9l\u00e9phone portable et d\u2019autres questions essentielles.<\/p>\n","protected":false},"excerpt":{"rendered":"<p>La prisonni\u00e8re kurde r\u00e9sistante Sakineh Parvaneh est d\u00e9tenue \u00e0 la prison centrale de Mashhad depuis quatre mois sans avoir \u00e9t\u00e9 jug\u00e9e. Le juge qui pr\u00e9side son affaire n&#8217;autorise pas sa lib\u00e9ration sous caution. Sakineh Parvaneh, citoyenne kurde originaire de Machad, a \u00e9t\u00e9 arr\u00eat\u00e9e, pour la deuxi\u00e8me fois d\u2019un mois, le mardi 4 avril 2023, apr\u00e8s [&hellip;]<\/p>\n","protected":false},"author":4,"featured_media":16259,"comment_status":"closed","ping_status":"closed","sticky":false,"template":"","format":"standard","meta":{"jnews-multi-image_gallery":[],"jnews_single_post":{"subtitle":"","format":"standard","video":"","gallery":"","source_name":"","source_url":"","via_name":"","via_url":"","override_template":"0","override":[{"template":"7","single_blog_custom":"","parallax":"1","fullscreen":"1","layout":"right-sidebar","sidebar":"default-sidebar","second_sidebar":"default-sidebar","sticky_sidebar":"1","share_position":"floatbottom","share_float_style":"share-normal","show_share_counter":"1","show_view_counter":"1","show_featured":"1","show_post_meta":"1","show_post_author":"0","show_post_author_image":"1","show_post_date":"1","post_date_format":"default","post_date_format_custom":"Y\/m\/d","show_post_category":"1","show_post_reading_time":"0","post_reading_time_wpm":"300","show_zoom_button":"0","zoom_button_out_step":"2","zoom_button_in_step":"3","show_post_tag":"1","show_prev_next_post":"0","show_popup_post":"1","number_popup_post":"1","show_author_box":"0","show_post_related":"1","show_inline_post_related":"0"}],"override_image_size":"0","image_override":[{"single_post_thumbnail_size":"crop-500","single_post_gallery_size":"crop-500"}],"trending_post":"0","trending_post_position":"meta","trending_post_label":"Trending","sponsored_post":"0","sponsored_post_label":"Sponsored by","sponsored_post_name":"","sponsored_post_url":"","sponsored_post_logo_enable":"0","sponsored_post_logo":"","sponsored_post_desc":"","disable_ad":"0"},"jnews_primary_category":{"id":"","hide":""},"jnews_social_meta":{"fb_title":"","fb_description":"","fb_image":"","twitter_title":"","twitter_description":"","twitter_image":""},"jnews_override_counter":{"override_view_counter":"0","view_counter_number":"0","override_share_counter":"0","share_counter_number":"0","override_like_counter":"0","like_counter_number":"0","override_dislike_counter":"0","dislike_counter_number":"0"},"footnotes":""},"categories":[3],"tags":[370],"class_list":["post-18665","post","type-post","status-publish","format-standard","has-post-thumbnail","hentry","category-infos-des-femmes","tag-prisonnieres"],"_links":{"self":[{"href":"https:\/\/wncri.org\/fr\/wp-json\/wp\/v2\/posts\/18665","targetHints":{"allow":["GET"]}}],"collection":[{"href":"https:\/\/wncri.org\/fr\/wp-json\/wp\/v2\/posts"}],"about":[{"href":"https:\/\/wncri.org\/fr\/wp-json\/wp\/v2\/types\/post"}],"author":[{"embeddable":true,"href":"https:\/\/wncri.org\/fr\/wp-json\/wp\/v2\/users\/4"}],"replies":[{"embeddable":true,"href":"https:\/\/wncri.org\/fr\/wp-json\/wp\/v2\/comments?post=18665"}],"version-history":[{"count":1,"href":"https:\/\/wncri.org\/fr\/wp-json\/wp\/v2\/posts\/18665\/revisions"}],"predecessor-version":[{"id":18666,"href":"https:\/\/wncri.org\/fr\/wp-json\/wp\/v2\/posts\/18665\/revisions\/18666"}],"wp:featuredmedia":[{"embeddable":true,"href":"https:\/\/wncri.org\/fr\/wp-json\/wp\/v2\/media\/16259"}],"wp:attachment":[{"href":"https:\/\/wncri.org\/fr\/wp-json\/wp\/v2\/media?parent=18665"}],"wp:term":[{"taxonomy":"category","embeddable":true,"href":"https:\/\/wncri.org\/fr\/wp-json\/wp\/v2\/categories?post=18665"},{"taxonomy":"post_tag","embeddable":true,"href":"https:\/\/wncri.org\/fr\/wp-json\/wp\/v2\/tags?post=18665"}],"curies":[{"name":"wp","href":"https:\/\/api.w.org\/{rel}","templated":true}]}}