{"id":18663,"date":"2023-07-13T14:12:22","date_gmt":"2023-07-13T12:12:22","guid":{"rendered":"https:\/\/wncri.org\/fr\/?p=18663"},"modified":"2023-07-14T14:17:34","modified_gmt":"2023-07-14T12:17:34","slug":"asal-mohammadi","status":"publish","type":"post","link":"https:\/\/wncri.org\/fr\/2023\/07\/13\/asal-mohammadi\/","title":{"rendered":"Asal Mohammadi entame sa peine de prison : la r\u00e9pression contre les femmes se poursuit"},"content":{"rendered":"\n<p>La militante syndicale Asal Mohammadi est devenue l&#8217;une des derni\u00e8res victimes de la r\u00e9pression persistante de la dissidence en Iran. La militante syndicale Asal Mohammadi a \u00e9t\u00e9 convoqu\u00e9e \u00e0 la prison d&#8217;Evin le mercredi 12 juillet 2023 pour y purger sa peine.<\/p>\n\n\n\n<p>La 26e chambre du tribunal r\u00e9volutionnaire de T\u00e9h\u00e9ran a <a href=\"https:\/\/wncri.org\/fr\/2022\/04\/27\/la-militante-ouvriere-asal-mohammadi\/\" target=\"_blank\" rel=\"noreferrer noopener\">condamn\u00e9<\/a> Asal Mohammadi \u00e0 un an et huit mois de prison et \u00e0 une interdiction d&#8217;appartenir \u00e0 des groupes politiques et sociaux pendant deux ans. Elle est reconnue coupable de &#8220;propagande contre l&#8217;\u00c9tat&#8221; et de &#8220;rassemblement et collusion contre la s\u00e9curit\u00e9 nationale&#8221;.<\/p>\n\n\n\n<p>Asal Mohammadi n&#8217;a pas eu acc\u00e8s \u00e0 un avocat au cours de sa proc\u00e9dure judiciaire et a \u00e9t\u00e9 interrog\u00e9e sans la pr\u00e9sence de son avocat, ce qui est contraire \u00e0 la lettre de la loi.<\/p>\n\n\n\n<h3 class=\"wp-block-heading\"><strong>Le cas de l&#8217;arrestation et de la d\u00e9tention de Mahtab Yar-Ahmadi<\/strong><\/h3>\n\n\n\n<p>Des agents du D\u00e9partement du renseignement de <a href=\"https:\/\/fr.wikipedia.org\/wiki\/Doroud\" target=\"_blank\" rel=\"noreferrer noopener\">Doroud, au Lorestan<\/a>, ont arr\u00eat\u00e9 Mahtab Yar-Ahmadi \u00e0 son domicile de Doroud le 3 juillet 2023.<\/p>\n\n\n\n<p>Mme Yar-Ahmadi, 43 ans, a un enfant. Depuis son arrestation, elle n&#8217;a eu aucun contact ni visite avec sa famille. Elle est actuellement d\u00e9tenue dans le centre de d\u00e9tention du d\u00e9partement des renseignements de Khorramabad, la capitale de la province de Lorestan.<\/p>\n\n\n\n<h3 class=\"wp-block-heading\"><strong>Mise \u00e0 la retraite d&#8217;un enseignant pour avoir film\u00e9 et particip\u00e9 \u00e0 des manifestations<\/strong><\/h3>\n\n\n\n<p>L&#8217;une des enseignantes de Bandar Anzali, dans le nord de l&#8217;Iran, a \u00e9t\u00e9 mise \u00e0 la retraite forc\u00e9e par le minist\u00e8re de l&#8217;\u00e9ducation.<\/p>\n\n\n\n<p>Zahra Sayyad Delshadpour enseignait dans les lyc\u00e9es de Bandar Anzali. Le bureau d&#8217;enqu\u00eate pour les violations administratives l&#8217;a forc\u00e9e \u00e0 prendre sa retraite. Elle est accus\u00e9e d&#8217;avoir particip\u00e9 \u00e0 des rassemblements ill\u00e9gaux et \u00e0 des sit-in au d\u00e9partement de l&#8217;\u00e9ducation de Bandar Anzali, d&#8217;avoir film\u00e9 et pris des photos des manifestants et d&#8217;avoir incit\u00e9 les \u00e9l\u00e8ves \u00e0 se mettre en gr\u00e8ve et \u00e0 ne pas aller \u00e0 l&#8217;\u00e9cole.<\/p>\n\n\n\n<h3 class=\"wp-block-heading\"><strong>Une stagiaire punie d&#8217;un travail de conciergerie pour avoir enfreint le code vestimentaire<\/strong><\/h3>\n\n\n\n<p>Par ailleurs, une stagiaire a \u00e9t\u00e9 relev\u00e9e de ses fonctions et contrainte d&#8217;effectuer des travaux d&#8217;entretien pour avoir enlev\u00e9 son hijab alors qu&#8217;elle \u00e9tait au volant.<\/p>\n","protected":false},"excerpt":{"rendered":"<p>La militante syndicale Asal Mohammadi est devenue l&#8217;une des derni\u00e8res victimes de la r\u00e9pression persistante de la dissidence en Iran. La militante syndicale Asal Mohammadi a \u00e9t\u00e9 convoqu\u00e9e \u00e0 la prison d&#8217;Evin le mercredi 12 juillet 2023 pour y purger sa peine. La 26e chambre du tribunal r\u00e9volutionnaire de T\u00e9h\u00e9ran a condamn\u00e9 Asal Mohammadi \u00e0 [&hellip;]<\/p>\n","protected":false},"author":4,"featured_media":15624,"comment_status":"closed","ping_status":"closed","sticky":false,"template":"","format":"standard","meta":{"jnews-multi-image_gallery":[],"jnews_single_post":{"subtitle":"","format":"standard","video":"","gallery":"","source_name":"","source_url":"","via_name":"","via_url":"","override_template":"0","override":[{"template":"7","single_blog_custom":"","parallax":"1","fullscreen":"1","layout":"right-sidebar","sidebar":"default-sidebar","second_sidebar":"default-sidebar","sticky_sidebar":"1","share_position":"floatbottom","share_float_style":"share-normal","show_share_counter":"1","show_view_counter":"1","show_featured":"1","show_post_meta":"1","show_post_author":"0","show_post_author_image":"1","show_post_date":"1","post_date_format":"default","post_date_format_custom":"Y\/m\/d","show_post_category":"1","show_post_reading_time":"0","post_reading_time_wpm":"300","show_zoom_button":"0","zoom_button_out_step":"2","zoom_button_in_step":"3","show_post_tag":"1","show_prev_next_post":"0","show_popup_post":"1","number_popup_post":"1","show_author_box":"0","show_post_related":"1","show_inline_post_related":"0"}],"override_image_size":"0","image_override":[{"single_post_thumbnail_size":"crop-500","single_post_gallery_size":"crop-500"}],"trending_post":"0","trending_post_position":"meta","trending_post_label":"Trending","sponsored_post":"0","sponsored_post_label":"Sponsored by","sponsored_post_name":"","sponsored_post_url":"","sponsored_post_logo_enable":"0","sponsored_post_logo":"","sponsored_post_desc":"","disable_ad":"0"},"jnews_primary_category":{"id":"","hide":""},"jnews_social_meta":{"fb_title":"","fb_description":"","fb_image":"","twitter_title":"","twitter_description":"","twitter_image":""},"jnews_override_counter":{"override_view_counter":"0","view_counter_number":"0","override_share_counter":"0","share_counter_number":"0","override_like_counter":"0","like_counter_number":"0","override_dislike_counter":"0","dislike_counter_number":"0"},"footnotes":""},"categories":[3],"tags":[379,370,375],"class_list":["post-18663","post","type-post","status-publish","format-standard","has-post-thumbnail","hentry","category-infos-des-femmes","tag-enseignantes","tag-prisonnieres","tag-voile-obligatoire"],"_links":{"self":[{"href":"https:\/\/wncri.org\/fr\/wp-json\/wp\/v2\/posts\/18663","targetHints":{"allow":["GET"]}}],"collection":[{"href":"https:\/\/wncri.org\/fr\/wp-json\/wp\/v2\/posts"}],"about":[{"href":"https:\/\/wncri.org\/fr\/wp-json\/wp\/v2\/types\/post"}],"author":[{"embeddable":true,"href":"https:\/\/wncri.org\/fr\/wp-json\/wp\/v2\/users\/4"}],"replies":[{"embeddable":true,"href":"https:\/\/wncri.org\/fr\/wp-json\/wp\/v2\/comments?post=18663"}],"version-history":[{"count":1,"href":"https:\/\/wncri.org\/fr\/wp-json\/wp\/v2\/posts\/18663\/revisions"}],"predecessor-version":[{"id":18664,"href":"https:\/\/wncri.org\/fr\/wp-json\/wp\/v2\/posts\/18663\/revisions\/18664"}],"wp:featuredmedia":[{"embeddable":true,"href":"https:\/\/wncri.org\/fr\/wp-json\/wp\/v2\/media\/15624"}],"wp:attachment":[{"href":"https:\/\/wncri.org\/fr\/wp-json\/wp\/v2\/media?parent=18663"}],"wp:term":[{"taxonomy":"category","embeddable":true,"href":"https:\/\/wncri.org\/fr\/wp-json\/wp\/v2\/categories?post=18663"},{"taxonomy":"post_tag","embeddable":true,"href":"https:\/\/wncri.org\/fr\/wp-json\/wp\/v2\/tags?post=18663"}],"curies":[{"name":"wp","href":"https:\/\/api.w.org\/{rel}","templated":true}]}}