{"id":18548,"date":"2023-06-17T12:03:19","date_gmt":"2023-06-17T10:03:19","guid":{"rendered":"https:\/\/wncri.org\/fr\/?p=18548"},"modified":"2023-06-19T17:22:18","modified_gmt":"2023-06-19T15:22:18","slug":"dabolfazl-adinehzadeh","status":"publish","type":"post","link":"https:\/\/wncri.org\/fr\/2023\/06\/17\/dabolfazl-adinehzadeh\/","title":{"rendered":"Arrestation de la m\u00e8re et de la famille d&#8217;Abolfazl Adinehzadeh, victime des manifestations en Iran"},"content":{"rendered":"\n<h2 class=\"wp-block-heading\">Les agents de s\u00e9curit\u00e9 ont arr\u00eat\u00e9 la m\u00e8re, le p\u00e8re, la s\u0153ur et tous les membres de la famille d&#8217;Abolfazl Adinehzadeh la nuit de son anniversaire.<\/h2>\n\n\n\n<p>Les forces de s\u00e9curit\u00e9 continuent de faire pression sur les familles des victimes tu\u00e9es lors des manifestations nationales de 2022-2023 en Iran. Le vendredi 16 juin 2023, les forces de s\u00e9curit\u00e9 arr\u00eatent Ali Adinehzadeh, le p\u00e8re, Marzieh Adinehzadeh, la s\u0153ur, et Reza Adinehzadeh, l&#8217;oncle d&#8217;Abolfazl Adinehzadeh.<\/p>\n\n\n<div class=\"wp-block-image\">\n<figure class=\"aligncenter size-full\"><img decoding=\"async\" src=\"data:image\/gif;base64,R0lGODlhAQABAIAAAAAAAP\/\/\/yH5BAEAAAAALAAAAAABAAEAAAIBRAA7\" data-src=\"https:\/\/wncri.org\/fr\/wp-content\/uploads\/2023\/06\/Abolfazl-Adineh-Zadeh-2-min.jpg\" alt=\"Abolfazl Adinehzadeh\" class=\"wp-image-18550 lazyload\"\/><noscript><img decoding=\"async\" width=\"750\" height=\"375\" src=\"https:\/\/wncri.org\/fr\/wp-content\/uploads\/2023\/06\/Abolfazl-Adineh-Zadeh-2-min.jpg\" alt=\"Abolfazl Adinehzadeh\" class=\"wp-image-18550 lazyload\" srcset=\"https:\/\/wncri.org\/fr\/wp-content\/uploads\/2023\/06\/Abolfazl-Adineh-Zadeh-2-min.jpg 750w, https:\/\/wncri.org\/fr\/wp-content\/uploads\/2023\/06\/Abolfazl-Adineh-Zadeh-2-min-300x150.jpg 300w, https:\/\/wncri.org\/fr\/wp-content\/uploads\/2023\/06\/Abolfazl-Adineh-Zadeh-2-min-360x180.jpg 360w\" sizes=\"(max-width: 750px) 100vw, 750px\" \/><\/noscript><figcaption class=\"wp-element-caption\">Marzieh, la s\u0153ur d&#8217;Abolfazl Adinehzadeh sur sa tombe<\/figcaption><\/figure>\n<\/div>\n\n\n<p>La m\u00eame nuit, ils ont attaqu\u00e9 le village o\u00f9 vit cette famille, pr\u00e8s de Farouj, dans le Khorassan du Nord. Ils ont arr\u00eat\u00e9 la m\u00e8re et tous les membres de la famille d&#8217;Abolfazl Adinehzadeh et les ont transf\u00e9r\u00e9s dans un lieu inconnu.<\/p>\n\n\n\n<p>Selon des informations diffus\u00e9es sur les r\u00e9seaux sociaux, Goldasteh Hosseini, la m\u00e8re d&#8217;Abolfazl Adinehzadeh, ainsi que tous les oncles, tantes, ni\u00e8ces et cousins, ont \u00e9t\u00e9 battus et agress\u00e9s. Jusqu&#8217;\u00e0 pr\u00e9sent, aucune information n&#8217;est disponible sur l&#8217;\u00e9tat de sant\u00e9 des d\u00e9tenus et sur le lieu o\u00f9 ils se trouvent.<\/p>\n\n\n<div class=\"wp-block-image\">\n<figure class=\"aligncenter size-full\"><img decoding=\"async\" src=\"data:image\/gif;base64,R0lGODlhAQABAIAAAAAAAP\/\/\/yH5BAEAAAAALAAAAAABAAEAAAIBRAA7\" data-src=\"https:\/\/wncri.org\/fr\/wp-content\/uploads\/2023\/06\/Abolfazl-Adineh-Zadeh-3-min.jpg\" alt=\"Arrestation de la m\u00e8re et de la famille d'Abolfazl Adinehzadeh\" class=\"wp-image-18551 lazyload\"\/><noscript><img decoding=\"async\" width=\"750\" height=\"375\" src=\"https:\/\/wncri.org\/fr\/wp-content\/uploads\/2023\/06\/Abolfazl-Adineh-Zadeh-3-min.jpg\" alt=\"Arrestation de la m\u00e8re et de la famille d'Abolfazl Adinehzadeh\" class=\"wp-image-18551 lazyload\" srcset=\"https:\/\/wncri.org\/fr\/wp-content\/uploads\/2023\/06\/Abolfazl-Adineh-Zadeh-3-min.jpg 750w, https:\/\/wncri.org\/fr\/wp-content\/uploads\/2023\/06\/Abolfazl-Adineh-Zadeh-3-min-300x150.jpg 300w, https:\/\/wncri.org\/fr\/wp-content\/uploads\/2023\/06\/Abolfazl-Adineh-Zadeh-3-min-360x180.jpg 360w\" sizes=\"(max-width: 750px) 100vw, 750px\" \/><\/noscript><figcaption class=\"wp-element-caption\">La famille et les proches d&#8217;Abolfazl Adinehzadeh. Ali Adinehzadeh, le p\u00e8re, est assis au centre.<\/figcaption><\/figure>\n<\/div>\n\n\n<p>Ces arrestations ont eu lieu la nuit de l&#8217;anniversaire d&#8217;Abolfazl. Il \u00e9tait pr\u00e9vu que le samedi 17 juin 2023, \u00e0 17 heures, les amis et la famille se r\u00e9unissent sur sa tombe \u00e0 <a href=\"https:\/\/en.wikipedia.org\/wiki\/Faruj\" target=\"_blank\" rel=\"noreferrer noopener\">Farouj<\/a> pour comm\u00e9morer son anniversaire.<\/p>\n\n\n\n<p>Abolfazl Adinehzadeh, 16 ans, a \u00e9t\u00e9 tu\u00e9 le 8 octobre 2022 lors des manifestations devant l&#8217;universit\u00e9 Ferdowsi \u00e0 Machad. Les forces de s\u00e9curit\u00e9 lui ont tir\u00e9 dessus \u00e0 bout portant et il est mort \u00e0 cause des dizaines de balles qui lui ont \u00e9t\u00e9 tir\u00e9es dessus.<\/p>\n\n\n\n<p>Les <a href=\"https:\/\/wncri.org\/fr\/2023\/06\/10\/40-meres-cherchant-a-obtenir\/\" target=\"_blank\" rel=\"noreferrer noopener\">familles des victimes<\/a> du soul\u00e8vement iranien de 2022-2023 c\u00e9l\u00e8brent leur anniversaire sur les tombes de leurs proches. Ces rassemblements se transforment souvent en manifestations contre le r\u00e9gime. C&#8217;est pourquoi les services de s\u00e9curit\u00e9 du r\u00e9gime cl\u00e9rical prennent des mesures pour arr\u00eater tous les membres de la famille Adinehzadeh afin d&#8217;emp\u00eacher la tenue de ces c\u00e9r\u00e9monies.<\/p>\n\n\n<div class=\"wp-block-image\">\n<figure class=\"aligncenter size-full\"><img decoding=\"async\" src=\"data:image\/gif;base64,R0lGODlhAQABAIAAAAAAAP\/\/\/yH5BAEAAAAALAAAAAABAAEAAAIBRAA7\" data-src=\"https:\/\/wncri.org\/fr\/wp-content\/uploads\/2023\/06\/Abolfazl-Adineh-Zadeh-4-min.jpg\" alt=\"\" class=\"wp-image-18552 lazyload\"\/><noscript><img decoding=\"async\" width=\"750\" height=\"375\" src=\"https:\/\/wncri.org\/fr\/wp-content\/uploads\/2023\/06\/Abolfazl-Adineh-Zadeh-4-min.jpg\" alt=\"\" class=\"wp-image-18552 lazyload\" srcset=\"https:\/\/wncri.org\/fr\/wp-content\/uploads\/2023\/06\/Abolfazl-Adineh-Zadeh-4-min.jpg 750w, https:\/\/wncri.org\/fr\/wp-content\/uploads\/2023\/06\/Abolfazl-Adineh-Zadeh-4-min-300x150.jpg 300w, https:\/\/wncri.org\/fr\/wp-content\/uploads\/2023\/06\/Abolfazl-Adineh-Zadeh-4-min-360x180.jpg 360w\" sizes=\"(max-width: 750px) 100vw, 750px\" \/><\/noscript><figcaption class=\"wp-element-caption\">Goldasteh Hosseini pleure son fils. La douleur et la souffrance de la m\u00e8re sont sans fin<\/figcaption><\/figure>\n<\/div>","protected":false},"excerpt":{"rendered":"<p>Les agents de s\u00e9curit\u00e9 ont arr\u00eat\u00e9 la m\u00e8re, le p\u00e8re, la s\u0153ur et tous les membres de la famille d&#8217;Abolfazl Adinehzadeh la nuit de son anniversaire. Les forces de s\u00e9curit\u00e9 continuent de faire pression sur les familles des victimes tu\u00e9es lors des manifestations nationales de 2022-2023 en Iran. Le vendredi 16 juin 2023, les forces [&hellip;]<\/p>\n","protected":false},"author":4,"featured_media":18549,"comment_status":"closed","ping_status":"closed","sticky":false,"template":"","format":"standard","meta":{"jnews-multi-image_gallery":[],"jnews_single_post":{"subtitle":"","format":"standard","video":"","gallery":"","source_name":"","source_url":"","via_name":"","via_url":"","override_template":"0","override":[{"template":"7","single_blog_custom":"","parallax":"1","fullscreen":"1","layout":"right-sidebar","sidebar":"default-sidebar","second_sidebar":"default-sidebar","sticky_sidebar":"1","share_position":"floatbottom","share_float_style":"share-normal","show_share_counter":"1","show_view_counter":"1","show_featured":"1","show_post_meta":"1","show_post_author":"0","show_post_author_image":"1","show_post_date":"1","post_date_format":"default","post_date_format_custom":"Y\/m\/d","show_post_category":"1","show_post_reading_time":"0","post_reading_time_wpm":"300","show_zoom_button":"0","zoom_button_out_step":"2","zoom_button_in_step":"3","show_post_tag":"1","show_prev_next_post":"0","show_popup_post":"1","number_popup_post":"1","show_author_box":"0","show_post_related":"1","show_inline_post_related":"0"}],"override_image_size":"0","image_override":[{"single_post_thumbnail_size":"crop-500","single_post_gallery_size":"crop-500"}],"trending_post":"0","trending_post_position":"meta","trending_post_label":"Trending","sponsored_post":"0","sponsored_post_label":"Sponsored by","sponsored_post_name":"","sponsored_post_url":"","sponsored_post_logo_enable":"0","sponsored_post_logo":"","sponsored_post_desc":"","disable_ad":"0"},"jnews_primary_category":{"id":"","hide":""},"jnews_social_meta":{"fb_title":"","fb_description":"","fb_image":"","twitter_title":"","twitter_description":"","twitter_image":""},"jnews_override_counter":{"override_view_counter":"0","view_counter_number":"0","override_share_counter":"0","share_counter_number":"0","override_like_counter":"0","like_counter_number":"0","override_dislike_counter":"0","dislike_counter_number":"0"},"footnotes":""},"categories":[3],"tags":[369],"class_list":["post-18548","post","type-post","status-publish","format-standard","has-post-thumbnail","hentry","category-infos-des-femmes","tag-manifestations"],"_links":{"self":[{"href":"https:\/\/wncri.org\/fr\/wp-json\/wp\/v2\/posts\/18548","targetHints":{"allow":["GET"]}}],"collection":[{"href":"https:\/\/wncri.org\/fr\/wp-json\/wp\/v2\/posts"}],"about":[{"href":"https:\/\/wncri.org\/fr\/wp-json\/wp\/v2\/types\/post"}],"author":[{"embeddable":true,"href":"https:\/\/wncri.org\/fr\/wp-json\/wp\/v2\/users\/4"}],"replies":[{"embeddable":true,"href":"https:\/\/wncri.org\/fr\/wp-json\/wp\/v2\/comments?post=18548"}],"version-history":[{"count":1,"href":"https:\/\/wncri.org\/fr\/wp-json\/wp\/v2\/posts\/18548\/revisions"}],"predecessor-version":[{"id":18553,"href":"https:\/\/wncri.org\/fr\/wp-json\/wp\/v2\/posts\/18548\/revisions\/18553"}],"wp:featuredmedia":[{"embeddable":true,"href":"https:\/\/wncri.org\/fr\/wp-json\/wp\/v2\/media\/18549"}],"wp:attachment":[{"href":"https:\/\/wncri.org\/fr\/wp-json\/wp\/v2\/media?parent=18548"}],"wp:term":[{"taxonomy":"category","embeddable":true,"href":"https:\/\/wncri.org\/fr\/wp-json\/wp\/v2\/categories?post=18548"},{"taxonomy":"post_tag","embeddable":true,"href":"https:\/\/wncri.org\/fr\/wp-json\/wp\/v2\/tags?post=18548"}],"curies":[{"name":"wp","href":"https:\/\/api.w.org\/{rel}","templated":true}]}}