{"id":18529,"date":"2023-06-15T21:45:38","date_gmt":"2023-06-15T19:45:38","guid":{"rendered":"https:\/\/wncri.org\/fr\/?p=18529"},"modified":"2023-06-17T21:53:29","modified_gmt":"2023-06-17T19:53:29","slug":"etudiantes-de-luniversite-dart-de","status":"publish","type":"post","link":"https:\/\/wncri.org\/fr\/2023\/06\/15\/etudiantes-de-luniversite-dart-de\/","title":{"rendered":"Des \u00e9tudiantes de l&#8217;universit\u00e9 d&#8217;art de T\u00e9h\u00e9ran s\u00e9v\u00e8rement battues pour avoir refus\u00e9 le port obligatoire du hijab"},"content":{"rendered":"\n<h3 class=\"wp-block-heading\"><em>Le chef du service de s\u00e9curit\u00e9 a brutalis\u00e9 des \u00e9tudiantes de l&#8217;universit\u00e9 d&#8217;art de T\u00e9h\u00e9ran, dont certaines sont dans un \u00e9tat critique.<\/em><\/h3>\n\n\n\n<p>\u00c0 la suite de la protestation des \u00e9tudiantes de l&#8217;universit\u00e9 d&#8217;art de T\u00e9h\u00e9ran contre l&#8217;obligation faite aux \u00e9tudiantes de porter le <a href=\"https:\/\/www.google.co.uk\/search?source=univ&amp;tbm=isch&amp;q=%D9%85%D9%82%D9%86%D8%B9%D9%87&amp;fir=G71vYzHtH8Fb8M%252CJczKyGSjEQibrM%252C_%253B3rqtskWjvqGJCM%252CH0gkJlCqIcZLAM%252C_%253B4-r135Xdq9UpPM%252CC8pyroQbCOf0mM%252C_%253BSHDoIzYLv0UoHM%252CReKaQvUTHDc3hM%252C_%253BI39-KrCfbteCHM%252CJ6NKu4k38nQXWM%252C_%253B_RLO-oSA0upkgM%252Cq-ZvEhEZUZOFfM%252C_%253BUeH7CBTpTbryuM%252CV59PNMXRhb9ZxM%252C_%253BSi16UCuu5ev_OM%252CtWzqjjODQVEsMM%252C_%253BA75eor6Y_qwcKM%252CuLg_rCLIlpkyRM%252C_%253Be4TaBhVfkxwmwM%252CqR2g_cmGyKAJxM%252C_%253Bwf0x8w9zPMDCvM%252CaF2_uKCk8qeE5M%252C_%253BnDwtlgCho-IT6M%252C_vrOReyy7TAwPM%252C_%253B9gdO-KzFOysuEM%252CReKaQvUTHDc3hM%252C_%253BBZANjobwGwqU5M%252Crg76ILCMpZFAMM%252C_%253BcTVAx14XqO7GCM%252CzFz-T6MSUj3CPM%252C_%253BGjZXfsZP5ZlvnM%252CuvhimMfN_1fh-M%252C_%253BZZi7ZZmzM4F1zM%252CVX4UPEm5DocHfM%252C_%253BZPD2qcptxESdcM%252C4-eqoAFobTgkFM%252C_&amp;usg=AI4_-kShl4mOYwJxaBxG9N_YvxDm_V5tZQ&amp;sa=X&amp;ved=2ahUKEwiUh5rtlf72AhW7QvEDHWzyDskQsAR6BAgDEAM&amp;biw=1280&amp;bih=881&amp;dpr=1\" target=\"_blank\" rel=\"noreferrer noopener\">Maghna&#8217;eh<\/a>, un tissu noir couvrant la t\u00eate, le front, le menton et la poitrine, le chef de la s\u00e9curit\u00e9 de l&#8217;universit\u00e9 a inflig\u00e9 des <a href=\"https:\/\/wncri.org\/fr\/2020\/11\/23\/la-violence-faite-aux-femmes-en-iran-parrainee-et-institutionnalisee-par-letat\/\" target=\"_blank\" rel=\"noreferrer noopener\">coups violents<\/a> aux \u00e9tudiantes protestataires, blessant certaines d&#8217;entre elles.<\/p>\n\n\n\n<p>Le 14 juin 2023, les conseils nationaux des \u00e9tudiants ont annonc\u00e9 qu&#8217;une cinquantaine d&#8217;\u00e9tudiants de l&#8217;universit\u00e9 d&#8217;art de T\u00e9h\u00e9ran s&#8217;\u00e9taient rassembl\u00e9s \u00e0 partir de 17 heures le jeudi 15 juin 2023 sur le campus Bagh-e Melli de l&#8217;universit\u00e9 pour protester contre l&#8217;obligation faite aux \u00e9tudiantes de porter le <a href=\"https:\/\/www.google.co.uk\/search?source=univ&amp;tbm=isch&amp;q=%D9%85%D9%82%D9%86%D8%B9%D9%87&amp;fir=G71vYzHtH8Fb8M%252CJczKyGSjEQibrM%252C_%253B3rqtskWjvqGJCM%252CH0gkJlCqIcZLAM%252C_%253B4-r135Xdq9UpPM%252CC8pyroQbCOf0mM%252C_%253BSHDoIzYLv0UoHM%252CReKaQvUTHDc3hM%252C_%253BI39-KrCfbteCHM%252CJ6NKu4k38nQXWM%252C_%253B_RLO-oSA0upkgM%252Cq-ZvEhEZUZOFfM%252C_%253BUeH7CBTpTbryuM%252CV59PNMXRhb9ZxM%252C_%253BSi16UCuu5ev_OM%252CtWzqjjODQVEsMM%252C_%253BA75eor6Y_qwcKM%252CuLg_rCLIlpkyRM%252C_%253Be4TaBhVfkxwmwM%252CqR2g_cmGyKAJxM%252C_%253Bwf0x8w9zPMDCvM%252CaF2_uKCk8qeE5M%252C_%253BnDwtlgCho-IT6M%252C_vrOReyy7TAwPM%252C_%253B9gdO-KzFOysuEM%252CReKaQvUTHDc3hM%252C_%253BBZANjobwGwqU5M%252Crg76ILCMpZFAMM%252C_%253BcTVAx14XqO7GCM%252CzFz-T6MSUj3CPM%252C_%253BGjZXfsZP5ZlvnM%252CuvhimMfN_1fh-M%252C_%253BZZi7ZZmzM4F1zM%252CVX4UPEm5DocHfM%252C_%253BZPD2qcptxESdcM%252C4-eqoAFobTgkFM%252C_&amp;usg=AI4_-kShl4mOYwJxaBxG9N_YvxDm_V5tZQ&amp;sa=X&amp;ved=2ahUKEwiUh5rtlf72AhW7QvEDHWzyDskQsAR6BAgDEAM&amp;biw=1280&amp;bih=881&amp;dpr=1\" target=\"_blank\" rel=\"noreferrer noopener\">Maghna&#8217;eh<\/a>.<\/p>\n\n\n<div class=\"wp-block-image\">\n<figure class=\"aligncenter size-full\"><img decoding=\"async\" src=\"data:image\/gif;base64,R0lGODlhAQABAIAAAAAAAP\/\/\/yH5BAEAAAAALAAAAAABAAEAAAIBRAA7\" data-src=\"https:\/\/wncri.org\/fr\/wp-content\/uploads\/2023\/06\/Students-of-Tehran-University-of-Art-3-min.jpg\" alt=\"\u00c9tudiantes de l'Universit\u00e9 d'art de T\u00e9h\u00e9ran\" class=\"wp-image-18532 lazyload\"\/><noscript><img decoding=\"async\" width=\"750\" height=\"375\" src=\"https:\/\/wncri.org\/fr\/wp-content\/uploads\/2023\/06\/Students-of-Tehran-University-of-Art-3-min.jpg\" alt=\"\u00c9tudiantes de l'Universit\u00e9 d'art de T\u00e9h\u00e9ran\" class=\"wp-image-18532 lazyload\" srcset=\"https:\/\/wncri.org\/fr\/wp-content\/uploads\/2023\/06\/Students-of-Tehran-University-of-Art-3-min.jpg 750w, https:\/\/wncri.org\/fr\/wp-content\/uploads\/2023\/06\/Students-of-Tehran-University-of-Art-3-min-300x150.jpg 300w, https:\/\/wncri.org\/fr\/wp-content\/uploads\/2023\/06\/Students-of-Tehran-University-of-Art-3-min-360x180.jpg 360w\" sizes=\"(max-width: 750px) 100vw, 750px\" \/><\/noscript><\/figure>\n<\/div>\n\n\n<p>Malgr\u00e9 les menaces du service de s\u00e9curit\u00e9 et le rassemblement d&#8217;agents en civil \u00e0 l&#8217;ext\u00e9rieur de l&#8217;universit\u00e9, les \u00e9tudiantes ont poursuivi leur sit-in de protestation.<\/p>\n\n\n\n<p>Les agents du service de s\u00e9curit\u00e9 n&#8217;ont pas permis aux \u00e9tudiantes manifestantes d&#8217;utiliser les toilettes ou de boire de l&#8217;eau. De plus, les agents en civil \u00e0 l&#8217;ext\u00e9rieur de l&#8217;universit\u00e9 ont emp\u00each\u00e9 la distribution de nourriture et d&#8217;eau aux \u00e9tudiantes.<\/p>\n\n\n\n<p>Dans la soir\u00e9e, Hamzeh Borzouii, le chef du d\u00e9partement de la s\u00e9curit\u00e9, a menac\u00e9 les \u00e9tudiantes d&#8217;ouvrir les portes de l&#8217;universit\u00e9 aux agents en civil.<\/p>\n\n\n\n<p>Vers 2h30 du matin, le jeudi 15 juin 2023, Borzouii a commenc\u00e9 \u00e0 frapper les manifestants de l&#8217;universit\u00e9 d&#8217;art de T\u00e9h\u00e9ran. Certaines \u00e9tudiantes ont \u00e9t\u00e9 bless\u00e9es et plusieurs sont dans un \u00e9tat critique.<\/p>\n\n\n<div class=\"wp-block-image\">\n<figure class=\"aligncenter size-full\"><img decoding=\"async\" src=\"data:image\/gif;base64,R0lGODlhAQABAIAAAAAAAP\/\/\/yH5BAEAAAAALAAAAAABAAEAAAIBRAA7\" data-src=\"https:\/\/wncri.org\/fr\/wp-content\/uploads\/2023\/06\/Students-of-Tehran-University-of-Art-2-min.jpg\" alt=\"Des \u00e9tudiantes de l'universit\u00e9 d'art de T\u00e9h\u00e9ran \" class=\"wp-image-18531 lazyload\"\/><noscript><img decoding=\"async\" width=\"750\" height=\"375\" src=\"https:\/\/wncri.org\/fr\/wp-content\/uploads\/2023\/06\/Students-of-Tehran-University-of-Art-2-min.jpg\" alt=\"Des \u00e9tudiantes de l'universit\u00e9 d'art de T\u00e9h\u00e9ran \" class=\"wp-image-18531 lazyload\" srcset=\"https:\/\/wncri.org\/fr\/wp-content\/uploads\/2023\/06\/Students-of-Tehran-University-of-Art-2-min.jpg 750w, https:\/\/wncri.org\/fr\/wp-content\/uploads\/2023\/06\/Students-of-Tehran-University-of-Art-2-min-300x150.jpg 300w, https:\/\/wncri.org\/fr\/wp-content\/uploads\/2023\/06\/Students-of-Tehran-University-of-Art-2-min-360x180.jpg 360w\" sizes=\"(max-width: 750px) 100vw, 750px\" \/><\/noscript><\/figure>\n<\/div>\n\n\n<p>Les conseils nationaux des \u00e9tudiants ont signal\u00e9 le jeudi 15 juin que, malgr\u00e9 les pressions et les menaces continues du service de s\u00e9curit\u00e9, les \u00e9tudiantes et \u00e9tudiants sont toujours \u00e0 l&#8217;int\u00e9rieur des locaux de l&#8217;universit\u00e9 et ne sont pas autoris\u00e9s \u00e0 en sortir.<\/p>\n\n\n\n<p>Apr\u00e8s les manifestations nationales de 2022, la pression exerc\u00e9e sur les universit\u00e9s pour qu&#8217;elles imposent le port du <a href=\"https:\/\/wncri.org\/2023\/05\/13\/womens-uprising\/\" target=\"_blank\" rel=\"noreferrer noopener\">hijab<\/a> s&#8217;est intensifi\u00e9e. L&#8217;ampleur de la pression exerc\u00e9e sur les \u00e9tudiantes est telle que celles qui ne se conforment pas au <a href=\"https:\/\/wncri.org\/2018\/12\/13\/the-compulsory-veil\/\" target=\"_blank\" rel=\"noreferrer noopener\">hijab obligatoire<\/a> ou qui participent \u00e0 toute forme de protestation sont rapidement convoqu\u00e9es et risquent des sanctions telles que <a href=\"https:\/\/wncri.org\/fr\/2023\/05\/15\/mesures-disciplinaires\/\" target=\"_blank\" rel=\"noreferrer noopener\">l&#8217;expulsion<\/a> et la <a href=\"https:\/\/wncri.org\/fr\/2023\/04\/18\/etudiantes-iraniennes-privees\/\" target=\"_blank\" rel=\"noreferrer noopener\">suspension d&#8217;enseignement<\/a> pour s&#8217;\u00eatre activement oppos\u00e9es au hijab obligatoire.<\/p>\n","protected":false},"excerpt":{"rendered":"<p>Le chef du service de s\u00e9curit\u00e9 a brutalis\u00e9 des \u00e9tudiantes de l&#8217;universit\u00e9 d&#8217;art de T\u00e9h\u00e9ran, dont certaines sont dans un \u00e9tat critique. \u00c0 la suite de la protestation des \u00e9tudiantes de l&#8217;universit\u00e9 d&#8217;art de T\u00e9h\u00e9ran contre l&#8217;obligation faite aux \u00e9tudiantes de porter le Maghna&#8217;eh, un tissu noir couvrant la t\u00eate, le front, le menton et [&hellip;]<\/p>\n","protected":false},"author":4,"featured_media":18530,"comment_status":"closed","ping_status":"closed","sticky":false,"template":"","format":"standard","meta":{"jnews-multi-image_gallery":[],"jnews_single_post":{"subtitle":"","format":"standard","video":"","gallery":"","source_name":"","source_url":"","via_name":"","via_url":"","override_template":"0","override":[{"template":"7","single_blog_custom":"","parallax":"1","fullscreen":"1","layout":"right-sidebar","sidebar":"default-sidebar","second_sidebar":"default-sidebar","sticky_sidebar":"1","share_position":"floatbottom","share_float_style":"share-normal","show_share_counter":"1","show_view_counter":"1","show_featured":"1","show_post_meta":"1","show_post_author":"0","show_post_author_image":"1","show_post_date":"1","post_date_format":"default","post_date_format_custom":"Y\/m\/d","show_post_category":"1","show_post_reading_time":"0","post_reading_time_wpm":"300","show_zoom_button":"0","zoom_button_out_step":"2","zoom_button_in_step":"3","show_post_tag":"1","show_prev_next_post":"0","show_popup_post":"1","number_popup_post":"1","show_author_box":"0","show_post_related":"1","show_inline_post_related":"0"}],"override_image_size":"0","image_override":[{"single_post_thumbnail_size":"crop-500","single_post_gallery_size":"crop-500"}],"trending_post":"0","trending_post_position":"meta","trending_post_label":"Trending","sponsored_post":"0","sponsored_post_label":"Sponsored by","sponsored_post_name":"","sponsored_post_url":"","sponsored_post_logo_enable":"0","sponsored_post_logo":"","sponsored_post_desc":"","disable_ad":"0"},"jnews_primary_category":{"id":"","hide":""},"jnews_social_meta":{"fb_title":"","fb_description":"","fb_image":"","twitter_title":"","twitter_description":"","twitter_image":""},"jnews_override_counter":{"override_view_counter":"0","view_counter_number":"0","override_share_counter":"0","share_counter_number":"0","override_like_counter":"0","like_counter_number":"0","override_dislike_counter":"0","dislike_counter_number":"0"},"footnotes":""},"categories":[3],"tags":[376],"class_list":["post-18529","post","type-post","status-publish","format-standard","has-post-thumbnail","hentry","category-infos-des-femmes","tag-violence-contre-les-femmes"],"_links":{"self":[{"href":"https:\/\/wncri.org\/fr\/wp-json\/wp\/v2\/posts\/18529","targetHints":{"allow":["GET"]}}],"collection":[{"href":"https:\/\/wncri.org\/fr\/wp-json\/wp\/v2\/posts"}],"about":[{"href":"https:\/\/wncri.org\/fr\/wp-json\/wp\/v2\/types\/post"}],"author":[{"embeddable":true,"href":"https:\/\/wncri.org\/fr\/wp-json\/wp\/v2\/users\/4"}],"replies":[{"embeddable":true,"href":"https:\/\/wncri.org\/fr\/wp-json\/wp\/v2\/comments?post=18529"}],"version-history":[{"count":1,"href":"https:\/\/wncri.org\/fr\/wp-json\/wp\/v2\/posts\/18529\/revisions"}],"predecessor-version":[{"id":18533,"href":"https:\/\/wncri.org\/fr\/wp-json\/wp\/v2\/posts\/18529\/revisions\/18533"}],"wp:featuredmedia":[{"embeddable":true,"href":"https:\/\/wncri.org\/fr\/wp-json\/wp\/v2\/media\/18530"}],"wp:attachment":[{"href":"https:\/\/wncri.org\/fr\/wp-json\/wp\/v2\/media?parent=18529"}],"wp:term":[{"taxonomy":"category","embeddable":true,"href":"https:\/\/wncri.org\/fr\/wp-json\/wp\/v2\/categories?post=18529"},{"taxonomy":"post_tag","embeddable":true,"href":"https:\/\/wncri.org\/fr\/wp-json\/wp\/v2\/tags?post=18529"}],"curies":[{"name":"wp","href":"https:\/\/api.w.org\/{rel}","templated":true}]}}