{"id":18503,"date":"2023-06-11T11:06:55","date_gmt":"2023-06-11T09:06:55","guid":{"rendered":"https:\/\/wncri.org\/fr\/?p=18503"},"modified":"2023-06-13T11:11:19","modified_gmt":"2023-06-13T09:11:19","slug":"maryam-taghizadeh-dezfuli","status":"publish","type":"post","link":"https:\/\/wncri.org\/fr\/2023\/06\/11\/maryam-taghizadeh-dezfuli\/","title":{"rendered":"Maryam Taghizadeh Dezfuli a \u00e9t\u00e9 arr\u00eat\u00e9e lors d&#8217;une descente des forces de s\u00e9curit\u00e9"},"content":{"rendered":"\n<h3 class=\"wp-block-heading\">Maryam Taghizadeh Dezfuli a \u00e9t\u00e9 arr\u00eat\u00e9e lors d&#8217;une descente des forces de s\u00e9curit\u00e9 \u00e0 son domicile.<\/h3>\n\n\n\n<p>Maryam Taghizadeh  avait d\u00e9j\u00e0 \u00e9t\u00e9 arr\u00eat\u00e9e le 1er novembre 2022, lors des manifestations \u00e0 <a href=\"https:\/\/fr.wikipedia.org\/wiki\/Ahvaz\" target=\"_blank\" rel=\"noreferrer noopener\">Ahvaz<\/a>. Elle a \u00e9t\u00e9 lib\u00e9r\u00e9e sous caution de la <a href=\"https:\/\/wncri.org\/2019\/01\/23\/sepidar-prison-ahvaz-vile-conditions\/\" target=\"_blank\" rel=\"noreferrer noopener\">prison de Sepidar \u00e0 Ahvaz<\/a> fin d\u00e9cembre 2022.<\/p>\n\n\n<div class=\"wp-block-image\">\n<figure class=\"aligncenter size-full\"><img decoding=\"async\" src=\"data:image\/gif;base64,R0lGODlhAQABAIAAAAAAAP\/\/\/yH5BAEAAAAALAAAAAABAAEAAAIBRAA7\" data-src=\"https:\/\/wncri.org\/fr\/wp-content\/uploads\/2023\/06\/Maryam-Taghizadeh-Dezfuli-2-min.jpg\" alt=\"Maryam Taghizadeh Dezfuli\" class=\"wp-image-18504 lazyload\"\/><noscript><img decoding=\"async\" width=\"750\" height=\"375\" src=\"https:\/\/wncri.org\/fr\/wp-content\/uploads\/2023\/06\/Maryam-Taghizadeh-Dezfuli-2-min.jpg\" alt=\"Maryam Taghizadeh Dezfuli\" class=\"wp-image-18504 lazyload\" srcset=\"https:\/\/wncri.org\/fr\/wp-content\/uploads\/2023\/06\/Maryam-Taghizadeh-Dezfuli-2-min.jpg 750w, https:\/\/wncri.org\/fr\/wp-content\/uploads\/2023\/06\/Maryam-Taghizadeh-Dezfuli-2-min-300x150.jpg 300w, https:\/\/wncri.org\/fr\/wp-content\/uploads\/2023\/06\/Maryam-Taghizadeh-Dezfuli-2-min-360x180.jpg 360w\" sizes=\"(max-width: 750px) 100vw, 750px\" \/><\/noscript><\/figure>\n<\/div>\n\n\n<p>Maryam Taghizadeh  a \u00e9t\u00e9 accus\u00e9e de &#8220;propagande contre l&#8217;\u00c9tat&#8221; et plac\u00e9e \u00e0 l&#8217;isolement au centre de d\u00e9tention Sepah Abu-Fadl d&#8217;Ahvaz pendant deux semaines.<\/p>\n","protected":false},"excerpt":{"rendered":"<p>Maryam Taghizadeh Dezfuli a \u00e9t\u00e9 arr\u00eat\u00e9e lors d&#8217;une descente des forces de s\u00e9curit\u00e9 \u00e0 son domicile. Maryam Taghizadeh avait d\u00e9j\u00e0 \u00e9t\u00e9 arr\u00eat\u00e9e le 1er novembre 2022, lors des manifestations \u00e0 Ahvaz. Elle a \u00e9t\u00e9 lib\u00e9r\u00e9e sous caution de la prison de Sepidar \u00e0 Ahvaz fin d\u00e9cembre 2022. Maryam Taghizadeh a \u00e9t\u00e9 accus\u00e9e de &#8220;propagande contre [&hellip;]<\/p>\n","protected":false},"author":4,"featured_media":18505,"comment_status":"closed","ping_status":"closed","sticky":false,"template":"","format":"standard","meta":{"jnews-multi-image_gallery":[],"jnews_single_post":{"subtitle":"","format":"standard","video":"","gallery":"","source_name":"","source_url":"","via_name":"","via_url":"","override_template":"0","override":[{"template":"7","single_blog_custom":"","parallax":"1","fullscreen":"1","layout":"right-sidebar","sidebar":"default-sidebar","second_sidebar":"default-sidebar","sticky_sidebar":"1","share_position":"floatbottom","share_float_style":"share-normal","show_share_counter":"1","show_view_counter":"1","show_featured":"1","show_post_meta":"1","show_post_author":"0","show_post_author_image":"1","show_post_date":"1","post_date_format":"default","post_date_format_custom":"Y\/m\/d","show_post_category":"1","show_post_reading_time":"0","post_reading_time_wpm":"300","show_zoom_button":"0","zoom_button_out_step":"2","zoom_button_in_step":"3","show_post_tag":"1","show_prev_next_post":"0","show_popup_post":"1","number_popup_post":"1","show_author_box":"0","show_post_related":"1","show_inline_post_related":"0"}],"override_image_size":"0","image_override":[{"single_post_thumbnail_size":"crop-500","single_post_gallery_size":"crop-500"}],"trending_post":"0","trending_post_position":"meta","trending_post_label":"Trending","sponsored_post":"0","sponsored_post_label":"Sponsored by","sponsored_post_name":"","sponsored_post_url":"","sponsored_post_logo_enable":"0","sponsored_post_logo":"","sponsored_post_desc":"","disable_ad":"0"},"jnews_primary_category":{"id":"","hide":""},"jnews_social_meta":{"fb_title":"","fb_description":"","fb_image":"","twitter_title":"","twitter_description":"","twitter_image":""},"jnews_override_counter":{"override_view_counter":"0","view_counter_number":"0","override_share_counter":"0","share_counter_number":"0","override_like_counter":"0","like_counter_number":"0","override_dislike_counter":"0","dislike_counter_number":"0"},"footnotes":""},"categories":[3],"tags":[370],"class_list":["post-18503","post","type-post","status-publish","format-standard","has-post-thumbnail","hentry","category-infos-des-femmes","tag-prisonnieres"],"_links":{"self":[{"href":"https:\/\/wncri.org\/fr\/wp-json\/wp\/v2\/posts\/18503","targetHints":{"allow":["GET"]}}],"collection":[{"href":"https:\/\/wncri.org\/fr\/wp-json\/wp\/v2\/posts"}],"about":[{"href":"https:\/\/wncri.org\/fr\/wp-json\/wp\/v2\/types\/post"}],"author":[{"embeddable":true,"href":"https:\/\/wncri.org\/fr\/wp-json\/wp\/v2\/users\/4"}],"replies":[{"embeddable":true,"href":"https:\/\/wncri.org\/fr\/wp-json\/wp\/v2\/comments?post=18503"}],"version-history":[{"count":2,"href":"https:\/\/wncri.org\/fr\/wp-json\/wp\/v2\/posts\/18503\/revisions"}],"predecessor-version":[{"id":18507,"href":"https:\/\/wncri.org\/fr\/wp-json\/wp\/v2\/posts\/18503\/revisions\/18507"}],"wp:featuredmedia":[{"embeddable":true,"href":"https:\/\/wncri.org\/fr\/wp-json\/wp\/v2\/media\/18505"}],"wp:attachment":[{"href":"https:\/\/wncri.org\/fr\/wp-json\/wp\/v2\/media?parent=18503"}],"wp:term":[{"taxonomy":"category","embeddable":true,"href":"https:\/\/wncri.org\/fr\/wp-json\/wp\/v2\/categories?post=18503"},{"taxonomy":"post_tag","embeddable":true,"href":"https:\/\/wncri.org\/fr\/wp-json\/wp\/v2\/tags?post=18503"}],"curies":[{"name":"wp","href":"https:\/\/api.w.org\/{rel}","templated":true}]}}