{"id":18495,"date":"2023-06-10T22:35:05","date_gmt":"2023-06-10T20:35:05","guid":{"rendered":"https:\/\/wncri.org\/fr\/?p=18495"},"modified":"2023-06-11T22:42:08","modified_gmt":"2023-06-11T20:42:08","slug":"40-meres-cherchant-a-obtenir","status":"publish","type":"post","link":"https:\/\/wncri.org\/fr\/2023\/06\/10\/40-meres-cherchant-a-obtenir\/","title":{"rendered":"Plus de 40 m\u00e8res cherchant \u00e0 obtenir justice pour leurs enfants tu\u00e9s ont \u00e9t\u00e9 appr\u00e9hend\u00e9es par les services des renseignements du Corps des gardiens de la r\u00e9volution islamique"},"content":{"rendered":"\n<h3 class=\"wp-block-heading\"><strong>Plus de 40 m\u00e8res cherchant \u00e0 obtenir justice pour leurs enfants tu\u00e9s ont \u00e9t\u00e9 appr\u00e9hend\u00e9es par les services des renseignements du Corps des gardiens de la r\u00e9volution islamique<\/strong><\/h3>\n\n\n\n<p><em>Plus de 40 m\u00e8res cherchant \u00e0 obtenir justice ont \u00e9t\u00e9 arr\u00eat\u00e9es<\/em><\/p>\n\n\n\n<p>Plus de 40 m\u00e8res cherchant \u00e0 obtenir justice pour leurs enfants tu\u00e9s lors des soul\u00e8vements en Iran ont \u00e9t\u00e9 arr\u00eat\u00e9es par les forces des renseignements CGRI apr\u00e8s avoir visit\u00e9 le <a href=\"https:\/\/en.wikipedia.org\/wiki\/Aychi\" target=\"_blank\" rel=\"noreferrer noopener\">cimeti\u00e8re d&#8217;Aychi<\/a> \u00e0 Saqqez.<\/p>\n\n\n\n<p>Le 9 juin 2023, les <a href=\"https:\/\/wncri.org\/fr\/2023\/06\/01\/les-familles-protestent\/\" target=\"_blank\" rel=\"noreferrer noopener\">parents<\/a> de certains jeunes gens tu\u00e9s lors des manifestations \u00e0 Sanandaj, Dehgolan et Divandareh ont particip\u00e9 \u00e0 la c\u00e9r\u00e9monie d&#8217;anniversaire de Danial Pabandi, l&#8217;un des martyrs du soul\u00e8vement iranien, au cimeti\u00e8re d&#8217;Aychi \u00e0 Saqqez.<\/p>\n\n\n\n<p>Ils ont ensuite \u00e9t\u00e9 se recueillir sur les tombes des martyrs de Boukan et ont renouvel\u00e9 leurs promesses.<\/p>\n\n\n\n<p>Les familles en qu\u00eate de justice de Sanandaj, Dehgolan et Divandareh, ainsi que les parents des victimes de Saqqez, se sont rassembl\u00e9s sur la tombe de <a href=\"https:\/\/wncri.org\/fr\/2023\/03\/31\/mahsa-amini\/\" target=\"_blank\" rel=\"noreferrer noopener\">Mahsa Amini<\/a> au cimiti\u00e8re d&#8217;Aychi.<\/p>\n\n\n\n<p>Ils tenaient dans leurs mains les photos de leurs enfants morts au combat et scandaient des slogans tels que &#8220;Les martyrs ne meurent jamais&#8221; pour rendre hommage aux victimes et demander justice pour elles. Ils ont \u00e9galement protest\u00e9 contre les restrictions impos\u00e9es par le gouvernement \u00e0 l&#8217;acc\u00e8s \u00e0 la tombe de Mahsa Amini au cimeti\u00e8re d&#8217;Aychi et contre la destruction des pierres tombales des victimes.<\/p>\n\n\n\n<p>Une heure apr\u00e8s avoir visit\u00e9 le cimeti\u00e8re d&#8217;Aychi, les deux mini-bus transportant les familles en qu\u00eate de justice ont \u00e9t\u00e9 arr\u00eat\u00e9s \u00e0 l&#8217;entr\u00e9e de Saqqez, et les familles ont \u00e9t\u00e9 transf\u00e9r\u00e9es dans un lieu non divulgu\u00e9.<\/p>\n\n\n<div class=\"wp-block-image\">\n<figure class=\"aligncenter size-full\"><img decoding=\"async\" src=\"data:image\/gif;base64,R0lGODlhAQABAIAAAAAAAP\/\/\/yH5BAEAAAAALAAAAAABAAEAAAIBRAA7\" data-src=\"https:\/\/wncri.org\/fr\/wp-content\/uploads\/2023\/06\/Mothers-seeking-justice-3-min.jpg\" alt=\"40 m\u00e8res en qu\u00eate de justice\" class=\"wp-image-18498 lazyload\"\/><noscript><img decoding=\"async\" width=\"750\" height=\"375\" src=\"https:\/\/wncri.org\/fr\/wp-content\/uploads\/2023\/06\/Mothers-seeking-justice-3-min.jpg\" alt=\"40 m\u00e8res en qu\u00eate de justice\" class=\"wp-image-18498 lazyload\" srcset=\"https:\/\/wncri.org\/fr\/wp-content\/uploads\/2023\/06\/Mothers-seeking-justice-3-min.jpg 750w, https:\/\/wncri.org\/fr\/wp-content\/uploads\/2023\/06\/Mothers-seeking-justice-3-min-300x150.jpg 300w, https:\/\/wncri.org\/fr\/wp-content\/uploads\/2023\/06\/Mothers-seeking-justice-3-min-360x180.jpg 360w\" sizes=\"(max-width: 750px) 100vw, 750px\" \/><\/noscript><figcaption class=\"wp-element-caption\">Mojgan Eftekhari, la m\u00e8re de Mahsa Amini<\/figcaption><\/figure>\n<\/div>\n\n\n<p>Mojgan Eftekhari, la m\u00e8re de <a href=\"https:\/\/english.mojahedin.org\/news\/mahsa-amini-is-the-latest-victim-of-the-misogynist-mullahs-regime-in-iran\/\" target=\"_blank\" rel=\"noreferrer noopener\">Mahsa Amini<\/a>, s&#8217;est \u00e9galement rendue sur les tombes des victimes de Boukan.<\/p>\n\n\n\n<h3 class=\"wp-block-heading\"><strong>L&#8217;arrestation et la d\u00e9tention de plus de 40 m\u00e8res en qu\u00eate de justice et de leurs proches<\/strong><\/h3>\n\n\n\n<p>Parmi les familles de victimes d\u00e9tenues dans la province du Kurdistan figurent Sharifeh Mirzaei, Koohsar Menbari, Hana Menbari, Abdulrahman Nasri et sa femme, Limou, et leur fille, Maedeh Nasri, Hassan Amini, le fr\u00e8re de Mohammad Amini, sa m\u00e8re et d&#8217;autres membres de sa famille, Ahmad Rahimi, le p\u00e8re de Yahya Rahimi, et Sediq Bahmani, le p\u00e8re de Shahou Bahmani, ainsi que d&#8217;autres membres de sa famille.<\/p>\n\n\n\n<p>Parmi les autres d\u00e9tenus figurent Momen Zand Karimi et les membres de sa famille, les s\u0153urs et les fr\u00e8res d&#8217;Aram Habibi, Hashem Sa&#8217;edi, le p\u00e8re de Sarina Saedi, les s\u0153urs de Daryush Alizadeh, Farshid Abdollahi, le p\u00e8re de Hooman Abdollahi, et les autres membres de sa famille, le p\u00e8re de Hooman Abdollahi, et les membres de sa famille, y compris sa fille de quatre ans, Hira Abdollahi, Rada Fatehi, la s\u0153ur de Ramin Fatehi, Adnan Fatehi, Delnia Bahmani, la s\u0153ur de Shahou Bahmani. Ce sont tous des parents des manifestants tu\u00e9s lors des manifestations de 2022 en Iran et la s\u0153ur d&#8217;Ebrahim Lotfallahi, un \u00e9tudiant tu\u00e9 lors de sa d\u00e9tention en 2006.<\/p>\n\n\n<div class=\"wp-block-image\">\n<figure class=\"aligncenter size-full\"><img decoding=\"async\" src=\"data:image\/gif;base64,R0lGODlhAQABAIAAAAAAAP\/\/\/yH5BAEAAAAALAAAAAABAAEAAAIBRAA7\" data-src=\"https:\/\/wncri.org\/fr\/wp-content\/uploads\/2023\/06\/Mothers-seeking-justice-2-min.jpg\" alt=\"L'arrestation et la d\u00e9tention de plus de 40 m\u00e8res en qu\u00eate de justice et de leurs proches \" class=\"wp-image-18497 lazyload\"\/><noscript><img decoding=\"async\" width=\"750\" height=\"375\" src=\"https:\/\/wncri.org\/fr\/wp-content\/uploads\/2023\/06\/Mothers-seeking-justice-2-min.jpg\" alt=\"L'arrestation et la d\u00e9tention de plus de 40 m\u00e8res en qu\u00eate de justice et de leurs proches \" class=\"wp-image-18497 lazyload\" srcset=\"https:\/\/wncri.org\/fr\/wp-content\/uploads\/2023\/06\/Mothers-seeking-justice-2-min.jpg 750w, https:\/\/wncri.org\/fr\/wp-content\/uploads\/2023\/06\/Mothers-seeking-justice-2-min-300x150.jpg 300w, https:\/\/wncri.org\/fr\/wp-content\/uploads\/2023\/06\/Mothers-seeking-justice-2-min-360x180.jpg 360w\" sizes=\"(max-width: 750px) 100vw, 750px\" \/><\/noscript><\/figure>\n<\/div>\n\n\n<p>Les services des renseignements du CGRI ont \u00e9galement arr\u00eat\u00e9 les chauffeurs des deux minibus transportant les familles en qu\u00eate de justice de Sanandaj, Dehgolan et Divandareh.<\/p>\n\n\n\n<p>Parmi les membres des familles d\u00e9tenues, il y a quatre enfants, Hira Abdollahi (4 ans), Yuna Moradi (6 ans), Baran Menbari (12 ans) et Kia Moradi (16 ans).<\/p>\n\n\n\n<p>L&#8217;attaque du cimeti\u00e8re d&#8217;Ayachi et la destruction des pierres tombales des manifestants tu\u00e9s se sont intensifi\u00e9es dans plusieurs r\u00e9gions d&#8217;Iran au cours des derni\u00e8res semaines. Simultan\u00e9ment, les forces de s\u00e9curit\u00e9 ont augment\u00e9 la pression sur les familles des manifestants tu\u00e9s. Certaines familles de victimes ont \u00e9t\u00e9 convoqu\u00e9es.<\/p>\n\n\n\n<p>Certains membres des familles des manifestants tu\u00e9s, dont Foad Choubin, l&#8217;oncle d&#8217;Artin Rahmani, un jeune manifestant tu\u00e9 \u00e0 Izeh, et Kamal Lotfi, le p\u00e8re de Reza Lotfi, un manifestant tu\u00e9 \u00e0 Kamyaran, d\u00e9tenu en mars 2023, sont toujours en \u00e9tat d&#8217;arrestation.<\/p>\n\n\n\n<p><\/p>\n\n\n\n<p><\/p>\n","protected":false},"excerpt":{"rendered":"<p>Plus de 40 m\u00e8res cherchant \u00e0 obtenir justice pour leurs enfants tu\u00e9s ont \u00e9t\u00e9 appr\u00e9hend\u00e9es par les services des renseignements du Corps des gardiens de la r\u00e9volution islamique Plus de 40 m\u00e8res cherchant \u00e0 obtenir justice ont \u00e9t\u00e9 arr\u00eat\u00e9es Plus de 40 m\u00e8res cherchant \u00e0 obtenir justice pour leurs enfants tu\u00e9s lors des soul\u00e8vements en [&hellip;]<\/p>\n","protected":false},"author":4,"featured_media":18496,"comment_status":"closed","ping_status":"closed","sticky":false,"template":"","format":"standard","meta":{"jnews-multi-image_gallery":[],"jnews_single_post":{"subtitle":"","format":"standard","video":"","gallery":"","source_name":"","source_url":"","via_name":"","via_url":"","override_template":"0","override":[{"template":"7","single_blog_custom":"","parallax":"1","fullscreen":"1","layout":"right-sidebar","sidebar":"default-sidebar","second_sidebar":"default-sidebar","sticky_sidebar":"1","share_position":"floatbottom","share_float_style":"share-normal","show_share_counter":"1","show_view_counter":"1","show_featured":"1","show_post_meta":"1","show_post_author":"0","show_post_author_image":"1","show_post_date":"1","post_date_format":"default","post_date_format_custom":"Y\/m\/d","show_post_category":"1","show_post_reading_time":"0","post_reading_time_wpm":"300","show_zoom_button":"0","zoom_button_out_step":"2","zoom_button_in_step":"3","show_post_tag":"1","show_prev_next_post":"0","show_popup_post":"1","number_popup_post":"1","show_author_box":"0","show_post_related":"1","show_inline_post_related":"0"}],"override_image_size":"0","image_override":[{"single_post_thumbnail_size":"crop-500","single_post_gallery_size":"crop-500"}],"trending_post":"0","trending_post_position":"meta","trending_post_label":"Trending","sponsored_post":"0","sponsored_post_label":"Sponsored by","sponsored_post_name":"","sponsored_post_url":"","sponsored_post_logo_enable":"0","sponsored_post_logo":"","sponsored_post_desc":"","disable_ad":"0"},"jnews_primary_category":{"id":"","hide":""},"jnews_social_meta":{"fb_title":"","fb_description":"","fb_image":"","twitter_title":"","twitter_description":"","twitter_image":""},"jnews_override_counter":{"override_view_counter":"0","view_counter_number":"0","override_share_counter":"0","share_counter_number":"0","override_like_counter":"0","like_counter_number":"0","override_dislike_counter":"0","dislike_counter_number":"0"},"footnotes":""},"categories":[3],"tags":[369],"class_list":["post-18495","post","type-post","status-publish","format-standard","has-post-thumbnail","hentry","category-infos-des-femmes","tag-manifestations"],"_links":{"self":[{"href":"https:\/\/wncri.org\/fr\/wp-json\/wp\/v2\/posts\/18495","targetHints":{"allow":["GET"]}}],"collection":[{"href":"https:\/\/wncri.org\/fr\/wp-json\/wp\/v2\/posts"}],"about":[{"href":"https:\/\/wncri.org\/fr\/wp-json\/wp\/v2\/types\/post"}],"author":[{"embeddable":true,"href":"https:\/\/wncri.org\/fr\/wp-json\/wp\/v2\/users\/4"}],"replies":[{"embeddable":true,"href":"https:\/\/wncri.org\/fr\/wp-json\/wp\/v2\/comments?post=18495"}],"version-history":[{"count":1,"href":"https:\/\/wncri.org\/fr\/wp-json\/wp\/v2\/posts\/18495\/revisions"}],"predecessor-version":[{"id":18499,"href":"https:\/\/wncri.org\/fr\/wp-json\/wp\/v2\/posts\/18495\/revisions\/18499"}],"wp:featuredmedia":[{"embeddable":true,"href":"https:\/\/wncri.org\/fr\/wp-json\/wp\/v2\/media\/18496"}],"wp:attachment":[{"href":"https:\/\/wncri.org\/fr\/wp-json\/wp\/v2\/media?parent=18495"}],"wp:term":[{"taxonomy":"category","embeddable":true,"href":"https:\/\/wncri.org\/fr\/wp-json\/wp\/v2\/categories?post=18495"},{"taxonomy":"post_tag","embeddable":true,"href":"https:\/\/wncri.org\/fr\/wp-json\/wp\/v2\/tags?post=18495"}],"curies":[{"name":"wp","href":"https:\/\/api.w.org\/{rel}","templated":true}]}}