{"id":18458,"date":"2023-06-01T10:05:12","date_gmt":"2023-06-01T08:05:12","guid":{"rendered":"https:\/\/wncri.org\/fr\/?p=18458"},"modified":"2023-06-07T10:17:47","modified_gmt":"2023-06-07T08:17:47","slug":"les-familles-protestent","status":"publish","type":"post","link":"https:\/\/wncri.org\/fr\/2023\/06\/01\/les-familles-protestent\/","title":{"rendered":"Rapport de mai 2023 : Les familles protestent alors que les ex\u00e9cutions se multiplient en Iran"},"content":{"rendered":"\n<h2 class=\"wp-block-heading\"><strong>Les familles protestent alors que les ex\u00e9cutions se multiplient en Iran, ciblant les voix du changement<\/strong><\/h2>\n\n\n\n<div data-wp-interactive=\"core\/file\" class=\"wp-block-file\"><object data-wp-bind--hidden=\"!state.hasPdfPreview\" hidden class=\"wp-block-file__embed\" data=\"https:\/\/wncri.org\/fr\/wp-content\/uploads\/2023\/06\/Monthly-May-2023_FR.pdf\" type=\"application\/pdf\" style=\"width:100%;height:600px\" aria-label=\"Embed of Monthly-May-2023_FR.\"><\/object><a id=\"wp-block-file--media-9e43d17e-cee4-494a-a26c-18c2b785aa60\" href=\"https:\/\/wncri.org\/fr\/wp-content\/uploads\/2023\/06\/Monthly-May-2023_FR.pdf\">Monthly-May-2023_FR<\/a><a href=\"https:\/\/wncri.org\/fr\/wp-content\/uploads\/2023\/06\/Monthly-May-2023_FR.pdf\" class=\"wp-block-file__button wp-element-button\" download aria-describedby=\"wp-block-file--media-9e43d17e-cee4-494a-a26c-18c2b785aa60\">Download<\/a><\/div>\n\n\n\n<p>Le mois de mai a vu l&#8217;ex\u00e9cution d&#8217;au moins 146 prisonniers en Iran, dont trois femmes et trois prisonniers politiques.<\/p>\n\n\n\n<p>L&#8217;une des trois femmes ex\u00e9cut\u00e9es est Madineh Sabzevan, 39 ans, m\u00e8re de cinq enfants. Elle a \u00e9t\u00e9 pendue pour des accusations li\u00e9es \u00e0 la drogue alors que le parlement des mollahs avait approuv\u00e9, le 13 ao\u00fbt 2017, un projet de loi visant \u00e0 limiter la peine de mort aux cartels de la drogue et aux syndicats du crime et \u00e0 punir les petits d\u00e9linquants d&#8217;une peine d&#8217;emprisonnement. Les enqu\u00eates montrent que la plupart des trafiquants de drogue ne sont pas les v\u00e9ritables passeurs ou meneurs, mais qu&#8217;ils sont entra\u00een\u00e9s et\/ou tent\u00e9s dans le crime en raison de la pauvret\u00e9, du ch\u00f4mage et du d\u00e9sespoir. <a href=\"https:\/\/financialtribune.com\/articles\/people\/70331\/majlis-endorses-bill-to-restrict-death-penalty-for-drug-crimes#:~:text=If%20signed%20into%20law%20after,will%20be%20sentenced%20to%20death.\" target=\"_blank\" rel=\"noreferrer noopener\">(The Financial Times<\/a>, 14 ao\u00fbt 2017)<\/p>\n\n\n\n<p>\u00c0 diverses reprises, ces familles et leurs jeunes enfants se sont rassembl\u00e9s devant le <a href=\"https:\/\/wncri.org\/fr\/2023\/05\/16\/familles-de-prisonniers\/\" target=\"_blank\" rel=\"noreferrer noopener\">pouvoir judiciaire<\/a> des mollahs \u00e0 T\u00e9h\u00e9ran et devant d&#8217;autres prisons \u00e0 Ispahan, Bandar Abbass, <a href=\"https:\/\/wncri.org\/fr\/2023\/05\/20\/familles-des-condamnes-a-mort\/\" target=\"_blank\" rel=\"noreferrer noopener\">Karaj<\/a>, etc. pour exhorter les autorit\u00e9s \u00e0 ne pas ex\u00e9cuter leurs proches. Elles ont protest\u00e9 avec v\u00e9h\u00e9mence contre le nombre croissant d&#8217;ex\u00e9cutions et ont demand\u00e9 l&#8217;arr\u00eat imm\u00e9diat des ordres d&#8217;ex\u00e9cution injustes impos\u00e9s \u00e0 leurs proches.<\/p>\n\n\n<div class=\"wp-block-image\">\n<figure class=\"aligncenter size-full\"><img decoding=\"async\" src=\"data:image\/gif;base64,R0lGODlhAQABAIAAAAAAAP\/\/\/yH5BAEAAAAALAAAAAABAAEAAAIBRAA7\" data-src=\"https:\/\/wncri.org\/fr\/wp-content\/uploads\/2023\/05\/Stop-executions-in-Iran-min.jpg\" alt=\"Toll\u00e9 contre les ex\u00e9cutions : Rassemblement des familles de prisonniers \u00e0 T\u00e9h\u00e9ran, Bandar Abbas et Ispahan\" class=\"wp-image-18300 lazyload\"\/><noscript><img decoding=\"async\" width=\"750\" height=\"375\" src=\"https:\/\/wncri.org\/fr\/wp-content\/uploads\/2023\/05\/Stop-executions-in-Iran-min.jpg\" alt=\"Toll\u00e9 contre les ex\u00e9cutions : Rassemblement des familles de prisonniers \u00e0 T\u00e9h\u00e9ran, Bandar Abbas et Ispahan\" class=\"wp-image-18300 lazyload\" srcset=\"https:\/\/wncri.org\/fr\/wp-content\/uploads\/2023\/05\/Stop-executions-in-Iran-min.jpg 750w, https:\/\/wncri.org\/fr\/wp-content\/uploads\/2023\/05\/Stop-executions-in-Iran-min-300x150.jpg 300w, https:\/\/wncri.org\/fr\/wp-content\/uploads\/2023\/05\/Stop-executions-in-Iran-min-360x180.jpg 360w\" sizes=\"(max-width: 750px) 100vw, 750px\" \/><\/noscript><figcaption class=\"wp-element-caption\">Rassemblement des familles devant le si\u00e8ge du pouvoir judiciaire \u00e0 T\u00e9h\u00e9ran.<\/figcaption><\/figure>\n<\/div>\n\n\n<p><\/p>\n\n\n\n<p>Portant des messages sinc\u00e8res, <a href=\"https:\/\/wncri.org\/fr\/2023\/05\/16\/familles-de-prisonniers\/\" target=\"_blank\" rel=\"noreferrer noopener\">les enfants des prisonniers<\/a> brandissaient des pancartes affichant des phrases telles que &#8220;N&#8217;ex\u00e9cutez pas mon p\u00e8re&#8221; et &#8220;Non \u00e0 l&#8217;ex\u00e9cution&#8221;, demandant avec passion qu&#8217;il soit mis fin \u00e0 ces actes de peine capitale.<\/p>\n\n\n\n<p>Bien entendu, les forces de s\u00e9curit\u00e9 de l&#8217;\u00c9tat les ont trait\u00e9s avec brutalit\u00e9 et leur ont lanc\u00e9 des gaz lacrymog\u00e8nes.<\/p>\n\n\n<div class=\"wp-block-image\">\n<figure class=\"aligncenter size-full\"><img decoding=\"async\" src=\"data:image\/gif;base64,R0lGODlhAQABAIAAAAAAAP\/\/\/yH5BAEAAAAALAAAAAABAAEAAAIBRAA7\" data-src=\"https:\/\/wncri.org\/fr\/wp-content\/uploads\/2023\/05\/Families-of-death-row-prisoners-in-Qezel-Hesar-Prison-women-brutalized-min.jpg\" alt=\"Les familles des condamn\u00e9s \u00e0 mort de la prison de Qezel Hesar se sont rassembl\u00e9es le vendredi 18 mai 2023 devant cette prison \u00e0 Karaj\" class=\"wp-image-18334 lazyload\"\/><noscript><img decoding=\"async\" width=\"750\" height=\"375\" src=\"https:\/\/wncri.org\/fr\/wp-content\/uploads\/2023\/05\/Families-of-death-row-prisoners-in-Qezel-Hesar-Prison-women-brutalized-min.jpg\" alt=\"Les familles des condamn\u00e9s \u00e0 mort de la prison de Qezel Hesar se sont rassembl\u00e9es le vendredi 18 mai 2023 devant cette prison \u00e0 Karaj\" class=\"wp-image-18334 lazyload\" srcset=\"https:\/\/wncri.org\/fr\/wp-content\/uploads\/2023\/05\/Families-of-death-row-prisoners-in-Qezel-Hesar-Prison-women-brutalized-min.jpg 750w, https:\/\/wncri.org\/fr\/wp-content\/uploads\/2023\/05\/Families-of-death-row-prisoners-in-Qezel-Hesar-Prison-women-brutalized-min-300x150.jpg 300w, https:\/\/wncri.org\/fr\/wp-content\/uploads\/2023\/05\/Families-of-death-row-prisoners-in-Qezel-Hesar-Prison-women-brutalized-min-360x180.jpg 360w\" sizes=\"(max-width: 750px) 100vw, 750px\" \/><\/noscript><figcaption class=\"wp-element-caption\">Familles de condamn\u00e9s \u00e0 mort bless\u00e9es lors d&#8217;un raid des forces de s\u00e9curit\u00e9 de l&#8217;\u00c9tat<\/figcaption><\/figure>\n<\/div>\n\n\n<p>Lors des <a href=\"https:\/\/wncri.org\/fr\/2023\/05\/29\/3-prisonniers-politiques\/\" target=\"_blank\" rel=\"noreferrer noopener\">manifestations nocturnes<\/a> contre l&#8217;ex\u00e9cution de trois prisonniers politiques \u00e0 Ispahan le 19 mai, une centaine de personnes, dont 40 femmes, ont \u00e9t\u00e9 arr\u00eat\u00e9es \u00e0 T\u00e9h\u00e9ran et transf\u00e9r\u00e9es dans les prisons d&#8217;Evine, de Qarchak et du Grand T\u00e9h\u00e9ran.<\/p>\n\n\n\n<p>L&#8217;ex\u00e9cution d&#8217;un si grand nombre de personnes en l&#8217;espace d&#8217;un mois seulement a caus\u00e9 d&#8217;\u00e9normes souffrances \u00e0 leurs m\u00e8res, \u00e0 leurs \u00e9pouses et \u00e0 leurs familles, en particulier aux familles des manifestants d\u00e9tenus pendant le soul\u00e8vement de 2022-2023.<\/p>\n\n\n<div class=\"wp-block-image\">\n<figure class=\"aligncenter size-full\"><img decoding=\"async\" src=\"data:image\/gif;base64,R0lGODlhAQABAIAAAAAAAP\/\/\/yH5BAEAAAAALAAAAAABAAEAAAIBRAA7\" data-src=\"https:\/\/wncri.org\/fr\/wp-content\/uploads\/2023\/06\/Monthly-May-2023-_-family-Mir-Hashemi-min.jpg\" alt=\"Les familles protestent alors que les ex\u00e9cutions se multiplient en Iran\" class=\"wp-image-18461 lazyload\"\/><noscript><img decoding=\"async\" width=\"750\" height=\"375\" src=\"https:\/\/wncri.org\/fr\/wp-content\/uploads\/2023\/06\/Monthly-May-2023-_-family-Mir-Hashemi-min.jpg\" alt=\"Les familles protestent alors que les ex\u00e9cutions se multiplient en Iran\" class=\"wp-image-18461 lazyload\" srcset=\"https:\/\/wncri.org\/fr\/wp-content\/uploads\/2023\/06\/Monthly-May-2023-_-family-Mir-Hashemi-min.jpg 750w, https:\/\/wncri.org\/fr\/wp-content\/uploads\/2023\/06\/Monthly-May-2023-_-family-Mir-Hashemi-min-300x150.jpg 300w, https:\/\/wncri.org\/fr\/wp-content\/uploads\/2023\/06\/Monthly-May-2023-_-family-Mir-Hashemi-min-360x180.jpg 360w\" sizes=\"(max-width: 750px) 100vw, 750px\" \/><\/noscript><figcaption class=\"wp-element-caption\">La famille de Saleh Mir-Hashemi se recueille sur cette tombe<\/figcaption><\/figure>\n<\/div>\n\n\n<p>Les familles des <a href=\"https:\/\/wncri.org\/fr\/2023\/05\/20\/familles-des-condamnes-a-mort\/\" target=\"_blank\" rel=\"noreferrer noopener\">manifestants ex\u00e9cut\u00e9s<\/a>, Saleh Mir-Hashemi, Majid Kazemi et Saeed Yaghoubi, ont beaucoup souffert car les services de s\u00e9curit\u00e9 ne leur ont pas permis d&#8217;enterrer leurs enfants. Les forces de s\u00e9curit\u00e9 ont enterr\u00e9 les trois manifestants dans trois endroits \u00e9loign\u00e9s les uns des autres et n&#8217;ont pas permis \u00e0 leurs familles d&#8217;organiser des c\u00e9r\u00e9monies fun\u00e9raires.<\/p>\n\n\n\n<p>Les services des renseignements ont appel\u00e9 le fr\u00e8re de Majid Kazemi et lui ont demand\u00e9 de se joindre \u00e0 eux sans rien dire \u00e0 personne. Ils ont ensuite transport\u00e9 le corps dans un endroit isol\u00e9 et ont enterr\u00e9 Majid Kazemi dans une fosse trop petite pour lui. Apr\u00e8s l&#8217;avoir enterr\u00e9, les autorit\u00e9s ont dit \u00e0 son fr\u00e8re d&#8217;appeler chez lui et de faire savoir \u00e0 sa famille qu&#8217;il avait \u00e9t\u00e9 enterr\u00e9.<\/p>\n\n\n\n<p>Pire encore, le r\u00e9gime a violemment arr\u00eat\u00e9 et d\u00e9tenu la s\u0153ur et les deux fr\u00e8res du manifestant ex\u00e9cut\u00e9, Majid Kazemi.<\/p>\n\n\n\n<p>Quant \u00e0 Saleh Mir-Hashemi, les autorit\u00e9s p\u00e9nitentiaires ont assur\u00e9 \u00e0 sa m\u00e8re qu&#8217;elles ne l&#8217;ex\u00e9cuteraient pas, mais elles l&#8217;ont fait. Sa m\u00e8re a d\u00e9clar\u00e9 : &#8220;Ils ont menott\u00e9 son p\u00e8re et ont emmen\u00e9 le corps de Saleh dans un village isol\u00e9 o\u00f9 ils l&#8217;ont enterr\u00e9. Ils ne nous ont pas autoris\u00e9s \u00e0 organiser une c\u00e9r\u00e9monie&#8221;.<\/p>\n\n\n<div class=\"wp-block-image\">\n<figure class=\"aligncenter size-full\"><img decoding=\"async\" src=\"data:image\/gif;base64,R0lGODlhAQABAIAAAAAAAP\/\/\/yH5BAEAAAAALAAAAAABAAEAAAIBRAA7\" data-src=\"https:\/\/wncri.org\/fr\/wp-content\/uploads\/2023\/06\/Monthly-May-2023-_-Kurds-mothers-min.jpg\" alt=\"Les familles protestent alors que les ex\u00e9cutions se multiplient en Iran\" class=\"wp-image-18462 lazyload\"\/><noscript><img decoding=\"async\" width=\"750\" height=\"375\" src=\"https:\/\/wncri.org\/fr\/wp-content\/uploads\/2023\/06\/Monthly-May-2023-_-Kurds-mothers-min.jpg\" alt=\"Les familles protestent alors que les ex\u00e9cutions se multiplient en Iran\" class=\"wp-image-18462 lazyload\" srcset=\"https:\/\/wncri.org\/fr\/wp-content\/uploads\/2023\/06\/Monthly-May-2023-_-Kurds-mothers-min.jpg 750w, https:\/\/wncri.org\/fr\/wp-content\/uploads\/2023\/06\/Monthly-May-2023-_-Kurds-mothers-min-300x150.jpg 300w, https:\/\/wncri.org\/fr\/wp-content\/uploads\/2023\/06\/Monthly-May-2023-_-Kurds-mothers-min-360x180.jpg 360w\" sizes=\"(max-width: 750px) 100vw, 750px\" \/><\/noscript><figcaption class=\"wp-element-caption\">M\u00e8res de Kurdes tu\u00e9s par les forces de s\u00e9curit\u00e9 lors des manifestations en Iran <\/figcaption><\/figure>\n<\/div>\n\n\n<h3 class=\"wp-block-heading\"><strong>Les tactiques du r\u00e9gime pour emp\u00eacher l&#8217;\u00e9clatement d&#8217;un nouveau soul\u00e8vement<\/strong><\/h3>\n\n\n\n<p>L&#8217;augmentation alarmante du nombre d&#8217;ex\u00e9cutions fait suite \u00e0 d&#8217;autres tactiques mises en \u0153uvre par le r\u00e9gime pour emp\u00eacher le d\u00e9clenchement d&#8217;un nouveau soul\u00e8vement d&#8217;une population m\u00e9contente et d\u00e9fiante cherchant \u00e0 le renverser.<\/p>\n\n\n\n<p>Tout d&#8217;abord, il a accord\u00e9 l&#8217;amnistie \u00e0 82 000 prisonniers, dont 22 000 \u00e9taient des manifestants d\u00e9tenus, afin de calmer la population exasp\u00e9r\u00e9e. Peu apr\u00e8s, cependant, le pouvoir judiciaire a commenc\u00e9 \u00e0 convoquer les manifestants lib\u00e9r\u00e9s et \u00e0 les remettre en prison, pour diverses raisons.<\/p>\n\n\n\n<p>Les attaques chimiques contre les \u00e9coli\u00e8res, qui se poursuivent depuis six mois, constituent une autre tactique visant \u00e0 r\u00e9duire au silence les jeunes femmes qui se sont courageusement exprim\u00e9es lors des manifestations et du soul\u00e8vement en Iran. Les gens sont ainsi occup\u00e9s par la vie et la mort de leurs enfants.<\/p>\n\n\n\n<p>Le r\u00e9gime a \u00e9galement rassembl\u00e9 des enseignants activistes et des militants syndicaux, emp\u00eachant les \u00e9tudiants activistes de poursuivre leurs \u00e9tudes et d&#8217;entrer sur le campus, leur interdisant m\u00eame de vivre dans les dortoirs. Les journalistes et les avocats sp\u00e9cialis\u00e9s dans les droits de l&#8217;Homme constituent d&#8217;autres groupes de citoyens cibl\u00e9s par le pouvoir judiciaire des mollahs.<\/p>\n\n\n\n<p>Une <a href=\"https:\/\/hengaw.net\/fa\/news\/2023\/05\/%D8%A8%D8%A7%D8%B2%D8%AF%D8%A7%D8%B4%D8%AA-%D8%A8%DB%8C%D8%B4-%D8%A7%D8%B2-%D8%B4%D9%87%D8%B1%D9%88%D9%86%D8%AF-%D8%AA%D9%88%D8%B3%D8%B7-%D9%86%DB%8C%D8%B1%D9%88%D9%87%D8%A7%DB%8C-%D8%AD%DA%A9%D9%88%D9%85%D8%AA%DB%8C-%D8%AF%D8%B1-%D9%85%D8%A7%D9%87-%D9%85%DB%8C\" target=\"_blank\" rel=\"noreferrer noopener\">source kurde<\/a> a rapport\u00e9 qu&#8217;au moins 107 citoyens, dont 21 femmes, ont \u00e9t\u00e9 arr\u00eat\u00e9s ou enlev\u00e9s en mai.<\/p>\n\n\n\n<h3 class=\"wp-block-heading\"><strong>Avocats des droits de l&#8217;Homme convoqu\u00e9s \u00e0 la Cour de s\u00e9curit\u00e9 d&#8217;Evine<\/strong><\/h3>\n\n\n\n<p>On estime que 130 avocats de tout le pays, dont des dizaines de femmes, ont \u00e9t\u00e9 convoqu\u00e9s ou arr\u00eat\u00e9s par le pouvoir judiciaire depuis septembre 2022 et le d\u00e9but du soul\u00e8vement iranien. Les charges retenues contre eux vont de l&#8217;exercice de leur profession \u00e0 l&#8217;expression d&#8217;opinions sur les m\u00e9dias sociaux.<\/p>\n\n\n\n<p>La tendance s&#8217;est acc\u00e9l\u00e9r\u00e9e depuis la deuxi\u00e8me semaine de mai avec la convocation de 70 avocats. Les proc\u00e9dures sont principalement men\u00e9es par la cour de s\u00e9curit\u00e9 situ\u00e9e dans la sinistre c\u00e9l\u00e8bre prison d&#8217;Evine \u00e0 T\u00e9h\u00e9ran, sans qu&#8217;aucun chef d&#8217;accusation sp\u00e9cifique ne soit \u00e9nonc\u00e9.<\/p>\n\n\n\n<p>Au cours des audiences, les avocats sont invit\u00e9s \u00e0 signer une &#8220;lettre d&#8217;engagement&#8221; pr\u00e9\u00e9crite dans laquelle ils s&#8217;engagent \u00e0 respecter la loi comme condition de leur lib\u00e9ration sous caution. La lettre contient une &#8220;expression de regret&#8221; pour les manifestations nationales et un engagement \u00e0 ne pas contacter &#8220;des r\u00e9seaux \u00e0 l&#8217;ext\u00e9rieur du pays et des \u00e9l\u00e9ments contre-r\u00e9volutionnaires&#8221;.<\/p>\n\n\n\n<p>Il s&#8217;agit d&#8217;un moyen de pression visant \u00e0 emp\u00eacher les avocats de soutenir les manifestations et les manifestants.<\/p>\n\n\n\n<p>Le 14 mai, la section 29 du tribunal r\u00e9volutionnaire de T\u00e9h\u00e9ran a condamn\u00e9 Mme <a href=\"https:\/\/wncri.org\/fr\/2023\/05\/19\/avocats-des-droits-de-lhomme\/\" target=\"_blank\" rel=\"noreferrer noopener\">Marzieh Nikara<\/a>, \u00e9minente avocate sp\u00e9cialis\u00e9e dans la d\u00e9fense des droits de l&#8217;homme, \u00e0 un an d&#8217;emprisonnement.<\/p>\n\n\n\n<p>Une autre avocate des droits de l&#8217;Homme, <a href=\"https:\/\/wncri.org\/fr\/2023\/05\/26\/farzaneh-zilabi\/\" target=\"_blank\" rel=\"noreferrer noopener\">Farzaneh Zilabi<\/a>, a \u00e9t\u00e9 condamn\u00e9e \u00e0 un an et demi d&#8217;emprisonnement par le tribunal r\u00e9volutionnaire d&#8217;Ahvaz.<\/p>\n\n\n\n<p>Nazanin Salari, Forough Sheikhol Eslami Vatani, Tutia Partovi Amoli, <a href=\"https:\/\/wncri.org\/fr\/2023\/05\/12\/la-cour-convoque-des-avocats\/\" target=\"_blank\" rel=\"noreferrer noopener\">Mitra Izadifar, Marjan Esfahanian, Samin Cheraghi et Sara Hamzezadeh<\/a> faisaient \u00e9galement partie des avocates cit\u00e9es \u00e0 compara\u00eetre devant le tribunal.<\/p>\n\n\n\n<p>Le nombre croissant d&#8217;avocats convoqu\u00e9s devant la Cour de s\u00e9curit\u00e9 de T\u00e9h\u00e9ran a suscit\u00e9 l&#8217;inqui\u00e9tude, surtout si l&#8217;on consid\u00e8re le risque accru d&#8217;ex\u00e9cution d&#8217;un plus grand nombre de manifestants sans acc\u00e8s \u00e0 une repr\u00e9sentation ind\u00e9pendante et \u00e9quitable. Le r\u00e9gime cl\u00e9rical a jusqu&#8217;\u00e0 pr\u00e9sent ex\u00e9cut\u00e9 sept manifestants, dont trois le 19 mai.&nbsp;<\/p>\n\n\n\n<p>Dans une r\u00e9v\u00e9lation choquante sur la mort d&#8217;une avocate apr\u00e8s sa lib\u00e9ration de prison, sa m\u00e8re a d\u00e9clar\u00e9 que sa fille <a href=\"https:\/\/wncri.org\/fr\/2023\/02\/10\/dr-maryam-arvin\/\">Maryam Arvin<\/a>, qui venait de se marier et qui avait \u00e9t\u00e9 arr\u00eat\u00e9e pour avoir d\u00e9fendu ses clients, avait re\u00e7u des injections de m\u00e9dicaments sous le pr\u00e9texte de lui administrer des tranquillisants et des s\u00e9datifs. Les injections ont caus\u00e9 sa mort apr\u00e8s sa lib\u00e9ration sous caution.<\/p>\n\n\n\n<h3 class=\"wp-block-heading\"><strong>Des enseignants arr\u00eat\u00e9s pour avoir protest\u00e9 contre leurs conditions inacceptables<\/strong><\/h3>\n\n\n\n<p>Le r\u00e9gime cl\u00e9rical accentue la pression sur les enseignants par le biais d&#8217;arrestations, de convocations et d&#8217;expulsions. Le d\u00e9partement de la s\u00e9curit\u00e9 et la commission des violations administratives du minist\u00e8re de l&#8217;\u00e9ducation se sont pratiquement transform\u00e9s en bras arm\u00e9s des forces de s\u00e9curit\u00e9 au cours de l&#8217;ann\u00e9e \u00e9coul\u00e9e. Ils ont concentr\u00e9 tous leurs efforts sur la constitution de dossiers sans fondement sur les enseignants activistes afin de r\u00e9primer leurs protestations.<\/p>\n\n\n\n<p>Une s\u00e9rie d&#8217;expulsions, d&#8217;arrestations et de manifestations injustes impliquant des enseignants ont eu lieu en Iran au cours du mois de mai. Ces actions refl\u00e8tent une tendance croissante \u00e0 la r\u00e9pression et \u00e0 l&#8217;intimidation \u00e0 l&#8217;encontre des \u00e9ducateurs qui osent d\u00e9fendre leurs droits ou plaider pour un meilleur syst\u00e8me \u00e9ducatif.<\/p>\n\n\n\n<p><a href=\"https:\/\/wncri.org\/fr\/2023\/05\/09\/enseignants\/\" target=\"_blank\" rel=\"noreferrer noopener\">De vastes manifestations d&#8217;enseignants<\/a> ont \u00e9t\u00e9 organis\u00e9es dans 14 provinces le 9 mai, d\u00e9montrant la frustration collective et les demandes de changement au sein du syst\u00e8me \u00e9ducatif. Les enseignants ont \u00e9t\u00e9 soumis \u00e0 des traitements s\u00e9v\u00e8res, notamment des arrestations arbitraires, des d\u00e9tentions et m\u00eame des gr\u00e8ves de la faim, alors qu&#8217;ils r\u00e9clament des conditions de travail \u00e9quitables et un environnement \u00e9ducatif inclusif.<\/p>\n\n\n\n<p>Un cas notable est celui <a href=\"https:\/\/wncri.org\/fr\/2023\/05\/10\/fatemeh-tadrisi\/\" target=\"_blank\" rel=\"noreferrer noopener\">d&#8217;Atekeh Rajabi<\/a>, une enseignante qui a \u00e9t\u00e9 arr\u00eat\u00e9e avant de rejoindre la manifestation des enseignants \u00e0 Machad le 9 mai. Elle a entam\u00e9 une <a href=\"https:\/\/wncri.org\/fr\/2023\/05\/11\/atekeh-rajabi\/\" target=\"_blank\" rel=\"noreferrer noopener\">gr\u00e8ve de la faim<\/a> pour protester contre son licenciement injuste et la r\u00e9pression g\u00e9n\u00e9rale des enseignants en Iran.<\/p>\n\n\n\n<p><a href=\"https:\/\/wncri.org\/fr\/2023\/05\/10\/fatemeh-tadrisi\/\" target=\"_blank\" rel=\"noreferrer noopener\">Fatemeh Tadrisi<\/a> a \u00e9galement \u00e9t\u00e9 arr\u00eat\u00e9e et emprisonn\u00e9e le 9 mai 2023.<\/p>\n\n\n\n<p><a href=\"https:\/\/wncri.org\/fr\/2023\/05\/14\/expulsions-et-arrestations\/\" target=\"_blank\" rel=\"noreferrer noopener\">Mme Fariba Anami<\/a>, une enseignante courageuse et respect\u00e9e d&#8217;Anzali, a \u00e9t\u00e9 expuls\u00e9e sur ordre injuste et oppressif. Elle enseignait dans les lyc\u00e9es de Gilan et d&#8217;Anzali depuis plus de 25 ans.<\/p>\n\n\n\n<p>Actuellement, au moins 16 enseignants \u00e9pris de libert\u00e9 sont incarc\u00e9r\u00e9s dans diff\u00e9rentes prisons. Ces enseignants sont notamment accus\u00e9s d&#8217;avoir rencontr\u00e9 les familles des personnes tu\u00e9es lors des r\u00e9centes manifestations et d&#8217;avoir diffus\u00e9 sur les m\u00e9dias sociaux des contenus en solidarit\u00e9 avec les manifestations.<\/p>\n\n\n\n<p><a href=\"https:\/\/wncri.org\/fr\/2023\/05\/14\/expulsions-et-arrestations\/\" target=\"_blank\" rel=\"noreferrer noopener\">Mme Farzaneh Nazeranpour<\/a>, enseignante vivant \u00e0 T\u00e9h\u00e9ran, fait partie des enseignantes emprisonn\u00e9es. \u00c0 la mi-mars, elle a \u00e9t\u00e9 condamn\u00e9e \u00e0 dix mois de prison par la branche 26 du tribunal r\u00e9volutionnaire de T\u00e9h\u00e9ran pour &#8220;propagande contre l&#8217;\u00c9tat&#8221; et &#8220;perturbation de l&#8217;opinion publique&#8221;. Apr\u00e8s que la Cour de r\u00e9vision a confirm\u00e9 la peine, elle a \u00e9t\u00e9 transf\u00e9r\u00e9e \u00e0 la prison d&#8217;Evine le 2 mai 2023.<\/p>\n\n\n\n<p>Par ailleurs, onze enseignants, dont <a href=\"https:\/\/wncri.org\/fr\/2023\/05\/14\/expulsions-et-arrestations\/\" target=\"_blank\" rel=\"noreferrer noopener\">Mme Kowkab Badaghi<\/a> et Mme Zahra Bakhtiyari, ont \u00e9t\u00e9 inculp\u00e9s dans la province du Khuzestan. L&#8217;avocat de la d\u00e9fense de ces enseignants a d\u00e9clar\u00e9 que les charges retenues contre eux comprennent &#8220;l&#8217;appartenance \u00e0 des groupes visant \u00e0 porter atteinte \u00e0 la s\u00e9curit\u00e9 nationale&#8221; et &#8220;des activit\u00e9s de propagande contre le syst\u00e8me de la R\u00e9publique islamique&#8221;.<\/p>\n\n\n\n<h3 class=\"wp-block-heading\"><strong>Des \u00e9tudiants militants priv\u00e9s de la possibilit\u00e9 de poursuivre leurs \u00e9tudes<\/strong><\/h3>\n\n\n\n<p>Apr\u00e8s l&#8217;arrestation et l&#8217;emprisonnement \u00e0 grande \u00e9chelle d&#8217;\u00e9tudiants qui avaient \u00e9t\u00e9 \u00e0 l&#8217;avant-garde du soul\u00e8vement de 2022-2023, le r\u00e9gime iranien a commenc\u00e9 \u00e0 priver des dizaines d&#8217;\u00e9tudiants d&#8217;\u00e9ducation afin d&#8217;exercer une pression accrue sur cette classe intellectuelle et \u00e9prise de libert\u00e9. Parmi ceux qui ont \u00e9t\u00e9 priv\u00e9s d&#8217;\u00e9ducation, on compte un nombre consid\u00e9rable d&#8217;\u00e9tudiantes.<\/p>\n\n\n\n<p>Il s&#8217;agit de Zahra Rahimi, <a href=\"https:\/\/wncri.org\/fr\/2023\/04\/18\/etudiantes-iraniennes-privees\/\" target=\"_blank\" rel=\"noreferrer noopener\">\u00e9tudiante<\/a> en chimie \u00e0 l&#8217;universit\u00e9 de Yazd, Shahin Dabestani, \u00e9tudiante en m\u00e9decine \u00e0 Tabriz, Aida Ghorbani, \u00e9tudiante en italien \u00e0 l&#8217;universit\u00e9 de T\u00e9h\u00e9ran, Shakiba Hoshiar, \u00e9tudiante en g\u00e9nie m\u00e9canique \u00e0 l&#8217;universit\u00e9 Razi de Kermanchah, Niloufar Mirzaii, \u00e9tudiante en graphisme \u00e0 l&#8217;universit\u00e9 Al-Zahra de T\u00e9h\u00e9ran, et des \u00e9tudiantes de l&#8217;universit\u00e9 de Damghan tels que Bahareh Davani, Mobina Yaqubzadeh, Mahsa Soltani et Parizad Esmaili.<\/p>\n\n\n\n<p><a href=\"https:\/\/wncri.org\/fr\/2023\/05\/15\/mesures-disciplinaires\/\" target=\"_blank\" rel=\"noreferrer noopener\">Motahareh Gouneii<\/a>, \u00e9tudiante en dentisterie et secr\u00e9taire politique de l&#8217;association des \u00e9tudiants de l&#8217;universit\u00e9 de T\u00e9h\u00e9ran et de son \u00e9cole des sciences m\u00e9dicales, a \u00e9t\u00e9 exclue de l&#8217;universit\u00e9 et interdite d&#8217;\u00e9tudier dans n&#8217;importe quel \u00e9tablissement pendant les cinq prochaines ann\u00e9es.<\/p>\n\n\n\n<p><a href=\"https:\/\/wncri.org\/fr\/2023\/05\/15\/mesures-disciplinaires\/\" target=\"_blank\" rel=\"noreferrer noopener\">Fatemeh Sadrifar<\/a>, \u00e9tudiante en m\u00e9decine dentaire \u00e0 l&#8217;universit\u00e9 des sciences m\u00e9dicales de Qom, a \u00e9t\u00e9 suspendue de ses activit\u00e9s universitaires pendant quatre trimestres et devra changer de lieu d&#8217;\u00e9tudes.<\/p>\n\n\n\n<p><a href=\"https:\/\/wncri.org\/fr\/2023\/05\/15\/mesures-disciplinaires\/\" target=\"_blank\" rel=\"noreferrer noopener\">Sepideh Rashno<\/a> s&#8217;est vu interdire d&#8217;\u00e9tudier \u00e0 l&#8217;universit\u00e9 Al-Zahra pour une p\u00e9riode de deux trimestres parce qu&#8217;elle n&#8217;a pas respect\u00e9 le hijab obligatoire dans l&#8217;enceinte de l&#8217;universit\u00e9.<\/p>\n\n\n\n<p>Sohila Sepidedam, \u00e9tudiante en pharmacie, et Elaheh Ashrafpour, \u00e9tudiante en soins infirmiers, font partie des <a href=\"https:\/\/wncri.org\/2023\/05\/23\/academic-suspension\/\" target=\"_blank\" rel=\"noreferrer noopener\">huit \u00e9tudiants en m\u00e9decine<\/a> de Tabriz condamn\u00e9s \u00e0 la suspension de leurs \u00e9tudes et bannis vers les villes d&#8217;Ahvaz, de Semnan, de Kachan, d&#8217;Ourmia et d&#8217;Ardabil. Ces verdicts injustes ont \u00e9t\u00e9 prononc\u00e9s apr\u00e8s que ces \u00e9tudiants ont protest\u00e9 contre l&#8217;empoisonnement g\u00e9n\u00e9ralis\u00e9 des \u00e9coles lors d&#8217;un rassemblement le 7 mars 2023.<\/p>\n\n\n\n<p><a href=\"https:\/\/wncri.org\/fr\/2023\/05\/28\/fahimeh-soltani\/\" target=\"_blank\" rel=\"noreferrer noopener\">Fahimeh Soltani<\/a>, \u00e9tudiante \u00e0 l&#8217;universit\u00e9 d&#8217;Ispahan, a \u00e9t\u00e9 condamn\u00e9e \u00e0 une suspension acad\u00e9mique de 2,5 trimestres par la commission disciplinaire de l&#8217;universit\u00e9.<\/p>\n\n\n\n<p><a href=\"https:\/\/wncri.org\/fr\/2023\/05\/28\/fahimeh-soltani\/\" target=\"_blank\" rel=\"noreferrer noopener\">Mowlud Safari<\/a>, \u00e9tudiante en peinture \u00e0 l&#8217;universit\u00e9 Al-Zahra, et plusieurs autres \u00e9tudiantes, ont \u00e9t\u00e9 interdites d&#8217;acc\u00e8s \u00e0 l&#8217;universit\u00e9 le 20 mai. Mme Safari a \u00e9t\u00e9 priv\u00e9e d&#8217;\u00e9ducation pendant deux trimestres pour ne pas avoir respect\u00e9 la politique du hijab obligatoire sur le campus de cette universit\u00e9 exclusivement f\u00e9minine. Sa condamnation a \u00e9t\u00e9 prononc\u00e9e sur la base d&#8217;une photo peu claire, et l&#8217;attribution de la photo \u00e0 Mme Safari n&#8217;\u00e9tait pas claire non plus.<\/p>\n\n\n\n<h3 class=\"wp-block-heading\"><strong>Le d\u00e9vouement co\u00fbte cher aux journalistes<\/strong><\/h3>\n\n\n\n<p>Le pouvoir judiciaire du r\u00e9gime convoque des journalistes qui avaient \u00e9t\u00e9 lib\u00e9r\u00e9s en f\u00e9vrier, en pr\u00e9tendant faussement les avoir amnisti\u00e9s. Cependant, la journaliste <a href=\"https:\/\/wncri.org\/fr\/2023\/05\/07\/maryam-vahidian\/\" target=\"_blank\" rel=\"noreferrer noopener\">Maryam Vahidian<\/a> a \u00e9t\u00e9 condamn\u00e9e \u00e0 quatre ans de prison.<\/p>\n\n\n\n<p><a href=\"https:\/\/wncri.org\/fr\/2023\/05\/27\/marzieh-mahmoudi\/\" target=\"_blank\" rel=\"noreferrer noopener\">Marzieh Mahmoudi<\/a>, journaliste et r\u00e9dactrice en chef de Tejaratnews, a \u00e9t\u00e9 condamn\u00e9e par le tribunal \u00e0 payer une amende de 24 millions de tomans pour avoir post\u00e9 un seul tweet, s&#8217;opposant au langage extr\u00eamement grossier utilis\u00e9 par le mollah Hamid Rasaii, un ancien d\u00e9put\u00e9, contre les manifestants \u00e9pris de libert\u00e9.<\/p>\n\n\n\n<p>Le 20 mai, <a href=\"https:\/\/wncri.org\/fr\/2023\/05\/27\/marzieh-mahmoudi\/\" target=\"_blank\" rel=\"noreferrer noopener\">Nasim Sultan Beigi<\/a>, journaliste et ancienne militante \u00e9tudiante, a comparu devant la quatri\u00e8me section du bureau du procureur d&#8217;Evine pour se d\u00e9fendre contre les accusations de &#8220;propagande contre l&#8217;\u00c9tat&#8221; et de &#8220;rassemblement et collusion&#8221;. Mme Sultan Beigi avait \u00e9t\u00e9 arr\u00eat\u00e9e \u00e0 l&#8217;a\u00e9roport le 11 janvier et lib\u00e9r\u00e9e sous caution le 6 f\u00e9vrier 2023.<\/p>\n\n\n\n<p>Entre-temps, <a href=\"https:\/\/wncri.org\/fr\/2023\/05\/24\/vida-rabbani\/\" target=\"_blank\" rel=\"noreferrer noopener\">Vida Rabbani<\/a>, journaliste, a \u00e9t\u00e9 transf\u00e9r\u00e9e de la prison d&#8217;Evine \u00e0 l&#8217;h\u00f4pital Taleghani de T\u00e9h\u00e9ran pour y recevoir un traitement m\u00e9dical indispensable, le 21 mai. Elle souffrait de violents maux de t\u00eate depuis deux mois, mais les autorit\u00e9s comp\u00e9tentes se sont fermement oppos\u00e9es \u00e0 son transfert vers un \u00e9tablissement m\u00e9dical ext\u00e9rieur.<\/p>\n\n\n\n<p>Les proc\u00e8s \u00e0 huis clos de deux journalistes de renom, d\u00e9tenues depuis septembre 2022 pour avoir rendu compte de la mort et de la c\u00e9r\u00e9monie d&#8217;enterrement de <a href=\"https:\/\/wncri.org\/fr\/2023\/03\/31\/mahsa-amini\/\" target=\"_blank\" rel=\"noreferrer noopener\">Mahsa Amini<\/a>, se sont tenus au tribunal r\u00e9volutionnaire de T\u00e9h\u00e9ran les 29 et 30 mai<a href=\"https:\/\/wncri.org\/fr\/2023\/04\/28\/journalistes-detenues\/\" target=\"_blank\" rel=\"noreferrer noopener\">. Niloufar Hamedi et Elaheh Mohammadi<\/a> n&#8217;ont pas \u00e9t\u00e9 autoris\u00e9es \u00e0 rencontrer leurs avocats \u00e0 l&#8217;avance.<\/p>\n\n\n\n<p>Le proc\u00e8s de Mme Hamedi n&#8217;a dur\u00e9 que deux heures et ses avocats n&#8217;ont pas eu le temps de pr\u00e9senter leur d\u00e9fense. Mme Hamedi a rejet\u00e9 les charges retenues contre elle, notamment &#8220;collaboration avec le gouvernement ennemi (Etats-Unis)&#8221; et &#8220;propagande contre l&#8217;Etat&#8221;.<\/p>\n\n\n\n<p><a href=\"https:\/\/rsf.org\/fr\/iran-le-proc%C3%A8s-de-niloofar-hamedi-et-elaheh-mohammadi-rel%C3%A8ve-de-la-farce-judiciaire\" target=\"_blank\" rel=\"noreferrer noopener\">Reporters sans fronti\u00e8res<\/a> condamne ce simulacre de proc\u00e8s visant \u00e0 l\u00e9gitimer le harc\u00e8lement des deux journalistes et demande leur lib\u00e9ration imm\u00e9diate.<\/p>\n\n\n\n<h3 class=\"wp-block-heading\"><strong>Harc\u00e8lement et d\u00e9tention de militants du travail et des droits de l&#8217;homme<\/strong><\/h3>\n\n\n\n<p>Le r\u00e9gime cl\u00e9rical a proc\u00e9d\u00e9 \u00e0 de nombreuses arrestations visant les militants syndicaux, les militants des droits des femmes et les militants des droits de l&#8217;Homme.<\/p>\n\n\n\n<p>\u00c0 la veille de la Journ\u00e9e des enseignants en Iran (2 mai), les services de s\u00e9curit\u00e9 ont fait une descente au domicile d&#8217;un enseignant emprisonn\u00e9 et ont <a href=\"https:\/\/wncri.org\/fr\/2023\/04\/30\/syndicales\/\" target=\"_blank\" rel=\"noreferrer noopener\">arr\u00eat\u00e9<\/a> plusieurs enseignants et militants syndicaux. Parmi eux, <a href=\"https:\/\/wncri.org\/fr\/2023\/05\/17\/militante-syndicale-anisha\/\" target=\"_blank\" rel=\"noreferrer noopener\">Anisha Assadollahi<\/a> a \u00e9t\u00e9 condamn\u00e9e \u00e0 cinq ans et huit mois d&#8217;emprisonnement.<\/p>\n\n\n\n<p><a href=\"https:\/\/wncri.org\/2023\/05\/11\/zhina-modarres-gorji-moved\/\" target=\"_blank\" rel=\"noreferrer noopener\">Zhina Modarres Gorji<\/a>, qui d\u00e9fend les droits des femmes, est actuellement d\u00e9tenue dans le quartier des femmes de la prison de Sanandaj. Elle a subi 40 jours d&#8217;isolement et de torture pour obtenir de faux aveux.<\/p>\n\n\n\n<p>Le 29 mai, Hamideh Zeraii, l&#8217;une des personnes d\u00e9tenues lors des manifestations nationales de 2022, a \u00e9t\u00e9 arr\u00eat\u00e9e par les forces de s\u00e9curit\u00e9 \u00e0 son domicile et transf\u00e9r\u00e9e dans un lieu non divulgu\u00e9.<\/p>\n\n\n\n<p>Mme Zareii avait \u00e9t\u00e9 arr\u00eat\u00e9e lors du soul\u00e8vement iranien du 3 novembre, mais avait \u00e9t\u00e9 lib\u00e9r\u00e9e de la prison de Kachouii \u00e0 Karaj le 7 f\u00e9vrier 2023, \u00e0 la suite de l&#8217;amnistie d\u00e9cr\u00e9t\u00e9e par le r\u00e9gime.<\/p>\n\n\n\n<p>Elle a \u00e9t\u00e9 convoqu\u00e9e au bureau du procureur de Karaj le 3 mai, sous l&#8217;accusation de &#8220;participer \u00e0 des activit\u00e9s de propagande en faveur de groupes oppos\u00e9s&#8221; au r\u00e9gime cl\u00e9rical, avant d&#8217;\u00eatre arr\u00eat\u00e9e.<\/p>\n\n\n\n<p>Ces femmes activistes et journalistes ont travaill\u00e9 sans rel\u00e2che pour rapporter la v\u00e9rit\u00e9, am\u00e9liorer les conditions de travail et lutter contre les violations des droits de l&#8217;Homme. Malheureusement, leur d\u00e9vouement a eu un co\u00fbt personnel \u00e9norme sous le r\u00e9gime oppressif.<\/p>\n\n\n\n<h2 class=\"wp-block-heading\"><strong>Lourdes peines pour les manifestants<\/strong><\/h2>\n\n\n\n<p>Le 28 mai, des peines de prison ont \u00e9t\u00e9 communiqu\u00e9es aux trois prisonni\u00e8res politiques Zeinab Hamrang, Shiva Esmaeili et Soodabeh Fakharzadeh.<\/p>\n\n\n\n<p>Les trois femmes avaient \u00e9t\u00e9 jug\u00e9es le 14 mai, en l&#8217;absence de leurs avocats.<\/p>\n\n\n\n<p>La prisonni\u00e8re politique Zeinab Hamrang, 58 ans, a \u00e9t\u00e9 condamn\u00e9e \u00e0 5 ans de prison pour &#8220;rassemblement et collusion&#8221;. Mme Shiva Esmaeili, 58 ans, a \u00e9t\u00e9 condamn\u00e9e \u00e0 10 ans de prison pour &#8220;rassemblement et collusion&#8221;. Mme Soodabeh Fakharzadeh, 65 ans, a \u00e9t\u00e9 condamn\u00e9e \u00e0 5 ans de prison pour &#8220;propagande contre l&#8217;\u00c9tat&#8221;.<\/p>\n\n\n\n<p>Pendant ce temps, la militante syndicale Nasrin Javadi, 65 ans, qui souffre de plusieurs maladies, se voit refuser un traitement dans un h\u00f4pital municipal en d\u00e9pit de son \u00e9tat de sant\u00e9 d\u00e9sastreux. Elle purge sa peine de cinq ans \u00e0 la <a href=\"https:\/\/wncri.org\/fr\/2021\/12\/10\/les-conditions-des-femmes-prisons\/\">prison d&#8217;Evine<\/a>, depuis le 2 juillet 2022. Elle a pass\u00e9 50 jours \u00e0 l&#8217;isolement.<\/p>\n\n\n\n<p>Le 14 mai, la prisonni\u00e8re politique Massoumeh Senobari a eu recours \u00e0 un acte d\u00e9sesp\u00e9r\u00e9 d&#8217;automutilation dans la prison de Fardis (Kachouii) \u00e0 Karaj. Elle s&#8217;est taill\u00e9 le poignet pour protester contre l&#8217;escalade de la pression et de la torture qu&#8217;elle subit. Elle est isol\u00e9e des autres prisonni\u00e8res et n&#8217;est pas autoris\u00e9e \u00e0 parler \u00e0 qui que ce soit. Le peu d&#8217;appels qu&#8217;elle passe chez elle est \u00e9galement entrav\u00e9, car les autorit\u00e9s refusent de la laisser recharger sa carte t\u00e9l\u00e9phonique.<\/p>\n\n\n\n<p>Massoumeh Senobari, 35 ans, a une fille. Elle a \u00e9t\u00e9 arr\u00eat\u00e9e le 13 d\u00e9cembre 2022 \u00e0 Karaj. Accus\u00e9e d&#8217;avoir dirig\u00e9 les manifestations, elle est condamn\u00e9e \u00e0 7,5 ans de d\u00e9tention.<\/p>\n\n\n\n<p>Le 30 mai, quatre prisonniers politiques, Arghavan Fallahi, Nasrollah Fallahi, Ardavan Fallahi et Mme Parvin Mirasan, ont \u00e9t\u00e9 accus\u00e9s de &#8220;guerre contre Dieu&#8221;, de &#8220;corruption sur Terre par des actions destructrices de grande envergure&#8221; et de &#8220;rassemblement et collusion contre la s\u00e9curit\u00e9 nationale interne et externe&#8221;.<\/p>\n\n\n\n<p>Des agents du d\u00e9partement des renseignements de Piranchahr ont de nouveau arr\u00eat\u00e9 Soada Khadirzadeh et sa fille d&#8217;un an le 19 mai, quelques heures seulement apr\u00e8s qu&#8217;elle ait quitt\u00e9 la prison dans le cadre d&#8217;un cong\u00e9 temporaire. La prisonni\u00e8re politique kurde est incarc\u00e9r\u00e9e dans le quartier des femmes de la prison centrale d&#8217;Ourmia.<\/p>\n\n\n\n<p>Le r\u00e9gime iranien cherche \u00e0 faire taire les voix dissidentes et \u00e0 \u00e9touffer les aspirations du peuple iranien. Cependant, le peuple iranien, en particulier les femmes, reste r\u00e9sistant et d\u00e9termin\u00e9 \u00e0 poursuivre son combat pour un avenir meilleur. Les luttes d\u00e9crites dans ce bulletin mettent en lumi\u00e8re le combat permanent pour la libert\u00e9 et la d\u00e9mocratie en Iran.<\/p>\n","protected":false},"excerpt":{"rendered":"<p>Les familles protestent alors que les ex\u00e9cutions se multiplient en Iran, ciblant les voix du changement Le mois de mai a vu l&#8217;ex\u00e9cution d&#8217;au moins 146 prisonniers en Iran, dont trois femmes et trois prisonniers politiques. L&#8217;une des trois femmes ex\u00e9cut\u00e9es est Madineh Sabzevan, 39 ans, m\u00e8re de cinq enfants. Elle a \u00e9t\u00e9 pendue pour [&hellip;]<\/p>\n","protected":false},"author":4,"featured_media":18460,"comment_status":"closed","ping_status":"closed","sticky":false,"template":"","format":"standard","meta":{"jnews-multi-image_gallery":[],"jnews_single_post":{"subtitle":"","format":"standard","video":"","gallery":"","source_name":"","source_url":"","via_name":"","via_url":"","override_template":"0","override":[{"template":"7","single_blog_custom":"","parallax":"1","fullscreen":"1","layout":"right-sidebar","sidebar":"default-sidebar","second_sidebar":"default-sidebar","sticky_sidebar":"1","share_position":"floatbottom","share_float_style":"share-normal","show_share_counter":"1","show_view_counter":"1","show_featured":"1","show_post_meta":"1","show_post_author":"0","show_post_author_image":"1","show_post_date":"1","post_date_format":"default","post_date_format_custom":"Y\/m\/d","show_post_category":"1","show_post_reading_time":"0","post_reading_time_wpm":"300","show_zoom_button":"0","zoom_button_out_step":"2","zoom_button_in_step":"3","show_post_tag":"1","show_prev_next_post":"0","show_popup_post":"1","number_popup_post":"1","show_author_box":"0","show_post_related":"1","show_inline_post_related":"0"}],"override_image_size":"0","image_override":[{"single_post_thumbnail_size":"crop-500","single_post_gallery_size":"crop-500"}],"trending_post":"0","trending_post_position":"meta","trending_post_label":"Trending","sponsored_post":"0","sponsored_post_label":"Sponsored by","sponsored_post_name":"","sponsored_post_url":"","sponsored_post_logo_enable":"0","sponsored_post_logo":"","sponsored_post_desc":"","disable_ad":"0"},"jnews_primary_category":{"id":"","hide":""},"jnews_social_meta":{"fb_title":"","fb_description":"","fb_image":"","twitter_title":"","twitter_description":"","twitter_image":""},"jnews_override_counter":{"override_view_counter":"0","view_counter_number":"0","override_share_counter":"0","share_counter_number":"0","override_like_counter":"0","like_counter_number":"0","override_dislike_counter":"0","dislike_counter_number":"0"},"footnotes":""},"categories":[7],"tags":[367,370,376],"class_list":["post-18458","post","type-post","status-publish","format-standard","has-post-thumbnail","hentry","category-les-regles","tag-execution","tag-prisonnieres","tag-violence-contre-les-femmes"],"_links":{"self":[{"href":"https:\/\/wncri.org\/fr\/wp-json\/wp\/v2\/posts\/18458","targetHints":{"allow":["GET"]}}],"collection":[{"href":"https:\/\/wncri.org\/fr\/wp-json\/wp\/v2\/posts"}],"about":[{"href":"https:\/\/wncri.org\/fr\/wp-json\/wp\/v2\/types\/post"}],"author":[{"embeddable":true,"href":"https:\/\/wncri.org\/fr\/wp-json\/wp\/v2\/users\/4"}],"replies":[{"embeddable":true,"href":"https:\/\/wncri.org\/fr\/wp-json\/wp\/v2\/comments?post=18458"}],"version-history":[{"count":1,"href":"https:\/\/wncri.org\/fr\/wp-json\/wp\/v2\/posts\/18458\/revisions"}],"predecessor-version":[{"id":18463,"href":"https:\/\/wncri.org\/fr\/wp-json\/wp\/v2\/posts\/18458\/revisions\/18463"}],"wp:featuredmedia":[{"embeddable":true,"href":"https:\/\/wncri.org\/fr\/wp-json\/wp\/v2\/media\/18460"}],"wp:attachment":[{"href":"https:\/\/wncri.org\/fr\/wp-json\/wp\/v2\/media?parent=18458"}],"wp:term":[{"taxonomy":"category","embeddable":true,"href":"https:\/\/wncri.org\/fr\/wp-json\/wp\/v2\/categories?post=18458"},{"taxonomy":"post_tag","embeddable":true,"href":"https:\/\/wncri.org\/fr\/wp-json\/wp\/v2\/tags?post=18458"}],"curies":[{"name":"wp","href":"https:\/\/api.w.org\/{rel}","templated":true}]}}