{"id":18436,"date":"2023-06-01T21:15:38","date_gmt":"2023-06-01T19:15:38","guid":{"rendered":"https:\/\/wncri.org\/fr\/?p=18436"},"modified":"2023-06-05T21:34:54","modified_gmt":"2023-06-05T19:34:54","slug":"militante-des-droits-de-la-femme-mojgan-keshavarz","status":"publish","type":"post","link":"https:\/\/wncri.org\/fr\/2023\/06\/01\/militante-des-droits-de-la-femme-mojgan-keshavarz\/","title":{"rendered":"La militante des droits de la femme Mojgan Keshavarz d\u00e9crit les coups et les humiliations subis \u00e0 Qarchak"},"content":{"rendered":"\n<h3 class=\"wp-block-heading\">La militante des droits de la femme Mojgan Keshavarz d\u00e9crit les coups et les humiliations subis \u00e0 Qarchak<\/h3>\n\n\n\n<p>La militante des droits de la femme Mojgan Keshavarz a r\u00e9v\u00e9l\u00e9 qu&#8217;au cours de sa d\u00e9tention en prison, elle a \u00e9t\u00e9 soumise \u00e0 des mauvais traitements contraires \u00e0 l&#8217;\u00e9thique et a \u00e9t\u00e9 battue par des agents p\u00e9nitentiaires.<\/p>\n\n\n\n<p>La militante des droits de la femme Mojgan Keshavarz a d\u00e9clar\u00e9 que les agents de la prison lui avaient ordonn\u00e9 de se d\u00e9shabiller compl\u00e8tement pour qu&#8217;ils prennent des photos, et qu&#8217;ils l&#8217;avaient trait\u00e9e de mani\u00e8re inappropri\u00e9e et irrespectueuse. La violence inhumaine d\u00e9crite par <a href=\"https:\/\/wncri.org\/fr\/2023\/01\/21\/mojgan-keshavarz\/\" target=\"_blank\" rel=\"noreferrer noopener\">Mme Keshavarz<\/a> a \u00e9t\u00e9 partag\u00e9e dans <a href=\"https:\/\/twitter.com\/me_too_iran\/status\/1662547803497701381\" target=\"_blank\" rel=\"noreferrer noopener\">un fil de tweets.<\/a><\/p>\n\n\n\n<p>Dans ces tweets, elle explique qu&#8217;apr\u00e8s son arrestation et son transfert \u00e0 la <a href=\"https:\/\/wncri.org\/fr\/2020\/04\/20\/regard-sur-la-situation-tragique-a-la-prison-pour-femmes-de-qarchak-en-iran\/\" target=\"_blank\" rel=\"noreferrer noopener\">prison de Qarchak,<\/a> les agents p\u00e9nitentiaires pr\u00e9sents dans la salle des cam\u00e9ras ont exig\u00e9 qu&#8217;elle se d\u00e9shabille pour prendre des photos. <a href=\"https:\/\/wncri.org\/fr\/2023\/01\/21\/mojgan-keshavarz\/\" target=\"_blank\" rel=\"noreferrer noopener\">Mme Keshavarz<\/a> a demand\u00e9 la raison injustifiable de cette demande et les agents ont r\u00e9pondu qu&#8217;elle visait \u00e0 susciter la peur chez les d\u00e9tenues.<\/p>\n\n\n<div class=\"wp-block-image\">\n<figure class=\"aligncenter size-full\"><img decoding=\"async\" src=\"data:image\/gif;base64,R0lGODlhAQABAIAAAAAAAP\/\/\/yH5BAEAAAAALAAAAAABAAEAAAIBRAA7\" data-src=\"https:\/\/wncri.org\/fr\/wp-content\/uploads\/2023\/06\/mojgan-keshavarz2.jpg\" alt=\"militante des droits de la femme Mojgan Keshavarz\" class=\"wp-image-18438 lazyload\"\/><noscript><img decoding=\"async\" width=\"750\" height=\"375\" src=\"https:\/\/wncri.org\/fr\/wp-content\/uploads\/2023\/06\/mojgan-keshavarz2.jpg\" alt=\"militante des droits de la femme Mojgan Keshavarz\" class=\"wp-image-18438 lazyload\" srcset=\"https:\/\/wncri.org\/fr\/wp-content\/uploads\/2023\/06\/mojgan-keshavarz2.jpg 750w, https:\/\/wncri.org\/fr\/wp-content\/uploads\/2023\/06\/mojgan-keshavarz2-300x150.jpg 300w, https:\/\/wncri.org\/fr\/wp-content\/uploads\/2023\/06\/mojgan-keshavarz2-360x180.jpg 360w\" sizes=\"(max-width: 750px) 100vw, 750px\" \/><\/noscript><\/figure>\n<\/div>\n\n\n<p>La militante des droits de la femme Mojgan Keshavarz a ajout\u00e9 que les agents avaient port\u00e9 atteinte \u00e0 sa dignit\u00e9 et \u00e0 son int\u00e9grit\u00e9 en la for\u00e7ant \u00e0 se d\u00e9shabiller. Elle a expliqu\u00e9 qu&#8217;\u00e0 ce moment-l\u00e0, elle avait plac\u00e9 ses mains sur son corps et que les agents lui avaient ordonn\u00e9 d&#8217;enlever ses mains et de s&#8217;asseoir les jambes ouvertes.<\/p>\n\n\n\n<p>Mme Keshavarz a ajout\u00e9 que les agents p\u00e9nitentiaires ont inspect\u00e9 ses parties intimes pour s&#8217;assurer qu&#8217;elle ne cachait pas un petit appareil mobile. Cet acte contraire \u00e0 l&#8217;\u00e9thique et d\u00e9gradant de la part des agents p\u00e9nitentiaires d\u00e9montre le niveau d&#8217;abus et de violence au sein de la <a href=\"https:\/\/wncri.org\/fr\/2020\/04\/20\/regard-sur-la-situation-tragique-a-la-prison-pour-femmes-de-qarchak-en-iran\/\" target=\"_blank\" rel=\"noreferrer noopener\">prison de Qarchak.<\/a><\/p>\n\n\n\n<p>La militante des droits des femmes Mojgan Keshavarz a \u00e9t\u00e9 arr\u00eat\u00e9e en 2019 pour avoir particip\u00e9 \u00e0 des manifestations contre le <a href=\"https:\/\/wncri.org\/2018\/12\/13\/the-compulsory-veil\/\" target=\"_blank\" rel=\"noreferrer noopener\">hijab obligatoire<\/a>. Elle a \u00e9t\u00e9 plac\u00e9e en d\u00e9tention apr\u00e8s avoir distribu\u00e9 des fleurs aux femmes dans le m\u00e9tro \u00e0 l&#8217;occasion de la Journ\u00e9e internationale de la femme. Elle a \u00e9t\u00e9 condamn\u00e9e \u00e0 12 ans et sept mois de prison.<\/p>\n\n\n\n<p>Ce t\u00e9moignage de Mojgan Keshavarz montre que les probl\u00e8mes et les abus subis par les prisonni\u00e8res politiques et civiles dans la prison de Qarchak persistent.<\/p>\n\n\n\n<p>Au vu des preuves pr\u00e9sent\u00e9es par Mojgan Keshavarz et des t\u00e9moignages similaires d&#8217;autres prisonni\u00e8res, la communaut\u00e9 internationale, les organisations de d\u00e9fense des droits de l&#8217;homme et le rapporteur sp\u00e9cial des Nations unies sur les droits de l&#8217;Homme en Iran devraient pr\u00eater attention \u00e0 cette question et prendre les mesures n\u00e9cessaires pour prot\u00e9ger les droits de l&#8217;homme et assurer le bien-\u00eatre des prisonni\u00e8res de la prison de Qarchak.<\/p>\n","protected":false},"excerpt":{"rendered":"<p>La militante des droits de la femme Mojgan Keshavarz d\u00e9crit les coups et les humiliations subis \u00e0 Qarchak La militante des droits de la femme Mojgan Keshavarz a r\u00e9v\u00e9l\u00e9 qu&#8217;au cours de sa d\u00e9tention en prison, elle a \u00e9t\u00e9 soumise \u00e0 des mauvais traitements contraires \u00e0 l&#8217;\u00e9thique et a \u00e9t\u00e9 battue par des agents p\u00e9nitentiaires. [&hellip;]<\/p>\n","protected":false},"author":4,"featured_media":18437,"comment_status":"closed","ping_status":"closed","sticky":false,"template":"","format":"standard","meta":{"jnews-multi-image_gallery":[],"jnews_single_post":{"subtitle":"","format":"standard","video":"","gallery":"","source_name":"","source_url":"","via_name":"","via_url":"","override_template":"0","override":[{"template":"7","single_blog_custom":"","parallax":"1","fullscreen":"1","layout":"right-sidebar","sidebar":"default-sidebar","second_sidebar":"default-sidebar","sticky_sidebar":"1","share_position":"floatbottom","share_float_style":"share-normal","show_share_counter":"1","show_view_counter":"1","show_featured":"1","show_post_meta":"1","show_post_author":"0","show_post_author_image":"1","show_post_date":"1","post_date_format":"default","post_date_format_custom":"Y\/m\/d","show_post_category":"1","show_post_reading_time":"0","post_reading_time_wpm":"300","show_zoom_button":"0","zoom_button_out_step":"2","zoom_button_in_step":"3","show_post_tag":"1","show_prev_next_post":"0","show_popup_post":"1","number_popup_post":"1","show_author_box":"0","show_post_related":"1","show_inline_post_related":"0"}],"override_image_size":"0","image_override":[{"single_post_thumbnail_size":"crop-500","single_post_gallery_size":"crop-500"}],"trending_post":"0","trending_post_position":"meta","trending_post_label":"Trending","sponsored_post":"0","sponsored_post_label":"Sponsored by","sponsored_post_name":"","sponsored_post_url":"","sponsored_post_logo_enable":"0","sponsored_post_logo":"","sponsored_post_desc":"","disable_ad":"0"},"jnews_primary_category":{"id":"","hide":""},"jnews_social_meta":{"fb_title":"","fb_description":"","fb_image":"","twitter_title":"","twitter_description":"","twitter_image":""},"jnews_override_counter":{"override_view_counter":"0","view_counter_number":"0","override_share_counter":"0","share_counter_number":"0","override_like_counter":"0","like_counter_number":"0","override_dislike_counter":"0","dislike_counter_number":"0"},"footnotes":""},"categories":[3],"tags":[370,376],"class_list":["post-18436","post","type-post","status-publish","format-standard","has-post-thumbnail","hentry","category-infos-des-femmes","tag-prisonnieres","tag-violence-contre-les-femmes"],"_links":{"self":[{"href":"https:\/\/wncri.org\/fr\/wp-json\/wp\/v2\/posts\/18436","targetHints":{"allow":["GET"]}}],"collection":[{"href":"https:\/\/wncri.org\/fr\/wp-json\/wp\/v2\/posts"}],"about":[{"href":"https:\/\/wncri.org\/fr\/wp-json\/wp\/v2\/types\/post"}],"author":[{"embeddable":true,"href":"https:\/\/wncri.org\/fr\/wp-json\/wp\/v2\/users\/4"}],"replies":[{"embeddable":true,"href":"https:\/\/wncri.org\/fr\/wp-json\/wp\/v2\/comments?post=18436"}],"version-history":[{"count":1,"href":"https:\/\/wncri.org\/fr\/wp-json\/wp\/v2\/posts\/18436\/revisions"}],"predecessor-version":[{"id":18439,"href":"https:\/\/wncri.org\/fr\/wp-json\/wp\/v2\/posts\/18436\/revisions\/18439"}],"wp:featuredmedia":[{"embeddable":true,"href":"https:\/\/wncri.org\/fr\/wp-json\/wp\/v2\/media\/18437"}],"wp:attachment":[{"href":"https:\/\/wncri.org\/fr\/wp-json\/wp\/v2\/media?parent=18436"}],"wp:term":[{"taxonomy":"category","embeddable":true,"href":"https:\/\/wncri.org\/fr\/wp-json\/wp\/v2\/categories?post=18436"},{"taxonomy":"post_tag","embeddable":true,"href":"https:\/\/wncri.org\/fr\/wp-json\/wp\/v2\/tags?post=18436"}],"curies":[{"name":"wp","href":"https:\/\/api.w.org\/{rel}","templated":true}]}}