{"id":18432,"date":"2023-06-01T20:57:55","date_gmt":"2023-06-01T18:57:55","guid":{"rendered":"https:\/\/wncri.org\/fr\/?p=18432"},"modified":"2023-06-05T22:19:40","modified_gmt":"2023-06-05T20:19:40","slug":"hoda-et-zahra-towhidi","status":"publish","type":"post","link":"https:\/\/wncri.org\/fr\/2023\/06\/01\/hoda-et-zahra-towhidi\/","title":{"rendered":"Hoda et Zahra Towhidi convoqu\u00e9es par t\u00e9l\u00e9phone puis arr\u00eat\u00e9es"},"content":{"rendered":"\n<h3 class=\"wp-block-heading\">Hoda et Zahra Towhidi convoqu\u00e9es par t\u00e9l\u00e9phone puis arr\u00eat\u00e9es<\/h3>\n\n\n\n<p>Deux <a href=\"https:\/\/fr.wikipedia.org\/wiki\/Journaliste\" target=\"_blank\" rel=\"noreferrer noopener\">journalistes<\/a>, Zahra et Hoda Towhidi, ont \u00e9t\u00e9 arr\u00eat\u00e9es \u00e0 la suite d&#8217;une convocation t\u00e9l\u00e9phonique et transf\u00e9r\u00e9es \u00e0 la prison d&#8217;Evine pour y purger leur peine.<\/p>\n\n\n\n<p>Zahra et Hoda Towhidi se sont rendues \u00e0 la section 1 du bureau du procureur charg\u00e9e de l&#8217;application des verdicts \u00e0 la suite d&#8217;une convocation t\u00e9l\u00e9phonique le 31 mai 2023. Elles ont ensuite \u00e9t\u00e9 arr\u00eat\u00e9es et transf\u00e9r\u00e9es \u00e0 la prison d&#8217;Evine pour y purger leur peine.<\/p>\n\n\n\n<p>La convocation t\u00e9l\u00e9phonique de Hoda et Zahra Towhidi a eu lieu sans qu&#8217;aucune notification officielle de la mise en \u0153uvre du verdict n&#8217;ait \u00e9t\u00e9 enregistr\u00e9e dans le syst\u00e8me judiciaire ou communiqu\u00e9e \u00e0 leurs avocats.<\/p>\n\n\n\n<p>Les deux journalistes ont \u00e9t\u00e9 arr\u00eat\u00e9es pendant les premiers jours des manifestations nationales de 2022. Apr\u00e8s pr\u00e8s de trois mois de d\u00e9tention provisoire, elles ont \u00e9t\u00e9 lib\u00e9r\u00e9es sous caution le 17 d\u00e9cembre 2022.<\/p>\n\n\n\n<p>Hoda et Zahra Towhidi ont \u00e9t\u00e9 condamn\u00e9es \u00e0 un an d&#8217;emprisonnement par la branche 26 du tribunal r\u00e9volutionnaire pour &#8220;rassemblement et collusion&#8221; et &#8220;propagande contre l&#8217;\u00c9tat&#8221;.<\/p>\n\n\n<div class=\"wp-block-image\">\n<figure class=\"aligncenter size-full\"><img decoding=\"async\" src=\"data:image\/gif;base64,R0lGODlhAQABAIAAAAAAAP\/\/\/yH5BAEAAAAALAAAAAABAAEAAAIBRAA7\" data-src=\"https:\/\/wncri.org\/fr\/wp-content\/uploads\/2023\/06\/Female-journalist-Faezeh-Momeni.jpg\" alt=\"Zahra et Hoda Towhidi \" class=\"wp-image-18433 lazyload\"\/><noscript><img decoding=\"async\" width=\"350\" height=\"250\" src=\"https:\/\/wncri.org\/fr\/wp-content\/uploads\/2023\/06\/Female-journalist-Faezeh-Momeni.jpg\" alt=\"Zahra et Hoda Towhidi \" class=\"wp-image-18433 lazyload\" srcset=\"https:\/\/wncri.org\/fr\/wp-content\/uploads\/2023\/06\/Female-journalist-Faezeh-Momeni.jpg 350w, https:\/\/wncri.org\/fr\/wp-content\/uploads\/2023\/06\/Female-journalist-Faezeh-Momeni-300x214.jpg 300w, https:\/\/wncri.org\/fr\/wp-content\/uploads\/2023\/06\/Female-journalist-Faezeh-Momeni-120x86.jpg 120w\" sizes=\"(max-width: 350px) 100vw, 350px\" \/><\/noscript><figcaption class=\"wp-element-caption\">Faezeh Momeni<\/figcaption><\/figure>\n<\/div>\n\n\n<h3 class=\"wp-block-heading\"><strong>Harc\u00e8lement et humiliation syst\u00e9matiques des journalistes<\/strong><\/h3>\n\n\n\n<p><a href=\"https:\/\/wncri.org\/fr\/2023\/02\/02\/femmes-journalistes\/\" target=\"_blank\" rel=\"noreferrer noopener\">Les journalistes iraniens<\/a> font l&#8217;objet d&#8217;un harc\u00e8lement syst\u00e9matique, qui se traduit notamment par des agressions physiques et la saisie forc\u00e9e du micro des mains des journalistes. Par exemple, un agent de s\u00e9curit\u00e9 du minist\u00e8re de la sant\u00e9 a cass\u00e9 les doigts de <a href=\"https:\/\/wncri.org\/fr\/2021\/05\/27\/la-journaliste-faezeh-momeni-tabassee-par-un-agent-de-securite-dans\/\" target=\"_blank\" rel=\"noreferrer noopener\">Faezeh Momeni<\/a>, une journaliste de la ville.<\/p>\n","protected":false},"excerpt":{"rendered":"<p>Hoda et Zahra Towhidi convoqu\u00e9es par t\u00e9l\u00e9phone puis arr\u00eat\u00e9es Deux journalistes, Zahra et Hoda Towhidi, ont \u00e9t\u00e9 arr\u00eat\u00e9es \u00e0 la suite d&#8217;une convocation t\u00e9l\u00e9phonique et transf\u00e9r\u00e9es \u00e0 la prison d&#8217;Evine pour y purger leur peine. Zahra et Hoda Towhidi se sont rendues \u00e0 la section 1 du bureau du procureur charg\u00e9e de l&#8217;application des verdicts [&hellip;]<\/p>\n","protected":false},"author":4,"featured_media":18434,"comment_status":"closed","ping_status":"closed","sticky":false,"template":"","format":"standard","meta":{"jnews-multi-image_gallery":[],"jnews_single_post":{"subtitle":"","format":"standard","video":"","gallery":"","source_name":"","source_url":"","via_name":"","via_url":"","override_template":"0","override":[{"template":"7","single_blog_custom":"","parallax":"1","fullscreen":"1","layout":"right-sidebar","sidebar":"default-sidebar","second_sidebar":"default-sidebar","sticky_sidebar":"1","share_position":"floatbottom","share_float_style":"share-normal","show_share_counter":"1","show_view_counter":"1","show_featured":"1","show_post_meta":"1","show_post_author":"0","show_post_author_image":"1","show_post_date":"1","post_date_format":"default","post_date_format_custom":"Y\/m\/d","show_post_category":"1","show_post_reading_time":"0","post_reading_time_wpm":"300","show_zoom_button":"0","zoom_button_out_step":"2","zoom_button_in_step":"3","show_post_tag":"1","show_prev_next_post":"0","show_popup_post":"1","number_popup_post":"1","show_author_box":"0","show_post_related":"1","show_inline_post_related":"0"}],"override_image_size":"0","image_override":[{"single_post_thumbnail_size":"crop-500","single_post_gallery_size":"crop-500"}],"trending_post":"0","trending_post_position":"meta","trending_post_label":"Trending","sponsored_post":"0","sponsored_post_label":"Sponsored by","sponsored_post_name":"","sponsored_post_url":"","sponsored_post_logo_enable":"0","sponsored_post_logo":"","sponsored_post_desc":"","disable_ad":"0"},"jnews_primary_category":{"id":"","hide":""},"jnews_social_meta":{"fb_title":"","fb_description":"","fb_image":"","twitter_title":"","twitter_description":"","twitter_image":""},"jnews_override_counter":{"override_view_counter":"0","view_counter_number":"0","override_share_counter":"0","share_counter_number":"0","override_like_counter":"0","like_counter_number":"0","override_dislike_counter":"0","dislike_counter_number":"0"},"footnotes":""},"categories":[3],"tags":[370,376],"class_list":["post-18432","post","type-post","status-publish","format-standard","has-post-thumbnail","hentry","category-infos-des-femmes","tag-prisonnieres","tag-violence-contre-les-femmes"],"_links":{"self":[{"href":"https:\/\/wncri.org\/fr\/wp-json\/wp\/v2\/posts\/18432","targetHints":{"allow":["GET"]}}],"collection":[{"href":"https:\/\/wncri.org\/fr\/wp-json\/wp\/v2\/posts"}],"about":[{"href":"https:\/\/wncri.org\/fr\/wp-json\/wp\/v2\/types\/post"}],"author":[{"embeddable":true,"href":"https:\/\/wncri.org\/fr\/wp-json\/wp\/v2\/users\/4"}],"replies":[{"embeddable":true,"href":"https:\/\/wncri.org\/fr\/wp-json\/wp\/v2\/comments?post=18432"}],"version-history":[{"count":1,"href":"https:\/\/wncri.org\/fr\/wp-json\/wp\/v2\/posts\/18432\/revisions"}],"predecessor-version":[{"id":18435,"href":"https:\/\/wncri.org\/fr\/wp-json\/wp\/v2\/posts\/18432\/revisions\/18435"}],"wp:featuredmedia":[{"embeddable":true,"href":"https:\/\/wncri.org\/fr\/wp-json\/wp\/v2\/media\/18434"}],"wp:attachment":[{"href":"https:\/\/wncri.org\/fr\/wp-json\/wp\/v2\/media?parent=18432"}],"wp:term":[{"taxonomy":"category","embeddable":true,"href":"https:\/\/wncri.org\/fr\/wp-json\/wp\/v2\/categories?post=18432"},{"taxonomy":"post_tag","embeddable":true,"href":"https:\/\/wncri.org\/fr\/wp-json\/wp\/v2\/tags?post=18432"}],"curies":[{"name":"wp","href":"https:\/\/api.w.org\/{rel}","templated":true}]}}