{"id":18395,"date":"2023-05-29T22:14:18","date_gmt":"2023-05-29T20:14:18","guid":{"rendered":"https:\/\/wncri.org\/fr\/?p=18395"},"modified":"2023-05-29T22:22:31","modified_gmt":"2023-05-29T20:22:31","slug":"3-prisonniers-politiques","status":"publish","type":"post","link":"https:\/\/wncri.org\/fr\/2023\/05\/29\/3-prisonniers-politiques\/","title":{"rendered":"Lors des manifestations contre l&#8217;ex\u00e9cution de 3 prisonniers politiques, 100 personnes ont \u00e9t\u00e9 arr\u00eat\u00e9es \u00e0 T\u00e9h\u00e9ran"},"content":{"rendered":"\n<h3 class=\"wp-block-heading\">Lors des <a href=\"https:\/\/fr.wikipedia.org\/wiki\/Manifestation_(homonymie)\" target=\"_blank\" rel=\"noreferrer noopener\">manifestations<\/a> contre l&#8217;ex\u00e9cution de 3 prisonniers politiques, 100 personnes ont \u00e9t\u00e9 arr\u00eat\u00e9es \u00e0 T\u00e9h\u00e9ran<\/h3>\n\n\n\n<p>Au cours des manifestations nocturnes contre <a href=\"https:\/\/wncri.org\/fr\/2023\/05\/20\/familles-des-condamnes-a-mort\/\" target=\"_blank\" rel=\"noreferrer noopener\">l&#8217;ex\u00e9cution<\/a> de 3 prisonniers politiques \u00e0 Ispahan, une centaine de personnes ont \u00e9t\u00e9 arr\u00eat\u00e9es \u00e0 T\u00e9h\u00e9ran et transf\u00e9r\u00e9es dans les prisons d&#8217;Evine, de Qarchak et du Grand T\u00e9h\u00e9ran.<\/p>\n\n\n\n<p>Dans la nuit du vendredi 19 mai 2023, lors des manifestations contre l&#8217;ex\u00e9cution de 3 prisonniers politiques, <a href=\"https:\/\/wncri.org\/fr\/2023\/05\/20\/familles-des-condamnes-a-mort\/\" target=\"_blank\" rel=\"noreferrer noopener\">Majid Kazemi, Saleh Mir-Hashemi et Saeed Yaghoubi<\/a>, une soixantaine d&#8217;hommes et une quarantaine de femmes ont \u00e9t\u00e9 arr\u00eat\u00e9s et transf\u00e9r\u00e9s au p\u00e9nitencier du Grand T\u00e9h\u00e9ran, \u00e0 la prison d&#8217;Evine et \u00e0 la sinistre <a href=\"https:\/\/wncri.org\/fr\/2021\/12\/10\/les-conditions-des-femmes-prisons\/\" target=\"_blank\" rel=\"noreferrer noopener\">prison de Qarchak pour les femmes<\/a>. Les d\u00e9tenus ont \u00e9t\u00e9 s\u00e9v\u00e8rement battus et tra\u00een\u00e9s au sol lors de leur arrestation.<\/p>\n\n\n\n<p>Selon des sources de droits de l&#8217;Homme, quelque 60 hommes ont \u00e9t\u00e9 transf\u00e9r\u00e9s au Grand P\u00e9nitencier de T\u00e9h\u00e9ran et \u00e0 la prison d&#8217;Evine, et au moins 40 manifestantes ont \u00e9t\u00e9 transf\u00e9r\u00e9es \u00e0 la prison de Qarchak.<\/p>\n\n\n\n<p>3 des femmes d\u00e9tenues, Ghazal Kompani, Maryam Mirzaii et Nasrin Safavi, sont actuellement incarc\u00e9r\u00e9es dans le quartier des femmes de la prison d&#8217;Evine.<\/p>\n\n\n\n<p>Ghazal Kompani, 22 ans, a \u00e9t\u00e9 arr\u00eat\u00e9e dans la rue Sattarkhan \u00e0 T\u00e9h\u00e9ran. Maryam Mirzaii, 68 ans, la grand-m\u00e8re de Ghazal, a \u00e9galement \u00e9t\u00e9 arr\u00eat\u00e9e apr\u00e8s avoir protest\u00e9 et tent\u00e9 d&#8217;emp\u00eacher l&#8217;arrestation de sa petite-fille. Les deux femmes ont \u00e9t\u00e9 battues pendant l&#8217;arrestation et ont souffert d&#8217;ecchymoses \u00e0 la t\u00eate et au visage.<\/p>\n\n\n\n<p>Mme Nasrin Safavi, 45 ans, est une autre d\u00e9tenue qui a \u00e9t\u00e9 transf\u00e9r\u00e9e \u00e0 la prison d&#8217;Evine.<\/p>\n\n\n<div class=\"wp-block-image\">\n<figure class=\"aligncenter size-full\"><img decoding=\"async\" src=\"data:image\/gif;base64,R0lGODlhAQABAIAAAAAAAP\/\/\/yH5BAEAAAAALAAAAAABAAEAAAIBRAA7\" data-src=\"https:\/\/wncri.org\/fr\/wp-content\/uploads\/2023\/05\/Protests-against-execution-of-three-political-prisoners-2.jpg\" alt=\"3 prisonniers politiques\" class=\"wp-image-18397 lazyload\"\/><noscript><img decoding=\"async\" width=\"750\" height=\"375\" src=\"https:\/\/wncri.org\/fr\/wp-content\/uploads\/2023\/05\/Protests-against-execution-of-three-political-prisoners-2.jpg\" alt=\"3 prisonniers politiques\" class=\"wp-image-18397 lazyload\" srcset=\"https:\/\/wncri.org\/fr\/wp-content\/uploads\/2023\/05\/Protests-against-execution-of-three-political-prisoners-2.jpg 750w, https:\/\/wncri.org\/fr\/wp-content\/uploads\/2023\/05\/Protests-against-execution-of-three-political-prisoners-2-300x150.jpg 300w, https:\/\/wncri.org\/fr\/wp-content\/uploads\/2023\/05\/Protests-against-execution-of-three-political-prisoners-2-360x180.jpg 360w\" sizes=\"(max-width: 750px) 100vw, 750px\" \/><\/noscript><figcaption class=\"wp-element-caption\">Javad Khezri Javadi, 80 ans, et sa fille, Natasha Khezri Javadi<\/figcaption><\/figure>\n<\/div>\n\n\n<p>Deux autres d\u00e9tenus sont Javad <a href=\"https:\/\/wncri.org\/fr\/2019\/08\/20\/le-fouet-et-7-ans-de-prison-pour-la-syndicaliste-nasrin-javadi-en-iran\/\" target=\"_blank\" rel=\"noreferrer noopener\">Khezri Javadi<\/a>, 80 ans, et sa fille, Natasha Khezri Javadi. Le p\u00e8re et la fille ont \u00e9t\u00e9 arr\u00eat\u00e9s alors qu&#8217;ils aidaient une jeune femme brutalis\u00e9e dans la rue Sattarkhan.<\/p>\n\n\n\n<p>M. Khezri est actuellement incarc\u00e9r\u00e9 dans le p\u00e9nitencier du Grand T\u00e9h\u00e9ran, tandis que sa fille Natasha est incarc\u00e9r\u00e9e dans la prison de Qarchak.<\/p>\n\n\n\n<p>Des manifestations contre l&#8217;ex\u00e9cution des 3 prisonniers politiques de la prison de Dastgerd \u00e0 Ispahan ont \u00e9galement eu lieu \u00e0 Ispahan, \u00e0 Machad et dans d&#8217;autres villes.<\/p>\n","protected":false},"excerpt":{"rendered":"<p>Lors des manifestations contre l&#8217;ex\u00e9cution de 3 prisonniers politiques, 100 personnes ont \u00e9t\u00e9 arr\u00eat\u00e9es \u00e0 T\u00e9h\u00e9ran Au cours des manifestations nocturnes contre l&#8217;ex\u00e9cution de 3 prisonniers politiques \u00e0 Ispahan, une centaine de personnes ont \u00e9t\u00e9 arr\u00eat\u00e9es \u00e0 T\u00e9h\u00e9ran et transf\u00e9r\u00e9es dans les prisons d&#8217;Evine, de Qarchak et du Grand T\u00e9h\u00e9ran. Dans la nuit du vendredi [&hellip;]<\/p>\n","protected":false},"author":4,"featured_media":18396,"comment_status":"closed","ping_status":"closed","sticky":false,"template":"","format":"standard","meta":{"jnews-multi-image_gallery":[],"jnews_single_post":{"subtitle":"","format":"standard","video":"","gallery":"","source_name":"","source_url":"","via_name":"","via_url":"","override_template":"0","override":[{"template":"7","single_blog_custom":"","parallax":"1","fullscreen":"1","layout":"right-sidebar","sidebar":"default-sidebar","second_sidebar":"default-sidebar","sticky_sidebar":"1","share_position":"floatbottom","share_float_style":"share-normal","show_share_counter":"1","show_view_counter":"1","show_featured":"1","show_post_meta":"1","show_post_author":"0","show_post_author_image":"1","show_post_date":"1","post_date_format":"default","post_date_format_custom":"Y\/m\/d","show_post_category":"1","show_post_reading_time":"0","post_reading_time_wpm":"300","show_zoom_button":"0","zoom_button_out_step":"2","zoom_button_in_step":"3","show_post_tag":"1","show_prev_next_post":"0","show_popup_post":"1","number_popup_post":"1","show_author_box":"0","show_post_related":"1","show_inline_post_related":"0"}],"override_image_size":"0","image_override":[{"single_post_thumbnail_size":"crop-500","single_post_gallery_size":"crop-500"}],"trending_post":"0","trending_post_position":"meta","trending_post_label":"Trending","sponsored_post":"0","sponsored_post_label":"Sponsored by","sponsored_post_name":"","sponsored_post_url":"","sponsored_post_logo_enable":"0","sponsored_post_logo":"","sponsored_post_desc":"","disable_ad":"0"},"jnews_primary_category":{"id":"","hide":""},"jnews_social_meta":{"fb_title":"","fb_description":"","fb_image":"","twitter_title":"","twitter_description":"","twitter_image":""},"jnews_override_counter":{"override_view_counter":"0","view_counter_number":"0","override_share_counter":"0","share_counter_number":"0","override_like_counter":"0","like_counter_number":"0","override_dislike_counter":"0","dislike_counter_number":"0"},"footnotes":""},"categories":[3],"tags":[369,370],"class_list":["post-18395","post","type-post","status-publish","format-standard","has-post-thumbnail","hentry","category-infos-des-femmes","tag-manifestations","tag-prisonnieres"],"_links":{"self":[{"href":"https:\/\/wncri.org\/fr\/wp-json\/wp\/v2\/posts\/18395","targetHints":{"allow":["GET"]}}],"collection":[{"href":"https:\/\/wncri.org\/fr\/wp-json\/wp\/v2\/posts"}],"about":[{"href":"https:\/\/wncri.org\/fr\/wp-json\/wp\/v2\/types\/post"}],"author":[{"embeddable":true,"href":"https:\/\/wncri.org\/fr\/wp-json\/wp\/v2\/users\/4"}],"replies":[{"embeddable":true,"href":"https:\/\/wncri.org\/fr\/wp-json\/wp\/v2\/comments?post=18395"}],"version-history":[{"count":2,"href":"https:\/\/wncri.org\/fr\/wp-json\/wp\/v2\/posts\/18395\/revisions"}],"predecessor-version":[{"id":18400,"href":"https:\/\/wncri.org\/fr\/wp-json\/wp\/v2\/posts\/18395\/revisions\/18400"}],"wp:featuredmedia":[{"embeddable":true,"href":"https:\/\/wncri.org\/fr\/wp-json\/wp\/v2\/media\/18396"}],"wp:attachment":[{"href":"https:\/\/wncri.org\/fr\/wp-json\/wp\/v2\/media?parent=18395"}],"wp:term":[{"taxonomy":"category","embeddable":true,"href":"https:\/\/wncri.org\/fr\/wp-json\/wp\/v2\/categories?post=18395"},{"taxonomy":"post_tag","embeddable":true,"href":"https:\/\/wncri.org\/fr\/wp-json\/wp\/v2\/tags?post=18395"}],"curies":[{"name":"wp","href":"https:\/\/api.w.org\/{rel}","templated":true}]}}