{"id":18376,"date":"2023-05-27T23:29:13","date_gmt":"2023-05-27T21:29:13","guid":{"rendered":"https:\/\/wncri.org\/fr\/?p=18376"},"modified":"2023-05-28T23:35:15","modified_gmt":"2023-05-28T21:35:15","slug":"marzieh-mahmoudi","status":"publish","type":"post","link":"https:\/\/wncri.org\/fr\/2023\/05\/27\/marzieh-mahmoudi\/","title":{"rendered":"Marzieh Mahmoudi, journaliste, condamn\u00e9e \u00e0 une amende pour avoir post\u00e9 un tweet critique"},"content":{"rendered":"\n<h3 class=\"wp-block-heading\">Marzieh Mahmoudi, journaliste, condamn\u00e9e \u00e0 une amende pour avoir post\u00e9 un tweet critique<\/h3>\n\n\n\n<p>Marzieh Mahmoudi, journaliste et r\u00e9dactrice en chef de Tejaratnews, a \u00e9t\u00e9 condamn\u00e9e par le tribunal \u00e0 payer une amende de 24 millions de tomans.<\/p>\n\n\n\n<p>Mme Mahmoudi a d\u00e9clar\u00e9 : &#8220;J&#8217;ai \u00e9t\u00e9 condamn\u00e9e \u00e0 une amende de 24 millions de tomans pour un simple tweet. Cependant, l&#8217;amende a \u00e9t\u00e9 r\u00e9duite \u00e0 6 millions de tomans, que j&#8217;ai pay\u00e9s aujourd&#8217;hui.&#8221;<\/p>\n\n\n<div class=\"wp-block-image\">\n<figure class=\"aligncenter size-full\"><img decoding=\"async\" src=\"data:image\/gif;base64,R0lGODlhAQABAIAAAAAAAP\/\/\/yH5BAEAAAAALAAAAAABAAEAAAIBRAA7\" data-src=\"https:\/\/wncri.org\/fr\/wp-content\/uploads\/2023\/05\/Marzieh-Mahmoudi-Tweet-min.jpg\" alt=\"Marzieh Mahmoudi\" class=\"wp-image-18377 lazyload\"\/><noscript><img decoding=\"async\" width=\"750\" height=\"375\" src=\"https:\/\/wncri.org\/fr\/wp-content\/uploads\/2023\/05\/Marzieh-Mahmoudi-Tweet-min.jpg\" alt=\"Marzieh Mahmoudi\" class=\"wp-image-18377 lazyload\" srcset=\"https:\/\/wncri.org\/fr\/wp-content\/uploads\/2023\/05\/Marzieh-Mahmoudi-Tweet-min.jpg 750w, https:\/\/wncri.org\/fr\/wp-content\/uploads\/2023\/05\/Marzieh-Mahmoudi-Tweet-min-300x150.jpg 300w, https:\/\/wncri.org\/fr\/wp-content\/uploads\/2023\/05\/Marzieh-Mahmoudi-Tweet-min-360x180.jpg 360w\" sizes=\"(max-width: 750px) 100vw, 750px\" \/><\/noscript><figcaption class=\"wp-element-caption\">Hamid Rasaei<\/figcaption><\/figure>\n<\/div>\n\n\n<p>Il y a quelque temps, Hamid Rasaei, un ancien membre du Parlement, a tenu des propos tr\u00e8s offensants \u00e0 l&#8217;\u00e9gard des manifestants. Marzieh Mahmoudi a critiqu\u00e9 cet eccl\u00e9siastique dans un message publi\u00e9 sur sa propre page, ce qui l&#8217;a conduit \u00e0 porter plainte contre lui.<\/p>\n\n\n\n<h3 class=\"wp-block-heading\"><strong>Nasim Sultan Beigi convoqu\u00e9e au bureau du procureur<\/strong><\/h3>\n\n\n\n<p>Le samedi 20 mai 2023, <a href=\"https:\/\/wncri.org\/fr\/2023\/02\/02\/femmes-journalistes\/\" target=\"_blank\" rel=\"noreferrer noopener\">Nasim Sultan Beigi,<\/a> journaliste et ancienne militante \u00e9tudiante, a comparu devant la quatri\u00e8me branche du bureau du procureur d&#8217;Evine pour se d\u00e9fendre contre les accusations de &#8220;propagande contre l&#8217;\u00c9tat&#8221; et de &#8220;rassemblement et collusion&#8221;.<\/p>\n\n\n\n<p>C&#8217;est la troisi\u00e8me fois au cours des derni\u00e8res semaines qu&#8217;elle est convoqu\u00e9e au bureau du procureur d&#8217;Evin.<\/p>\n\n\n<div class=\"wp-block-image\">\n<figure class=\"aligncenter size-full\"><img decoding=\"async\" src=\"data:image\/gif;base64,R0lGODlhAQABAIAAAAAAAP\/\/\/yH5BAEAAAAALAAAAAABAAEAAAIBRAA7\" data-src=\"https:\/\/wncri.org\/fr\/wp-content\/uploads\/2023\/05\/Nasim-Sultan-Beigi-min.jpg\" alt=\"Nasim Sultan Beigi convoqu\u00e9e au bureau du procureur\" class=\"wp-image-18379 lazyload\"\/><noscript><img decoding=\"async\" width=\"750\" height=\"375\" src=\"https:\/\/wncri.org\/fr\/wp-content\/uploads\/2023\/05\/Nasim-Sultan-Beigi-min.jpg\" alt=\"Nasim Sultan Beigi convoqu\u00e9e au bureau du procureur\" class=\"wp-image-18379 lazyload\" srcset=\"https:\/\/wncri.org\/fr\/wp-content\/uploads\/2023\/05\/Nasim-Sultan-Beigi-min.jpg 750w, https:\/\/wncri.org\/fr\/wp-content\/uploads\/2023\/05\/Nasim-Sultan-Beigi-min-300x150.jpg 300w, https:\/\/wncri.org\/fr\/wp-content\/uploads\/2023\/05\/Nasim-Sultan-Beigi-min-360x180.jpg 360w\" sizes=\"(max-width: 750px) 100vw, 750px\" \/><\/noscript><figcaption class=\"wp-element-caption\">Nasim Sultan Beigi<\/figcaption><\/figure>\n<\/div>\n\n\n<p>Des agents des services des renseignements du CGRI ont arr\u00eat\u00e9 <a href=\"https:\/\/wncri.org\/fr\/2023\/04\/28\/journalistes-detenues\/\" target=\"_blank\" rel=\"noreferrer noopener\">Nasim Sultan Beigi<\/a>\u00a0 \u00e0 l&#8217;a\u00e9roport dans la soir\u00e9e du 11 janvier 2023, alors qu&#8217;elle quittait le pays. Elle a \u00e9t\u00e9 emmen\u00e9e \u00e0 la <a href=\"https:\/\/wncri.org\/fr\/2021\/12\/10\/les-conditions-des-femmes-prisons\/\" target=\"_blank\" rel=\"noreferrer noopener\">prison d&#8217;Evine.<\/a><\/p>\n\n\n\n<p>Mme Sultan Beigi a finalement \u00e9t\u00e9 lib\u00e9r\u00e9e le 6 f\u00e9vrier 2023, apr\u00e8s avoir pay\u00e9 une caution.<\/p>\n\n\n\n<p>Les cas de Marzieh Mahmoudi et de Nasim Sultan Beigi mettent en lumi\u00e8re <a href=\"https:\/\/rsf.org\/fr\/iran-le-proc%C3%A8s-de-niloofar-hamedi-et-elaheh-mohammadi-rel%C3%A8ve-de-la-farce-judiciaire\" target=\"_blank\" rel=\"noreferrer noopener\">les difficult\u00e9s rencontr\u00e9es par les journalistes<\/a> qui expriment des opinions critiques ou s&#8217;engagent dans l&#8217;activisme. Ces incidents soulignent la surveillance croissante dont font l&#8217;objet les journalistes et l&#8217;importance de la libert\u00e9 d&#8217;expression dans la soci\u00e9t\u00e9.<\/p>\n","protected":false},"excerpt":{"rendered":"<p>Marzieh Mahmoudi, journaliste, condamn\u00e9e \u00e0 une amende pour avoir post\u00e9 un tweet critique Marzieh Mahmoudi, journaliste et r\u00e9dactrice en chef de Tejaratnews, a \u00e9t\u00e9 condamn\u00e9e par le tribunal \u00e0 payer une amende de 24 millions de tomans. Mme Mahmoudi a d\u00e9clar\u00e9 : &#8220;J&#8217;ai \u00e9t\u00e9 condamn\u00e9e \u00e0 une amende de 24 millions de tomans pour un [&hellip;]<\/p>\n","protected":false},"author":4,"featured_media":18378,"comment_status":"closed","ping_status":"closed","sticky":false,"template":"","format":"standard","meta":{"jnews-multi-image_gallery":[],"jnews_single_post":{"subtitle":"","format":"standard","video":"","gallery":"","source_name":"","source_url":"","via_name":"","via_url":"","override_template":"0","override":[{"template":"7","single_blog_custom":"","parallax":"1","fullscreen":"1","layout":"right-sidebar","sidebar":"default-sidebar","second_sidebar":"default-sidebar","sticky_sidebar":"1","share_position":"floatbottom","share_float_style":"share-normal","show_share_counter":"1","show_view_counter":"1","show_featured":"1","show_post_meta":"1","show_post_author":"0","show_post_author_image":"1","show_post_date":"1","post_date_format":"default","post_date_format_custom":"Y\/m\/d","show_post_category":"1","show_post_reading_time":"0","post_reading_time_wpm":"300","show_zoom_button":"0","zoom_button_out_step":"2","zoom_button_in_step":"3","show_post_tag":"1","show_prev_next_post":"0","show_popup_post":"1","number_popup_post":"1","show_author_box":"0","show_post_related":"1","show_inline_post_related":"0"}],"override_image_size":"0","image_override":[{"single_post_thumbnail_size":"crop-500","single_post_gallery_size":"crop-500"}],"trending_post":"0","trending_post_position":"meta","trending_post_label":"Trending","sponsored_post":"0","sponsored_post_label":"Sponsored by","sponsored_post_name":"","sponsored_post_url":"","sponsored_post_logo_enable":"0","sponsored_post_logo":"","sponsored_post_desc":"","disable_ad":"0"},"jnews_primary_category":{"id":"","hide":""},"jnews_social_meta":{"fb_title":"","fb_description":"","fb_image":"","twitter_title":"","twitter_description":"","twitter_image":""},"jnews_override_counter":{"override_view_counter":"0","view_counter_number":"0","override_share_counter":"0","share_counter_number":"0","override_like_counter":"0","like_counter_number":"0","override_dislike_counter":"0","dislike_counter_number":"0"},"footnotes":""},"categories":[3],"tags":[370,376],"class_list":["post-18376","post","type-post","status-publish","format-standard","has-post-thumbnail","hentry","category-infos-des-femmes","tag-prisonnieres","tag-violence-contre-les-femmes"],"_links":{"self":[{"href":"https:\/\/wncri.org\/fr\/wp-json\/wp\/v2\/posts\/18376","targetHints":{"allow":["GET"]}}],"collection":[{"href":"https:\/\/wncri.org\/fr\/wp-json\/wp\/v2\/posts"}],"about":[{"href":"https:\/\/wncri.org\/fr\/wp-json\/wp\/v2\/types\/post"}],"author":[{"embeddable":true,"href":"https:\/\/wncri.org\/fr\/wp-json\/wp\/v2\/users\/4"}],"replies":[{"embeddable":true,"href":"https:\/\/wncri.org\/fr\/wp-json\/wp\/v2\/comments?post=18376"}],"version-history":[{"count":1,"href":"https:\/\/wncri.org\/fr\/wp-json\/wp\/v2\/posts\/18376\/revisions"}],"predecessor-version":[{"id":18380,"href":"https:\/\/wncri.org\/fr\/wp-json\/wp\/v2\/posts\/18376\/revisions\/18380"}],"wp:featuredmedia":[{"embeddable":true,"href":"https:\/\/wncri.org\/fr\/wp-json\/wp\/v2\/media\/18378"}],"wp:attachment":[{"href":"https:\/\/wncri.org\/fr\/wp-json\/wp\/v2\/media?parent=18376"}],"wp:term":[{"taxonomy":"category","embeddable":true,"href":"https:\/\/wncri.org\/fr\/wp-json\/wp\/v2\/categories?post=18376"},{"taxonomy":"post_tag","embeddable":true,"href":"https:\/\/wncri.org\/fr\/wp-json\/wp\/v2\/tags?post=18376"}],"curies":[{"name":"wp","href":"https:\/\/api.w.org\/{rel}","templated":true}]}}