{"id":18367,"date":"2023-05-26T22:49:45","date_gmt":"2023-05-26T20:49:45","guid":{"rendered":"https:\/\/wncri.org\/fr\/?p=18367"},"modified":"2023-05-27T23:22:33","modified_gmt":"2023-05-27T21:22:33","slug":"campagne-internationale","status":"publish","type":"post","link":"https:\/\/wncri.org\/fr\/2023\/05\/26\/campagne-internationale\/","title":{"rendered":"Maryam Radjavi appelle \u00e0 une campagne internationale pour arr\u00eater les ex\u00e9cutions en Iran"},"content":{"rendered":"\n<h3 class=\"wp-block-heading\">Maryam Radjavi appelle \u00e0 une campagne internationale pour arr\u00eater les ex\u00e9cutions en Iran<\/h3>\n\n\n\n<p><em>Mme Maryam Radjavi, pr\u00e9sidente \u00e9lue du Conseil national de la R\u00e9sistance iranienne, a pris la parole lors d\u2019une <\/em><a href=\"https:\/\/www.maryam-rajavi.com\/fr\/parlement-europeen-iran-politique-executions-soulevements\/\" target=\"_blank\" rel=\"noreferrer noopener\"><em>conf\u00e9rence au Parlement<\/em><\/a><em> europ\u00e9en intitul\u00e9e \u00ab&nbsp;Iran&nbsp;: Perspectives de changement et politique de l\u2019UE&nbsp;\u00bb le mercredi 24 mai 2023. Elle a appel\u00e9 \u00e0 une campagne internationale pour mettre fin aux ex\u00e9cutions en Iran. Voici des extraits de son discours au Parlement europ\u00e9en :<\/em><\/p>\n\n\n\n<p><a href=\"https:\/\/www.youtube.com\/watch?v=JSzHwLptBj8\" target=\"_blank\" rel=\"noreferrer noopener\">Au moment o\u00f9 je vous parle<\/a>, le r\u00e9gime iranien a lanc\u00e9 une nouvelle vague d\u2019ex\u00e9cutions sans pr\u00e9c\u00e9dent. Quelque 116 prisonniers ont \u00e9t\u00e9 ex\u00e9cut\u00e9s au mois de mai. Cela signifie une ex\u00e9cution toutes les 5 heures.<\/p>\n\n\n\n<p>Je suis venue ici aujourd\u2019hui pour appeler \u00e0 une campagne internationale visant \u00e0 mettre fin aux ex\u00e9cutions en Iran. Trois jeunes manifestants, d\u00e9tenus et tortur\u00e9s depuis des mois \u00e0 Ispahan, ont \u00e9t\u00e9 ex\u00e9cut\u00e9s vendredi dernier.<\/p>\n\n\n\n<p>Le r\u00e9gime utilise les ex\u00e9cutions pour cr\u00e9er un climat de terreur et emp\u00eacher un soul\u00e8vement. Cependant malgr\u00e9 la r\u00e9pression massive, les gens ont protest\u00e9 contre ces pendaisons cruelles \u00e0 T\u00e9h\u00e9ran et dans d\u2019autres villes.<\/p>\n\n\n\n<p>Malheureusement, nous assistons \u00e0 un manque d\u2019action de la part de l\u2019Union europ\u00e9enne et de ses \u00c9tats membres. S\u2019opposer aux ex\u00e9cutions n\u2019est-il pas l\u2019un des principes bien connus de l\u2019Union europ\u00e9enne ? Alors pourquoi, lorsqu\u2019il s\u2019agit de l\u2019Iran, les int\u00e9r\u00eats \u00e9conomiques et les consid\u00e9rations politiques minimisent l\u2019importance de la situation des droits humains ?<\/p>\n\n\n\n<h3 class=\"wp-block-heading\"><strong>La voix des femmes iraniennes<\/strong><\/h3>\n\n\n\n<p>Je suis ici aujourd\u2019hui pour \u00eatre la voix des manifestants en Iran, en particulier des femmes, qui se sont soulev\u00e9s contre la dictature religieuse. Le message est que le peuple iranien s\u2019est soulev\u00e9 pour renverser le fascisme religieux. Il rejette la tyrannie sous toutes ses formes et poursuivra son combat jusqu\u2019\u00e0 ce qu\u2019il parvienne \u00e0 la libert\u00e9 et \u00e0 la d\u00e9mocratie.<\/p>\n\n\n\n<p>Le soul\u00e8vement qui a d\u00e9but\u00e9 en septembre dernier a donn\u00e9 lieu \u00e0 plusieurs d\u00e9veloppements importants, le renversement du r\u00e9gime est in\u00e9vitable, le r\u00e9gime cl\u00e9rical est dans l\u2019impasse, la r\u00e9sistance organis\u00e9e en Iran a fait un grand bond en avant, et les fausses alternatives ont \u00e9chou\u00e9.<\/p>\n\n\n\n<p>Permettez-moi d\u2019expliquer bri\u00e8vement chacun de ces d\u00e9veloppements.<\/p>\n\n\n\n<h3 class=\"wp-block-heading has-vivid-cyan-blue-color has-text-color\"><strong>L\u2019une des principales raisons des soul\u00e8vements est la col\u00e8re et le m\u00e9contentement g\u00e9n\u00e9ralis\u00e9s au sein de la soci\u00e9t\u00e9 iranienne. <\/strong><\/h3>\n\n\n\n<h3 class=\"wp-block-heading has-vivid-cyan-blue-color has-text-color\"><strong>Cette capacit\u00e9 explosive est particuli\u00e8rement visible dans la confrontation courageuse des femmes iraniennes avec les forces du r\u00e9gime. Les Iraniennes jouent aujourd\u2019hui plus que jamais un r\u00f4le d\u2019avant-garde dans les manifestations, et impressionnent le monde par leur bravoure.<\/strong><\/h3>\n\n\n\n<p>Une jeune g\u00e9n\u00e9ration courageuse et d\u00e9vou\u00e9e est d\u00e9termin\u00e9e \u00e0 renverser le r\u00e9gime. La nuit, \u00e0 T\u00e9h\u00e9ran et dans d\u2019autres villes, les gens scandent depuis les toits de leurs maisons \u201c\u00e0 bas Khamenei\u201d. Chaque vendredi, des manifestations contre le r\u00e9gime ont lieu \u00e0 Zahedan. En outre, les protestations des enseignants, les gr\u00e8ves des travailleurs et les manifestations des retrait\u00e9s se poursuivent dans tout le pays.<\/p>\n\n\n<div class=\"wp-block-image\">\n<figure class=\"aligncenter size-full\"><img decoding=\"async\" src=\"data:image\/gif;base64,R0lGODlhAQABAIAAAAAAAP\/\/\/yH5BAEAAAAALAAAAAABAAEAAAIBRAA7\" data-src=\"https:\/\/wncri.org\/fr\/wp-content\/uploads\/2023\/05\/Maryam-Rajavi-addresses-EP-conference-2-min.jpg\" alt=\"D\u00e9veloppement des r\u00e9seaux sociaux de la R\u00e9sistance en Iran\" class=\"wp-image-18368 lazyload\"\/><noscript><img decoding=\"async\" width=\"750\" height=\"375\" src=\"https:\/\/wncri.org\/fr\/wp-content\/uploads\/2023\/05\/Maryam-Rajavi-addresses-EP-conference-2-min.jpg\" alt=\"D\u00e9veloppement des r\u00e9seaux sociaux de la R\u00e9sistance en Iran\" class=\"wp-image-18368 lazyload\" srcset=\"https:\/\/wncri.org\/fr\/wp-content\/uploads\/2023\/05\/Maryam-Rajavi-addresses-EP-conference-2-min.jpg 750w, https:\/\/wncri.org\/fr\/wp-content\/uploads\/2023\/05\/Maryam-Rajavi-addresses-EP-conference-2-min-300x150.jpg 300w, https:\/\/wncri.org\/fr\/wp-content\/uploads\/2023\/05\/Maryam-Rajavi-addresses-EP-conference-2-min-360x180.jpg 360w\" sizes=\"(max-width: 750px) 100vw, 750px\" \/><\/noscript><\/figure>\n<\/div>\n\n\n<h3 class=\"wp-block-heading\"><strong>D\u00e9veloppement des r\u00e9seaux sociaux de la R\u00e9sistance en Iran<\/strong><\/h3>\n\n\n\n<p>Un autre \u00e9v\u00e9nement significatif est le d\u00e9veloppement remarquable des r\u00e9seaux dans la soci\u00e9t\u00e9.<\/p>\n\n\n\n<p>Dans ses \u00e9valuations internes, le r\u00e9gime consid\u00e8re l\u2019OMPI comme un groupe qui \u00ab poss\u00e8de une unit\u00e9, une structure organis\u00e9e \u00bb, \u00ab la capacit\u00e9 d\u2019infiltrer les syst\u00e8mes de renseignement \u00bb. Il reconna\u00eet \u00e9galement que l\u2019OMPI \u00ab est dot\u00e9e de capacit\u00e9, d\u2019un pass\u00e9 de lutte et qu\u2019elle fait preuve d\u2019une grande aptitude dans le domaine du renseignement pour tromper les services de renseignement \u00bb. Il pr\u00e9cise \u00e9galement qu\u2019elle \u00ab est reconnue comme la seule organisation ayant un programme d\u2019alternative \u00bb. <\/p>\n\n\n\n<p>Il conclut qu\u2019elle \u00ab est donc consid\u00e9r\u00e9e comme habile et subversive. \u00bb Un comit\u00e9 de haut niveau a \u00e9t\u00e9 form\u00e9 pour contrer les Moudjahidine du peuple. Sept des treize directions du minist\u00e8re des affaires \u00e9trang\u00e8res participent \u00e0 ce comit\u00e9. L\u2019objectif est de \u00ab discr\u00e9diter \u00bb la R\u00e9sistance iranienne. En diffusant de fausses informations, le r\u00e9gime vise \u00e0 saper la r\u00e9sistance juste et l\u00e9gitime du peuple iranien et \u00e0 porter atteinte aux fondements d\u00e9mocratiques et \u00e0 la libre circulation d\u2019informations impartiales en Europe.<\/p>\n\n\n\n<h3 class=\"wp-block-heading\"><strong>L\u2019\u00e9chec des fausses alternatives<\/strong><\/h3>\n\n\n\n<p>Un autre r\u00e9sultat important du soul\u00e8vement est l\u2019\u00e9chec des fausses alternatives, en particulier celles li\u00e9es aux vestiges du chah et \u00e0 la dictature cl\u00e9ricale. Certains pensaient pouvoir pr\u00e9senter ces groupes comme les leaders du soul\u00e8vement gr\u00e2ce \u00e0 une propagande intensive, mais ils ont \u00e9chou\u00e9.<\/p>\n\n\n\n<p>Il existe en Iran un puissant mouvement d\u00e9mocratique et organis\u00e9 et 120 000 opposants politiques ont sacrifi\u00e9 leur vie pour la libert\u00e9.<\/p>\n\n\n\n<p>Le peuple iranien n\u2019acceptera pas de revenir \u00e0 la dictature pr\u00e9c\u00e9dente qui l\u2019a opprim\u00e9 pendant plusieurs ann\u00e9es, avec d\u2019innombrables emprisonnements et ex\u00e9cutions politiques sous un r\u00e9gime de parti unique.<\/p>\n\n\n\n<h3 class=\"wp-block-heading has-vivid-cyan-blue-color has-text-color\"><strong>L\u2019\u00e9volution actuelle du soul\u00e8vement a montr\u00e9 que les manifestations ne suffisent pas \u00e0 renverser le r\u00e9gime. Un mouvement de r\u00e9sistance engag\u00e9 et bien organis\u00e9 est n\u00e9cessaire pour faire face \u00e0 un r\u00e9gime brutal.<\/strong><\/h3>\n\n\n\n<h3 class=\"wp-block-heading has-vivid-cyan-blue-color has-text-color\"><strong>L\u2019alternative \u00e0 ce r\u00e9gime est la force m\u00eame qui entretient la flamme de la r\u00e9sistance et joue un r\u00f4le cl\u00e9 dans l\u2019organisation et la diffusion des protestations.<\/strong><\/h3>\n\n\n\n<p>Il y a 19 ans, lors d\u2019une r\u00e9union au Parlement europ\u00e9en, j\u2019ai d\u00e9clar\u00e9 : les mollahs de T\u00e9h\u00e9ran pr\u00e9tendent que tout changement significatif n\u00e9cessite une guerre \u00e9trang\u00e8re et qu\u2019il n\u2019y a pas d\u2019autre option que la complaisance.<\/p>\n\n\n\n<p>Mais j\u2019ai dit qu\u2019il y avait une troisi\u00e8me voie : le changement par le peuple iranien et sa R\u00e9sistance. Je tiens \u00e0 souligner que cette solution a \u00e9merg\u00e9 du c\u0153ur du soul\u00e8vement national en Iran. La v\u00e9ritable alternative est n\u00e9e d\u2019une bataille de longue haleine, pour laquelle des g\u00e9n\u00e9rations ont sacrifi\u00e9 leur vie.<\/p>\n\n\n\n<p>Le Conseil national de la R\u00e9sistance iranienne, fond\u00e9 \u00e0 T\u00e9h\u00e9ran il y a quatre d\u00e9cennies, repr\u00e9sente diverses convictions politiques.<\/p>\n\n\n<div class=\"wp-block-image\">\n<figure class=\"aligncenter size-full\"><img decoding=\"async\" src=\"data:image\/gif;base64,R0lGODlhAQABAIAAAAAAAP\/\/\/yH5BAEAAAAALAAAAAABAAEAAAIBRAA7\" data-src=\"https:\/\/wncri.org\/fr\/wp-content\/uploads\/2023\/05\/Maryam-Rajavi-at-the-European-Parliament-Conference-min.jpg\" alt=\"La r\u00e9sistance iranienne, antith\u00e8se de la tyrannie religieuse\" class=\"wp-image-18370 lazyload\"\/><noscript><img decoding=\"async\" width=\"750\" height=\"375\" src=\"https:\/\/wncri.org\/fr\/wp-content\/uploads\/2023\/05\/Maryam-Rajavi-at-the-European-Parliament-Conference-min.jpg\" alt=\"La r\u00e9sistance iranienne, antith\u00e8se de la tyrannie religieuse\" class=\"wp-image-18370 lazyload\" srcset=\"https:\/\/wncri.org\/fr\/wp-content\/uploads\/2023\/05\/Maryam-Rajavi-at-the-European-Parliament-Conference-min.jpg 750w, https:\/\/wncri.org\/fr\/wp-content\/uploads\/2023\/05\/Maryam-Rajavi-at-the-European-Parliament-Conference-min-300x150.jpg 300w, https:\/\/wncri.org\/fr\/wp-content\/uploads\/2023\/05\/Maryam-Rajavi-at-the-European-Parliament-Conference-min-360x180.jpg 360w\" sizes=\"(max-width: 750px) 100vw, 750px\" \/><\/noscript><\/figure>\n<\/div>\n\n\n<h3 class=\"wp-block-heading\"><strong>La r\u00e9sistance iranienne, antith\u00e8se de la tyrannie religieuse<\/strong><\/h3>\n\n\n\n<p><a href=\"https:\/\/wncri.org\/fr\/plan-en-10-points-pour-liran\/\" target=\"_blank\" rel=\"noreferrer noopener\">Le programme de la R\u00e9sistance iranienne<\/a> est bas\u00e9 sur une r\u00e9publique, la s\u00e9paration de la religion et de l\u2019\u00c9tat, des libert\u00e9s individuelles et sociales compl\u00e8tes, <a href=\"https:\/\/wncri.org\/fr\/plan-des-libertes-et-des-droits-des-femmes\/\" target=\"_blank\" rel=\"noreferrer noopener\">l\u2019\u00e9galit\u00e9 des sexes<\/a>, l\u2019autonomie des minorit\u00e9s ethniques, l\u2019abolition de la peine de mort, un syst\u00e8me judiciaire ind\u00e9pendant, la dissolution du corps des pasdarans, un Iran non nucl\u00e9aire, une coexistence et une coop\u00e9ration internationales et r\u00e9gionales.<\/p>\n\n\n\n<p>Au centre de cette alternative se trouve l\u2019OMPI, qui croit en un islam d\u00e9mocratique et pr\u00f4ne la s\u00e9paration de la religion et de l\u2019\u00c9tat. Cette r\u00e9sistance repr\u00e9sente donc l\u2019antith\u00e8se de la dictature religieuse.<\/p>\n\n\n\n<h3 class=\"wp-block-heading\"><strong>Mettre les pasdarans dans la liste du terrorisme<\/strong><\/h3>\n\n\n\n<p>Chers amis,<\/p>\n\n\n\n<p>Aujourd\u2019hui, il est largement admis que le r\u00e9gime cl\u00e9rical s\u2019est consid\u00e9rablement affaibli et a perdu ses capacit\u00e9s strat\u00e9giques et ses ressources. Cependant, son hostilit\u00e9 s\u2019est intensifi\u00e9e, que ce soit en cherchant \u00e0 se doter d\u2019armes nucl\u00e9aires ou en soutenant le terrorisme et le bellicisme jusqu\u2019au c\u0153ur de l\u2019Europe.<\/p>\n\n\n\n<p>La contradiction dans l\u2019approche occidentale de l\u2019Iran est le r\u00e9sultat de la politique de complaisance. Le r\u00e9gime a pris pour cible la paix et la s\u00e9curit\u00e9 mondiales \u00e0 plusieurs reprises et a constamment viol\u00e9 les lois internationales sans en subir les cons\u00e9quences. Pire encore, il a re\u00e7u des r\u00e9compenses et des incitations.<\/p>\n\n\n\n<p>Chaque heure de retard dans l\u2019adoption de la bonne politique vis-\u00e0-vis de la dictature religieuse en Iran se traduit par davantage d\u2019ex\u00e9cutions pour le peuple iranien, davantage d\u2019otages pour le monde et davantage de drones en Europe.<\/p>\n\n\n\n<p>La R\u00e9sistance iranienne appelle l\u2019Union europ\u00e9enne \u00e0 reconsid\u00e9rer ses politiques ant\u00e9rieures \u00e0 l\u2019\u00e9gard de l\u2019Iran :<\/p>\n\n\n\n<p>\u2013 Inscrire le corps des pasdarans dans sa liste des entit\u00e9s terroristes.<\/p>\n\n\n\n<p>\u2013 D\u00e9clencher le m\u00e9canisme de snapback et r\u00e9tablir les sanctions pr\u00e9vues dans les six r\u00e9solutions du Conseil de s\u00e9curit\u00e9 de l\u2019ONU contre le r\u00e9gime.<\/p>\n\n\n\n<p>\u2013 D\u00e9signer le r\u00e9gime comme une menace grave pour la paix et la s\u00e9curit\u00e9 mondiales en vertu de l\u2019article 41 du chapitre 7 de la Charte des Nations unies.<\/p>\n\n\n\n<p>\u2013 Reconna\u00eetre le droit du peuple iranien \u00e0 lutter pour renverser ce r\u00e9gime ainsi que la lutte l\u00e9gitime de la jeunesse iranienne contre l\u2019occupant, le Corps des pasdarans.<\/p>\n\n\n\n<h3 class=\"wp-block-heading has-vivid-cyan-blue-color has-text-color\"><strong>\u2013 Pour finir, honorables eurod\u00e9put\u00e9s, je vous appelle \u00e0 exhorter vos gouvernements \u00e0 se joindre \u00e0 la campagne pour stopper les ex\u00e9cutions en Iran et \u00e0 se tenir aux c\u00f4t\u00e9s du peuple iranien.<\/strong><\/h3>\n\n\n\n<p class=\"has-black-color has-text-color\">Je vous remercie<\/p>\n","protected":false},"excerpt":{"rendered":"<p>Maryam Radjavi appelle \u00e0 une campagne internationale pour arr\u00eater les ex\u00e9cutions en Iran Mme Maryam Radjavi, pr\u00e9sidente \u00e9lue du Conseil national de la R\u00e9sistance iranienne, a pris la parole lors d\u2019une conf\u00e9rence au Parlement europ\u00e9en intitul\u00e9e \u00ab&nbsp;Iran&nbsp;: Perspectives de changement et politique de l\u2019UE&nbsp;\u00bb le mercredi 24 mai 2023. Elle a appel\u00e9 \u00e0 une campagne [&hellip;]<\/p>\n","protected":false},"author":4,"featured_media":18369,"comment_status":"closed","ping_status":"closed","sticky":false,"template":"","format":"standard","meta":{"jnews-multi-image_gallery":[],"jnews_single_post":{"subtitle":"","format":"standard","video":"","gallery":"","source_name":"","source_url":"","via_name":"","via_url":"","override_template":"0","override":[{"template":"7","single_blog_custom":"","parallax":"1","fullscreen":"1","layout":"right-sidebar","sidebar":"default-sidebar","second_sidebar":"default-sidebar","sticky_sidebar":"1","share_position":"floatbottom","share_float_style":"share-normal","show_share_counter":"1","show_view_counter":"1","show_featured":"1","show_post_meta":"1","show_post_author":"0","show_post_author_image":"1","show_post_date":"1","post_date_format":"default","post_date_format_custom":"Y\/m\/d","show_post_category":"1","show_post_reading_time":"0","post_reading_time_wpm":"300","show_zoom_button":"0","zoom_button_out_step":"2","zoom_button_in_step":"3","show_post_tag":"1","show_prev_next_post":"0","show_popup_post":"1","number_popup_post":"1","show_author_box":"0","show_post_related":"1","show_inline_post_related":"0"}],"override_image_size":"0","image_override":[{"single_post_thumbnail_size":"crop-500","single_post_gallery_size":"crop-500"}],"trending_post":"0","trending_post_position":"meta","trending_post_label":"Trending","sponsored_post":"0","sponsored_post_label":"Sponsored by","sponsored_post_name":"","sponsored_post_url":"","sponsored_post_logo_enable":"0","sponsored_post_logo":"","sponsored_post_desc":"","disable_ad":"0"},"jnews_primary_category":{"id":"","hide":""},"jnews_social_meta":{"fb_title":"","fb_description":"","fb_image":"","twitter_title":"","twitter_description":"","twitter_image":""},"jnews_override_counter":{"override_view_counter":"0","view_counter_number":"0","override_share_counter":"0","share_counter_number":"0","override_like_counter":"0","like_counter_number":"0","override_dislike_counter":"0","dislike_counter_number":"0"},"footnotes":""},"categories":[19],"tags":[367,373],"class_list":["post-18367","post","type-post","status-publish","format-standard","has-post-thumbnail","hentry","category-discours-de-maryam-radjavi","tag-execution","tag-le-leadership-des-femmes"],"_links":{"self":[{"href":"https:\/\/wncri.org\/fr\/wp-json\/wp\/v2\/posts\/18367","targetHints":{"allow":["GET"]}}],"collection":[{"href":"https:\/\/wncri.org\/fr\/wp-json\/wp\/v2\/posts"}],"about":[{"href":"https:\/\/wncri.org\/fr\/wp-json\/wp\/v2\/types\/post"}],"author":[{"embeddable":true,"href":"https:\/\/wncri.org\/fr\/wp-json\/wp\/v2\/users\/4"}],"replies":[{"embeddable":true,"href":"https:\/\/wncri.org\/fr\/wp-json\/wp\/v2\/comments?post=18367"}],"version-history":[{"count":2,"href":"https:\/\/wncri.org\/fr\/wp-json\/wp\/v2\/posts\/18367\/revisions"}],"predecessor-version":[{"id":18374,"href":"https:\/\/wncri.org\/fr\/wp-json\/wp\/v2\/posts\/18367\/revisions\/18374"}],"wp:featuredmedia":[{"embeddable":true,"href":"https:\/\/wncri.org\/fr\/wp-json\/wp\/v2\/media\/18369"}],"wp:attachment":[{"href":"https:\/\/wncri.org\/fr\/wp-json\/wp\/v2\/media?parent=18367"}],"wp:term":[{"taxonomy":"category","embeddable":true,"href":"https:\/\/wncri.org\/fr\/wp-json\/wp\/v2\/categories?post=18367"},{"taxonomy":"post_tag","embeddable":true,"href":"https:\/\/wncri.org\/fr\/wp-json\/wp\/v2\/tags?post=18367"}],"curies":[{"name":"wp","href":"https:\/\/api.w.org\/{rel}","templated":true}]}}