{"id":18357,"date":"2023-05-26T23:16:52","date_gmt":"2023-05-26T21:16:52","guid":{"rendered":"https:\/\/wncri.org\/fr\/?p=18357"},"modified":"2023-05-26T23:18:24","modified_gmt":"2023-05-26T21:18:24","slug":"farzaneh-zilabi","status":"publish","type":"post","link":"https:\/\/wncri.org\/fr\/2023\/05\/26\/farzaneh-zilabi\/","title":{"rendered":"Farzaneh Zilabi, avocate, condamn\u00e9e \u00e0 un 1 et demi de prison"},"content":{"rendered":"\n<h3 class=\"wp-block-heading\">Farzaneh Zilabi, avocate, condamn\u00e9e \u00e0 un 1 et demi de prison<\/h3>\n\n\n\n<p><em>Sara Nasseri risque la d\u00e9tention en violation du principe de s\u00e9paration des d\u00e9lits<\/em><\/p>\n\n\n\n<p>Farzaneh Zilabi, <a href=\"https:\/\/wncri.org\/fr\/2021\/09\/15\/lavocate-de-la-defense-farzaneh-zilabi-condamnee-a-un-an-de-prison\/\" target=\"_blank\" rel=\"noreferrer noopener\">avocate<\/a>, a \u00e9t\u00e9 condamn\u00e9e \u00e0 un an et six mois de prison par la quatri\u00e8me section du tribunal r\u00e9volutionnaire d&#8217;Ahvaz. Farzaneh Zilabi est accus\u00e9e de &#8220;propagande contre le r\u00e9gime&#8221; et d'&#8221;insulte aux dirigeants&#8221;.<\/p>\n\n\n\n<p>Farzaneh Zilabi n&#8217;a pas assist\u00e9 personnellement \u00e0 l&#8217;audience, mais son m\u00e9moire de d\u00e9fense a \u00e9t\u00e9 pr\u00e9sent\u00e9 et l&#8217;un de ses avocats \u00e9tait pr\u00e9sent lors de la proc\u00e9dure.<\/p>\n\n\n<div class=\"wp-block-image\">\n<figure class=\"aligncenter size-full\"><img decoding=\"async\" src=\"data:image\/gif;base64,R0lGODlhAQABAIAAAAAAAP\/\/\/yH5BAEAAAAALAAAAAABAAEAAAIBRAA7\" data-src=\"https:\/\/wncri.org\/fr\/wp-content\/uploads\/2023\/05\/Sara-Nasseri-min.jpg\" alt=\"Farzaneh Zilabi\" class=\"wp-image-18359 lazyload\"\/><noscript><img decoding=\"async\" width=\"750\" height=\"375\" src=\"https:\/\/wncri.org\/fr\/wp-content\/uploads\/2023\/05\/Sara-Nasseri-min.jpg\" alt=\"Farzaneh Zilabi\" class=\"wp-image-18359 lazyload\" srcset=\"https:\/\/wncri.org\/fr\/wp-content\/uploads\/2023\/05\/Sara-Nasseri-min.jpg 750w, https:\/\/wncri.org\/fr\/wp-content\/uploads\/2023\/05\/Sara-Nasseri-min-300x150.jpg 300w, https:\/\/wncri.org\/fr\/wp-content\/uploads\/2023\/05\/Sara-Nasseri-min-360x180.jpg 360w\" sizes=\"(max-width: 750px) 100vw, 750px\" \/><\/noscript><\/figure>\n<\/div>\n\n\n<p>De m\u00eame, le cas de <a href=\"https:\/\/wncri.org\/fr\/2023\/04\/16\/massoumeh-ahmadi\/\" target=\"_blank\" rel=\"noreferrer noopener\">Sara Nasseri<\/a>, une habitante de Machad \u00e2g\u00e9e de 41 ans, vient s&#8217;ajouter \u00e0 l&#8217;inqui\u00e9tude croissante concernant les violations des droits de l&#8217;Homme. Nasseri a \u00e9t\u00e9 arr\u00eat\u00e9e pendant le soul\u00e8vement national du 6 d\u00e9cembre 2022, et apr\u00e8s avoir pass\u00e9 20 jours dans le centre de d\u00e9tention du D\u00e9partement des renseignements, elle a \u00e9t\u00e9 transf\u00e9r\u00e9e <a href=\"https:\/\/wncri.org\/fr\/2021\/12\/10\/les-conditions-des-femmes-prisons\/\" target=\"_blank\" rel=\"noreferrer noopener\">\u00e0 la prison de Vakilabad \u00e0 Machad<\/a>. Bien que cinq mois et demi se soient \u00e9coul\u00e9s depuis son arrestation, Nasseri est toujours d\u00e9tenue sans proc\u00e8s.<\/p>\n\n\n\n<p>En outre, les autorit\u00e9s p\u00e9nitentiaires ont r\u00e9cemment viol\u00e9 le principe de s\u00e9paration des d\u00e9lits en transf\u00e9rant <a href=\"https:\/\/twitter.com\/womenncri\/status\/1662024900976967680\/photo\/1\" target=\"_blank\" rel=\"noreferrer noopener\">Nasseri<\/a> du quartier des femmes 5, qui accueille les prisonni\u00e8res d&#8217;opinions, au quartier g\u00e9n\u00e9ral, ce qui ne fait qu&#8217;aggraver les inqui\u00e9tudes suscit\u00e9es par son cas. Sa situation est encore aggrav\u00e9e par le fait que son affaire, accus\u00e9e de propagande contre l&#8217;\u00c9tat, fait actuellement l&#8217;objet d&#8217;une enqu\u00eate au sein de la branche 904 du bureau du procureur de Machad.<\/p>\n\n\n\n<p>Ces incidents mettent en \u00e9vidence les difficult\u00e9s auxquelles sont confront\u00e9es en Iran les personnes qui expriment des opinions dissidentes ou qui s&#8217;engagent dans l&#8217;activisme. Les arrestations, d\u00e9tentions et condamnations s\u00e9v\u00e8res qui se poursuivent soulignent les graves pr\u00e9occupations concernant les droits de l&#8217;Homme et la situation de la libert\u00e9 d&#8217;expression en Iran.<\/p>\n","protected":false},"excerpt":{"rendered":"<p>Farzaneh Zilabi, avocate, condamn\u00e9e \u00e0 un 1 et demi de prison Sara Nasseri risque la d\u00e9tention en violation du principe de s\u00e9paration des d\u00e9lits Farzaneh Zilabi, avocate, a \u00e9t\u00e9 condamn\u00e9e \u00e0 un an et six mois de prison par la quatri\u00e8me section du tribunal r\u00e9volutionnaire d&#8217;Ahvaz. Farzaneh Zilabi est accus\u00e9e de &#8220;propagande contre le r\u00e9gime&#8221; [&hellip;]<\/p>\n","protected":false},"author":4,"featured_media":18358,"comment_status":"closed","ping_status":"closed","sticky":false,"template":"","format":"standard","meta":{"jnews-multi-image_gallery":[],"jnews_single_post":{"subtitle":"","format":"standard","video":"","gallery":"","source_name":"","source_url":"","via_name":"","via_url":"","override_template":"0","override":[{"template":"7","single_blog_custom":"","parallax":"1","fullscreen":"1","layout":"right-sidebar","sidebar":"default-sidebar","second_sidebar":"default-sidebar","sticky_sidebar":"1","share_position":"floatbottom","share_float_style":"share-normal","show_share_counter":"1","show_view_counter":"1","show_featured":"1","show_post_meta":"1","show_post_author":"0","show_post_author_image":"1","show_post_date":"1","post_date_format":"default","post_date_format_custom":"Y\/m\/d","show_post_category":"1","show_post_reading_time":"0","post_reading_time_wpm":"300","show_zoom_button":"0","zoom_button_out_step":"2","zoom_button_in_step":"3","show_post_tag":"1","show_prev_next_post":"0","show_popup_post":"1","number_popup_post":"1","show_author_box":"0","show_post_related":"1","show_inline_post_related":"0"}],"override_image_size":"0","image_override":[{"single_post_thumbnail_size":"crop-500","single_post_gallery_size":"crop-500"}],"trending_post":"0","trending_post_position":"meta","trending_post_label":"Trending","sponsored_post":"0","sponsored_post_label":"Sponsored by","sponsored_post_name":"","sponsored_post_url":"","sponsored_post_logo_enable":"0","sponsored_post_logo":"","sponsored_post_desc":"","disable_ad":"0"},"jnews_primary_category":{"id":"","hide":""},"jnews_social_meta":{"fb_title":"","fb_description":"","fb_image":"","twitter_title":"","twitter_description":"","twitter_image":""},"jnews_override_counter":{"override_view_counter":"0","view_counter_number":"0","override_share_counter":"0","share_counter_number":"0","override_like_counter":"0","like_counter_number":"0","override_dislike_counter":"0","dislike_counter_number":"0"},"footnotes":""},"categories":[3],"tags":[370,376],"class_list":["post-18357","post","type-post","status-publish","format-standard","has-post-thumbnail","hentry","category-infos-des-femmes","tag-prisonnieres","tag-violence-contre-les-femmes"],"_links":{"self":[{"href":"https:\/\/wncri.org\/fr\/wp-json\/wp\/v2\/posts\/18357","targetHints":{"allow":["GET"]}}],"collection":[{"href":"https:\/\/wncri.org\/fr\/wp-json\/wp\/v2\/posts"}],"about":[{"href":"https:\/\/wncri.org\/fr\/wp-json\/wp\/v2\/types\/post"}],"author":[{"embeddable":true,"href":"https:\/\/wncri.org\/fr\/wp-json\/wp\/v2\/users\/4"}],"replies":[{"embeddable":true,"href":"https:\/\/wncri.org\/fr\/wp-json\/wp\/v2\/comments?post=18357"}],"version-history":[{"count":1,"href":"https:\/\/wncri.org\/fr\/wp-json\/wp\/v2\/posts\/18357\/revisions"}],"predecessor-version":[{"id":18360,"href":"https:\/\/wncri.org\/fr\/wp-json\/wp\/v2\/posts\/18357\/revisions\/18360"}],"wp:featuredmedia":[{"embeddable":true,"href":"https:\/\/wncri.org\/fr\/wp-json\/wp\/v2\/media\/18358"}],"wp:attachment":[{"href":"https:\/\/wncri.org\/fr\/wp-json\/wp\/v2\/media?parent=18357"}],"wp:term":[{"taxonomy":"category","embeddable":true,"href":"https:\/\/wncri.org\/fr\/wp-json\/wp\/v2\/categories?post=18357"},{"taxonomy":"post_tag","embeddable":true,"href":"https:\/\/wncri.org\/fr\/wp-json\/wp\/v2\/tags?post=18357"}],"curies":[{"name":"wp","href":"https:\/\/api.w.org\/{rel}","templated":true}]}}