{"id":18323,"date":"2023-05-19T23:22:44","date_gmt":"2023-05-19T21:22:44","guid":{"rendered":"https:\/\/wncri.org\/fr\/?p=18323"},"modified":"2023-05-19T23:23:19","modified_gmt":"2023-05-19T21:23:19","slug":"avocats-des-droits-de-lhomme","status":"publish","type":"post","link":"https:\/\/wncri.org\/fr\/2023\/05\/19\/avocats-des-droits-de-lhomme\/","title":{"rendered":"Avocats des droits de l&#8217;Homme condamn\u00e9s et convoqu\u00e9s en Iran : Inqui\u00e9tudes concernant les proc\u00e9dures judiciaires"},"content":{"rendered":"\n<h3 class=\"wp-block-heading\">Avocats des droits de l&#8217;Homme condamn\u00e9s et convoqu\u00e9s en Iran : Inqui\u00e9tudes concernant les proc\u00e9dures judiciaires<\/h3>\n\n\n\n<p>Le pouvoir judiciaire du r\u00e9gime cl\u00e9rical a convoqu\u00e9 et condamn\u00e9 un certain nombre d&#8217;avocats sp\u00e9cialis\u00e9s dans la d\u00e9fense des droits de l&#8217;Homme, dont trois femmes, au cours des derniers jours.<\/p>\n\n\n\n<p>Marzieh Nikara, \u00e9minente avocate et militante des droits de l&#8217;Homme, a \u00e9t\u00e9 condamn\u00e9e \u00e0 un an d&#8217;emprisonnement par la branche 29 du tribunal r\u00e9volutionnaire de T\u00e9h\u00e9ran.<\/p>\n\n\n\n<p>La s\u00e9ance du tribunal, qui s&#8217;est tenue le dimanche 14 mai 2023, s&#8217;est conclue par sa condamnation \u00e0 un an d&#8217;emprisonnement pour &#8220;activit\u00e9s de propagande contre le r\u00e9gime&#8221; et &#8220;diffusion de fausset\u00e9s&#8221;. Un autre avocat des droits de l&#8217;Homme, Mohammad Seifzadeh, a \u00e9galement \u00e9t\u00e9 condamn\u00e9 \u00e0 un an de prison pour des accusations similaires.<\/p>\n\n\n<div class=\"wp-block-image\">\n<figure class=\"aligncenter size-full\"><img decoding=\"async\" src=\"data:image\/gif;base64,R0lGODlhAQABAIAAAAAAAP\/\/\/yH5BAEAAAAALAAAAAABAAEAAAIBRAA7\" data-src=\"https:\/\/wncri.org\/fr\/wp-content\/uploads\/2023\/05\/Marzieh-Nikara-min.jpg\" alt=\"Marzieh Nikara\" class=\"wp-image-18325 lazyload\"\/><noscript><img decoding=\"async\" width=\"750\" height=\"375\" src=\"https:\/\/wncri.org\/fr\/wp-content\/uploads\/2023\/05\/Marzieh-Nikara-min.jpg\" alt=\"Marzieh Nikara\" class=\"wp-image-18325 lazyload\" srcset=\"https:\/\/wncri.org\/fr\/wp-content\/uploads\/2023\/05\/Marzieh-Nikara-min.jpg 750w, https:\/\/wncri.org\/fr\/wp-content\/uploads\/2023\/05\/Marzieh-Nikara-min-300x150.jpg 300w, https:\/\/wncri.org\/fr\/wp-content\/uploads\/2023\/05\/Marzieh-Nikara-min-360x180.jpg 360w\" sizes=\"(max-width: 750px) 100vw, 750px\" \/><\/noscript><figcaption class=\"wp-element-caption\">Marzieh Nikara<\/figcaption><\/figure>\n<\/div>\n\n\n<p>Cette affaire fait suite \u00e0 une lettre r\u00e9dig\u00e9e par un groupe de d\u00e9fenseurs des droits de l&#8217;Homme et d&#8217;experts juridiques \u00e0 l&#8217;intention du Secr\u00e9taire g\u00e9n\u00e9ral des Nations Unies, concernant la r\u00e9pression et l&#8217;intimidation des citoyens lors des manifestations nationales de 2022-2023.<\/p>\n\n\n\n<p>En outre, Forough Sheikhol Eslami Vatani, membre de l&#8217;Association centrale du barreau, a \u00e9t\u00e9 convoqu\u00e9e par la branche 7 de la Cour de s\u00e9curit\u00e9 de la prison d&#8217;Evine. Elle doit compara\u00eetre devant le tribunal, situ\u00e9 dans la prison d&#8217;Evine, le 24 mai 2023. Deux autres avocats, Yashar Kazemi et Shayan Zadegan, ont \u00e9t\u00e9 simultan\u00e9ment convoqu\u00e9s en tant que Forough Sheikhol Eslami Vatani.<\/p>\n\n\n\n<p>Dans une convocation s\u00e9par\u00e9e, Tutia Partovi Amoli, avocate sp\u00e9cialis\u00e9e dans les droits de l&#8217;Homme et membre de l&#8217;Association centrale du barreau, a \u00e9galement \u00e9t\u00e9 convoqu\u00e9e au palais de justice. Les raisons exactes de cette convocation n&#8217;ont pas \u00e9t\u00e9 r\u00e9v\u00e9l\u00e9es pour le moment.<\/p>\n\n\n<div class=\"wp-block-image\">\n<figure class=\"aligncenter size-full\"><img decoding=\"async\" src=\"data:image\/gif;base64,R0lGODlhAQABAIAAAAAAAP\/\/\/yH5BAEAAAAALAAAAAABAAEAAAIBRAA7\" data-src=\"https:\/\/wncri.org\/fr\/wp-content\/uploads\/2023\/05\/Farzaneh-Zilabi-min.jpg\" alt=\"La date du proc\u00e8s de l'avocate des droits de l'Homme Farzaneh Zilabi est fix\u00e9e\" class=\"wp-image-18324 lazyload\"\/><noscript><img decoding=\"async\" width=\"750\" height=\"375\" src=\"https:\/\/wncri.org\/fr\/wp-content\/uploads\/2023\/05\/Farzaneh-Zilabi-min.jpg\" alt=\"La date du proc\u00e8s de l'avocate des droits de l'Homme Farzaneh Zilabi est fix\u00e9e\" class=\"wp-image-18324 lazyload\" srcset=\"https:\/\/wncri.org\/fr\/wp-content\/uploads\/2023\/05\/Farzaneh-Zilabi-min.jpg 750w, https:\/\/wncri.org\/fr\/wp-content\/uploads\/2023\/05\/Farzaneh-Zilabi-min-300x150.jpg 300w, https:\/\/wncri.org\/fr\/wp-content\/uploads\/2023\/05\/Farzaneh-Zilabi-min-360x180.jpg 360w\" sizes=\"(max-width: 750px) 100vw, 750px\" \/><\/noscript><figcaption class=\"wp-element-caption\">Farzaneh Zilabi<\/figcaption><\/figure>\n<\/div>\n\n\n<h3 class=\"wp-block-heading\"><strong>La date du proc\u00e8s de l&#8217;avocate des droits de l&#8217;Homme Farzaneh Zilabi est fix\u00e9e<\/strong><\/h3>\n\n\n\n<p>La date du proc\u00e8s de l&#8217;avocate <a href=\"https:\/\/wncri.org\/fr\/2021\/09\/15\/lavocate-de-la-defense-farzaneh-zilabi-condamnee-a-un-an-de-prison\/\" target=\"_blank\" rel=\"noreferrer noopener\">Farzaneh Zilabi<\/a>, qui fait l&#8217;objet de multiples accusations, a \u00e9t\u00e9 fix\u00e9e au 4 juin 2023 \u00e0 la section 113 du tribunal p\u00e9nal d&#8217;Ahvaz. Cette annonce intervient apr\u00e8s l&#8217;annulation d&#8217;une session pr\u00e9c\u00e9dente du tribunal en raison d&#8217;une erreur de proc\u00e9dure et de l&#8217;absence de notification \u00e0 l&#8217;un des avocats de Zilabi. Les charges retenues contre Mme Zilabi concernent la &#8220;diffusion de fausses informations&#8221; et sa participation pr\u00e9sum\u00e9e \u00e0 des activit\u00e9s de soutien au soul\u00e8vement national de 2022-2023.<\/p>\n\n\n\n<p>Zilabi s&#8217;\u00e9tait d\u00e9j\u00e0 d\u00e9fendue contre les accusations d'&#8221;insulte aux dirigeants&#8221;, d'&#8221;appartenance \u00e0 des groupes anti-r\u00e9gime&#8221;, de &#8220;conspiration et collusion pour agir contre la s\u00e9curit\u00e9 nationale&#8221;, d'&#8221;activit\u00e9s de propagande contre le r\u00e9gime&#8221; et de &#8220;diffusion de fausset\u00e9s&#8221; lors d&#8217;un proc\u00e8s qui s&#8217;est tenu le 14 f\u00e9vrier 2023 au palais de justice <a href=\"https:\/\/fr.wikipedia.org\/wiki\/Ahvaz\" target=\"_blank\" rel=\"noreferrer noopener\">d&#8217;Ahvaz<\/a>. Elle a \u00e9t\u00e9 temporairement lib\u00e9r\u00e9e sous caution \u00e0 l&#8217;issue de la s\u00e9ance. Mme Zillabi a \u00e9t\u00e9 priv\u00e9e du droit d&#8217;avoir un avocat lors de cette s\u00e9ance et apr\u00e8s la s\u00e9ance, elle a \u00e9t\u00e9 lib\u00e9r\u00e9e temporairement et jusqu&#8217;\u00e0 la fin de la proc\u00e9dure.<\/p>\n\n\n\n<p>Mme Zilabi est connue pour avoir repr\u00e9sent\u00e9 des cas tels que celui <a href=\"https:\/\/wncri.org\/2018\/11\/19\/women-join-protests-sugarcane-workers-haft-tappeh-factory\/\" target=\"_blank\" rel=\"noreferrer noopener\">des travailleurs de la canne \u00e0 sucre de<\/a> <a href=\"https:\/\/wncri.org\/fr\/2018\/11\/20\/les-femmes-se-joignent-aux-protestations-des-ouvriers-du-sucre-de-haft-tappeh-en-iran\/\" target=\"_blank\" rel=\"noreferrer noopener\">Haft Tapeh<\/a> et des d\u00e9tenues r\u00e9centes, notamment <a href=\"https:\/\/wncri.org\/fr\/2022\/12\/21\/elham-modarresi\/\" target=\"_blank\" rel=\"noreferrer noopener\">Mehrnoush Tafian,<\/a> <a href=\"https:\/\/wncri.org\/fr\/2023\/02\/02\/femmes-journalistes\/\" target=\"_blank\" rel=\"noreferrer noopener\">Mandana Sadeghi<\/a> et <a href=\"https:\/\/wncri.org\/fr\/2022\/07\/03\/ronak-rezaei-et-nasrin-javadi\/\" target=\"_blank\" rel=\"noreferrer noopener\">Ronak Razaei.<\/a><\/p>\n\n\n\n<p>Ces d\u00e9veloppements concernant la condamnation et la convocation d&#8217;avocats sp\u00e9cialis\u00e9s dans la d\u00e9fense des droits de l&#8217;Homme mettent en lumi\u00e8re les pr\u00e9occupations actuelles concernant la libert\u00e9 d&#8217;expression, les proc\u00e8s \u00e9quitables et la protection des professionnels de la justice en Iran. L&#8217;intensification de la surveillance et des actions en justice contre les avocats des droits de l&#8217;Homme impliqu\u00e9s dans des affaires li\u00e9es aux manifestations et aux manifestants appelle les organisations de d\u00e9fense des droits de l&#8217;Homme \u00e0 prendre des mesures pour attirer l&#8217;attention sur le manque d&#8217;ind\u00e9pendance du syst\u00e8me juridique et du pouvoir judiciaire iraniens.<\/p>\n","protected":false},"excerpt":{"rendered":"<p>Avocats des droits de l&#8217;Homme condamn\u00e9s et convoqu\u00e9s en Iran : Inqui\u00e9tudes concernant les proc\u00e9dures judiciaires Le pouvoir judiciaire du r\u00e9gime cl\u00e9rical a convoqu\u00e9 et condamn\u00e9 un certain nombre d&#8217;avocats sp\u00e9cialis\u00e9s dans la d\u00e9fense des droits de l&#8217;Homme, dont trois femmes, au cours des derniers jours. Marzieh Nikara, \u00e9minente avocate et militante des droits de [&hellip;]<\/p>\n","protected":false},"author":4,"featured_media":18326,"comment_status":"closed","ping_status":"closed","sticky":false,"template":"","format":"standard","meta":{"jnews-multi-image_gallery":[],"jnews_single_post":{"subtitle":"","format":"standard","video":"","gallery":"","source_name":"","source_url":"","via_name":"","via_url":"","override_template":"0","override":[{"template":"7","single_blog_custom":"","parallax":"1","fullscreen":"1","layout":"right-sidebar","sidebar":"default-sidebar","second_sidebar":"default-sidebar","sticky_sidebar":"1","share_position":"floatbottom","share_float_style":"share-normal","show_share_counter":"1","show_view_counter":"1","show_featured":"1","show_post_meta":"1","show_post_author":"0","show_post_author_image":"1","show_post_date":"1","post_date_format":"default","post_date_format_custom":"Y\/m\/d","show_post_category":"1","show_post_reading_time":"0","post_reading_time_wpm":"300","show_zoom_button":"0","zoom_button_out_step":"2","zoom_button_in_step":"3","show_post_tag":"1","show_prev_next_post":"0","show_popup_post":"1","number_popup_post":"1","show_author_box":"0","show_post_related":"1","show_inline_post_related":"0"}],"override_image_size":"0","image_override":[{"single_post_thumbnail_size":"crop-500","single_post_gallery_size":"crop-500"}],"trending_post":"0","trending_post_position":"meta","trending_post_label":"Trending","sponsored_post":"0","sponsored_post_label":"Sponsored by","sponsored_post_name":"","sponsored_post_url":"","sponsored_post_logo_enable":"0","sponsored_post_logo":"","sponsored_post_desc":"","disable_ad":"0"},"jnews_primary_category":{"id":"","hide":""},"jnews_social_meta":{"fb_title":"","fb_description":"","fb_image":"","twitter_title":"","twitter_description":"","twitter_image":""},"jnews_override_counter":{"override_view_counter":"0","view_counter_number":"0","override_share_counter":"0","share_counter_number":"0","override_like_counter":"0","like_counter_number":"0","override_dislike_counter":"0","dislike_counter_number":"0"},"footnotes":""},"categories":[3],"tags":[376],"class_list":["post-18323","post","type-post","status-publish","format-standard","has-post-thumbnail","hentry","category-infos-des-femmes","tag-violence-contre-les-femmes"],"_links":{"self":[{"href":"https:\/\/wncri.org\/fr\/wp-json\/wp\/v2\/posts\/18323","targetHints":{"allow":["GET"]}}],"collection":[{"href":"https:\/\/wncri.org\/fr\/wp-json\/wp\/v2\/posts"}],"about":[{"href":"https:\/\/wncri.org\/fr\/wp-json\/wp\/v2\/types\/post"}],"author":[{"embeddable":true,"href":"https:\/\/wncri.org\/fr\/wp-json\/wp\/v2\/users\/4"}],"replies":[{"embeddable":true,"href":"https:\/\/wncri.org\/fr\/wp-json\/wp\/v2\/comments?post=18323"}],"version-history":[{"count":1,"href":"https:\/\/wncri.org\/fr\/wp-json\/wp\/v2\/posts\/18323\/revisions"}],"predecessor-version":[{"id":18327,"href":"https:\/\/wncri.org\/fr\/wp-json\/wp\/v2\/posts\/18323\/revisions\/18327"}],"wp:featuredmedia":[{"embeddable":true,"href":"https:\/\/wncri.org\/fr\/wp-json\/wp\/v2\/media\/18326"}],"wp:attachment":[{"href":"https:\/\/wncri.org\/fr\/wp-json\/wp\/v2\/media?parent=18323"}],"wp:term":[{"taxonomy":"category","embeddable":true,"href":"https:\/\/wncri.org\/fr\/wp-json\/wp\/v2\/categories?post=18323"},{"taxonomy":"post_tag","embeddable":true,"href":"https:\/\/wncri.org\/fr\/wp-json\/wp\/v2\/tags?post=18323"}],"curies":[{"name":"wp","href":"https:\/\/api.w.org\/{rel}","templated":true}]}}